{"id":7089,"date":"2020-01-29T20:52:33","date_gmt":"2020-01-29T19:52:33","guid":{"rendered":"http:\/\/www.fanprojekt-muenster.de\/wordpress\/?p=7089"},"modified":"2020-01-29T20:55:03","modified_gmt":"2020-01-29T19:55:03","slug":"stellungnahme-zur-abgrenzung-zwischen-den-bloecken-n-und-o","status":"publish","type":"post","link":"https:\/\/www.fanprojekt-muenster.de\/wordpress\/stellungnahme-zur-abgrenzung-zwischen-den-bloecken-n-und-o\/","title":{"rendered":"Stellungnahme zur Abgrenzung zwischen den Bl\u00f6cken N und O"},"content":{"rendered":"\n<p>Hallo Preu\u00dfenfans, <\/p>\n\n\n\n<p>am Dienstag erfuhren wir im Rahmen des AK Spieltag von einer intern getroffenen Entscheidung der SC Preu\u00dfen M\u00fcnster GmbH &amp; Co. KGaA.<\/p>\n\n\n\n<p>Vom Haupteingang sollen die Fans nicht mehr in die Bl\u00f6cke A, B und O gelangen, sondern in Zukunft einen Umweg entlang der Hammer Stra\u00dfe und des Kunstrasenplatzes nehmen. Gerade f\u00fcr Fans, die nicht so gut zu Fu\u00df unterwegs sind, ist dieser Umweg eine Zumutung.<\/p>\n\n\n\n<p>Damit werden Fans aus diesen drei Bl\u00f6cken vom restlichen Stehplatzbereich ausgesperrt und abgetrennt, da das Tor zwischen den Bl\u00f6cken O und N abgeschlossen werden soll. Neben dem Wegfallen des gemeinsamen Erlebnisses und Plauderns vor und w\u00e4hrend der Spiele gibt es auch eine Reihe anderer Kritikpunkte, die wir an dieser Ma\u00dfnahme haben.<\/p>\n\n\n\n<p>Der erste und gleichzeitig bedeutsamste Kritikpunkt ist mal wieder das leidliche Thema Kommunikation. Wir k\u00f6nnen es nicht nachvollziehen, weshalb es sich wenige Personen (in dem Fall die Gesch\u00e4ftsf\u00fchrung der KGaA und der Veranstaltungsleiter Herr Hennemann) anma\u00dfen, eine derartige Entscheidung \u00fcber die bestehenden Gremien hinweg zu treffen. Insbesondere die \u00dcbergehung des Vorstand Fans Burkhard Br\u00fcx und der Fanbeauftragten st\u00f6\u00dft bitter auf. Davor, dass ein Burkhard Br\u00fcx nach so einer Hintergehung nicht das Handtuch geschmissen hat, haben wir den gr\u00f6\u00dften Respekt.<\/p>\n\n\n\n<p>Neben dieser Entscheidung an den Gremien vorbei handelt es sich hier auch aus vielen anderen Aspekten um eine nicht nachvollziehbare Ma\u00dfnahme. Der Vorwand der Sicherheit wird dadurch torpediert, dass durch diese Entscheidung eine Reihe anderer sicherheitsrelevanter Aspekte auftreten:<\/p>\n\n\n\n<p>Zu stellen w\u00e4re da die Frage, wie zuk\u00fcnftig die Rollstuhlfahrer, die bislang ihren Platz \u00fcber dem Block A haben und normalerweise den Haupteingang nutzen, zuk\u00fcnftig an ihre Pl\u00e4tze gelangen sollen.<\/p>\n\n\n\n<p>Die sonst nicht genutzte Treppe zur Trib\u00fcne soll zuk\u00fcnftig der einzige Eingang f\u00fcr drei ganze Bl\u00f6cke sein (und auch dementsprechend Fluchtweg). <\/p>\n\n\n\n<p>Au\u00dferdem d\u00fcrfte sich die Toilettensituation gerade f\u00fcr Frauen massiv verschlechtern, da die Frauentoiletten in Block O nach den neuen Pl\u00e4nen f\u00fcr die Besucherinnen aus den Bl\u00f6cken M und N nicht mehr erreichbar sein werden und sie auf die sowieso schon knapp vorhandenen Frauentoiletten im Eingangsbereich zur\u00fcckgreifen m\u00fcssen. <\/p>\n\n\n\n<p>Ferner bleibt den Fans aus diesem Bereich der Zugang zum Fanshop im Stadion verwehrt. <\/p>\n\n\n\n<p>Auch unsere ehrenamtliche Arbeit in Form der Container-\u00d6ffnung wird eingeschr\u00e4nkt, da der Container vor dem Spiel eher geschlossen werden muss, damit wir rechtzeitig im Stadion sein k\u00f6nnen.<\/p>\n\n\n\n<p>Aufgrund der genannten Aspekte, die gravierend in den Spieltagsablauf der Fans eingreifen und \u00fcber die noch nicht \u00f6ffentlich informiert wurde, vor allem aber aufgrund der fehlenden Absprachen fordern wir Thomas Hennemann und die Gesch\u00e4ftsf\u00fchrung der KGaA dazu auf, diese unverh\u00e4ltnism\u00e4\u00dfige Ma\u00dfnahme sofort wieder zur\u00fcckzunehmen.<\/p>\n\n\n\n<p><strong>Es gilt jetzt gemeinsam den Abstiegskampf anzunehmen! Mit den Fans, nicht gegen sie!<\/strong><\/p>\n","protected":false},"excerpt":{"rendered":"<p>Hallo Preu\u00dfenfans,<br \/>\nam Dienstag erfuhren wir im Rahmen des AK Spieltag von einer intern getroffenen Entscheidung der SC Preu\u00dfen M\u00fcnster GmbH &#038; Co. KGaA.<\/p>\n","protected":false},"author":1,"featured_media":7090,"comment_status":"closed","ping_status":"closed","sticky":false,"template":"","format":"standard","meta":{"advgb_blocks_editor_width":"","advgb_blocks_columns_visual_guide":"","footnotes":""},"categories":[3,313,14],"tags":[],"class_list":["post-7089","post","type-post","status-publish","format-standard","has-post-thumbnail","hentry","category-aktuelles","category-fans","category-spieltage"],"featured_image_src":"https:\/\/www.fanprojekt-muenster.de\/wordpress\/wp-content\/uploads\/2020\/01\/image-logo.png","author_info":{"display_name":"DST","author_link":"https:\/\/www.fanprojekt-muenster.de\/wordpress\/author\/dst\/"},"yoast_head":"<!-- This site is optimized with the Yoast SEO plugin v27.2 - https:\/\/yoast.com\/product\/yoast-seo-wordpress\/ -->\n<title>Stellungnahme zur Abgrenzung zwischen den Bl\u00f6cken N und O - Fangemeinschaft Preu\u00dfen M\u00fcnster e. V.<\/title>\n<meta name=\"robots\" content=\"index, follow, max-snippet:-1, max-image-preview:large, max-video-preview:-1\" \/>\n<link rel=\"canonical\" href=\"https:\/\/www.fanprojekt-muenster.de\/wordpress\/stellungnahme-zur-abgrenzung-zwischen-den-bloecken-n-und-o\/\" \/>\n<meta property=\"og:locale\" content=\"de_DE\" \/>\n<meta property=\"og:type\" content=\"article\" \/>\n<meta property=\"og:title\" content=\"Stellungnahme zur Abgrenzung zwischen den Bl\u00f6cken N und O - Fangemeinschaft Preu\u00dfen M\u00fcnster e. V.\" \/>\n<meta property=\"og:description\" content=\"Hallo Preu\u00dfenfans, am Dienstag erfuhren wir im Rahmen des AK Spieltag von einer intern getroffenen Entscheidung der SC Preu\u00dfen M\u00fcnster GmbH &amp; Co. KGaA.\" \/>\n<meta property=\"og:url\" content=\"https:\/\/www.fanprojekt-muenster.de\/wordpress\/stellungnahme-zur-abgrenzung-zwischen-den-bloecken-n-und-o\/\" \/>\n<meta property=\"og:site_name\" content=\"Fangemeinschaft Preu\u00dfen M\u00fcnster e. V.\" \/>\n<meta property=\"article:published_time\" content=\"2020-01-29T19:52:33+00:00\" \/>\n<meta property=\"article:modified_time\" content=\"2020-01-29T19:55:03+00:00\" \/>\n<meta property=\"og:image\" content=\"https:\/\/www.fanprojekt-muenster.de\/wordpress\/wp-content\/uploads\/2020\/01\/image-logo.png\" \/>\n\t<meta property=\"og:image:width\" content=\"324\" \/>\n\t<meta property=\"og:image:height\" content=\"243\" \/>\n\t<meta property=\"og:image:type\" content=\"image\/png\" \/>\n<meta name=\"author\" content=\"DST\" \/>\n<meta name=\"twitter:card\" content=\"summary_large_image\" \/>\n<meta name=\"twitter:label1\" content=\"Verfasst von\" \/>\n\t<meta name=\"twitter:data1\" content=\"DST\" \/>\n\t<meta name=\"twitter:label2\" content=\"Gesch\u00e4tzte Lesezeit\" \/>\n\t<meta name=\"twitter:data2\" content=\"2\u00a0Minuten\" \/>\n<script type=\"application\/ld+json\" class=\"yoast-schema-graph\">{\"@context\":\"https:\/\/schema.org\",\"@graph\":[{\"@type\":\"Article\",\"@id\":\"https:\/\/www.fanprojekt-muenster.de\/wordpress\/stellungnahme-zur-abgrenzung-zwischen-den-bloecken-n-und-o\/#article\",\"isPartOf\":{\"@id\":\"https:\/\/www.fanprojekt-muenster.de\/wordpress\/stellungnahme-zur-abgrenzung-zwischen-den-bloecken-n-und-o\/\"},\"author\":{\"name\":\"DST\",\"@id\":\"https:\/\/www.fanprojekt-muenster.de\/wordpress\/#\/schema\/person\/eed51304a869b4de494727cd2e0c8203\"},\"headline\":\"Stellungnahme zur Abgrenzung zwischen den Bl\u00f6cken N und O\",\"datePublished\":\"2020-01-29T19:52:33+00:00\",\"dateModified\":\"2020-01-29T19:55:03+00:00\",\"mainEntityOfPage\":{\"@id\":\"https:\/\/www.fanprojekt-muenster.de\/wordpress\/stellungnahme-zur-abgrenzung-zwischen-den-bloecken-n-und-o\/\"},\"wordCount\":486,\"publisher\":{\"@id\":\"https:\/\/www.fanprojekt-muenster.de\/wordpress\/#organization\"},\"image\":{\"@id\":\"https:\/\/www.fanprojekt-muenster.de\/wordpress\/stellungnahme-zur-abgrenzung-zwischen-den-bloecken-n-und-o\/#primaryimage\"},\"thumbnailUrl\":\"https:\/\/www.fanprojekt-muenster.de\/wordpress\/wp-content\/uploads\/2020\/01\/image-logo.png\",\"articleSection\":[\"Aktuelles\",\"Fans\",\"Spieltage\"],\"inLanguage\":\"de\"},{\"@type\":\"WebPage\",\"@id\":\"https:\/\/www.fanprojekt-muenster.de\/wordpress\/stellungnahme-zur-abgrenzung-zwischen-den-bloecken-n-und-o\/\",\"url\":\"https:\/\/www.fanprojekt-muenster.de\/wordpress\/stellungnahme-zur-abgrenzung-zwischen-den-bloecken-n-und-o\/\",\"name\":\"Stellungnahme zur Abgrenzung zwischen den Bl\u00f6cken N und O - Fangemeinschaft Preu\u00dfen M\u00fcnster e. V.\",\"isPartOf\":{\"@id\":\"https:\/\/www.fanprojekt-muenster.de\/wordpress\/#website\"},\"primaryImageOfPage\":{\"@id\":\"https:\/\/www.fanprojekt-muenster.de\/wordpress\/stellungnahme-zur-abgrenzung-zwischen-den-bloecken-n-und-o\/#primaryimage\"},\"image\":{\"@id\":\"https:\/\/www.fanprojekt-muenster.de\/wordpress\/stellungnahme-zur-abgrenzung-zwischen-den-bloecken-n-und-o\/#primaryimage\"},\"thumbnailUrl\":\"https:\/\/www.fanprojekt-muenster.de\/wordpress\/wp-content\/uploads\/2020\/01\/image-logo.png\",\"datePublished\":\"2020-01-29T19:52:33+00:00\",\"dateModified\":\"2020-01-29T19:55:03+00:00\",\"breadcrumb\":{\"@id\":\"https:\/\/www.fanprojekt-muenster.de\/wordpress\/stellungnahme-zur-abgrenzung-zwischen-den-bloecken-n-und-o\/#breadcrumb\"},\"inLanguage\":\"de\",\"potentialAction\":[{\"@type\":\"ReadAction\",\"target\":[\"https:\/\/www.fanprojekt-muenster.de\/wordpress\/stellungnahme-zur-abgrenzung-zwischen-den-bloecken-n-und-o\/\"]}]},{\"@type\":\"ImageObject\",\"inLanguage\":\"de\",\"@id\":\"https:\/\/www.fanprojekt-muenster.de\/wordpress\/stellungnahme-zur-abgrenzung-zwischen-den-bloecken-n-und-o\/#primaryimage\",\"url\":\"https:\/\/www.fanprojekt-muenster.de\/wordpress\/wp-content\/uploads\/2020\/01\/image-logo.png\",\"contentUrl\":\"https:\/\/www.fanprojekt-muenster.de\/wordpress\/wp-content\/uploads\/2020\/01\/image-logo.png\",\"width\":324,\"height\":243},{\"@type\":\"BreadcrumbList\",\"@id\":\"https:\/\/www.fanprojekt-muenster.de\/wordpress\/stellungnahme-zur-abgrenzung-zwischen-den-bloecken-n-und-o\/#breadcrumb\",\"itemListElement\":[{\"@type\":\"ListItem\",\"position\":1,\"name\":\"Startseite\",\"item\":\"https:\/\/www.fanprojekt-muenster.de\/wordpress\/\"},{\"@type\":\"ListItem\",\"position\":2,\"name\":\"Stellungnahme zur Abgrenzung zwischen den Bl\u00f6cken N und O\"}]},{\"@type\":\"WebSite\",\"@id\":\"https:\/\/www.fanprojekt-muenster.de\/wordpress\/#website\",\"url\":\"https:\/\/www.fanprojekt-muenster.de\/wordpress\/\",\"name\":\"Fangemeinschaft Preu\u00dfen M\u00fcnster e. V.\",\"description\":\"\",\"publisher\":{\"@id\":\"https:\/\/www.fanprojekt-muenster.de\/wordpress\/#organization\"},\"potentialAction\":[{\"@type\":\"SearchAction\",\"target\":{\"@type\":\"EntryPoint\",\"urlTemplate\":\"https:\/\/www.fanprojekt-muenster.de\/wordpress\/?s={search_term_string}\"},\"query-input\":{\"@type\":\"PropertyValueSpecification\",\"valueRequired\":true,\"valueName\":\"search_term_string\"}}],\"inLanguage\":\"de\"},{\"@type\":\"Organization\",\"@id\":\"https:\/\/www.fanprojekt-muenster.de\/wordpress\/#organization\",\"name\":\"Fangemeinschaft Preu\u00dfen M\u00fcnster e. V.\",\"url\":\"https:\/\/www.fanprojekt-muenster.de\/wordpress\/\",\"logo\":{\"@type\":\"ImageObject\",\"inLanguage\":\"de\",\"@id\":\"https:\/\/www.fanprojekt-muenster.de\/wordpress\/#\/schema\/logo\/image\/\",\"url\":\"https:\/\/www.fanprojekt-muenster.de\/wordpress\/wp-content\/uploads\/2019\/07\/cropped-Website_Logo3-9.png\",\"contentUrl\":\"https:\/\/www.fanprojekt-muenster.de\/wordpress\/wp-content\/uploads\/2019\/07\/cropped-Website_Logo3-9.png\",\"width\":224,\"height\":42,\"caption\":\"Fangemeinschaft Preu\u00dfen M\u00fcnster e. V.\"},\"image\":{\"@id\":\"https:\/\/www.fanprojekt-muenster.de\/wordpress\/#\/schema\/logo\/image\/\"}},{\"@type\":\"Person\",\"@id\":\"https:\/\/www.fanprojekt-muenster.de\/wordpress\/#\/schema\/person\/eed51304a869b4de494727cd2e0c8203\",\"name\":\"DST\",\"url\":\"https:\/\/www.fanprojekt-muenster.de\/wordpress\/author\/dst\/\"}]}<\/script>\n<!-- \/ Yoast SEO plugin. -->","yoast_head_json":{"title":"Stellungnahme zur Abgrenzung zwischen den Bl\u00f6cken N und O - Fangemeinschaft Preu\u00dfen M\u00fcnster e. V.","robots":{"index":"index","follow":"follow","max-snippet":"max-snippet:-1","max-image-preview":"max-image-preview:large","max-video-preview":"max-video-preview:-1"},"canonical":"https:\/\/www.fanprojekt-muenster.de\/wordpress\/stellungnahme-zur-abgrenzung-zwischen-den-bloecken-n-und-o\/","og_locale":"de_DE","og_type":"article","og_title":"Stellungnahme zur Abgrenzung zwischen den Bl\u00f6cken N und O - Fangemeinschaft Preu\u00dfen M\u00fcnster e. V.","og_description":"Hallo Preu\u00dfenfans, am Dienstag erfuhren wir im Rahmen des AK Spieltag von einer intern getroffenen Entscheidung der SC Preu\u00dfen M\u00fcnster GmbH & Co. KGaA.","og_url":"https:\/\/www.fanprojekt-muenster.de\/wordpress\/stellungnahme-zur-abgrenzung-zwischen-den-bloecken-n-und-o\/","og_site_name":"Fangemeinschaft Preu\u00dfen M\u00fcnster e. V.","article_published_time":"2020-01-29T19:52:33+00:00","article_modified_time":"2020-01-29T19:55:03+00:00","og_image":[{"width":324,"height":243,"url":"https:\/\/www.fanprojekt-muenster.de\/wordpress\/wp-content\/uploads\/2020\/01\/image-logo.png","type":"image\/png"}],"author":"DST","twitter_card":"summary_large_image","twitter_misc":{"Verfasst von":"DST","Gesch\u00e4tzte Lesezeit":"2\u00a0Minuten"},"schema":{"@context":"https:\/\/schema.org","@graph":[{"@type":"Article","@id":"https:\/\/www.fanprojekt-muenster.de\/wordpress\/stellungnahme-zur-abgrenzung-zwischen-den-bloecken-n-und-o\/#article","isPartOf":{"@id":"https:\/\/www.fanprojekt-muenster.de\/wordpress\/stellungnahme-zur-abgrenzung-zwischen-den-bloecken-n-und-o\/"},"author":{"name":"DST","@id":"https:\/\/www.fanprojekt-muenster.de\/wordpress\/#\/schema\/person\/eed51304a869b4de494727cd2e0c8203"},"headline":"Stellungnahme zur Abgrenzung zwischen den Bl\u00f6cken N und O","datePublished":"2020-01-29T19:52:33+00:00","dateModified":"2020-01-29T19:55:03+00:00","mainEntityOfPage":{"@id":"https:\/\/www.fanprojekt-muenster.de\/wordpress\/stellungnahme-zur-abgrenzung-zwischen-den-bloecken-n-und-o\/"},"wordCount":486,"publisher":{"@id":"https:\/\/www.fanprojekt-muenster.de\/wordpress\/#organization"},"image":{"@id":"https:\/\/www.fanprojekt-muenster.de\/wordpress\/stellungnahme-zur-abgrenzung-zwischen-den-bloecken-n-und-o\/#primaryimage"},"thumbnailUrl":"https:\/\/www.fanprojekt-muenster.de\/wordpress\/wp-content\/uploads\/2020\/01\/image-logo.png","articleSection":["Aktuelles","Fans","Spieltage"],"inLanguage":"de"},{"@type":"WebPage","@id":"https:\/\/www.fanprojekt-muenster.de\/wordpress\/stellungnahme-zur-abgrenzung-zwischen-den-bloecken-n-und-o\/","url":"https:\/\/www.fanprojekt-muenster.de\/wordpress\/stellungnahme-zur-abgrenzung-zwischen-den-bloecken-n-und-o\/","name":"Stellungnahme zur Abgrenzung zwischen den Bl\u00f6cken N und O - Fangemeinschaft Preu\u00dfen M\u00fcnster e. V.","isPartOf":{"@id":"https:\/\/www.fanprojekt-muenster.de\/wordpress\/#website"},"primaryImageOfPage":{"@id":"https:\/\/www.fanprojekt-muenster.de\/wordpress\/stellungnahme-zur-abgrenzung-zwischen-den-bloecken-n-und-o\/#primaryimage"},"image":{"@id":"https:\/\/www.fanprojekt-muenster.de\/wordpress\/stellungnahme-zur-abgrenzung-zwischen-den-bloecken-n-und-o\/#primaryimage"},"thumbnailUrl":"https:\/\/www.fanprojekt-muenster.de\/wordpress\/wp-content\/uploads\/2020\/01\/image-logo.png","datePublished":"2020-01-29T19:52:33+00:00","dateModified":"2020-01-29T19:55:03+00:00","breadcrumb":{"@id":"https:\/\/www.fanprojekt-muenster.de\/wordpress\/stellungnahme-zur-abgrenzung-zwischen-den-bloecken-n-und-o\/#breadcrumb"},"inLanguage":"de","potentialAction":[{"@type":"ReadAction","target":["https:\/\/www.fanprojekt-muenster.de\/wordpress\/stellungnahme-zur-abgrenzung-zwischen-den-bloecken-n-und-o\/"]}]},{"@type":"ImageObject","inLanguage":"de","@id":"https:\/\/www.fanprojekt-muenster.de\/wordpress\/stellungnahme-zur-abgrenzung-zwischen-den-bloecken-n-und-o\/#primaryimage","url":"https:\/\/www.fanprojekt-muenster.de\/wordpress\/wp-content\/uploads\/2020\/01\/image-logo.png","contentUrl":"https:\/\/www.fanprojekt-muenster.de\/wordpress\/wp-content\/uploads\/2020\/01\/image-logo.png","width":324,"height":243},{"@type":"BreadcrumbList","@id":"https:\/\/www.fanprojekt-muenster.de\/wordpress\/stellungnahme-zur-abgrenzung-zwischen-den-bloecken-n-und-o\/#breadcrumb","itemListElement":[{"@type":"ListItem","position":1,"name":"Startseite","item":"https:\/\/www.fanprojekt-muenster.de\/wordpress\/"},{"@type":"ListItem","position":2,"name":"Stellungnahme zur Abgrenzung zwischen den Bl\u00f6cken N und O"}]},{"@type":"WebSite","@id":"https:\/\/www.fanprojekt-muenster.de\/wordpress\/#website","url":"https:\/\/www.fanprojekt-muenster.de\/wordpress\/","name":"Fangemeinschaft Preu\u00dfen M\u00fcnster e. V.","description":"","publisher":{"@id":"https:\/\/www.fanprojekt-muenster.de\/wordpress\/#organization"},"potentialAction":[{"@type":"SearchAction","target":{"@type":"EntryPoint","urlTemplate":"https:\/\/www.fanprojekt-muenster.de\/wordpress\/?s={search_term_string}"},"query-input":{"@type":"PropertyValueSpecification","valueRequired":true,"valueName":"search_term_string"}}],"inLanguage":"de"},{"@type":"Organization","@id":"https:\/\/www.fanprojekt-muenster.de\/wordpress\/#organization","name":"Fangemeinschaft Preu\u00dfen M\u00fcnster e. V.","url":"https:\/\/www.fanprojekt-muenster.de\/wordpress\/","logo":{"@type":"ImageObject","inLanguage":"de","@id":"https:\/\/www.fanprojekt-muenster.de\/wordpress\/#\/schema\/logo\/image\/","url":"https:\/\/www.fanprojekt-muenster.de\/wordpress\/wp-content\/uploads\/2019\/07\/cropped-Website_Logo3-9.png","contentUrl":"https:\/\/www.fanprojekt-muenster.de\/wordpress\/wp-content\/uploads\/2019\/07\/cropped-Website_Logo3-9.png","width":224,"height":42,"caption":"Fangemeinschaft Preu\u00dfen M\u00fcnster e. V."},"image":{"@id":"https:\/\/www.fanprojekt-muenster.de\/wordpress\/#\/schema\/logo\/image\/"}},{"@type":"Person","@id":"https:\/\/www.fanprojekt-muenster.de\/wordpress\/#\/schema\/person\/eed51304a869b4de494727cd2e0c8203","name":"DST","url":"https:\/\/www.fanprojekt-muenster.de\/wordpress\/author\/dst\/"}]}},"author_meta":{"display_name":"DST","author_link":"https:\/\/www.fanprojekt-muenster.de\/wordpress\/author\/dst\/"},"featured_img":"https:\/\/www.fanprojekt-muenster.de\/wordpress\/wp-content\/uploads\/2020\/01\/image-logo-300x225.png","coauthors":[],"tax_additional":{"categories":{"linked":["<a href=\"https:\/\/www.fanprojekt-muenster.de\/wordpress\/category\/aktuelles\/\" class=\"advgb-post-tax-term\">Aktuelles<\/a>","<a href=\"https:\/\/www.fanprojekt-muenster.de\/wordpress\/category\/fans\/\" class=\"advgb-post-tax-term\">Fans<\/a>","<a href=\"https:\/\/www.fanprojekt-muenster.de\/wordpress\/category\/spieltage\/\" class=\"advgb-post-tax-term\">Spieltage<\/a>"],"unlinked":["<span class=\"advgb-post-tax-term\">Aktuelles<\/span>","<span class=\"advgb-post-tax-term\">Fans<\/span>","<span class=\"advgb-post-tax-term\">Spieltage<\/span>"]}},"comment_count":"0","relative_dates":{"created":"Posted 6\u00a0Jahren ago","modified":"Updated 6\u00a0Jahren ago"},"absolute_dates":{"created":"Posted on 29. Januar 2020","modified":"Updated on 29. Januar 2020"},"absolute_dates_time":{"created":"Posted on 29. Januar 2020 20:52","modified":"Updated on 29. Januar 2020 20:55"},"featured_img_caption":"","series_order":"","_links":{"self":[{"href":"https:\/\/www.fanprojekt-muenster.de\/wordpress\/wp-json\/wp\/v2\/posts\/7089","targetHints":{"allow":["GET"]}}],"collection":[{"href":"https:\/\/www.fanprojekt-muenster.de\/wordpress\/wp-json\/wp\/v2\/posts"}],"about":[{"href":"https:\/\/www.fanprojekt-muenster.de\/wordpress\/wp-json\/wp\/v2\/types\/post"}],"author":[{"embeddable":true,"href":"https:\/\/www.fanprojekt-muenster.de\/wordpress\/wp-json\/wp\/v2\/users\/1"}],"replies":[{"embeddable":true,"href":"https:\/\/www.fanprojekt-muenster.de\/wordpress\/wp-json\/wp\/v2\/comments?post=7089"}],"version-history":[{"count":3,"href":"https:\/\/www.fanprojekt-muenster.de\/wordpress\/wp-json\/wp\/v2\/posts\/7089\/revisions"}],"predecessor-version":[{"id":7093,"href":"https:\/\/www.fanprojekt-muenster.de\/wordpress\/wp-json\/wp\/v2\/posts\/7089\/revisions\/7093"}],"wp:featuredmedia":[{"embeddable":true,"href":"https:\/\/www.fanprojekt-muenster.de\/wordpress\/wp-json\/wp\/v2\/media\/7090"}],"wp:attachment":[{"href":"https:\/\/www.fanprojekt-muenster.de\/wordpress\/wp-json\/wp\/v2\/media?parent=7089"}],"wp:term":[{"taxonomy":"category","embeddable":true,"href":"https:\/\/www.fanprojekt-muenster.de\/wordpress\/wp-json\/wp\/v2\/categories?post=7089"},{"taxonomy":"post_tag","embeddable":true,"href":"https:\/\/www.fanprojekt-muenster.de\/wordpress\/wp-json\/wp\/v2\/tags?post=7089"}],"curies":[{"name":"wp","href":"https:\/\/api.w.org\/{rel}","templated":true}]}}