{"id":6970,"date":"2019-09-06T18:11:45","date_gmt":"2019-09-06T16:11:45","guid":{"rendered":"http:\/\/www.fanprojekt-muenster.de\/wordpress\/?p=6970"},"modified":"2019-09-06T18:11:45","modified_gmt":"2019-09-06T16:11:45","slug":"fanprojekt-jhv-2019-2020","status":"publish","type":"post","link":"https:\/\/www.fanprojekt-muenster.de\/wordpress\/fanprojekt-jhv-2019-2020\/","title":{"rendered":"Fanprojekt JHV 2019 \/ 2020"},"content":{"rendered":"\n<p>Am Montag (02.09.2019) fand die j\u00e4hrliche Mitgliederversammlung des Fanprojektes vor 28\nMitgliedern statt. Kurz nach 19:06 er\u00f6ffnete Benny Sicking die JHV.<\/p>\n\n\n\n<p>Nach verschiedenen Formalien begann der R\u00fcckblick auf das vergangene Jahr. U.a. wurden die Saisonspende, verschiedene Treffen zwischen Fanprojekt und Verein sowie anderen Institutionen, fanpolitische Veranstaltungen, der Weihnachtsmarkt, der Neujahrsempfang, das Pasta-Essen mit der Mannschaft und der Sonderzug erw\u00e4hnt.<\/p>\n\n\n\n<p>Die Mitgliederentwicklung wurde anschlie\u00dfend aufgegriffen\nund die aktuelle Zahl von\nvon 596 Mitgliedern kurz erkl\u00e4rt (30 Eintritte bei 46 Austritten und 19 Ausschl\u00fcsse im Gesch\u00e4ftsjahr 2018\/19).<\/p>\n\n\n\n<p>Der anschlie\u00dfende Kassenbericht und legte einen Jahresverlust\nvon 5277,86\u20ac (der allerdings durch Nachschreibungen aus dem jetzigen\nGesch\u00e4ftsjahr egalisiert werden wird) da.<\/p>\n\n\n\n<p>Der Kassenpr\u00fcferbericht musste, da beide Kassenpr\u00fcfer verhindert waren, vorgelesen werden. <br>Der Bericht des Ehrenrates viel kurz aus: er musste nicht t\u00e4tig werden. <\/p>\n\n\n\n<p>Aus der Mitgliederversammlung kam dann der Antrag den\nVorstand zu entlasten, welcher von den anwesenden Mitgliedern ohne Gegenstimmen angenommen wurde.<\/p>\n\n\n\n<p>Im Vorstand gab es zur JHV \u00c4nderungen. Nachdem nun Benny und Tobi\n(jeweils u.a. aus famili\u00e4ren\nGr\u00fcnden) zur\u00fccktraten, war\nbereits &nbsp;Anfang des Jahres &nbsp;Andr\u00e9 ausgeschieden. Durch das\nVotum der Mitglieder wurde Dirk Stiller als neuer erster und Melanie\nShinwari-Lenk als neue zweite Vorsitzende best\u00e4tigt. <\/p>\n\n\n\n<p>Antr\u00e4ge gab es im Vorfeld keine und auch w\u00e4hrend der JHV\nwurden keine Antr\u00e4ge gestellt. Somit gab es zum Schluss nur noch einen Ausblick\nauf geplante\nVeranstaltungen f\u00fcr das kommende Jahr.<\/p>\n\n\n\n<p>\u2022 Veranstaltung nur f\u00fcr FP-Mitglieder zusammen mit der Mannschaft (hier sind die Planungen bisher nur angelaufen)<br> \u2022 Weihnachtsmarkt <br> \u2022 Neujahrsempfang <br> \u2022 Sonderzug (hier muss aber erst noch ein wenig die Entwicklung in Chemnitz abgewartet werden,denn dahin sollte der Zug rollen) <\/p>\n\n\n\n<p>\nSeit einiger Zeit ist es Fangruppen m\u00f6glich, die Getr\u00e4nkeausgabe vor und\n nach den Heimspielen zu \u00fcbernehmen. Dazu wurden nun folgende Regeln f\u00fcr\n den Spieltagsbetrieb&nbsp; des Fancontainers festgelegt:\n\n<\/p>\n\n\n\n<p> \u00a0\u00a0\u00a0\u00a0\u00a0\u00a0\u00a0\u00a0\u00a0\u00a0\u00a0 \u2022 Betrieb nur durch FP-Mitglieder <br> \u00a0\u00a0\u00a0\u00a0\u00a0\u00a0\u00a0\u00a0\u00a0\u00a0\u00a0 \u2022 Max. 3 Mal pro Saison von derselben Gruppe <br> \u00a0\u00a0\u00a0\u00a0\u00a0\u00a0\u00a0\u00a0\u00a0\u00a0\u00a0 \u2022 Einnahmen zur Finanzierung nur von \u201e\u00f6ffentlichen Preu\u00dfen-\/Fan-Veranstaltungen\u201c <\/p>\n\n\n\n<p>Nach weniger als 2 Stunden wurde die JHV geschlossen.<\/p>\n\n\n\n<p>Nun hei\u00dft es: \u00c4rmel hochkrempeln und weiter frisch ans Werk!<\/p>\n","protected":false},"excerpt":{"rendered":"<p>Am Montag (02.09.2019) fand die j\u00e4hrliche Mitgliederversammlung des Fanprojektes vor 28 Mitgliedern statt. Kurz nach 19:06 er\u00f6ffnete Benny Sicking die JHV. Nach verschiedenen Formalien begann der R\u00fcckblick auf das vergangene&#8230; <a class=\"read-more-link\" href=\"https:\/\/www.fanprojekt-muenster.de\/wordpress\/fanprojekt-jhv-2019-2020\/\">Read more &raquo;<\/a><\/p>\n","protected":false},"author":1,"featured_media":6859,"comment_status":"closed","ping_status":"open","sticky":false,"template":"","format":"standard","meta":{"advgb_blocks_editor_width":"","advgb_blocks_columns_visual_guide":"","footnotes":""},"categories":[1],"tags":[],"class_list":["post-6970","post","type-post","status-publish","format-standard","has-post-thumbnail","hentry","category-allgemein"],"featured_image_src":"https:\/\/www.fanprojekt-muenster.de\/wordpress\/wp-content\/uploads\/2019\/07\/Preussenadler_FP-1024x1024-400x300.png","author_info":{"display_name":"DST","author_link":"https:\/\/www.fanprojekt-muenster.de\/wordpress\/author\/dst\/"},"yoast_head":"<!-- This site is optimized with the Yoast SEO plugin v27.2 - https:\/\/yoast.com\/product\/yoast-seo-wordpress\/ -->\n<title>Fanprojekt JHV 2019 \/ 2020 - Fangemeinschaft Preu\u00dfen M\u00fcnster e. V.<\/title>\n<meta name=\"robots\" content=\"index, follow, max-snippet:-1, max-image-preview:large, max-video-preview:-1\" \/>\n<link rel=\"canonical\" href=\"https:\/\/www.fanprojekt-muenster.de\/wordpress\/fanprojekt-jhv-2019-2020\/\" \/>\n<meta property=\"og:locale\" content=\"de_DE\" \/>\n<meta property=\"og:type\" content=\"article\" \/>\n<meta property=\"og:title\" content=\"Fanprojekt JHV 2019 \/ 2020 - Fangemeinschaft Preu\u00dfen M\u00fcnster e. V.\" \/>\n<meta property=\"og:description\" content=\"Am Montag (02.09.2019) fand die j\u00e4hrliche Mitgliederversammlung des Fanprojektes vor 28 Mitgliedern statt. Kurz nach 19:06 er\u00f6ffnete Benny Sicking die JHV. Nach verschiedenen Formalien begann der R\u00fcckblick auf das vergangene... Read more &raquo;\" \/>\n<meta property=\"og:url\" content=\"https:\/\/www.fanprojekt-muenster.de\/wordpress\/fanprojekt-jhv-2019-2020\/\" \/>\n<meta property=\"og:site_name\" content=\"Fangemeinschaft Preu\u00dfen M\u00fcnster e. V.\" \/>\n<meta property=\"article:published_time\" content=\"2019-09-06T16:11:45+00:00\" \/>\n<meta property=\"og:image\" content=\"https:\/\/www.fanprojekt-muenster.de\/wordpress\/wp-content\/uploads\/2019\/07\/Preussenadler_FP-1024x1024-400x300.png\" \/>\n\t<meta property=\"og:image:width\" content=\"400\" \/>\n\t<meta property=\"og:image:height\" content=\"300\" \/>\n\t<meta property=\"og:image:type\" content=\"image\/png\" \/>\n<meta name=\"author\" content=\"DST\" \/>\n<meta name=\"twitter:card\" content=\"summary_large_image\" \/>\n<meta name=\"twitter:label1\" content=\"Verfasst von\" \/>\n\t<meta name=\"twitter:data1\" content=\"DST\" \/>\n\t<meta name=\"twitter:label2\" content=\"Gesch\u00e4tzte Lesezeit\" \/>\n\t<meta name=\"twitter:data2\" content=\"2\u00a0Minuten\" \/>\n<script type=\"application\/ld+json\" class=\"yoast-schema-graph\">{\"@context\":\"https:\/\/schema.org\",\"@graph\":[{\"@type\":\"Article\",\"@id\":\"https:\/\/www.fanprojekt-muenster.de\/wordpress\/fanprojekt-jhv-2019-2020\/#article\",\"isPartOf\":{\"@id\":\"https:\/\/www.fanprojekt-muenster.de\/wordpress\/fanprojekt-jhv-2019-2020\/\"},\"author\":{\"name\":\"DST\",\"@id\":\"https:\/\/www.fanprojekt-muenster.de\/wordpress\/#\/schema\/person\/eed51304a869b4de494727cd2e0c8203\"},\"headline\":\"Fanprojekt JHV 2019 \/ 2020\",\"datePublished\":\"2019-09-06T16:11:45+00:00\",\"mainEntityOfPage\":{\"@id\":\"https:\/\/www.fanprojekt-muenster.de\/wordpress\/fanprojekt-jhv-2019-2020\/\"},\"wordCount\":349,\"publisher\":{\"@id\":\"https:\/\/www.fanprojekt-muenster.de\/wordpress\/#organization\"},\"image\":{\"@id\":\"https:\/\/www.fanprojekt-muenster.de\/wordpress\/fanprojekt-jhv-2019-2020\/#primaryimage\"},\"thumbnailUrl\":\"https:\/\/www.fanprojekt-muenster.de\/wordpress\/wp-content\/uploads\/2019\/07\/Preussenadler_FP-1024x1024-400x300.png\",\"inLanguage\":\"de\"},{\"@type\":\"WebPage\",\"@id\":\"https:\/\/www.fanprojekt-muenster.de\/wordpress\/fanprojekt-jhv-2019-2020\/\",\"url\":\"https:\/\/www.fanprojekt-muenster.de\/wordpress\/fanprojekt-jhv-2019-2020\/\",\"name\":\"Fanprojekt JHV 2019 \/ 2020 - Fangemeinschaft Preu\u00dfen M\u00fcnster e. V.\",\"isPartOf\":{\"@id\":\"https:\/\/www.fanprojekt-muenster.de\/wordpress\/#website\"},\"primaryImageOfPage\":{\"@id\":\"https:\/\/www.fanprojekt-muenster.de\/wordpress\/fanprojekt-jhv-2019-2020\/#primaryimage\"},\"image\":{\"@id\":\"https:\/\/www.fanprojekt-muenster.de\/wordpress\/fanprojekt-jhv-2019-2020\/#primaryimage\"},\"thumbnailUrl\":\"https:\/\/www.fanprojekt-muenster.de\/wordpress\/wp-content\/uploads\/2019\/07\/Preussenadler_FP-1024x1024-400x300.png\",\"datePublished\":\"2019-09-06T16:11:45+00:00\",\"breadcrumb\":{\"@id\":\"https:\/\/www.fanprojekt-muenster.de\/wordpress\/fanprojekt-jhv-2019-2020\/#breadcrumb\"},\"inLanguage\":\"de\",\"potentialAction\":[{\"@type\":\"ReadAction\",\"target\":[\"https:\/\/www.fanprojekt-muenster.de\/wordpress\/fanprojekt-jhv-2019-2020\/\"]}]},{\"@type\":\"ImageObject\",\"inLanguage\":\"de\",\"@id\":\"https:\/\/www.fanprojekt-muenster.de\/wordpress\/fanprojekt-jhv-2019-2020\/#primaryimage\",\"url\":\"https:\/\/www.fanprojekt-muenster.de\/wordpress\/wp-content\/uploads\/2019\/07\/Preussenadler_FP-1024x1024-400x300.png\",\"contentUrl\":\"https:\/\/www.fanprojekt-muenster.de\/wordpress\/wp-content\/uploads\/2019\/07\/Preussenadler_FP-1024x1024-400x300.png\",\"width\":400,\"height\":300},{\"@type\":\"BreadcrumbList\",\"@id\":\"https:\/\/www.fanprojekt-muenster.de\/wordpress\/fanprojekt-jhv-2019-2020\/#breadcrumb\",\"itemListElement\":[{\"@type\":\"ListItem\",\"position\":1,\"name\":\"Startseite\",\"item\":\"https:\/\/www.fanprojekt-muenster.de\/wordpress\/\"},{\"@type\":\"ListItem\",\"position\":2,\"name\":\"Fanprojekt JHV 2019 \/ 2020\"}]},{\"@type\":\"WebSite\",\"@id\":\"https:\/\/www.fanprojekt-muenster.de\/wordpress\/#website\",\"url\":\"https:\/\/www.fanprojekt-muenster.de\/wordpress\/\",\"name\":\"Fangemeinschaft Preu\u00dfen M\u00fcnster e. V.\",\"description\":\"\",\"publisher\":{\"@id\":\"https:\/\/www.fanprojekt-muenster.de\/wordpress\/#organization\"},\"potentialAction\":[{\"@type\":\"SearchAction\",\"target\":{\"@type\":\"EntryPoint\",\"urlTemplate\":\"https:\/\/www.fanprojekt-muenster.de\/wordpress\/?s={search_term_string}\"},\"query-input\":{\"@type\":\"PropertyValueSpecification\",\"valueRequired\":true,\"valueName\":\"search_term_string\"}}],\"inLanguage\":\"de\"},{\"@type\":\"Organization\",\"@id\":\"https:\/\/www.fanprojekt-muenster.de\/wordpress\/#organization\",\"name\":\"Fangemeinschaft Preu\u00dfen M\u00fcnster e. V.\",\"url\":\"https:\/\/www.fanprojekt-muenster.de\/wordpress\/\",\"logo\":{\"@type\":\"ImageObject\",\"inLanguage\":\"de\",\"@id\":\"https:\/\/www.fanprojekt-muenster.de\/wordpress\/#\/schema\/logo\/image\/\",\"url\":\"https:\/\/www.fanprojekt-muenster.de\/wordpress\/wp-content\/uploads\/2019\/07\/cropped-Website_Logo3-9.png\",\"contentUrl\":\"https:\/\/www.fanprojekt-muenster.de\/wordpress\/wp-content\/uploads\/2019\/07\/cropped-Website_Logo3-9.png\",\"width\":224,\"height\":42,\"caption\":\"Fangemeinschaft Preu\u00dfen M\u00fcnster e. V.\"},\"image\":{\"@id\":\"https:\/\/www.fanprojekt-muenster.de\/wordpress\/#\/schema\/logo\/image\/\"}},{\"@type\":\"Person\",\"@id\":\"https:\/\/www.fanprojekt-muenster.de\/wordpress\/#\/schema\/person\/eed51304a869b4de494727cd2e0c8203\",\"name\":\"DST\",\"url\":\"https:\/\/www.fanprojekt-muenster.de\/wordpress\/author\/dst\/\"}]}<\/script>\n<!-- \/ Yoast SEO plugin. -->","yoast_head_json":{"title":"Fanprojekt JHV 2019 \/ 2020 - Fangemeinschaft Preu\u00dfen M\u00fcnster e. V.","robots":{"index":"index","follow":"follow","max-snippet":"max-snippet:-1","max-image-preview":"max-image-preview:large","max-video-preview":"max-video-preview:-1"},"canonical":"https:\/\/www.fanprojekt-muenster.de\/wordpress\/fanprojekt-jhv-2019-2020\/","og_locale":"de_DE","og_type":"article","og_title":"Fanprojekt JHV 2019 \/ 2020 - Fangemeinschaft Preu\u00dfen M\u00fcnster e. V.","og_description":"Am Montag (02.09.2019) fand die j\u00e4hrliche Mitgliederversammlung des Fanprojektes vor 28 Mitgliedern statt. Kurz nach 19:06 er\u00f6ffnete Benny Sicking die JHV. Nach verschiedenen Formalien begann der R\u00fcckblick auf das vergangene... Read more &raquo;","og_url":"https:\/\/www.fanprojekt-muenster.de\/wordpress\/fanprojekt-jhv-2019-2020\/","og_site_name":"Fangemeinschaft Preu\u00dfen M\u00fcnster e. V.","article_published_time":"2019-09-06T16:11:45+00:00","og_image":[{"width":400,"height":300,"url":"https:\/\/www.fanprojekt-muenster.de\/wordpress\/wp-content\/uploads\/2019\/07\/Preussenadler_FP-1024x1024-400x300.png","type":"image\/png"}],"author":"DST","twitter_card":"summary_large_image","twitter_misc":{"Verfasst von":"DST","Gesch\u00e4tzte Lesezeit":"2\u00a0Minuten"},"schema":{"@context":"https:\/\/schema.org","@graph":[{"@type":"Article","@id":"https:\/\/www.fanprojekt-muenster.de\/wordpress\/fanprojekt-jhv-2019-2020\/#article","isPartOf":{"@id":"https:\/\/www.fanprojekt-muenster.de\/wordpress\/fanprojekt-jhv-2019-2020\/"},"author":{"name":"DST","@id":"https:\/\/www.fanprojekt-muenster.de\/wordpress\/#\/schema\/person\/eed51304a869b4de494727cd2e0c8203"},"headline":"Fanprojekt JHV 2019 \/ 2020","datePublished":"2019-09-06T16:11:45+00:00","mainEntityOfPage":{"@id":"https:\/\/www.fanprojekt-muenster.de\/wordpress\/fanprojekt-jhv-2019-2020\/"},"wordCount":349,"publisher":{"@id":"https:\/\/www.fanprojekt-muenster.de\/wordpress\/#organization"},"image":{"@id":"https:\/\/www.fanprojekt-muenster.de\/wordpress\/fanprojekt-jhv-2019-2020\/#primaryimage"},"thumbnailUrl":"https:\/\/www.fanprojekt-muenster.de\/wordpress\/wp-content\/uploads\/2019\/07\/Preussenadler_FP-1024x1024-400x300.png","inLanguage":"de"},{"@type":"WebPage","@id":"https:\/\/www.fanprojekt-muenster.de\/wordpress\/fanprojekt-jhv-2019-2020\/","url":"https:\/\/www.fanprojekt-muenster.de\/wordpress\/fanprojekt-jhv-2019-2020\/","name":"Fanprojekt JHV 2019 \/ 2020 - Fangemeinschaft Preu\u00dfen M\u00fcnster e. V.","isPartOf":{"@id":"https:\/\/www.fanprojekt-muenster.de\/wordpress\/#website"},"primaryImageOfPage":{"@id":"https:\/\/www.fanprojekt-muenster.de\/wordpress\/fanprojekt-jhv-2019-2020\/#primaryimage"},"image":{"@id":"https:\/\/www.fanprojekt-muenster.de\/wordpress\/fanprojekt-jhv-2019-2020\/#primaryimage"},"thumbnailUrl":"https:\/\/www.fanprojekt-muenster.de\/wordpress\/wp-content\/uploads\/2019\/07\/Preussenadler_FP-1024x1024-400x300.png","datePublished":"2019-09-06T16:11:45+00:00","breadcrumb":{"@id":"https:\/\/www.fanprojekt-muenster.de\/wordpress\/fanprojekt-jhv-2019-2020\/#breadcrumb"},"inLanguage":"de","potentialAction":[{"@type":"ReadAction","target":["https:\/\/www.fanprojekt-muenster.de\/wordpress\/fanprojekt-jhv-2019-2020\/"]}]},{"@type":"ImageObject","inLanguage":"de","@id":"https:\/\/www.fanprojekt-muenster.de\/wordpress\/fanprojekt-jhv-2019-2020\/#primaryimage","url":"https:\/\/www.fanprojekt-muenster.de\/wordpress\/wp-content\/uploads\/2019\/07\/Preussenadler_FP-1024x1024-400x300.png","contentUrl":"https:\/\/www.fanprojekt-muenster.de\/wordpress\/wp-content\/uploads\/2019\/07\/Preussenadler_FP-1024x1024-400x300.png","width":400,"height":300},{"@type":"BreadcrumbList","@id":"https:\/\/www.fanprojekt-muenster.de\/wordpress\/fanprojekt-jhv-2019-2020\/#breadcrumb","itemListElement":[{"@type":"ListItem","position":1,"name":"Startseite","item":"https:\/\/www.fanprojekt-muenster.de\/wordpress\/"},{"@type":"ListItem","position":2,"name":"Fanprojekt JHV 2019 \/ 2020"}]},{"@type":"WebSite","@id":"https:\/\/www.fanprojekt-muenster.de\/wordpress\/#website","url":"https:\/\/www.fanprojekt-muenster.de\/wordpress\/","name":"Fangemeinschaft Preu\u00dfen M\u00fcnster e. V.","description":"","publisher":{"@id":"https:\/\/www.fanprojekt-muenster.de\/wordpress\/#organization"},"potentialAction":[{"@type":"SearchAction","target":{"@type":"EntryPoint","urlTemplate":"https:\/\/www.fanprojekt-muenster.de\/wordpress\/?s={search_term_string}"},"query-input":{"@type":"PropertyValueSpecification","valueRequired":true,"valueName":"search_term_string"}}],"inLanguage":"de"},{"@type":"Organization","@id":"https:\/\/www.fanprojekt-muenster.de\/wordpress\/#organization","name":"Fangemeinschaft Preu\u00dfen M\u00fcnster e. V.","url":"https:\/\/www.fanprojekt-muenster.de\/wordpress\/","logo":{"@type":"ImageObject","inLanguage":"de","@id":"https:\/\/www.fanprojekt-muenster.de\/wordpress\/#\/schema\/logo\/image\/","url":"https:\/\/www.fanprojekt-muenster.de\/wordpress\/wp-content\/uploads\/2019\/07\/cropped-Website_Logo3-9.png","contentUrl":"https:\/\/www.fanprojekt-muenster.de\/wordpress\/wp-content\/uploads\/2019\/07\/cropped-Website_Logo3-9.png","width":224,"height":42,"caption":"Fangemeinschaft Preu\u00dfen M\u00fcnster e. V."},"image":{"@id":"https:\/\/www.fanprojekt-muenster.de\/wordpress\/#\/schema\/logo\/image\/"}},{"@type":"Person","@id":"https:\/\/www.fanprojekt-muenster.de\/wordpress\/#\/schema\/person\/eed51304a869b4de494727cd2e0c8203","name":"DST","url":"https:\/\/www.fanprojekt-muenster.de\/wordpress\/author\/dst\/"}]}},"author_meta":{"display_name":"DST","author_link":"https:\/\/www.fanprojekt-muenster.de\/wordpress\/author\/dst\/"},"featured_img":"https:\/\/www.fanprojekt-muenster.de\/wordpress\/wp-content\/uploads\/2019\/07\/Preussenadler_FP-1024x1024-400x300-300x225.png","coauthors":[],"tax_additional":{"categories":{"linked":["<a href=\"https:\/\/www.fanprojekt-muenster.de\/wordpress\/category\/allgemein\/\" class=\"advgb-post-tax-term\">Allgemein<\/a>"],"unlinked":["<span class=\"advgb-post-tax-term\">Allgemein<\/span>"]}},"comment_count":"0","relative_dates":{"created":"Posted 7\u00a0Jahren ago","modified":"Updated 7\u00a0Jahren ago"},"absolute_dates":{"created":"Posted on 6. September 2019","modified":"Updated on 6. September 2019"},"absolute_dates_time":{"created":"Posted on 6. September 2019 18:11","modified":"Updated on 6. September 2019 18:11"},"featured_img_caption":"","series_order":"","_links":{"self":[{"href":"https:\/\/www.fanprojekt-muenster.de\/wordpress\/wp-json\/wp\/v2\/posts\/6970","targetHints":{"allow":["GET"]}}],"collection":[{"href":"https:\/\/www.fanprojekt-muenster.de\/wordpress\/wp-json\/wp\/v2\/posts"}],"about":[{"href":"https:\/\/www.fanprojekt-muenster.de\/wordpress\/wp-json\/wp\/v2\/types\/post"}],"author":[{"embeddable":true,"href":"https:\/\/www.fanprojekt-muenster.de\/wordpress\/wp-json\/wp\/v2\/users\/1"}],"replies":[{"embeddable":true,"href":"https:\/\/www.fanprojekt-muenster.de\/wordpress\/wp-json\/wp\/v2\/comments?post=6970"}],"version-history":[{"count":2,"href":"https:\/\/www.fanprojekt-muenster.de\/wordpress\/wp-json\/wp\/v2\/posts\/6970\/revisions"}],"predecessor-version":[{"id":6972,"href":"https:\/\/www.fanprojekt-muenster.de\/wordpress\/wp-json\/wp\/v2\/posts\/6970\/revisions\/6972"}],"wp:featuredmedia":[{"embeddable":true,"href":"https:\/\/www.fanprojekt-muenster.de\/wordpress\/wp-json\/wp\/v2\/media\/6859"}],"wp:attachment":[{"href":"https:\/\/www.fanprojekt-muenster.de\/wordpress\/wp-json\/wp\/v2\/media?parent=6970"}],"wp:term":[{"taxonomy":"category","embeddable":true,"href":"https:\/\/www.fanprojekt-muenster.de\/wordpress\/wp-json\/wp\/v2\/categories?post=6970"},{"taxonomy":"post_tag","embeddable":true,"href":"https:\/\/www.fanprojekt-muenster.de\/wordpress\/wp-json\/wp\/v2\/tags?post=6970"}],"curies":[{"name":"wp","href":"https:\/\/api.w.org\/{rel}","templated":true}]}}