{"id":6957,"date":"2019-08-26T15:18:48","date_gmt":"2019-08-26T13:18:48","guid":{"rendered":"http:\/\/www.fanprojekt-muenster.de\/wordpress\/?p=6957"},"modified":"2019-08-26T15:35:57","modified_gmt":"2019-08-26T13:35:57","slug":"umfrage-auswaertsfahrten","status":"publish","type":"post","link":"https:\/\/www.fanprojekt-muenster.de\/wordpress\/umfrage-auswaertsfahrten\/","title":{"rendered":"Umfrage Ausw\u00e4rtsfahrten"},"content":{"rendered":"\n<div class=\"wp-block-image\"><figure class=\"aligncenter\"><img loading=\"lazy\" decoding=\"async\" width=\"409\" height=\"370\" src=\"http:\/\/www.fanprojekt-muenster.de\/wordpress\/wp-content\/uploads\/2019\/08\/FP-FanPort.png\" alt=\"\" class=\"wp-image-6958\" srcset=\"https:\/\/www.fanprojekt-muenster.de\/wordpress\/wp-content\/uploads\/2019\/08\/FP-FanPort.png 409w, https:\/\/www.fanprojekt-muenster.de\/wordpress\/wp-content\/uploads\/2019\/08\/FP-FanPort-300x271.png 300w, https:\/\/www.fanprojekt-muenster.de\/wordpress\/wp-content\/uploads\/2019\/08\/FP-FanPort-160x145.png 160w\" sizes=\"auto, (max-width: 409px) 100vw, 409px\" \/><\/figure><\/div>\n\n\n\n<p>Liebe Ausw\u00e4rtsfahrerinnen und Ausw\u00e4rtsfahrer,<\/p>\n\n\n\n<p>Fanprojekt und FANport m\u00f6chten gerne Feedback von den jeweiligen Ausw\u00e4rtsfahrten einholen und wenden sich hiermit an alle, die den SCP in der Ferne mit voller Kraft unterst\u00fctzen.<\/p>\n\n\n\n<p>Unter anderem m\u00f6chten wir von Euch etwas \u00fcber Eure Erfahrung\nmit dem Ordnungsdienst, dem Catering und allgemein auch von der Stimmung im\nBlock wissen.<\/p>\n\n\n\n<p>\u201eWir m\u00f6chten auf diesem Weg ein besseres Verst\u00e4ndnis erhalten, was bei Ausw\u00e4rtsspielen Positiv und was Negativ auff\u00e4llt. Nur so k\u00f6nnen Erlebnisse angesprochen und wenn n\u00f6tig auch verbessert werden.\u201c (Dirk Stiller; Fanprojekt)<\/p>\n\n\n\n<p>&#8222;Ausw\u00e4rtsfans nehmen viele Strapazen auf sich, um ihr Team auch in der Ferne zu unterst\u00fctzen. Durch diesen Ausw\u00e4rtsfragebogen sollen sie von ihrer Fanvertretung und dem sozialp\u00e4dagogischen Fanprojekt die Gelegenheit erhalten, sich einzubringen und die Bedingungen auf Ausw\u00e4rtsfahrten und im G\u00e4steblock zu bewerten. Nur so k\u00f6nnen Dinge, die bisher nicht so gut laufen, nachhaltig verbessert werden. Die Umfrageergebnisse werden dann zwei, drei Tage nach dem jeweiligen Spieltag von uns ausgewertet und ver\u00f6ffentlicht.&#8220; (Edo Schmidt; FANport)<\/p>\n\n\n\n<p>Hier geht es zur Umfrage: <a href=\"http:\/\/umfrage.fanprojekt-muenster.de\">http:\/\/umfrage.fanprojekt-muenster.de<\/a> <\/p>\n\n\n\n<p>Die jeweilige Umfrage starten jeweils am Tag der Ausw\u00e4rtsfahrt (nach Spielende, ca. 15:45 Uhr) und endet am darauffolgenden Abend (ca. 20 Uhr). Anschlie\u00dfend werden die Antworten ausgewertet.<\/p>\n\n\n\n<p>Wir speichern keine Personenbezogenen Daten und werden die Antworten\nanonym behandeln.<\/p>\n\n\n\n<p>Wir freuen uns \u00fcber jede Beteiligung.<br> Eure Teams vom Fanprojekt und vom FANport <\/p>\n\n\n\n<p><\/p>\n","protected":false},"excerpt":{"rendered":"<p>Liebe Ausw\u00e4rtsfahrerinnen und Ausw\u00e4rtsfahrer, Fanprojekt und FANport m\u00f6chten gerne Feedback von den jeweiligen Ausw\u00e4rtsfahrten einholen und wenden sich hiermit an alle, die den SCP in der Ferne mit voller Kraft&#8230; <a class=\"read-more-link\" href=\"https:\/\/www.fanprojekt-muenster.de\/wordpress\/umfrage-auswaertsfahrten\/\">Read more &raquo;<\/a><\/p>\n","protected":false},"author":1,"featured_media":6958,"comment_status":"closed","ping_status":"open","sticky":false,"template":"","format":"standard","meta":{"advgb_blocks_editor_width":"","advgb_blocks_columns_visual_guide":"","footnotes":""},"categories":[1],"tags":[],"class_list":["post-6957","post","type-post","status-publish","format-standard","has-post-thumbnail","hentry","category-allgemein"],"featured_image_src":"https:\/\/www.fanprojekt-muenster.de\/wordpress\/wp-content\/uploads\/2019\/08\/FP-FanPort.png","author_info":{"display_name":"DST","author_link":"https:\/\/www.fanprojekt-muenster.de\/wordpress\/author\/dst\/"},"yoast_head":"<!-- This site is optimized with the Yoast SEO plugin v27.2 - https:\/\/yoast.com\/product\/yoast-seo-wordpress\/ -->\n<title>Umfrage Ausw\u00e4rtsfahrten - Fangemeinschaft Preu\u00dfen M\u00fcnster e. V.<\/title>\n<meta name=\"robots\" content=\"index, follow, max-snippet:-1, max-image-preview:large, max-video-preview:-1\" \/>\n<link rel=\"canonical\" href=\"https:\/\/www.fanprojekt-muenster.de\/wordpress\/umfrage-auswaertsfahrten\/\" \/>\n<meta property=\"og:locale\" content=\"de_DE\" \/>\n<meta property=\"og:type\" content=\"article\" \/>\n<meta property=\"og:title\" content=\"Umfrage Ausw\u00e4rtsfahrten - Fangemeinschaft Preu\u00dfen M\u00fcnster e. V.\" \/>\n<meta property=\"og:description\" content=\"Liebe Ausw\u00e4rtsfahrerinnen und Ausw\u00e4rtsfahrer, Fanprojekt und FANport m\u00f6chten gerne Feedback von den jeweiligen Ausw\u00e4rtsfahrten einholen und wenden sich hiermit an alle, die den SCP in der Ferne mit voller Kraft... Read more &raquo;\" \/>\n<meta property=\"og:url\" content=\"https:\/\/www.fanprojekt-muenster.de\/wordpress\/umfrage-auswaertsfahrten\/\" \/>\n<meta property=\"og:site_name\" content=\"Fangemeinschaft Preu\u00dfen M\u00fcnster e. V.\" \/>\n<meta property=\"article:published_time\" content=\"2019-08-26T13:18:48+00:00\" \/>\n<meta property=\"article:modified_time\" content=\"2019-08-26T13:35:57+00:00\" \/>\n<meta property=\"og:image\" content=\"https:\/\/www.fanprojekt-muenster.de\/wordpress\/wp-content\/uploads\/2019\/08\/FP-FanPort.png\" \/>\n\t<meta property=\"og:image:width\" content=\"409\" \/>\n\t<meta property=\"og:image:height\" content=\"370\" \/>\n\t<meta property=\"og:image:type\" content=\"image\/png\" \/>\n<meta name=\"author\" content=\"DST\" \/>\n<meta name=\"twitter:card\" content=\"summary_large_image\" \/>\n<meta name=\"twitter:label1\" content=\"Verfasst von\" \/>\n\t<meta name=\"twitter:data1\" content=\"DST\" \/>\n\t<meta name=\"twitter:label2\" content=\"Gesch\u00e4tzte Lesezeit\" \/>\n\t<meta name=\"twitter:data2\" content=\"1\u00a0Minute\" \/>\n<script type=\"application\/ld+json\" class=\"yoast-schema-graph\">{\"@context\":\"https:\/\/schema.org\",\"@graph\":[{\"@type\":\"Article\",\"@id\":\"https:\/\/www.fanprojekt-muenster.de\/wordpress\/umfrage-auswaertsfahrten\/#article\",\"isPartOf\":{\"@id\":\"https:\/\/www.fanprojekt-muenster.de\/wordpress\/umfrage-auswaertsfahrten\/\"},\"author\":{\"name\":\"DST\",\"@id\":\"https:\/\/www.fanprojekt-muenster.de\/wordpress\/#\/schema\/person\/eed51304a869b4de494727cd2e0c8203\"},\"headline\":\"Umfrage Ausw\u00e4rtsfahrten\",\"datePublished\":\"2019-08-26T13:18:48+00:00\",\"dateModified\":\"2019-08-26T13:35:57+00:00\",\"mainEntityOfPage\":{\"@id\":\"https:\/\/www.fanprojekt-muenster.de\/wordpress\/umfrage-auswaertsfahrten\/\"},\"wordCount\":243,\"publisher\":{\"@id\":\"https:\/\/www.fanprojekt-muenster.de\/wordpress\/#organization\"},\"image\":{\"@id\":\"https:\/\/www.fanprojekt-muenster.de\/wordpress\/umfrage-auswaertsfahrten\/#primaryimage\"},\"thumbnailUrl\":\"https:\/\/www.fanprojekt-muenster.de\/wordpress\/wp-content\/uploads\/2019\/08\/FP-FanPort.png\",\"inLanguage\":\"de\"},{\"@type\":\"WebPage\",\"@id\":\"https:\/\/www.fanprojekt-muenster.de\/wordpress\/umfrage-auswaertsfahrten\/\",\"url\":\"https:\/\/www.fanprojekt-muenster.de\/wordpress\/umfrage-auswaertsfahrten\/\",\"name\":\"Umfrage Ausw\u00e4rtsfahrten - Fangemeinschaft Preu\u00dfen M\u00fcnster e. V.\",\"isPartOf\":{\"@id\":\"https:\/\/www.fanprojekt-muenster.de\/wordpress\/#website\"},\"primaryImageOfPage\":{\"@id\":\"https:\/\/www.fanprojekt-muenster.de\/wordpress\/umfrage-auswaertsfahrten\/#primaryimage\"},\"image\":{\"@id\":\"https:\/\/www.fanprojekt-muenster.de\/wordpress\/umfrage-auswaertsfahrten\/#primaryimage\"},\"thumbnailUrl\":\"https:\/\/www.fanprojekt-muenster.de\/wordpress\/wp-content\/uploads\/2019\/08\/FP-FanPort.png\",\"datePublished\":\"2019-08-26T13:18:48+00:00\",\"dateModified\":\"2019-08-26T13:35:57+00:00\",\"breadcrumb\":{\"@id\":\"https:\/\/www.fanprojekt-muenster.de\/wordpress\/umfrage-auswaertsfahrten\/#breadcrumb\"},\"inLanguage\":\"de\",\"potentialAction\":[{\"@type\":\"ReadAction\",\"target\":[\"https:\/\/www.fanprojekt-muenster.de\/wordpress\/umfrage-auswaertsfahrten\/\"]}]},{\"@type\":\"ImageObject\",\"inLanguage\":\"de\",\"@id\":\"https:\/\/www.fanprojekt-muenster.de\/wordpress\/umfrage-auswaertsfahrten\/#primaryimage\",\"url\":\"https:\/\/www.fanprojekt-muenster.de\/wordpress\/wp-content\/uploads\/2019\/08\/FP-FanPort.png\",\"contentUrl\":\"https:\/\/www.fanprojekt-muenster.de\/wordpress\/wp-content\/uploads\/2019\/08\/FP-FanPort.png\",\"width\":409,\"height\":370},{\"@type\":\"BreadcrumbList\",\"@id\":\"https:\/\/www.fanprojekt-muenster.de\/wordpress\/umfrage-auswaertsfahrten\/#breadcrumb\",\"itemListElement\":[{\"@type\":\"ListItem\",\"position\":1,\"name\":\"Startseite\",\"item\":\"https:\/\/www.fanprojekt-muenster.de\/wordpress\/\"},{\"@type\":\"ListItem\",\"position\":2,\"name\":\"Umfrage Ausw\u00e4rtsfahrten\"}]},{\"@type\":\"WebSite\",\"@id\":\"https:\/\/www.fanprojekt-muenster.de\/wordpress\/#website\",\"url\":\"https:\/\/www.fanprojekt-muenster.de\/wordpress\/\",\"name\":\"Fangemeinschaft Preu\u00dfen M\u00fcnster e. V.\",\"description\":\"\",\"publisher\":{\"@id\":\"https:\/\/www.fanprojekt-muenster.de\/wordpress\/#organization\"},\"potentialAction\":[{\"@type\":\"SearchAction\",\"target\":{\"@type\":\"EntryPoint\",\"urlTemplate\":\"https:\/\/www.fanprojekt-muenster.de\/wordpress\/?s={search_term_string}\"},\"query-input\":{\"@type\":\"PropertyValueSpecification\",\"valueRequired\":true,\"valueName\":\"search_term_string\"}}],\"inLanguage\":\"de\"},{\"@type\":\"Organization\",\"@id\":\"https:\/\/www.fanprojekt-muenster.de\/wordpress\/#organization\",\"name\":\"Fangemeinschaft Preu\u00dfen M\u00fcnster e. V.\",\"url\":\"https:\/\/www.fanprojekt-muenster.de\/wordpress\/\",\"logo\":{\"@type\":\"ImageObject\",\"inLanguage\":\"de\",\"@id\":\"https:\/\/www.fanprojekt-muenster.de\/wordpress\/#\/schema\/logo\/image\/\",\"url\":\"https:\/\/www.fanprojekt-muenster.de\/wordpress\/wp-content\/uploads\/2019\/07\/cropped-Website_Logo3-9.png\",\"contentUrl\":\"https:\/\/www.fanprojekt-muenster.de\/wordpress\/wp-content\/uploads\/2019\/07\/cropped-Website_Logo3-9.png\",\"width\":224,\"height\":42,\"caption\":\"Fangemeinschaft Preu\u00dfen M\u00fcnster e. V.\"},\"image\":{\"@id\":\"https:\/\/www.fanprojekt-muenster.de\/wordpress\/#\/schema\/logo\/image\/\"}},{\"@type\":\"Person\",\"@id\":\"https:\/\/www.fanprojekt-muenster.de\/wordpress\/#\/schema\/person\/eed51304a869b4de494727cd2e0c8203\",\"name\":\"DST\",\"url\":\"https:\/\/www.fanprojekt-muenster.de\/wordpress\/author\/dst\/\"}]}<\/script>\n<!-- \/ Yoast SEO plugin. -->","yoast_head_json":{"title":"Umfrage Ausw\u00e4rtsfahrten - Fangemeinschaft Preu\u00dfen M\u00fcnster e. V.","robots":{"index":"index","follow":"follow","max-snippet":"max-snippet:-1","max-image-preview":"max-image-preview:large","max-video-preview":"max-video-preview:-1"},"canonical":"https:\/\/www.fanprojekt-muenster.de\/wordpress\/umfrage-auswaertsfahrten\/","og_locale":"de_DE","og_type":"article","og_title":"Umfrage Ausw\u00e4rtsfahrten - Fangemeinschaft Preu\u00dfen M\u00fcnster e. V.","og_description":"Liebe Ausw\u00e4rtsfahrerinnen und Ausw\u00e4rtsfahrer, Fanprojekt und FANport m\u00f6chten gerne Feedback von den jeweiligen Ausw\u00e4rtsfahrten einholen und wenden sich hiermit an alle, die den SCP in der Ferne mit voller Kraft... Read more &raquo;","og_url":"https:\/\/www.fanprojekt-muenster.de\/wordpress\/umfrage-auswaertsfahrten\/","og_site_name":"Fangemeinschaft Preu\u00dfen M\u00fcnster e. V.","article_published_time":"2019-08-26T13:18:48+00:00","article_modified_time":"2019-08-26T13:35:57+00:00","og_image":[{"width":409,"height":370,"url":"https:\/\/www.fanprojekt-muenster.de\/wordpress\/wp-content\/uploads\/2019\/08\/FP-FanPort.png","type":"image\/png"}],"author":"DST","twitter_card":"summary_large_image","twitter_misc":{"Verfasst von":"DST","Gesch\u00e4tzte Lesezeit":"1\u00a0Minute"},"schema":{"@context":"https:\/\/schema.org","@graph":[{"@type":"Article","@id":"https:\/\/www.fanprojekt-muenster.de\/wordpress\/umfrage-auswaertsfahrten\/#article","isPartOf":{"@id":"https:\/\/www.fanprojekt-muenster.de\/wordpress\/umfrage-auswaertsfahrten\/"},"author":{"name":"DST","@id":"https:\/\/www.fanprojekt-muenster.de\/wordpress\/#\/schema\/person\/eed51304a869b4de494727cd2e0c8203"},"headline":"Umfrage Ausw\u00e4rtsfahrten","datePublished":"2019-08-26T13:18:48+00:00","dateModified":"2019-08-26T13:35:57+00:00","mainEntityOfPage":{"@id":"https:\/\/www.fanprojekt-muenster.de\/wordpress\/umfrage-auswaertsfahrten\/"},"wordCount":243,"publisher":{"@id":"https:\/\/www.fanprojekt-muenster.de\/wordpress\/#organization"},"image":{"@id":"https:\/\/www.fanprojekt-muenster.de\/wordpress\/umfrage-auswaertsfahrten\/#primaryimage"},"thumbnailUrl":"https:\/\/www.fanprojekt-muenster.de\/wordpress\/wp-content\/uploads\/2019\/08\/FP-FanPort.png","inLanguage":"de"},{"@type":"WebPage","@id":"https:\/\/www.fanprojekt-muenster.de\/wordpress\/umfrage-auswaertsfahrten\/","url":"https:\/\/www.fanprojekt-muenster.de\/wordpress\/umfrage-auswaertsfahrten\/","name":"Umfrage Ausw\u00e4rtsfahrten - Fangemeinschaft Preu\u00dfen M\u00fcnster e. V.","isPartOf":{"@id":"https:\/\/www.fanprojekt-muenster.de\/wordpress\/#website"},"primaryImageOfPage":{"@id":"https:\/\/www.fanprojekt-muenster.de\/wordpress\/umfrage-auswaertsfahrten\/#primaryimage"},"image":{"@id":"https:\/\/www.fanprojekt-muenster.de\/wordpress\/umfrage-auswaertsfahrten\/#primaryimage"},"thumbnailUrl":"https:\/\/www.fanprojekt-muenster.de\/wordpress\/wp-content\/uploads\/2019\/08\/FP-FanPort.png","datePublished":"2019-08-26T13:18:48+00:00","dateModified":"2019-08-26T13:35:57+00:00","breadcrumb":{"@id":"https:\/\/www.fanprojekt-muenster.de\/wordpress\/umfrage-auswaertsfahrten\/#breadcrumb"},"inLanguage":"de","potentialAction":[{"@type":"ReadAction","target":["https:\/\/www.fanprojekt-muenster.de\/wordpress\/umfrage-auswaertsfahrten\/"]}]},{"@type":"ImageObject","inLanguage":"de","@id":"https:\/\/www.fanprojekt-muenster.de\/wordpress\/umfrage-auswaertsfahrten\/#primaryimage","url":"https:\/\/www.fanprojekt-muenster.de\/wordpress\/wp-content\/uploads\/2019\/08\/FP-FanPort.png","contentUrl":"https:\/\/www.fanprojekt-muenster.de\/wordpress\/wp-content\/uploads\/2019\/08\/FP-FanPort.png","width":409,"height":370},{"@type":"BreadcrumbList","@id":"https:\/\/www.fanprojekt-muenster.de\/wordpress\/umfrage-auswaertsfahrten\/#breadcrumb","itemListElement":[{"@type":"ListItem","position":1,"name":"Startseite","item":"https:\/\/www.fanprojekt-muenster.de\/wordpress\/"},{"@type":"ListItem","position":2,"name":"Umfrage Ausw\u00e4rtsfahrten"}]},{"@type":"WebSite","@id":"https:\/\/www.fanprojekt-muenster.de\/wordpress\/#website","url":"https:\/\/www.fanprojekt-muenster.de\/wordpress\/","name":"Fangemeinschaft Preu\u00dfen M\u00fcnster e. V.","description":"","publisher":{"@id":"https:\/\/www.fanprojekt-muenster.de\/wordpress\/#organization"},"potentialAction":[{"@type":"SearchAction","target":{"@type":"EntryPoint","urlTemplate":"https:\/\/www.fanprojekt-muenster.de\/wordpress\/?s={search_term_string}"},"query-input":{"@type":"PropertyValueSpecification","valueRequired":true,"valueName":"search_term_string"}}],"inLanguage":"de"},{"@type":"Organization","@id":"https:\/\/www.fanprojekt-muenster.de\/wordpress\/#organization","name":"Fangemeinschaft Preu\u00dfen M\u00fcnster e. V.","url":"https:\/\/www.fanprojekt-muenster.de\/wordpress\/","logo":{"@type":"ImageObject","inLanguage":"de","@id":"https:\/\/www.fanprojekt-muenster.de\/wordpress\/#\/schema\/logo\/image\/","url":"https:\/\/www.fanprojekt-muenster.de\/wordpress\/wp-content\/uploads\/2019\/07\/cropped-Website_Logo3-9.png","contentUrl":"https:\/\/www.fanprojekt-muenster.de\/wordpress\/wp-content\/uploads\/2019\/07\/cropped-Website_Logo3-9.png","width":224,"height":42,"caption":"Fangemeinschaft Preu\u00dfen M\u00fcnster e. V."},"image":{"@id":"https:\/\/www.fanprojekt-muenster.de\/wordpress\/#\/schema\/logo\/image\/"}},{"@type":"Person","@id":"https:\/\/www.fanprojekt-muenster.de\/wordpress\/#\/schema\/person\/eed51304a869b4de494727cd2e0c8203","name":"DST","url":"https:\/\/www.fanprojekt-muenster.de\/wordpress\/author\/dst\/"}]}},"author_meta":{"display_name":"DST","author_link":"https:\/\/www.fanprojekt-muenster.de\/wordpress\/author\/dst\/"},"featured_img":"https:\/\/www.fanprojekt-muenster.de\/wordpress\/wp-content\/uploads\/2019\/08\/FP-FanPort-300x271.png","coauthors":[],"tax_additional":{"categories":{"linked":["<a href=\"https:\/\/www.fanprojekt-muenster.de\/wordpress\/category\/allgemein\/\" class=\"advgb-post-tax-term\">Allgemein<\/a>"],"unlinked":["<span class=\"advgb-post-tax-term\">Allgemein<\/span>"]}},"comment_count":"0","relative_dates":{"created":"Posted 7\u00a0Jahren ago","modified":"Updated 7\u00a0Jahren ago"},"absolute_dates":{"created":"Posted on 26. August 2019","modified":"Updated on 26. August 2019"},"absolute_dates_time":{"created":"Posted on 26. August 2019 15:18","modified":"Updated on 26. August 2019 15:35"},"featured_img_caption":"","series_order":"","_links":{"self":[{"href":"https:\/\/www.fanprojekt-muenster.de\/wordpress\/wp-json\/wp\/v2\/posts\/6957","targetHints":{"allow":["GET"]}}],"collection":[{"href":"https:\/\/www.fanprojekt-muenster.de\/wordpress\/wp-json\/wp\/v2\/posts"}],"about":[{"href":"https:\/\/www.fanprojekt-muenster.de\/wordpress\/wp-json\/wp\/v2\/types\/post"}],"author":[{"embeddable":true,"href":"https:\/\/www.fanprojekt-muenster.de\/wordpress\/wp-json\/wp\/v2\/users\/1"}],"replies":[{"embeddable":true,"href":"https:\/\/www.fanprojekt-muenster.de\/wordpress\/wp-json\/wp\/v2\/comments?post=6957"}],"version-history":[{"count":5,"href":"https:\/\/www.fanprojekt-muenster.de\/wordpress\/wp-json\/wp\/v2\/posts\/6957\/revisions"}],"predecessor-version":[{"id":6963,"href":"https:\/\/www.fanprojekt-muenster.de\/wordpress\/wp-json\/wp\/v2\/posts\/6957\/revisions\/6963"}],"wp:featuredmedia":[{"embeddable":true,"href":"https:\/\/www.fanprojekt-muenster.de\/wordpress\/wp-json\/wp\/v2\/media\/6958"}],"wp:attachment":[{"href":"https:\/\/www.fanprojekt-muenster.de\/wordpress\/wp-json\/wp\/v2\/media?parent=6957"}],"wp:term":[{"taxonomy":"category","embeddable":true,"href":"https:\/\/www.fanprojekt-muenster.de\/wordpress\/wp-json\/wp\/v2\/categories?post=6957"},{"taxonomy":"post_tag","embeddable":true,"href":"https:\/\/www.fanprojekt-muenster.de\/wordpress\/wp-json\/wp\/v2\/tags?post=6957"}],"curies":[{"name":"wp","href":"https:\/\/api.w.org\/{rel}","templated":true}]}}