{"id":6948,"date":"2019-08-14T21:41:42","date_gmt":"2019-08-14T19:41:42","guid":{"rendered":"http:\/\/www.fanprojekt-muenster.de\/wordpress\/?p=6948"},"modified":"2019-08-16T16:25:13","modified_gmt":"2019-08-16T14:25:13","slug":"save-the-date-jahreshauptversammlung","status":"publish","type":"post","link":"https:\/\/www.fanprojekt-muenster.de\/wordpress\/save-the-date-jahreshauptversammlung\/","title":{"rendered":"Save the Date &#8211; Jahreshauptversammlung (Update)"},"content":{"rendered":"\n<p><strong>Ordentliche Mitgliederversammlung: 02.09.2019, 19:06 Uhr<\/strong><\/p>\n\n\n\n<p>Liebe Mitglieder*innen,<\/p>\n\n\n\n<p>am Montag, 02.09.2019, um 19:06 Uhr findet die diesj\u00e4hrige Mitgliederversammlung des Fanprojekt Preu\u00dfen M\u00fcnster e.V. statt (<strong>Ort: Presseraum in der Haupttrib\u00fcne<\/strong>).<\/p>\n\n\n\n<p>Folgende Tagesordnung steht auf dem Programm:<br>\nTOP 1 Jahresbericht des Vorstandes<br>\nTOP 2 Kassenbericht<br>\nTOP 3 Kassenpr\u00fcferbericht<br>\nTOP 4 Bericht des Ehrenrates<br>\nTOP 5 Entlastung des Vorstandes<br>\nTOP 6 Neuwahl\/Best\u00e4tigungen im Vorstand<br>\nTOP 7 Antr\u00e4ge<br>\nTOP 8 Verschiedenes &nbsp;<\/p>\n\n\n\n<p>Zu allererst m\u00fcssen wir uns f\u00fcr die recht kurzfristige\nInformation entschuldigen. Wir hatten Schwierigkeiten einen passenden Termin zu\nfinden. Unser Anspruch ist es, euch fr\u00fchzeitig zu informieren. Dieses Mal ist\nes nicht optimal gelaufen. ENTSCHULDIGUNG!<\/p>\n\n\n\n<p>Hoffentlich k\u00f6nnt ihr es trotzdem einrichten, denn es werden\nau\u00dferordentliche \u00c4nderungen im Vorstand vorgestellt. Nachdem Andr\u00e9 Feldmann\n(Beisitzer \u00d6ffentlichkeitsarbeit) im Februar aus dem Vorstand getreten ist,\nwird zur Mitgliederversammlung Tobias Render (Beisitzer Gesch\u00e4ftsstelle) und\nBenny Sicking (1. Vorsitzender) ihre Vorstandsposten verlassen. Tobi schafft es\nzeitlich nicht mehr, die Abendtermine mit der Kinderbetreuung zu vereinbaren.\nUnd Benny m\u00f6chte ab Oktober erst einmal f\u00fcr seinen erwarteten Nachwuchs da\nsein, weshalb er seltener in M\u00fcnster sein wird.<\/p>\n\n\n\n<p>Als neuer 1. Vorsitzender steht Dirk Stiller bereit (bisher\n2. Vorsitzender) und Melanie Shinwari-Lenk wird den Posten zur 2. Vorsitzenden\neinnehmen (bisher Beisitzerin Veranstaltungen). Unter TOP 6\n\u201eNeuwahl\/Best\u00e4tigungen im Vorstand\u201c werden die \u00c4nderungen erl\u00e4utert und die\nMitglieder haben die M\u00f6glichkeit Dirk als neuen 1. Vorsitzenden und Melanie als\n2. Vorsitzende zu best\u00e4tigen.&nbsp; <\/p>\n\n\n\n<p>Im TOP 7 kann \u00fcber Antr\u00e4ge diskutiert und abgestimmt werden.\nBisher liegen noch keine Antr\u00e4ge vor, k\u00f6nnen aber vorher per Email\n(kontakt@fanprojekt-muenster.de) oder postalisch (Fanprojekt Preu\u00dfen M\u00fcnster\ne.V., Postfach 1906, 48007 M\u00fcnster) eingereicht werden. Kurzfristige oder\ndringende Antr\u00e4ge k\u00f6nnen aber auch noch w\u00e4hrend der Mitgliederversammlung\nvorgetragen werden.<\/p>\n\n\n\n<p>Trotz der kurzfristigen Einladung m\u00f6chten wir darauf\nhinweisen, dass die Einladung fristgerecht und formgerecht erfolgt ist.<br>\n<br>\n<\/p>\n\n\n\n<p><strong>Satzung \u00a77 Abs. 5-6: <br>\n<\/strong>[5] Die Einberufung zu allen Mitgliederversammlungen erfolgt unter\nBekanntgabe der Tagesordnung durch den Vorstand schriftlich mit der Frist von\neiner Woche. Die Versammlung ist unabh\u00e4ngig von der Zahl der erschienenen\nMitglieder beschlussf\u00e4hig.<\/p>\n\n\n\n<p>[6] Die Zustellung der Einladung zur Mitgliederversammlung\nerfolgt grunds\u00e4tzlich per Email und \u00fcber die Webseite des Vereins. Auf\nschriftlichen Antrag des Mitgliedes kann diese auch postalisch erfolgen.<\/p>\n\n\n\n<p>Hilft alles nichts, f\u00fcr einige kommt die Information einfach\nzu sp\u00e4t.<\/p>\n\n\n\n<p>Nochmals Entschuldigung daf\u00fcr!<\/p>\n\n\n\n<p>Wir sehen uns am 02.09.! \ud83d\ude0a<\/p>\n","protected":false},"excerpt":{"rendered":"<p>Ordentliche Mitgliederversammlung: 02.09.2019, 19:06 Uhr Liebe Mitglieder*innen, am Montag, 02.09.2019, um 19:06 Uhr findet die diesj\u00e4hrige Mitgliederversammlung des Fanprojekt Preu\u00dfen M\u00fcnster e.V. statt (Ort: Presseraum in der Haupttrib\u00fcne). Folgende Tagesordnung&#8230; <a class=\"read-more-link\" href=\"https:\/\/www.fanprojekt-muenster.de\/wordpress\/save-the-date-jahreshauptversammlung\/\">Read more &raquo;<\/a><\/p>\n","protected":false},"author":1,"featured_media":6859,"comment_status":"closed","ping_status":"open","sticky":false,"template":"","format":"standard","meta":{"advgb_blocks_editor_width":"","advgb_blocks_columns_visual_guide":"","footnotes":""},"categories":[1],"tags":[],"class_list":["post-6948","post","type-post","status-publish","format-standard","has-post-thumbnail","hentry","category-allgemein"],"featured_image_src":"https:\/\/www.fanprojekt-muenster.de\/wordpress\/wp-content\/uploads\/2019\/07\/Preussenadler_FP-1024x1024-400x300.png","author_info":{"display_name":"DST","author_link":"https:\/\/www.fanprojekt-muenster.de\/wordpress\/author\/dst\/"},"yoast_head":"<!-- This site is optimized with the Yoast SEO plugin v27.2 - https:\/\/yoast.com\/product\/yoast-seo-wordpress\/ -->\n<title>Save the Date - Jahreshauptversammlung (Update) - Fangemeinschaft Preu\u00dfen M\u00fcnster e. V.<\/title>\n<meta name=\"robots\" content=\"index, follow, max-snippet:-1, max-image-preview:large, max-video-preview:-1\" \/>\n<link rel=\"canonical\" href=\"https:\/\/www.fanprojekt-muenster.de\/wordpress\/save-the-date-jahreshauptversammlung\/\" \/>\n<meta property=\"og:locale\" content=\"de_DE\" \/>\n<meta property=\"og:type\" content=\"article\" \/>\n<meta property=\"og:title\" content=\"Save the Date - Jahreshauptversammlung (Update) - Fangemeinschaft Preu\u00dfen M\u00fcnster e. V.\" \/>\n<meta property=\"og:description\" content=\"Ordentliche Mitgliederversammlung: 02.09.2019, 19:06 Uhr Liebe Mitglieder*innen, am Montag, 02.09.2019, um 19:06 Uhr findet die diesj\u00e4hrige Mitgliederversammlung des Fanprojekt Preu\u00dfen M\u00fcnster e.V. statt (Ort: Presseraum in der Haupttrib\u00fcne). Folgende Tagesordnung... Read more &raquo;\" \/>\n<meta property=\"og:url\" content=\"https:\/\/www.fanprojekt-muenster.de\/wordpress\/save-the-date-jahreshauptversammlung\/\" \/>\n<meta property=\"og:site_name\" content=\"Fangemeinschaft Preu\u00dfen M\u00fcnster e. V.\" \/>\n<meta property=\"article:published_time\" content=\"2019-08-14T19:41:42+00:00\" \/>\n<meta property=\"article:modified_time\" content=\"2019-08-16T14:25:13+00:00\" \/>\n<meta property=\"og:image\" content=\"https:\/\/www.fanprojekt-muenster.de\/wordpress\/wp-content\/uploads\/2019\/07\/Preussenadler_FP-1024x1024-400x300.png\" \/>\n\t<meta property=\"og:image:width\" content=\"400\" \/>\n\t<meta property=\"og:image:height\" content=\"300\" \/>\n\t<meta property=\"og:image:type\" content=\"image\/png\" \/>\n<meta name=\"author\" content=\"DST\" \/>\n<meta name=\"twitter:card\" content=\"summary_large_image\" \/>\n<meta name=\"twitter:label1\" content=\"Verfasst von\" \/>\n\t<meta name=\"twitter:data1\" content=\"DST\" \/>\n\t<meta name=\"twitter:label2\" content=\"Gesch\u00e4tzte Lesezeit\" \/>\n\t<meta name=\"twitter:data2\" content=\"2\u00a0Minuten\" \/>\n<script type=\"application\/ld+json\" class=\"yoast-schema-graph\">{\"@context\":\"https:\/\/schema.org\",\"@graph\":[{\"@type\":\"Article\",\"@id\":\"https:\/\/www.fanprojekt-muenster.de\/wordpress\/save-the-date-jahreshauptversammlung\/#article\",\"isPartOf\":{\"@id\":\"https:\/\/www.fanprojekt-muenster.de\/wordpress\/save-the-date-jahreshauptversammlung\/\"},\"author\":{\"name\":\"DST\",\"@id\":\"https:\/\/www.fanprojekt-muenster.de\/wordpress\/#\/schema\/person\/eed51304a869b4de494727cd2e0c8203\"},\"headline\":\"Save the Date &#8211; Jahreshauptversammlung (Update)\",\"datePublished\":\"2019-08-14T19:41:42+00:00\",\"dateModified\":\"2019-08-16T14:25:13+00:00\",\"mainEntityOfPage\":{\"@id\":\"https:\/\/www.fanprojekt-muenster.de\/wordpress\/save-the-date-jahreshauptversammlung\/\"},\"wordCount\":397,\"publisher\":{\"@id\":\"https:\/\/www.fanprojekt-muenster.de\/wordpress\/#organization\"},\"image\":{\"@id\":\"https:\/\/www.fanprojekt-muenster.de\/wordpress\/save-the-date-jahreshauptversammlung\/#primaryimage\"},\"thumbnailUrl\":\"https:\/\/www.fanprojekt-muenster.de\/wordpress\/wp-content\/uploads\/2019\/07\/Preussenadler_FP-1024x1024-400x300.png\",\"inLanguage\":\"de\"},{\"@type\":\"WebPage\",\"@id\":\"https:\/\/www.fanprojekt-muenster.de\/wordpress\/save-the-date-jahreshauptversammlung\/\",\"url\":\"https:\/\/www.fanprojekt-muenster.de\/wordpress\/save-the-date-jahreshauptversammlung\/\",\"name\":\"Save the Date - Jahreshauptversammlung (Update) - Fangemeinschaft Preu\u00dfen M\u00fcnster e. V.\",\"isPartOf\":{\"@id\":\"https:\/\/www.fanprojekt-muenster.de\/wordpress\/#website\"},\"primaryImageOfPage\":{\"@id\":\"https:\/\/www.fanprojekt-muenster.de\/wordpress\/save-the-date-jahreshauptversammlung\/#primaryimage\"},\"image\":{\"@id\":\"https:\/\/www.fanprojekt-muenster.de\/wordpress\/save-the-date-jahreshauptversammlung\/#primaryimage\"},\"thumbnailUrl\":\"https:\/\/www.fanprojekt-muenster.de\/wordpress\/wp-content\/uploads\/2019\/07\/Preussenadler_FP-1024x1024-400x300.png\",\"datePublished\":\"2019-08-14T19:41:42+00:00\",\"dateModified\":\"2019-08-16T14:25:13+00:00\",\"breadcrumb\":{\"@id\":\"https:\/\/www.fanprojekt-muenster.de\/wordpress\/save-the-date-jahreshauptversammlung\/#breadcrumb\"},\"inLanguage\":\"de\",\"potentialAction\":[{\"@type\":\"ReadAction\",\"target\":[\"https:\/\/www.fanprojekt-muenster.de\/wordpress\/save-the-date-jahreshauptversammlung\/\"]}]},{\"@type\":\"ImageObject\",\"inLanguage\":\"de\",\"@id\":\"https:\/\/www.fanprojekt-muenster.de\/wordpress\/save-the-date-jahreshauptversammlung\/#primaryimage\",\"url\":\"https:\/\/www.fanprojekt-muenster.de\/wordpress\/wp-content\/uploads\/2019\/07\/Preussenadler_FP-1024x1024-400x300.png\",\"contentUrl\":\"https:\/\/www.fanprojekt-muenster.de\/wordpress\/wp-content\/uploads\/2019\/07\/Preussenadler_FP-1024x1024-400x300.png\",\"width\":400,\"height\":300},{\"@type\":\"BreadcrumbList\",\"@id\":\"https:\/\/www.fanprojekt-muenster.de\/wordpress\/save-the-date-jahreshauptversammlung\/#breadcrumb\",\"itemListElement\":[{\"@type\":\"ListItem\",\"position\":1,\"name\":\"Startseite\",\"item\":\"https:\/\/www.fanprojekt-muenster.de\/wordpress\/\"},{\"@type\":\"ListItem\",\"position\":2,\"name\":\"Save the Date &#8211; Jahreshauptversammlung (Update)\"}]},{\"@type\":\"WebSite\",\"@id\":\"https:\/\/www.fanprojekt-muenster.de\/wordpress\/#website\",\"url\":\"https:\/\/www.fanprojekt-muenster.de\/wordpress\/\",\"name\":\"Fangemeinschaft Preu\u00dfen M\u00fcnster e. V.\",\"description\":\"\",\"publisher\":{\"@id\":\"https:\/\/www.fanprojekt-muenster.de\/wordpress\/#organization\"},\"potentialAction\":[{\"@type\":\"SearchAction\",\"target\":{\"@type\":\"EntryPoint\",\"urlTemplate\":\"https:\/\/www.fanprojekt-muenster.de\/wordpress\/?s={search_term_string}\"},\"query-input\":{\"@type\":\"PropertyValueSpecification\",\"valueRequired\":true,\"valueName\":\"search_term_string\"}}],\"inLanguage\":\"de\"},{\"@type\":\"Organization\",\"@id\":\"https:\/\/www.fanprojekt-muenster.de\/wordpress\/#organization\",\"name\":\"Fangemeinschaft Preu\u00dfen M\u00fcnster e. V.\",\"url\":\"https:\/\/www.fanprojekt-muenster.de\/wordpress\/\",\"logo\":{\"@type\":\"ImageObject\",\"inLanguage\":\"de\",\"@id\":\"https:\/\/www.fanprojekt-muenster.de\/wordpress\/#\/schema\/logo\/image\/\",\"url\":\"https:\/\/www.fanprojekt-muenster.de\/wordpress\/wp-content\/uploads\/2019\/07\/cropped-Website_Logo3-9.png\",\"contentUrl\":\"https:\/\/www.fanprojekt-muenster.de\/wordpress\/wp-content\/uploads\/2019\/07\/cropped-Website_Logo3-9.png\",\"width\":224,\"height\":42,\"caption\":\"Fangemeinschaft Preu\u00dfen M\u00fcnster e. V.\"},\"image\":{\"@id\":\"https:\/\/www.fanprojekt-muenster.de\/wordpress\/#\/schema\/logo\/image\/\"}},{\"@type\":\"Person\",\"@id\":\"https:\/\/www.fanprojekt-muenster.de\/wordpress\/#\/schema\/person\/eed51304a869b4de494727cd2e0c8203\",\"name\":\"DST\",\"url\":\"https:\/\/www.fanprojekt-muenster.de\/wordpress\/author\/dst\/\"}]}<\/script>\n<!-- \/ Yoast SEO plugin. -->","yoast_head_json":{"title":"Save the Date - Jahreshauptversammlung (Update) - Fangemeinschaft Preu\u00dfen M\u00fcnster e. V.","robots":{"index":"index","follow":"follow","max-snippet":"max-snippet:-1","max-image-preview":"max-image-preview:large","max-video-preview":"max-video-preview:-1"},"canonical":"https:\/\/www.fanprojekt-muenster.de\/wordpress\/save-the-date-jahreshauptversammlung\/","og_locale":"de_DE","og_type":"article","og_title":"Save the Date - Jahreshauptversammlung (Update) - Fangemeinschaft Preu\u00dfen M\u00fcnster e. V.","og_description":"Ordentliche Mitgliederversammlung: 02.09.2019, 19:06 Uhr Liebe Mitglieder*innen, am Montag, 02.09.2019, um 19:06 Uhr findet die diesj\u00e4hrige Mitgliederversammlung des Fanprojekt Preu\u00dfen M\u00fcnster e.V. statt (Ort: Presseraum in der Haupttrib\u00fcne). Folgende Tagesordnung... Read more &raquo;","og_url":"https:\/\/www.fanprojekt-muenster.de\/wordpress\/save-the-date-jahreshauptversammlung\/","og_site_name":"Fangemeinschaft Preu\u00dfen M\u00fcnster e. V.","article_published_time":"2019-08-14T19:41:42+00:00","article_modified_time":"2019-08-16T14:25:13+00:00","og_image":[{"width":400,"height":300,"url":"https:\/\/www.fanprojekt-muenster.de\/wordpress\/wp-content\/uploads\/2019\/07\/Preussenadler_FP-1024x1024-400x300.png","type":"image\/png"}],"author":"DST","twitter_card":"summary_large_image","twitter_misc":{"Verfasst von":"DST","Gesch\u00e4tzte Lesezeit":"2\u00a0Minuten"},"schema":{"@context":"https:\/\/schema.org","@graph":[{"@type":"Article","@id":"https:\/\/www.fanprojekt-muenster.de\/wordpress\/save-the-date-jahreshauptversammlung\/#article","isPartOf":{"@id":"https:\/\/www.fanprojekt-muenster.de\/wordpress\/save-the-date-jahreshauptversammlung\/"},"author":{"name":"DST","@id":"https:\/\/www.fanprojekt-muenster.de\/wordpress\/#\/schema\/person\/eed51304a869b4de494727cd2e0c8203"},"headline":"Save the Date &#8211; Jahreshauptversammlung (Update)","datePublished":"2019-08-14T19:41:42+00:00","dateModified":"2019-08-16T14:25:13+00:00","mainEntityOfPage":{"@id":"https:\/\/www.fanprojekt-muenster.de\/wordpress\/save-the-date-jahreshauptversammlung\/"},"wordCount":397,"publisher":{"@id":"https:\/\/www.fanprojekt-muenster.de\/wordpress\/#organization"},"image":{"@id":"https:\/\/www.fanprojekt-muenster.de\/wordpress\/save-the-date-jahreshauptversammlung\/#primaryimage"},"thumbnailUrl":"https:\/\/www.fanprojekt-muenster.de\/wordpress\/wp-content\/uploads\/2019\/07\/Preussenadler_FP-1024x1024-400x300.png","inLanguage":"de"},{"@type":"WebPage","@id":"https:\/\/www.fanprojekt-muenster.de\/wordpress\/save-the-date-jahreshauptversammlung\/","url":"https:\/\/www.fanprojekt-muenster.de\/wordpress\/save-the-date-jahreshauptversammlung\/","name":"Save the Date - Jahreshauptversammlung (Update) - Fangemeinschaft Preu\u00dfen M\u00fcnster e. V.","isPartOf":{"@id":"https:\/\/www.fanprojekt-muenster.de\/wordpress\/#website"},"primaryImageOfPage":{"@id":"https:\/\/www.fanprojekt-muenster.de\/wordpress\/save-the-date-jahreshauptversammlung\/#primaryimage"},"image":{"@id":"https:\/\/www.fanprojekt-muenster.de\/wordpress\/save-the-date-jahreshauptversammlung\/#primaryimage"},"thumbnailUrl":"https:\/\/www.fanprojekt-muenster.de\/wordpress\/wp-content\/uploads\/2019\/07\/Preussenadler_FP-1024x1024-400x300.png","datePublished":"2019-08-14T19:41:42+00:00","dateModified":"2019-08-16T14:25:13+00:00","breadcrumb":{"@id":"https:\/\/www.fanprojekt-muenster.de\/wordpress\/save-the-date-jahreshauptversammlung\/#breadcrumb"},"inLanguage":"de","potentialAction":[{"@type":"ReadAction","target":["https:\/\/www.fanprojekt-muenster.de\/wordpress\/save-the-date-jahreshauptversammlung\/"]}]},{"@type":"ImageObject","inLanguage":"de","@id":"https:\/\/www.fanprojekt-muenster.de\/wordpress\/save-the-date-jahreshauptversammlung\/#primaryimage","url":"https:\/\/www.fanprojekt-muenster.de\/wordpress\/wp-content\/uploads\/2019\/07\/Preussenadler_FP-1024x1024-400x300.png","contentUrl":"https:\/\/www.fanprojekt-muenster.de\/wordpress\/wp-content\/uploads\/2019\/07\/Preussenadler_FP-1024x1024-400x300.png","width":400,"height":300},{"@type":"BreadcrumbList","@id":"https:\/\/www.fanprojekt-muenster.de\/wordpress\/save-the-date-jahreshauptversammlung\/#breadcrumb","itemListElement":[{"@type":"ListItem","position":1,"name":"Startseite","item":"https:\/\/www.fanprojekt-muenster.de\/wordpress\/"},{"@type":"ListItem","position":2,"name":"Save the Date &#8211; Jahreshauptversammlung (Update)"}]},{"@type":"WebSite","@id":"https:\/\/www.fanprojekt-muenster.de\/wordpress\/#website","url":"https:\/\/www.fanprojekt-muenster.de\/wordpress\/","name":"Fangemeinschaft Preu\u00dfen M\u00fcnster e. V.","description":"","publisher":{"@id":"https:\/\/www.fanprojekt-muenster.de\/wordpress\/#organization"},"potentialAction":[{"@type":"SearchAction","target":{"@type":"EntryPoint","urlTemplate":"https:\/\/www.fanprojekt-muenster.de\/wordpress\/?s={search_term_string}"},"query-input":{"@type":"PropertyValueSpecification","valueRequired":true,"valueName":"search_term_string"}}],"inLanguage":"de"},{"@type":"Organization","@id":"https:\/\/www.fanprojekt-muenster.de\/wordpress\/#organization","name":"Fangemeinschaft Preu\u00dfen M\u00fcnster e. V.","url":"https:\/\/www.fanprojekt-muenster.de\/wordpress\/","logo":{"@type":"ImageObject","inLanguage":"de","@id":"https:\/\/www.fanprojekt-muenster.de\/wordpress\/#\/schema\/logo\/image\/","url":"https:\/\/www.fanprojekt-muenster.de\/wordpress\/wp-content\/uploads\/2019\/07\/cropped-Website_Logo3-9.png","contentUrl":"https:\/\/www.fanprojekt-muenster.de\/wordpress\/wp-content\/uploads\/2019\/07\/cropped-Website_Logo3-9.png","width":224,"height":42,"caption":"Fangemeinschaft Preu\u00dfen M\u00fcnster e. V."},"image":{"@id":"https:\/\/www.fanprojekt-muenster.de\/wordpress\/#\/schema\/logo\/image\/"}},{"@type":"Person","@id":"https:\/\/www.fanprojekt-muenster.de\/wordpress\/#\/schema\/person\/eed51304a869b4de494727cd2e0c8203","name":"DST","url":"https:\/\/www.fanprojekt-muenster.de\/wordpress\/author\/dst\/"}]}},"author_meta":{"display_name":"DST","author_link":"https:\/\/www.fanprojekt-muenster.de\/wordpress\/author\/dst\/"},"featured_img":"https:\/\/www.fanprojekt-muenster.de\/wordpress\/wp-content\/uploads\/2019\/07\/Preussenadler_FP-1024x1024-400x300-300x225.png","coauthors":[],"tax_additional":{"categories":{"linked":["<a href=\"https:\/\/www.fanprojekt-muenster.de\/wordpress\/category\/allgemein\/\" class=\"advgb-post-tax-term\">Allgemein<\/a>"],"unlinked":["<span class=\"advgb-post-tax-term\">Allgemein<\/span>"]}},"comment_count":"0","relative_dates":{"created":"Posted 7\u00a0Jahren ago","modified":"Updated 7\u00a0Jahren ago"},"absolute_dates":{"created":"Posted on 14. August 2019","modified":"Updated on 16. August 2019"},"absolute_dates_time":{"created":"Posted on 14. August 2019 21:41","modified":"Updated on 16. August 2019 16:25"},"featured_img_caption":"","series_order":"","_links":{"self":[{"href":"https:\/\/www.fanprojekt-muenster.de\/wordpress\/wp-json\/wp\/v2\/posts\/6948","targetHints":{"allow":["GET"]}}],"collection":[{"href":"https:\/\/www.fanprojekt-muenster.de\/wordpress\/wp-json\/wp\/v2\/posts"}],"about":[{"href":"https:\/\/www.fanprojekt-muenster.de\/wordpress\/wp-json\/wp\/v2\/types\/post"}],"author":[{"embeddable":true,"href":"https:\/\/www.fanprojekt-muenster.de\/wordpress\/wp-json\/wp\/v2\/users\/1"}],"replies":[{"embeddable":true,"href":"https:\/\/www.fanprojekt-muenster.de\/wordpress\/wp-json\/wp\/v2\/comments?post=6948"}],"version-history":[{"count":5,"href":"https:\/\/www.fanprojekt-muenster.de\/wordpress\/wp-json\/wp\/v2\/posts\/6948\/revisions"}],"predecessor-version":[{"id":6953,"href":"https:\/\/www.fanprojekt-muenster.de\/wordpress\/wp-json\/wp\/v2\/posts\/6948\/revisions\/6953"}],"wp:featuredmedia":[{"embeddable":true,"href":"https:\/\/www.fanprojekt-muenster.de\/wordpress\/wp-json\/wp\/v2\/media\/6859"}],"wp:attachment":[{"href":"https:\/\/www.fanprojekt-muenster.de\/wordpress\/wp-json\/wp\/v2\/media?parent=6948"}],"wp:term":[{"taxonomy":"category","embeddable":true,"href":"https:\/\/www.fanprojekt-muenster.de\/wordpress\/wp-json\/wp\/v2\/categories?post=6948"},{"taxonomy":"post_tag","embeddable":true,"href":"https:\/\/www.fanprojekt-muenster.de\/wordpress\/wp-json\/wp\/v2\/tags?post=6948"}],"curies":[{"name":"wp","href":"https:\/\/api.w.org\/{rel}","templated":true}]}}