{"id":686,"date":"2013-04-02T23:46:33","date_gmt":"2013-04-02T21:46:33","guid":{"rendered":"http:\/\/www.fanprojekt-muenster.de\/fp\/?p=686"},"modified":"2013-04-02T23:46:33","modified_gmt":"2013-04-02T21:46:33","slug":"fanprojekt-des-sc-preusen-munster-wachst-und-hat-viel-vor","status":"publish","type":"post","link":"https:\/\/www.fanprojekt-muenster.de\/wordpress\/fanprojekt-des-sc-preusen-munster-wachst-und-hat-viel-vor\/","title":{"rendered":"Fanprojekt des SC Preu\u00dfen M\u00fcnster w\u00e4chst und hat viel vor"},"content":{"rendered":"<p>Vor 13 Jahren haben einige Preu\u00dfenfans das offizielle Fanprojekt des SC Preu\u00dfen M\u00fcnster gegr\u00fcndet. Damals fing man als leicht bel\u00e4chelte Abteilung des Gesamtvereins an, um Anh\u00e4ngern der Preu\u00dfen \u201evon Fans f\u00fcr Fans\u201c eine Plattform anzubieten und sich zu engagieren. Heute, 13 Jahre sp\u00e4ter hat sich das Fanprojekt zu einer wichtigen Institution entwickelt und ist aus der Fanszene sowie aus dem Verein nicht mehr wegzudenken. \u00dcber 400 Mitglieder im Alter von 3 bis 90 Jahren sind inzwischen Mitglied im Fanprojekt \u2013 Tendenz steigend.<\/p>\n<p>Was macht das Fanprojekt denn eigentlich? Du wolltest dir schon immer mal eine Wurst von den Preu\u00dfen-Stars grillen lassen? Oder gemeinsam mit Spielern, Trainer und Vorstand in gepflegtem Ambiente eine rauschende Feier erleben? Du m\u00f6chtest in preisg\u00fcnstigen Bussen zu den Ausw\u00e4rtsspielen? Dir das erste und einzige Fanradio des SC Preu\u00dfen M\u00fcnster anh\u00f6ren? Dich in die Vereinsarbeit einbringen? Oder diverse Verg\u00fcnstigungen als Fanprojekt-Mitglied genie\u00dfen? Und das alles f\u00fcr einen g\u00fcnstigen Jahresbeitrag von 12 bis 24 Euro? Dann melde dich beim Fanprojekt, bringe dich und deine Ideen ein, damit es auch zuk\u00fcnftig mit innovativen Ideen im Sinne des SC Preu\u00dfen M\u00fcnster weitergeht.<\/p>\n<p>Hier die Vorteile auf einen Blick:<br \/>\nDas Fanprojekt k\u00fcmmert sich unter anderen um folgende Aufgaben:<br \/>\n&#8211; Betreuung, Rat, Ansprechpartner und Hilfe f\u00fcr alle SCP-Fans<br \/>\n&#8211; Organisation von Ausw\u00e4rtsfahrten im eigenen Bus- Organisation von j\u00e4hrlichen\u00a0Veranstaltungen wie Grillen mit der Mannschaft und Neujahrsempfang<br \/>\n&#8211; Unterst\u00fctzung des Gesamt-Vereins bei Veranstaltungen (Kindertage, Stadion etc&#8230;)<\/p>\n<p>Das Fanprojekt bietet unter anderen folgende Vorteile:<br \/>\n\u2022 Erm\u00e4\u00dfigte Preise bei vom Fanprojekt organisierten Ausw\u00e4hrtsfahrten<br \/>\n\u2022 Erm\u00e4\u00dfigte Dauerkarte f\u00fcr jede Saison &#8211; Kartenvorverkaufsrecht auf Heimspiele des SC Preu\u00dfen M\u00fcnster 06 e.V.<br \/>\n\u2022 5 % Erm\u00e4\u00dfigung auf Artikel aus dem Fanshop der Gesch\u00e4ftsstelle<br \/>\n\u2022 15 % auf ausgew\u00e4hlte Artikel.<br \/>\n\u2022 Mitglieder des Fanprojektes erhalten ein Vorkaufsrecht besondere Spiele.<br \/>\n\u2022 Mitglieder des Fanprojekts erhalten den aktiven Beitrag des SC Preu\u00dfen M\u00fcnster 06 e.V.<br \/>\n\u2022 Zus\u00e4tzlich hierzu finden exklusive Mitgliederveranstaltungen, Fan-Feten und Diskussionsrunden statt.<br \/>\n\u2022 Bei Angabe der E-Mail-Adresse erhalten Sie alle Fanprojekt-Neuigkeiten kostenlos direkt als Newsletter.<br \/>\nSie finden Mitglieder des Fanprojektes bei den Heimspielen am eigenen Stand im Bereich des Haupteingangs oder unsere Website:\u00a0www.fanprojekt-muenster.de<\/p>\n","protected":false},"excerpt":{"rendered":"<p>Vor 13 Jahren haben einige Preu\u00dfenfans das offizielle Fanprojekt des SC Preu\u00dfen M\u00fcnster gegr\u00fcndet. Damals fing man als leicht bel\u00e4chelte Abteilung des Gesamtvereins an, um Anh\u00e4ngern der Preu\u00dfen \u201evon Fans&#8230; <a class=\"read-more-link\" href=\"https:\/\/www.fanprojekt-muenster.de\/wordpress\/fanprojekt-des-sc-preusen-munster-wachst-und-hat-viel-vor\/\">Read more &raquo;<\/a><\/p>\n","protected":false},"author":2,"featured_media":708,"comment_status":"open","ping_status":"open","sticky":false,"template":"","format":"standard","meta":{"advgb_blocks_editor_width":"","advgb_blocks_columns_visual_guide":"","footnotes":""},"categories":[3],"tags":[],"class_list":["post-686","post","type-post","status-publish","format-standard","has-post-thumbnail","hentry","category-aktuelles"],"featured_image_src":"https:\/\/www.fanprojekt-muenster.de\/wordpress\/wp-content\/uploads\/2013\/04\/Preussenadler_FP_kl.jpg","author_info":{"display_name":"fp_superadmin","author_link":"https:\/\/www.fanprojekt-muenster.de\/wordpress\/author\/fp_superadmin\/"},"yoast_head":"<!-- This site is optimized with the Yoast SEO plugin v27.2 - https:\/\/yoast.com\/product\/yoast-seo-wordpress\/ -->\n<title>Fanprojekt des SC Preu\u00dfen M\u00fcnster w\u00e4chst und hat viel vor - Fangemeinschaft Preu\u00dfen M\u00fcnster e. V.<\/title>\n<meta name=\"robots\" content=\"index, follow, max-snippet:-1, max-image-preview:large, max-video-preview:-1\" \/>\n<link rel=\"canonical\" href=\"https:\/\/www.fanprojekt-muenster.de\/wordpress\/fanprojekt-des-sc-preusen-munster-wachst-und-hat-viel-vor\/\" \/>\n<meta property=\"og:locale\" content=\"de_DE\" \/>\n<meta property=\"og:type\" content=\"article\" \/>\n<meta property=\"og:title\" content=\"Fanprojekt des SC Preu\u00dfen M\u00fcnster w\u00e4chst und hat viel vor - Fangemeinschaft Preu\u00dfen M\u00fcnster e. V.\" \/>\n<meta property=\"og:description\" content=\"Vor 13 Jahren haben einige Preu\u00dfenfans das offizielle Fanprojekt des SC Preu\u00dfen M\u00fcnster gegr\u00fcndet. Damals fing man als leicht bel\u00e4chelte Abteilung des Gesamtvereins an, um Anh\u00e4ngern der Preu\u00dfen \u201evon Fans... Read more &raquo;\" \/>\n<meta property=\"og:url\" content=\"https:\/\/www.fanprojekt-muenster.de\/wordpress\/fanprojekt-des-sc-preusen-munster-wachst-und-hat-viel-vor\/\" \/>\n<meta property=\"og:site_name\" content=\"Fangemeinschaft Preu\u00dfen M\u00fcnster e. V.\" \/>\n<meta property=\"article:published_time\" content=\"2013-04-02T21:46:33+00:00\" \/>\n<meta property=\"og:image\" content=\"https:\/\/www.fanprojekt-muenster.de\/wordpress\/wp-content\/uploads\/2013\/04\/Preussenadler_FP_kl.jpg\" \/>\n\t<meta property=\"og:image:width\" content=\"260\" \/>\n\t<meta property=\"og:image:height\" content=\"162\" \/>\n\t<meta property=\"og:image:type\" content=\"image\/jpeg\" \/>\n<meta name=\"author\" content=\"fp_superadmin\" \/>\n<meta name=\"twitter:card\" content=\"summary_large_image\" \/>\n<meta name=\"twitter:label1\" content=\"Verfasst von\" \/>\n\t<meta name=\"twitter:data1\" content=\"fp_superadmin\" \/>\n\t<meta name=\"twitter:label2\" content=\"Gesch\u00e4tzte Lesezeit\" \/>\n\t<meta name=\"twitter:data2\" content=\"2\u00a0Minuten\" \/>\n<script type=\"application\/ld+json\" class=\"yoast-schema-graph\">{\"@context\":\"https:\/\/schema.org\",\"@graph\":[{\"@type\":\"Article\",\"@id\":\"https:\/\/www.fanprojekt-muenster.de\/wordpress\/fanprojekt-des-sc-preusen-munster-wachst-und-hat-viel-vor\/#article\",\"isPartOf\":{\"@id\":\"https:\/\/www.fanprojekt-muenster.de\/wordpress\/fanprojekt-des-sc-preusen-munster-wachst-und-hat-viel-vor\/\"},\"author\":{\"name\":\"fp_superadmin\",\"@id\":\"https:\/\/www.fanprojekt-muenster.de\/wordpress\/#\/schema\/person\/9126cc4d73d0d07c75b487075111186c\"},\"headline\":\"Fanprojekt des SC Preu\u00dfen M\u00fcnster w\u00e4chst und hat viel vor\",\"datePublished\":\"2013-04-02T21:46:33+00:00\",\"mainEntityOfPage\":{\"@id\":\"https:\/\/www.fanprojekt-muenster.de\/wordpress\/fanprojekt-des-sc-preusen-munster-wachst-und-hat-viel-vor\/\"},\"wordCount\":381,\"commentCount\":0,\"publisher\":{\"@id\":\"https:\/\/www.fanprojekt-muenster.de\/wordpress\/#organization\"},\"image\":{\"@id\":\"https:\/\/www.fanprojekt-muenster.de\/wordpress\/fanprojekt-des-sc-preusen-munster-wachst-und-hat-viel-vor\/#primaryimage\"},\"thumbnailUrl\":\"https:\/\/www.fanprojekt-muenster.de\/wordpress\/wp-content\/uploads\/2013\/04\/Preussenadler_FP_kl.jpg\",\"articleSection\":[\"Aktuelles\"],\"inLanguage\":\"de\",\"potentialAction\":[{\"@type\":\"CommentAction\",\"name\":\"Comment\",\"target\":[\"https:\/\/www.fanprojekt-muenster.de\/wordpress\/fanprojekt-des-sc-preusen-munster-wachst-und-hat-viel-vor\/#respond\"]}]},{\"@type\":\"WebPage\",\"@id\":\"https:\/\/www.fanprojekt-muenster.de\/wordpress\/fanprojekt-des-sc-preusen-munster-wachst-und-hat-viel-vor\/\",\"url\":\"https:\/\/www.fanprojekt-muenster.de\/wordpress\/fanprojekt-des-sc-preusen-munster-wachst-und-hat-viel-vor\/\",\"name\":\"Fanprojekt des SC Preu\u00dfen M\u00fcnster w\u00e4chst und hat viel vor - Fangemeinschaft Preu\u00dfen M\u00fcnster e. V.\",\"isPartOf\":{\"@id\":\"https:\/\/www.fanprojekt-muenster.de\/wordpress\/#website\"},\"primaryImageOfPage\":{\"@id\":\"https:\/\/www.fanprojekt-muenster.de\/wordpress\/fanprojekt-des-sc-preusen-munster-wachst-und-hat-viel-vor\/#primaryimage\"},\"image\":{\"@id\":\"https:\/\/www.fanprojekt-muenster.de\/wordpress\/fanprojekt-des-sc-preusen-munster-wachst-und-hat-viel-vor\/#primaryimage\"},\"thumbnailUrl\":\"https:\/\/www.fanprojekt-muenster.de\/wordpress\/wp-content\/uploads\/2013\/04\/Preussenadler_FP_kl.jpg\",\"datePublished\":\"2013-04-02T21:46:33+00:00\",\"breadcrumb\":{\"@id\":\"https:\/\/www.fanprojekt-muenster.de\/wordpress\/fanprojekt-des-sc-preusen-munster-wachst-und-hat-viel-vor\/#breadcrumb\"},\"inLanguage\":\"de\",\"potentialAction\":[{\"@type\":\"ReadAction\",\"target\":[\"https:\/\/www.fanprojekt-muenster.de\/wordpress\/fanprojekt-des-sc-preusen-munster-wachst-und-hat-viel-vor\/\"]}]},{\"@type\":\"ImageObject\",\"inLanguage\":\"de\",\"@id\":\"https:\/\/www.fanprojekt-muenster.de\/wordpress\/fanprojekt-des-sc-preusen-munster-wachst-und-hat-viel-vor\/#primaryimage\",\"url\":\"https:\/\/www.fanprojekt-muenster.de\/wordpress\/wp-content\/uploads\/2013\/04\/Preussenadler_FP_kl.jpg\",\"contentUrl\":\"https:\/\/www.fanprojekt-muenster.de\/wordpress\/wp-content\/uploads\/2013\/04\/Preussenadler_FP_kl.jpg\",\"width\":260,\"height\":162},{\"@type\":\"BreadcrumbList\",\"@id\":\"https:\/\/www.fanprojekt-muenster.de\/wordpress\/fanprojekt-des-sc-preusen-munster-wachst-und-hat-viel-vor\/#breadcrumb\",\"itemListElement\":[{\"@type\":\"ListItem\",\"position\":1,\"name\":\"Startseite\",\"item\":\"https:\/\/www.fanprojekt-muenster.de\/wordpress\/\"},{\"@type\":\"ListItem\",\"position\":2,\"name\":\"Fanprojekt des SC Preu\u00dfen M\u00fcnster w\u00e4chst und hat viel vor\"}]},{\"@type\":\"WebSite\",\"@id\":\"https:\/\/www.fanprojekt-muenster.de\/wordpress\/#website\",\"url\":\"https:\/\/www.fanprojekt-muenster.de\/wordpress\/\",\"name\":\"Fangemeinschaft Preu\u00dfen M\u00fcnster e. V.\",\"description\":\"\",\"publisher\":{\"@id\":\"https:\/\/www.fanprojekt-muenster.de\/wordpress\/#organization\"},\"potentialAction\":[{\"@type\":\"SearchAction\",\"target\":{\"@type\":\"EntryPoint\",\"urlTemplate\":\"https:\/\/www.fanprojekt-muenster.de\/wordpress\/?s={search_term_string}\"},\"query-input\":{\"@type\":\"PropertyValueSpecification\",\"valueRequired\":true,\"valueName\":\"search_term_string\"}}],\"inLanguage\":\"de\"},{\"@type\":\"Organization\",\"@id\":\"https:\/\/www.fanprojekt-muenster.de\/wordpress\/#organization\",\"name\":\"Fangemeinschaft Preu\u00dfen M\u00fcnster e. V.\",\"url\":\"https:\/\/www.fanprojekt-muenster.de\/wordpress\/\",\"logo\":{\"@type\":\"ImageObject\",\"inLanguage\":\"de\",\"@id\":\"https:\/\/www.fanprojekt-muenster.de\/wordpress\/#\/schema\/logo\/image\/\",\"url\":\"https:\/\/www.fanprojekt-muenster.de\/wordpress\/wp-content\/uploads\/2019\/07\/cropped-Website_Logo3-9.png\",\"contentUrl\":\"https:\/\/www.fanprojekt-muenster.de\/wordpress\/wp-content\/uploads\/2019\/07\/cropped-Website_Logo3-9.png\",\"width\":224,\"height\":42,\"caption\":\"Fangemeinschaft Preu\u00dfen M\u00fcnster e. V.\"},\"image\":{\"@id\":\"https:\/\/www.fanprojekt-muenster.de\/wordpress\/#\/schema\/logo\/image\/\"}},{\"@type\":\"Person\",\"@id\":\"https:\/\/www.fanprojekt-muenster.de\/wordpress\/#\/schema\/person\/9126cc4d73d0d07c75b487075111186c\",\"name\":\"fp_superadmin\",\"url\":\"https:\/\/www.fanprojekt-muenster.de\/wordpress\/author\/fp_superadmin\/\"}]}<\/script>\n<!-- \/ Yoast SEO plugin. -->","yoast_head_json":{"title":"Fanprojekt des SC Preu\u00dfen M\u00fcnster w\u00e4chst und hat viel vor - Fangemeinschaft Preu\u00dfen M\u00fcnster e. V.","robots":{"index":"index","follow":"follow","max-snippet":"max-snippet:-1","max-image-preview":"max-image-preview:large","max-video-preview":"max-video-preview:-1"},"canonical":"https:\/\/www.fanprojekt-muenster.de\/wordpress\/fanprojekt-des-sc-preusen-munster-wachst-und-hat-viel-vor\/","og_locale":"de_DE","og_type":"article","og_title":"Fanprojekt des SC Preu\u00dfen M\u00fcnster w\u00e4chst und hat viel vor - Fangemeinschaft Preu\u00dfen M\u00fcnster e. V.","og_description":"Vor 13 Jahren haben einige Preu\u00dfenfans das offizielle Fanprojekt des SC Preu\u00dfen M\u00fcnster gegr\u00fcndet. Damals fing man als leicht bel\u00e4chelte Abteilung des Gesamtvereins an, um Anh\u00e4ngern der Preu\u00dfen \u201evon Fans... Read more &raquo;","og_url":"https:\/\/www.fanprojekt-muenster.de\/wordpress\/fanprojekt-des-sc-preusen-munster-wachst-und-hat-viel-vor\/","og_site_name":"Fangemeinschaft Preu\u00dfen M\u00fcnster e. V.","article_published_time":"2013-04-02T21:46:33+00:00","og_image":[{"width":260,"height":162,"url":"https:\/\/www.fanprojekt-muenster.de\/wordpress\/wp-content\/uploads\/2013\/04\/Preussenadler_FP_kl.jpg","type":"image\/jpeg"}],"author":"fp_superadmin","twitter_card":"summary_large_image","twitter_misc":{"Verfasst von":"fp_superadmin","Gesch\u00e4tzte Lesezeit":"2\u00a0Minuten"},"schema":{"@context":"https:\/\/schema.org","@graph":[{"@type":"Article","@id":"https:\/\/www.fanprojekt-muenster.de\/wordpress\/fanprojekt-des-sc-preusen-munster-wachst-und-hat-viel-vor\/#article","isPartOf":{"@id":"https:\/\/www.fanprojekt-muenster.de\/wordpress\/fanprojekt-des-sc-preusen-munster-wachst-und-hat-viel-vor\/"},"author":{"name":"fp_superadmin","@id":"https:\/\/www.fanprojekt-muenster.de\/wordpress\/#\/schema\/person\/9126cc4d73d0d07c75b487075111186c"},"headline":"Fanprojekt des SC Preu\u00dfen M\u00fcnster w\u00e4chst und hat viel vor","datePublished":"2013-04-02T21:46:33+00:00","mainEntityOfPage":{"@id":"https:\/\/www.fanprojekt-muenster.de\/wordpress\/fanprojekt-des-sc-preusen-munster-wachst-und-hat-viel-vor\/"},"wordCount":381,"commentCount":0,"publisher":{"@id":"https:\/\/www.fanprojekt-muenster.de\/wordpress\/#organization"},"image":{"@id":"https:\/\/www.fanprojekt-muenster.de\/wordpress\/fanprojekt-des-sc-preusen-munster-wachst-und-hat-viel-vor\/#primaryimage"},"thumbnailUrl":"https:\/\/www.fanprojekt-muenster.de\/wordpress\/wp-content\/uploads\/2013\/04\/Preussenadler_FP_kl.jpg","articleSection":["Aktuelles"],"inLanguage":"de","potentialAction":[{"@type":"CommentAction","name":"Comment","target":["https:\/\/www.fanprojekt-muenster.de\/wordpress\/fanprojekt-des-sc-preusen-munster-wachst-und-hat-viel-vor\/#respond"]}]},{"@type":"WebPage","@id":"https:\/\/www.fanprojekt-muenster.de\/wordpress\/fanprojekt-des-sc-preusen-munster-wachst-und-hat-viel-vor\/","url":"https:\/\/www.fanprojekt-muenster.de\/wordpress\/fanprojekt-des-sc-preusen-munster-wachst-und-hat-viel-vor\/","name":"Fanprojekt des SC Preu\u00dfen M\u00fcnster w\u00e4chst und hat viel vor - Fangemeinschaft Preu\u00dfen M\u00fcnster e. V.","isPartOf":{"@id":"https:\/\/www.fanprojekt-muenster.de\/wordpress\/#website"},"primaryImageOfPage":{"@id":"https:\/\/www.fanprojekt-muenster.de\/wordpress\/fanprojekt-des-sc-preusen-munster-wachst-und-hat-viel-vor\/#primaryimage"},"image":{"@id":"https:\/\/www.fanprojekt-muenster.de\/wordpress\/fanprojekt-des-sc-preusen-munster-wachst-und-hat-viel-vor\/#primaryimage"},"thumbnailUrl":"https:\/\/www.fanprojekt-muenster.de\/wordpress\/wp-content\/uploads\/2013\/04\/Preussenadler_FP_kl.jpg","datePublished":"2013-04-02T21:46:33+00:00","breadcrumb":{"@id":"https:\/\/www.fanprojekt-muenster.de\/wordpress\/fanprojekt-des-sc-preusen-munster-wachst-und-hat-viel-vor\/#breadcrumb"},"inLanguage":"de","potentialAction":[{"@type":"ReadAction","target":["https:\/\/www.fanprojekt-muenster.de\/wordpress\/fanprojekt-des-sc-preusen-munster-wachst-und-hat-viel-vor\/"]}]},{"@type":"ImageObject","inLanguage":"de","@id":"https:\/\/www.fanprojekt-muenster.de\/wordpress\/fanprojekt-des-sc-preusen-munster-wachst-und-hat-viel-vor\/#primaryimage","url":"https:\/\/www.fanprojekt-muenster.de\/wordpress\/wp-content\/uploads\/2013\/04\/Preussenadler_FP_kl.jpg","contentUrl":"https:\/\/www.fanprojekt-muenster.de\/wordpress\/wp-content\/uploads\/2013\/04\/Preussenadler_FP_kl.jpg","width":260,"height":162},{"@type":"BreadcrumbList","@id":"https:\/\/www.fanprojekt-muenster.de\/wordpress\/fanprojekt-des-sc-preusen-munster-wachst-und-hat-viel-vor\/#breadcrumb","itemListElement":[{"@type":"ListItem","position":1,"name":"Startseite","item":"https:\/\/www.fanprojekt-muenster.de\/wordpress\/"},{"@type":"ListItem","position":2,"name":"Fanprojekt des SC Preu\u00dfen M\u00fcnster w\u00e4chst und hat viel vor"}]},{"@type":"WebSite","@id":"https:\/\/www.fanprojekt-muenster.de\/wordpress\/#website","url":"https:\/\/www.fanprojekt-muenster.de\/wordpress\/","name":"Fangemeinschaft Preu\u00dfen M\u00fcnster e. V.","description":"","publisher":{"@id":"https:\/\/www.fanprojekt-muenster.de\/wordpress\/#organization"},"potentialAction":[{"@type":"SearchAction","target":{"@type":"EntryPoint","urlTemplate":"https:\/\/www.fanprojekt-muenster.de\/wordpress\/?s={search_term_string}"},"query-input":{"@type":"PropertyValueSpecification","valueRequired":true,"valueName":"search_term_string"}}],"inLanguage":"de"},{"@type":"Organization","@id":"https:\/\/www.fanprojekt-muenster.de\/wordpress\/#organization","name":"Fangemeinschaft Preu\u00dfen M\u00fcnster e. V.","url":"https:\/\/www.fanprojekt-muenster.de\/wordpress\/","logo":{"@type":"ImageObject","inLanguage":"de","@id":"https:\/\/www.fanprojekt-muenster.de\/wordpress\/#\/schema\/logo\/image\/","url":"https:\/\/www.fanprojekt-muenster.de\/wordpress\/wp-content\/uploads\/2019\/07\/cropped-Website_Logo3-9.png","contentUrl":"https:\/\/www.fanprojekt-muenster.de\/wordpress\/wp-content\/uploads\/2019\/07\/cropped-Website_Logo3-9.png","width":224,"height":42,"caption":"Fangemeinschaft Preu\u00dfen M\u00fcnster e. V."},"image":{"@id":"https:\/\/www.fanprojekt-muenster.de\/wordpress\/#\/schema\/logo\/image\/"}},{"@type":"Person","@id":"https:\/\/www.fanprojekt-muenster.de\/wordpress\/#\/schema\/person\/9126cc4d73d0d07c75b487075111186c","name":"fp_superadmin","url":"https:\/\/www.fanprojekt-muenster.de\/wordpress\/author\/fp_superadmin\/"}]}},"author_meta":{"display_name":"fp_superadmin","author_link":"https:\/\/www.fanprojekt-muenster.de\/wordpress\/author\/fp_superadmin\/"},"featured_img":"https:\/\/www.fanprojekt-muenster.de\/wordpress\/wp-content\/uploads\/2013\/04\/Preussenadler_FP_kl.jpg","coauthors":[],"tax_additional":{"categories":{"linked":["<a href=\"https:\/\/www.fanprojekt-muenster.de\/wordpress\/category\/aktuelles\/\" class=\"advgb-post-tax-term\">Aktuelles<\/a>"],"unlinked":["<span class=\"advgb-post-tax-term\">Aktuelles<\/span>"]}},"comment_count":"0","relative_dates":{"created":"Posted 13\u00a0Jahren ago","modified":"Updated 13\u00a0Jahren ago"},"absolute_dates":{"created":"Posted on 2. April 2013","modified":"Updated on 2. April 2013"},"absolute_dates_time":{"created":"Posted on 2. April 2013 23:46","modified":"Updated on 2. April 2013 23:46"},"featured_img_caption":"","series_order":"","_links":{"self":[{"href":"https:\/\/www.fanprojekt-muenster.de\/wordpress\/wp-json\/wp\/v2\/posts\/686","targetHints":{"allow":["GET"]}}],"collection":[{"href":"https:\/\/www.fanprojekt-muenster.de\/wordpress\/wp-json\/wp\/v2\/posts"}],"about":[{"href":"https:\/\/www.fanprojekt-muenster.de\/wordpress\/wp-json\/wp\/v2\/types\/post"}],"author":[{"embeddable":true,"href":"https:\/\/www.fanprojekt-muenster.de\/wordpress\/wp-json\/wp\/v2\/users\/2"}],"replies":[{"embeddable":true,"href":"https:\/\/www.fanprojekt-muenster.de\/wordpress\/wp-json\/wp\/v2\/comments?post=686"}],"version-history":[{"count":0,"href":"https:\/\/www.fanprojekt-muenster.de\/wordpress\/wp-json\/wp\/v2\/posts\/686\/revisions"}],"wp:featuredmedia":[{"embeddable":true,"href":"https:\/\/www.fanprojekt-muenster.de\/wordpress\/wp-json\/wp\/v2\/media\/708"}],"wp:attachment":[{"href":"https:\/\/www.fanprojekt-muenster.de\/wordpress\/wp-json\/wp\/v2\/media?parent=686"}],"wp:term":[{"taxonomy":"category","embeddable":true,"href":"https:\/\/www.fanprojekt-muenster.de\/wordpress\/wp-json\/wp\/v2\/categories?post=686"},{"taxonomy":"post_tag","embeddable":true,"href":"https:\/\/www.fanprojekt-muenster.de\/wordpress\/wp-json\/wp\/v2\/tags?post=686"}],"curies":[{"name":"wp","href":"https:\/\/api.w.org\/{rel}","templated":true}]}}