{"id":662,"date":"2013-07-04T22:07:17","date_gmt":"2013-07-04T20:07:17","guid":{"rendered":"http:\/\/www.fanprojekt-muenster.de\/fp\/?p=662"},"modified":"2013-07-04T22:07:17","modified_gmt":"2013-07-04T20:07:17","slug":"sommerpause","status":"publish","type":"post","link":"https:\/\/www.fanprojekt-muenster.de\/wordpress\/sommerpause\/","title":{"rendered":"Sommerpause"},"content":{"rendered":"<p><img loading=\"lazy\" decoding=\"async\" class=\"alignnone size-full wp-image-663\" alt=\"sommerpause_fp_web\" src=\"http:\/\/www.fanprojekt-muenster.de\/wp-content\/uploads\/2013\/07\/sommerpause_fp_web.jpg\" width=\"520\" height=\"347\" srcset=\"https:\/\/www.fanprojekt-muenster.de\/wordpress\/wp-content\/uploads\/2013\/07\/sommerpause_fp_web.jpg 520w, https:\/\/www.fanprojekt-muenster.de\/wordpress\/wp-content\/uploads\/2013\/07\/sommerpause_fp_web-300x200.jpg 300w\" sizes=\"auto, (max-width: 520px) 100vw, 520px\" \/><\/p>\n<p>F\u00fcr Euch zu lang, f\u00fcr uns zu kurz!<br \/>\nW\u00e4hrend Ihr den Saisonstart nicht erwarten k\u00f6nnt, stecken wir mitten in den Vorbereitungen f\u00fcr die n\u00e4chste Saison! Schlie\u00dflich wollen Grillen mit der Mannschaft, Neujahrsempfang, Radio Mottekstrehle und Ausw\u00e4rtsfahrten gut geplant sein. Falls ihr noch Ideen habt, was wir n\u00e4chste Saison noch mit anbieten k\u00f6nnten, dann meldet Euch doch einfach. Eine Mail an\u00a0<a href=\"mailto:kontakt@fanprojekt-muenster.de\">kontakt@fanprojekt-muenster.de<\/a>\u00a0und wir schauen, was und wie wir noch mit umsetzen k\u00f6nnen.<\/p>\n<p>Mit sportlichen Gr\u00fc\u00dfen<\/p>\n<p>Euer Fanprojekt Preu\u00dfen M\u00fcnster e.V.<\/p>\n","protected":false},"excerpt":{"rendered":"<p>F\u00fcr Euch zu lang, f\u00fcr uns zu kurz! W\u00e4hrend Ihr den Saisonstart nicht erwarten k\u00f6nnt, stecken wir mitten in den Vorbereitungen f\u00fcr die n\u00e4chste Saison! Schlie\u00dflich wollen Grillen mit der&#8230; <a class=\"read-more-link\" href=\"https:\/\/www.fanprojekt-muenster.de\/wordpress\/sommerpause\/\">Read more &raquo;<\/a><\/p>\n","protected":false},"author":2,"featured_media":663,"comment_status":"open","ping_status":"open","sticky":false,"template":"","format":"standard","meta":{"advgb_blocks_editor_width":"","advgb_blocks_columns_visual_guide":"","footnotes":""},"categories":[3],"tags":[],"class_list":["post-662","post","type-post","status-publish","format-standard","has-post-thumbnail","hentry","category-aktuelles"],"featured_image_src":"https:\/\/www.fanprojekt-muenster.de\/wordpress\/wp-content\/uploads\/2013\/07\/sommerpause_fp_web.jpg","author_info":{"display_name":"fp_superadmin","author_link":"https:\/\/www.fanprojekt-muenster.de\/wordpress\/author\/fp_superadmin\/"},"yoast_head":"<!-- This site is optimized with the Yoast SEO plugin v27.2 - https:\/\/yoast.com\/product\/yoast-seo-wordpress\/ -->\n<title>Sommerpause - Fangemeinschaft Preu\u00dfen M\u00fcnster e. V.<\/title>\n<meta name=\"robots\" content=\"index, follow, max-snippet:-1, max-image-preview:large, max-video-preview:-1\" \/>\n<link rel=\"canonical\" href=\"https:\/\/www.fanprojekt-muenster.de\/wordpress\/sommerpause\/\" \/>\n<meta property=\"og:locale\" content=\"de_DE\" \/>\n<meta property=\"og:type\" content=\"article\" \/>\n<meta property=\"og:title\" content=\"Sommerpause - Fangemeinschaft Preu\u00dfen M\u00fcnster e. V.\" \/>\n<meta property=\"og:description\" content=\"F\u00fcr Euch zu lang, f\u00fcr uns zu kurz! W\u00e4hrend Ihr den Saisonstart nicht erwarten k\u00f6nnt, stecken wir mitten in den Vorbereitungen f\u00fcr die n\u00e4chste Saison! Schlie\u00dflich wollen Grillen mit der... Read more &raquo;\" \/>\n<meta property=\"og:url\" content=\"https:\/\/www.fanprojekt-muenster.de\/wordpress\/sommerpause\/\" \/>\n<meta property=\"og:site_name\" content=\"Fangemeinschaft Preu\u00dfen M\u00fcnster e. V.\" \/>\n<meta property=\"article:published_time\" content=\"2013-07-04T20:07:17+00:00\" \/>\n<meta property=\"og:image\" content=\"https:\/\/www.fanprojekt-muenster.de\/wordpress\/wp-content\/uploads\/2013\/07\/sommerpause_fp_web.jpg\" \/>\n\t<meta property=\"og:image:width\" content=\"520\" \/>\n\t<meta property=\"og:image:height\" content=\"347\" \/>\n\t<meta property=\"og:image:type\" content=\"image\/jpeg\" \/>\n<meta name=\"author\" content=\"fp_superadmin\" \/>\n<meta name=\"twitter:card\" content=\"summary_large_image\" \/>\n<meta name=\"twitter:label1\" content=\"Verfasst von\" \/>\n\t<meta name=\"twitter:data1\" content=\"fp_superadmin\" \/>\n<script type=\"application\/ld+json\" class=\"yoast-schema-graph\">{\"@context\":\"https:\/\/schema.org\",\"@graph\":[{\"@type\":\"Article\",\"@id\":\"https:\/\/www.fanprojekt-muenster.de\/wordpress\/sommerpause\/#article\",\"isPartOf\":{\"@id\":\"https:\/\/www.fanprojekt-muenster.de\/wordpress\/sommerpause\/\"},\"author\":{\"name\":\"fp_superadmin\",\"@id\":\"https:\/\/www.fanprojekt-muenster.de\/wordpress\/#\/schema\/person\/9126cc4d73d0d07c75b487075111186c\"},\"headline\":\"Sommerpause\",\"datePublished\":\"2013-07-04T20:07:17+00:00\",\"mainEntityOfPage\":{\"@id\":\"https:\/\/www.fanprojekt-muenster.de\/wordpress\/sommerpause\/\"},\"wordCount\":98,\"commentCount\":0,\"publisher\":{\"@id\":\"https:\/\/www.fanprojekt-muenster.de\/wordpress\/#organization\"},\"image\":{\"@id\":\"https:\/\/www.fanprojekt-muenster.de\/wordpress\/sommerpause\/#primaryimage\"},\"thumbnailUrl\":\"https:\/\/www.fanprojekt-muenster.de\/wordpress\/wp-content\/uploads\/2013\/07\/sommerpause_fp_web.jpg\",\"articleSection\":[\"Aktuelles\"],\"inLanguage\":\"de\",\"potentialAction\":[{\"@type\":\"CommentAction\",\"name\":\"Comment\",\"target\":[\"https:\/\/www.fanprojekt-muenster.de\/wordpress\/sommerpause\/#respond\"]}]},{\"@type\":\"WebPage\",\"@id\":\"https:\/\/www.fanprojekt-muenster.de\/wordpress\/sommerpause\/\",\"url\":\"https:\/\/www.fanprojekt-muenster.de\/wordpress\/sommerpause\/\",\"name\":\"Sommerpause - Fangemeinschaft Preu\u00dfen M\u00fcnster e. V.\",\"isPartOf\":{\"@id\":\"https:\/\/www.fanprojekt-muenster.de\/wordpress\/#website\"},\"primaryImageOfPage\":{\"@id\":\"https:\/\/www.fanprojekt-muenster.de\/wordpress\/sommerpause\/#primaryimage\"},\"image\":{\"@id\":\"https:\/\/www.fanprojekt-muenster.de\/wordpress\/sommerpause\/#primaryimage\"},\"thumbnailUrl\":\"https:\/\/www.fanprojekt-muenster.de\/wordpress\/wp-content\/uploads\/2013\/07\/sommerpause_fp_web.jpg\",\"datePublished\":\"2013-07-04T20:07:17+00:00\",\"breadcrumb\":{\"@id\":\"https:\/\/www.fanprojekt-muenster.de\/wordpress\/sommerpause\/#breadcrumb\"},\"inLanguage\":\"de\",\"potentialAction\":[{\"@type\":\"ReadAction\",\"target\":[\"https:\/\/www.fanprojekt-muenster.de\/wordpress\/sommerpause\/\"]}]},{\"@type\":\"ImageObject\",\"inLanguage\":\"de\",\"@id\":\"https:\/\/www.fanprojekt-muenster.de\/wordpress\/sommerpause\/#primaryimage\",\"url\":\"https:\/\/www.fanprojekt-muenster.de\/wordpress\/wp-content\/uploads\/2013\/07\/sommerpause_fp_web.jpg\",\"contentUrl\":\"https:\/\/www.fanprojekt-muenster.de\/wordpress\/wp-content\/uploads\/2013\/07\/sommerpause_fp_web.jpg\",\"width\":520,\"height\":347},{\"@type\":\"BreadcrumbList\",\"@id\":\"https:\/\/www.fanprojekt-muenster.de\/wordpress\/sommerpause\/#breadcrumb\",\"itemListElement\":[{\"@type\":\"ListItem\",\"position\":1,\"name\":\"Startseite\",\"item\":\"https:\/\/www.fanprojekt-muenster.de\/wordpress\/\"},{\"@type\":\"ListItem\",\"position\":2,\"name\":\"Sommerpause\"}]},{\"@type\":\"WebSite\",\"@id\":\"https:\/\/www.fanprojekt-muenster.de\/wordpress\/#website\",\"url\":\"https:\/\/www.fanprojekt-muenster.de\/wordpress\/\",\"name\":\"Fangemeinschaft Preu\u00dfen M\u00fcnster e. V.\",\"description\":\"\",\"publisher\":{\"@id\":\"https:\/\/www.fanprojekt-muenster.de\/wordpress\/#organization\"},\"potentialAction\":[{\"@type\":\"SearchAction\",\"target\":{\"@type\":\"EntryPoint\",\"urlTemplate\":\"https:\/\/www.fanprojekt-muenster.de\/wordpress\/?s={search_term_string}\"},\"query-input\":{\"@type\":\"PropertyValueSpecification\",\"valueRequired\":true,\"valueName\":\"search_term_string\"}}],\"inLanguage\":\"de\"},{\"@type\":\"Organization\",\"@id\":\"https:\/\/www.fanprojekt-muenster.de\/wordpress\/#organization\",\"name\":\"Fangemeinschaft Preu\u00dfen M\u00fcnster e. V.\",\"url\":\"https:\/\/www.fanprojekt-muenster.de\/wordpress\/\",\"logo\":{\"@type\":\"ImageObject\",\"inLanguage\":\"de\",\"@id\":\"https:\/\/www.fanprojekt-muenster.de\/wordpress\/#\/schema\/logo\/image\/\",\"url\":\"https:\/\/www.fanprojekt-muenster.de\/wordpress\/wp-content\/uploads\/2019\/07\/cropped-Website_Logo3-9.png\",\"contentUrl\":\"https:\/\/www.fanprojekt-muenster.de\/wordpress\/wp-content\/uploads\/2019\/07\/cropped-Website_Logo3-9.png\",\"width\":224,\"height\":42,\"caption\":\"Fangemeinschaft Preu\u00dfen M\u00fcnster e. V.\"},\"image\":{\"@id\":\"https:\/\/www.fanprojekt-muenster.de\/wordpress\/#\/schema\/logo\/image\/\"}},{\"@type\":\"Person\",\"@id\":\"https:\/\/www.fanprojekt-muenster.de\/wordpress\/#\/schema\/person\/9126cc4d73d0d07c75b487075111186c\",\"name\":\"fp_superadmin\",\"url\":\"https:\/\/www.fanprojekt-muenster.de\/wordpress\/author\/fp_superadmin\/\"}]}<\/script>\n<!-- \/ Yoast SEO plugin. -->","yoast_head_json":{"title":"Sommerpause - Fangemeinschaft Preu\u00dfen M\u00fcnster e. V.","robots":{"index":"index","follow":"follow","max-snippet":"max-snippet:-1","max-image-preview":"max-image-preview:large","max-video-preview":"max-video-preview:-1"},"canonical":"https:\/\/www.fanprojekt-muenster.de\/wordpress\/sommerpause\/","og_locale":"de_DE","og_type":"article","og_title":"Sommerpause - Fangemeinschaft Preu\u00dfen M\u00fcnster e. V.","og_description":"F\u00fcr Euch zu lang, f\u00fcr uns zu kurz! W\u00e4hrend Ihr den Saisonstart nicht erwarten k\u00f6nnt, stecken wir mitten in den Vorbereitungen f\u00fcr die n\u00e4chste Saison! Schlie\u00dflich wollen Grillen mit der... Read more &raquo;","og_url":"https:\/\/www.fanprojekt-muenster.de\/wordpress\/sommerpause\/","og_site_name":"Fangemeinschaft Preu\u00dfen M\u00fcnster e. V.","article_published_time":"2013-07-04T20:07:17+00:00","og_image":[{"width":520,"height":347,"url":"https:\/\/www.fanprojekt-muenster.de\/wordpress\/wp-content\/uploads\/2013\/07\/sommerpause_fp_web.jpg","type":"image\/jpeg"}],"author":"fp_superadmin","twitter_card":"summary_large_image","twitter_misc":{"Verfasst von":"fp_superadmin"},"schema":{"@context":"https:\/\/schema.org","@graph":[{"@type":"Article","@id":"https:\/\/www.fanprojekt-muenster.de\/wordpress\/sommerpause\/#article","isPartOf":{"@id":"https:\/\/www.fanprojekt-muenster.de\/wordpress\/sommerpause\/"},"author":{"name":"fp_superadmin","@id":"https:\/\/www.fanprojekt-muenster.de\/wordpress\/#\/schema\/person\/9126cc4d73d0d07c75b487075111186c"},"headline":"Sommerpause","datePublished":"2013-07-04T20:07:17+00:00","mainEntityOfPage":{"@id":"https:\/\/www.fanprojekt-muenster.de\/wordpress\/sommerpause\/"},"wordCount":98,"commentCount":0,"publisher":{"@id":"https:\/\/www.fanprojekt-muenster.de\/wordpress\/#organization"},"image":{"@id":"https:\/\/www.fanprojekt-muenster.de\/wordpress\/sommerpause\/#primaryimage"},"thumbnailUrl":"https:\/\/www.fanprojekt-muenster.de\/wordpress\/wp-content\/uploads\/2013\/07\/sommerpause_fp_web.jpg","articleSection":["Aktuelles"],"inLanguage":"de","potentialAction":[{"@type":"CommentAction","name":"Comment","target":["https:\/\/www.fanprojekt-muenster.de\/wordpress\/sommerpause\/#respond"]}]},{"@type":"WebPage","@id":"https:\/\/www.fanprojekt-muenster.de\/wordpress\/sommerpause\/","url":"https:\/\/www.fanprojekt-muenster.de\/wordpress\/sommerpause\/","name":"Sommerpause - Fangemeinschaft Preu\u00dfen M\u00fcnster e. V.","isPartOf":{"@id":"https:\/\/www.fanprojekt-muenster.de\/wordpress\/#website"},"primaryImageOfPage":{"@id":"https:\/\/www.fanprojekt-muenster.de\/wordpress\/sommerpause\/#primaryimage"},"image":{"@id":"https:\/\/www.fanprojekt-muenster.de\/wordpress\/sommerpause\/#primaryimage"},"thumbnailUrl":"https:\/\/www.fanprojekt-muenster.de\/wordpress\/wp-content\/uploads\/2013\/07\/sommerpause_fp_web.jpg","datePublished":"2013-07-04T20:07:17+00:00","breadcrumb":{"@id":"https:\/\/www.fanprojekt-muenster.de\/wordpress\/sommerpause\/#breadcrumb"},"inLanguage":"de","potentialAction":[{"@type":"ReadAction","target":["https:\/\/www.fanprojekt-muenster.de\/wordpress\/sommerpause\/"]}]},{"@type":"ImageObject","inLanguage":"de","@id":"https:\/\/www.fanprojekt-muenster.de\/wordpress\/sommerpause\/#primaryimage","url":"https:\/\/www.fanprojekt-muenster.de\/wordpress\/wp-content\/uploads\/2013\/07\/sommerpause_fp_web.jpg","contentUrl":"https:\/\/www.fanprojekt-muenster.de\/wordpress\/wp-content\/uploads\/2013\/07\/sommerpause_fp_web.jpg","width":520,"height":347},{"@type":"BreadcrumbList","@id":"https:\/\/www.fanprojekt-muenster.de\/wordpress\/sommerpause\/#breadcrumb","itemListElement":[{"@type":"ListItem","position":1,"name":"Startseite","item":"https:\/\/www.fanprojekt-muenster.de\/wordpress\/"},{"@type":"ListItem","position":2,"name":"Sommerpause"}]},{"@type":"WebSite","@id":"https:\/\/www.fanprojekt-muenster.de\/wordpress\/#website","url":"https:\/\/www.fanprojekt-muenster.de\/wordpress\/","name":"Fangemeinschaft Preu\u00dfen M\u00fcnster e. V.","description":"","publisher":{"@id":"https:\/\/www.fanprojekt-muenster.de\/wordpress\/#organization"},"potentialAction":[{"@type":"SearchAction","target":{"@type":"EntryPoint","urlTemplate":"https:\/\/www.fanprojekt-muenster.de\/wordpress\/?s={search_term_string}"},"query-input":{"@type":"PropertyValueSpecification","valueRequired":true,"valueName":"search_term_string"}}],"inLanguage":"de"},{"@type":"Organization","@id":"https:\/\/www.fanprojekt-muenster.de\/wordpress\/#organization","name":"Fangemeinschaft Preu\u00dfen M\u00fcnster e. V.","url":"https:\/\/www.fanprojekt-muenster.de\/wordpress\/","logo":{"@type":"ImageObject","inLanguage":"de","@id":"https:\/\/www.fanprojekt-muenster.de\/wordpress\/#\/schema\/logo\/image\/","url":"https:\/\/www.fanprojekt-muenster.de\/wordpress\/wp-content\/uploads\/2019\/07\/cropped-Website_Logo3-9.png","contentUrl":"https:\/\/www.fanprojekt-muenster.de\/wordpress\/wp-content\/uploads\/2019\/07\/cropped-Website_Logo3-9.png","width":224,"height":42,"caption":"Fangemeinschaft Preu\u00dfen M\u00fcnster e. V."},"image":{"@id":"https:\/\/www.fanprojekt-muenster.de\/wordpress\/#\/schema\/logo\/image\/"}},{"@type":"Person","@id":"https:\/\/www.fanprojekt-muenster.de\/wordpress\/#\/schema\/person\/9126cc4d73d0d07c75b487075111186c","name":"fp_superadmin","url":"https:\/\/www.fanprojekt-muenster.de\/wordpress\/author\/fp_superadmin\/"}]}},"author_meta":{"display_name":"fp_superadmin","author_link":"https:\/\/www.fanprojekt-muenster.de\/wordpress\/author\/fp_superadmin\/"},"featured_img":"https:\/\/www.fanprojekt-muenster.de\/wordpress\/wp-content\/uploads\/2013\/07\/sommerpause_fp_web-300x200.jpg","coauthors":[],"tax_additional":{"categories":{"linked":["<a href=\"https:\/\/www.fanprojekt-muenster.de\/wordpress\/category\/aktuelles\/\" class=\"advgb-post-tax-term\">Aktuelles<\/a>"],"unlinked":["<span class=\"advgb-post-tax-term\">Aktuelles<\/span>"]}},"comment_count":"0","relative_dates":{"created":"Posted 13\u00a0Jahren ago","modified":"Updated 13\u00a0Jahren ago"},"absolute_dates":{"created":"Posted on 4. Juli 2013","modified":"Updated on 4. Juli 2013"},"absolute_dates_time":{"created":"Posted on 4. Juli 2013 22:07","modified":"Updated on 4. Juli 2013 22:07"},"featured_img_caption":"","series_order":"","_links":{"self":[{"href":"https:\/\/www.fanprojekt-muenster.de\/wordpress\/wp-json\/wp\/v2\/posts\/662","targetHints":{"allow":["GET"]}}],"collection":[{"href":"https:\/\/www.fanprojekt-muenster.de\/wordpress\/wp-json\/wp\/v2\/posts"}],"about":[{"href":"https:\/\/www.fanprojekt-muenster.de\/wordpress\/wp-json\/wp\/v2\/types\/post"}],"author":[{"embeddable":true,"href":"https:\/\/www.fanprojekt-muenster.de\/wordpress\/wp-json\/wp\/v2\/users\/2"}],"replies":[{"embeddable":true,"href":"https:\/\/www.fanprojekt-muenster.de\/wordpress\/wp-json\/wp\/v2\/comments?post=662"}],"version-history":[{"count":0,"href":"https:\/\/www.fanprojekt-muenster.de\/wordpress\/wp-json\/wp\/v2\/posts\/662\/revisions"}],"wp:featuredmedia":[{"embeddable":true,"href":"https:\/\/www.fanprojekt-muenster.de\/wordpress\/wp-json\/wp\/v2\/media\/663"}],"wp:attachment":[{"href":"https:\/\/www.fanprojekt-muenster.de\/wordpress\/wp-json\/wp\/v2\/media?parent=662"}],"wp:term":[{"taxonomy":"category","embeddable":true,"href":"https:\/\/www.fanprojekt-muenster.de\/wordpress\/wp-json\/wp\/v2\/categories?post=662"},{"taxonomy":"post_tag","embeddable":true,"href":"https:\/\/www.fanprojekt-muenster.de\/wordpress\/wp-json\/wp\/v2\/tags?post=662"}],"curies":[{"name":"wp","href":"https:\/\/api.w.org\/{rel}","templated":true}]}}