{"id":6086,"date":"2019-07-04T20:24:13","date_gmt":"2019-07-04T18:24:13","guid":{"rendered":"http:\/\/www.fanprojekt-muenster.de\/wp\/?p=6086"},"modified":"2019-07-07T13:46:26","modified_gmt":"2019-07-07T11:46:26","slug":"fanprojekt-preussen-muenster-kritisiert-spielansetzung","status":"publish","type":"post","link":"https:\/\/www.fanprojekt-muenster.de\/wordpress\/fanprojekt-preussen-muenster-kritisiert-spielansetzung\/","title":{"rendered":"Fanprojekt Preu\u00dfen M\u00fcnster kritisiert Spielansetzung"},"content":{"rendered":"<p>Am vergangenen Mittwoch ver\u00f6ffentlichte der DFB den Spielplan f\u00fcr die kommende Saison 2019\/2020. Unsere Preu\u00dfen bestreiten das Er\u00f6ffnungsspiel der dritten Liga an einem Freitag Abend in M\u00fcnchen an der Gr\u00fcnwalder Stra\u00dfe.<\/p>\n<p>Was zun\u00e4chst nach einem absoluten Highlight klingt, ist auf den zweiten Blick f\u00fcr alle, die den SCP auch ausw\u00e4rts unterst\u00fctzen m\u00f6chten, vor allem eines: Nervig.<\/p>\n<p>Nicht nur der Freitagstermin in Verbindung mit der langen Anreise stellt den ein oder anderen Fan vor Probleme. Auch die sehr kurzfristige Planungszeit (zweieinhalb Wochen) macht es vielen nicht m\u00f6glich, noch den ben\u00f6tigten Urlaubstag auf der Arbeit einzureichen.<\/p>\n<p>Wir zitieren an dieser Stelle gerne aus dem 12-Punkte-Plan der Interessengemeinschaft &#8222;Unsere Kurve&#8220;, in der auch wir als Fanprojekt aktiv sind, und finden es traurig, dass man direkt zu Beginn der Saison erneut auf etwas selbstverst\u00e4ndliches hinweisen muss:<\/p>\n<p>&#8222;\u2013 Spielansetzungen<br \/>\nDurch umsichtige und vorausschauende Spieltagsansetzungen kann Eskalationen vorgebeugt werden. Eine fr\u00fchzeitige Terminierung gepaart mit lokaler Expertise muss h\u00f6her stehen als manche Medieninteressen.&#8220;<\/p>\n<blockquote class=\"wp-embedded-content\" data-secret=\"51BNt1rnRx\"><p><a href=\"https:\/\/www.unserekurve.de\/blog\/positionen\/unser-12-punkte-plan\/\">Unser 12-Punkte-Plan<\/a><\/p><\/blockquote>\n<p><iframe loading=\"lazy\" title=\"&#8222;Unser 12-Punkte-Plan&#8220; &#8212; Unsere Kurve\" class=\"wp-embedded-content\" sandbox=\"allow-scripts\" security=\"restricted\" style=\"position: absolute; clip: rect(1px, 1px, 1px, 1px);\" src=\"https:\/\/www.unserekurve.de\/blog\/positionen\/unser-12-punkte-plan\/embed\/#?secret=51BNt1rnRx\" data-secret=\"51BNt1rnRx\" width=\"600\" height=\"338\" frameborder=\"0\" marginwidth=\"0\" marginheight=\"0\" scrolling=\"no\"><\/iframe><\/p>\n","protected":false},"excerpt":{"rendered":"<p>Am vergangenen Mittwoch ver\u00f6ffentlichte der DFB den Spielplan f\u00fcr die kommende Saison 2019\/2020. Unsere Preu\u00dfen bestreiten das Er\u00f6ffnungsspiel der dritten Liga an einem Freitag Abend in M\u00fcnchen an der Gr\u00fcnwalder&#8230; <a class=\"read-more-link\" href=\"https:\/\/www.fanprojekt-muenster.de\/wordpress\/fanprojekt-preussen-muenster-kritisiert-spielansetzung\/\">Read more &raquo;<\/a><\/p>\n","protected":false},"author":1,"featured_media":6859,"comment_status":"closed","ping_status":"closed","sticky":false,"template":"","format":"standard","meta":{"advgb_blocks_editor_width":"","advgb_blocks_columns_visual_guide":"","footnotes":""},"categories":[3,14],"tags":[],"class_list":["post-6086","post","type-post","status-publish","format-standard","has-post-thumbnail","hentry","category-aktuelles","category-spieltage"],"featured_image_src":"https:\/\/www.fanprojekt-muenster.de\/wordpress\/wp-content\/uploads\/2019\/07\/Preussenadler_FP-1024x1024-400x300.png","author_info":{"display_name":"DST","author_link":"https:\/\/www.fanprojekt-muenster.de\/wordpress\/author\/dst\/"},"yoast_head":"<!-- This site is optimized with the Yoast SEO plugin v27.2 - https:\/\/yoast.com\/product\/yoast-seo-wordpress\/ -->\n<title>Fanprojekt Preu\u00dfen M\u00fcnster kritisiert Spielansetzung - Fangemeinschaft Preu\u00dfen M\u00fcnster e. V.<\/title>\n<meta name=\"robots\" content=\"index, follow, max-snippet:-1, max-image-preview:large, max-video-preview:-1\" \/>\n<link rel=\"canonical\" href=\"https:\/\/www.fanprojekt-muenster.de\/wordpress\/fanprojekt-preussen-muenster-kritisiert-spielansetzung\/\" \/>\n<meta property=\"og:locale\" content=\"de_DE\" \/>\n<meta property=\"og:type\" content=\"article\" \/>\n<meta property=\"og:title\" content=\"Fanprojekt Preu\u00dfen M\u00fcnster kritisiert Spielansetzung - Fangemeinschaft Preu\u00dfen M\u00fcnster e. V.\" \/>\n<meta property=\"og:description\" content=\"Am vergangenen Mittwoch ver\u00f6ffentlichte der DFB den Spielplan f\u00fcr die kommende Saison 2019\/2020. Unsere Preu\u00dfen bestreiten das Er\u00f6ffnungsspiel der dritten Liga an einem Freitag Abend in M\u00fcnchen an der Gr\u00fcnwalder... Read more &raquo;\" \/>\n<meta property=\"og:url\" content=\"https:\/\/www.fanprojekt-muenster.de\/wordpress\/fanprojekt-preussen-muenster-kritisiert-spielansetzung\/\" \/>\n<meta property=\"og:site_name\" content=\"Fangemeinschaft Preu\u00dfen M\u00fcnster e. V.\" \/>\n<meta property=\"article:published_time\" content=\"2019-07-04T18:24:13+00:00\" \/>\n<meta property=\"article:modified_time\" content=\"2019-07-07T11:46:26+00:00\" \/>\n<meta property=\"og:image\" content=\"https:\/\/www.fanprojekt-muenster.de\/wordpress\/wp-content\/uploads\/2019\/07\/Preussenadler_FP-1024x1024-400x300.png\" \/>\n\t<meta property=\"og:image:width\" content=\"400\" \/>\n\t<meta property=\"og:image:height\" content=\"300\" \/>\n\t<meta property=\"og:image:type\" content=\"image\/png\" \/>\n<meta name=\"author\" content=\"DST\" \/>\n<meta name=\"twitter:card\" content=\"summary_large_image\" \/>\n<meta name=\"twitter:label1\" content=\"Verfasst von\" \/>\n\t<meta name=\"twitter:data1\" content=\"DST\" \/>\n\t<meta name=\"twitter:label2\" content=\"Gesch\u00e4tzte Lesezeit\" \/>\n\t<meta name=\"twitter:data2\" content=\"1\u00a0Minute\" \/>\n<script type=\"application\/ld+json\" class=\"yoast-schema-graph\">{\"@context\":\"https:\/\/schema.org\",\"@graph\":[{\"@type\":\"Article\",\"@id\":\"https:\/\/www.fanprojekt-muenster.de\/wordpress\/fanprojekt-preussen-muenster-kritisiert-spielansetzung\/#article\",\"isPartOf\":{\"@id\":\"https:\/\/www.fanprojekt-muenster.de\/wordpress\/fanprojekt-preussen-muenster-kritisiert-spielansetzung\/\"},\"author\":{\"name\":\"DST\",\"@id\":\"https:\/\/www.fanprojekt-muenster.de\/wordpress\/#\/schema\/person\/eed51304a869b4de494727cd2e0c8203\"},\"headline\":\"Fanprojekt Preu\u00dfen M\u00fcnster kritisiert Spielansetzung\",\"datePublished\":\"2019-07-04T18:24:13+00:00\",\"dateModified\":\"2019-07-07T11:46:26+00:00\",\"mainEntityOfPage\":{\"@id\":\"https:\/\/www.fanprojekt-muenster.de\/wordpress\/fanprojekt-preussen-muenster-kritisiert-spielansetzung\/\"},\"wordCount\":186,\"publisher\":{\"@id\":\"https:\/\/www.fanprojekt-muenster.de\/wordpress\/#organization\"},\"image\":{\"@id\":\"https:\/\/www.fanprojekt-muenster.de\/wordpress\/fanprojekt-preussen-muenster-kritisiert-spielansetzung\/#primaryimage\"},\"thumbnailUrl\":\"https:\/\/www.fanprojekt-muenster.de\/wordpress\/wp-content\/uploads\/2019\/07\/Preussenadler_FP-1024x1024-400x300.png\",\"articleSection\":[\"Aktuelles\",\"Spieltage\"],\"inLanguage\":\"de\"},{\"@type\":\"WebPage\",\"@id\":\"https:\/\/www.fanprojekt-muenster.de\/wordpress\/fanprojekt-preussen-muenster-kritisiert-spielansetzung\/\",\"url\":\"https:\/\/www.fanprojekt-muenster.de\/wordpress\/fanprojekt-preussen-muenster-kritisiert-spielansetzung\/\",\"name\":\"Fanprojekt Preu\u00dfen M\u00fcnster kritisiert Spielansetzung - Fangemeinschaft Preu\u00dfen M\u00fcnster e. V.\",\"isPartOf\":{\"@id\":\"https:\/\/www.fanprojekt-muenster.de\/wordpress\/#website\"},\"primaryImageOfPage\":{\"@id\":\"https:\/\/www.fanprojekt-muenster.de\/wordpress\/fanprojekt-preussen-muenster-kritisiert-spielansetzung\/#primaryimage\"},\"image\":{\"@id\":\"https:\/\/www.fanprojekt-muenster.de\/wordpress\/fanprojekt-preussen-muenster-kritisiert-spielansetzung\/#primaryimage\"},\"thumbnailUrl\":\"https:\/\/www.fanprojekt-muenster.de\/wordpress\/wp-content\/uploads\/2019\/07\/Preussenadler_FP-1024x1024-400x300.png\",\"datePublished\":\"2019-07-04T18:24:13+00:00\",\"dateModified\":\"2019-07-07T11:46:26+00:00\",\"breadcrumb\":{\"@id\":\"https:\/\/www.fanprojekt-muenster.de\/wordpress\/fanprojekt-preussen-muenster-kritisiert-spielansetzung\/#breadcrumb\"},\"inLanguage\":\"de\",\"potentialAction\":[{\"@type\":\"ReadAction\",\"target\":[\"https:\/\/www.fanprojekt-muenster.de\/wordpress\/fanprojekt-preussen-muenster-kritisiert-spielansetzung\/\"]}]},{\"@type\":\"ImageObject\",\"inLanguage\":\"de\",\"@id\":\"https:\/\/www.fanprojekt-muenster.de\/wordpress\/fanprojekt-preussen-muenster-kritisiert-spielansetzung\/#primaryimage\",\"url\":\"https:\/\/www.fanprojekt-muenster.de\/wordpress\/wp-content\/uploads\/2019\/07\/Preussenadler_FP-1024x1024-400x300.png\",\"contentUrl\":\"https:\/\/www.fanprojekt-muenster.de\/wordpress\/wp-content\/uploads\/2019\/07\/Preussenadler_FP-1024x1024-400x300.png\",\"width\":400,\"height\":300},{\"@type\":\"BreadcrumbList\",\"@id\":\"https:\/\/www.fanprojekt-muenster.de\/wordpress\/fanprojekt-preussen-muenster-kritisiert-spielansetzung\/#breadcrumb\",\"itemListElement\":[{\"@type\":\"ListItem\",\"position\":1,\"name\":\"Startseite\",\"item\":\"https:\/\/www.fanprojekt-muenster.de\/wordpress\/\"},{\"@type\":\"ListItem\",\"position\":2,\"name\":\"Fanprojekt Preu\u00dfen M\u00fcnster kritisiert Spielansetzung\"}]},{\"@type\":\"WebSite\",\"@id\":\"https:\/\/www.fanprojekt-muenster.de\/wordpress\/#website\",\"url\":\"https:\/\/www.fanprojekt-muenster.de\/wordpress\/\",\"name\":\"Fangemeinschaft Preu\u00dfen M\u00fcnster e. V.\",\"description\":\"\",\"publisher\":{\"@id\":\"https:\/\/www.fanprojekt-muenster.de\/wordpress\/#organization\"},\"potentialAction\":[{\"@type\":\"SearchAction\",\"target\":{\"@type\":\"EntryPoint\",\"urlTemplate\":\"https:\/\/www.fanprojekt-muenster.de\/wordpress\/?s={search_term_string}\"},\"query-input\":{\"@type\":\"PropertyValueSpecification\",\"valueRequired\":true,\"valueName\":\"search_term_string\"}}],\"inLanguage\":\"de\"},{\"@type\":\"Organization\",\"@id\":\"https:\/\/www.fanprojekt-muenster.de\/wordpress\/#organization\",\"name\":\"Fangemeinschaft Preu\u00dfen M\u00fcnster e. V.\",\"url\":\"https:\/\/www.fanprojekt-muenster.de\/wordpress\/\",\"logo\":{\"@type\":\"ImageObject\",\"inLanguage\":\"de\",\"@id\":\"https:\/\/www.fanprojekt-muenster.de\/wordpress\/#\/schema\/logo\/image\/\",\"url\":\"https:\/\/www.fanprojekt-muenster.de\/wordpress\/wp-content\/uploads\/2019\/07\/cropped-Website_Logo3-9.png\",\"contentUrl\":\"https:\/\/www.fanprojekt-muenster.de\/wordpress\/wp-content\/uploads\/2019\/07\/cropped-Website_Logo3-9.png\",\"width\":224,\"height\":42,\"caption\":\"Fangemeinschaft Preu\u00dfen M\u00fcnster e. V.\"},\"image\":{\"@id\":\"https:\/\/www.fanprojekt-muenster.de\/wordpress\/#\/schema\/logo\/image\/\"}},{\"@type\":\"Person\",\"@id\":\"https:\/\/www.fanprojekt-muenster.de\/wordpress\/#\/schema\/person\/eed51304a869b4de494727cd2e0c8203\",\"name\":\"DST\",\"url\":\"https:\/\/www.fanprojekt-muenster.de\/wordpress\/author\/dst\/\"}]}<\/script>\n<!-- \/ Yoast SEO plugin. -->","yoast_head_json":{"title":"Fanprojekt Preu\u00dfen M\u00fcnster kritisiert Spielansetzung - Fangemeinschaft Preu\u00dfen M\u00fcnster e. V.","robots":{"index":"index","follow":"follow","max-snippet":"max-snippet:-1","max-image-preview":"max-image-preview:large","max-video-preview":"max-video-preview:-1"},"canonical":"https:\/\/www.fanprojekt-muenster.de\/wordpress\/fanprojekt-preussen-muenster-kritisiert-spielansetzung\/","og_locale":"de_DE","og_type":"article","og_title":"Fanprojekt Preu\u00dfen M\u00fcnster kritisiert Spielansetzung - Fangemeinschaft Preu\u00dfen M\u00fcnster e. V.","og_description":"Am vergangenen Mittwoch ver\u00f6ffentlichte der DFB den Spielplan f\u00fcr die kommende Saison 2019\/2020. Unsere Preu\u00dfen bestreiten das Er\u00f6ffnungsspiel der dritten Liga an einem Freitag Abend in M\u00fcnchen an der Gr\u00fcnwalder... Read more &raquo;","og_url":"https:\/\/www.fanprojekt-muenster.de\/wordpress\/fanprojekt-preussen-muenster-kritisiert-spielansetzung\/","og_site_name":"Fangemeinschaft Preu\u00dfen M\u00fcnster e. V.","article_published_time":"2019-07-04T18:24:13+00:00","article_modified_time":"2019-07-07T11:46:26+00:00","og_image":[{"width":400,"height":300,"url":"https:\/\/www.fanprojekt-muenster.de\/wordpress\/wp-content\/uploads\/2019\/07\/Preussenadler_FP-1024x1024-400x300.png","type":"image\/png"}],"author":"DST","twitter_card":"summary_large_image","twitter_misc":{"Verfasst von":"DST","Gesch\u00e4tzte Lesezeit":"1\u00a0Minute"},"schema":{"@context":"https:\/\/schema.org","@graph":[{"@type":"Article","@id":"https:\/\/www.fanprojekt-muenster.de\/wordpress\/fanprojekt-preussen-muenster-kritisiert-spielansetzung\/#article","isPartOf":{"@id":"https:\/\/www.fanprojekt-muenster.de\/wordpress\/fanprojekt-preussen-muenster-kritisiert-spielansetzung\/"},"author":{"name":"DST","@id":"https:\/\/www.fanprojekt-muenster.de\/wordpress\/#\/schema\/person\/eed51304a869b4de494727cd2e0c8203"},"headline":"Fanprojekt Preu\u00dfen M\u00fcnster kritisiert Spielansetzung","datePublished":"2019-07-04T18:24:13+00:00","dateModified":"2019-07-07T11:46:26+00:00","mainEntityOfPage":{"@id":"https:\/\/www.fanprojekt-muenster.de\/wordpress\/fanprojekt-preussen-muenster-kritisiert-spielansetzung\/"},"wordCount":186,"publisher":{"@id":"https:\/\/www.fanprojekt-muenster.de\/wordpress\/#organization"},"image":{"@id":"https:\/\/www.fanprojekt-muenster.de\/wordpress\/fanprojekt-preussen-muenster-kritisiert-spielansetzung\/#primaryimage"},"thumbnailUrl":"https:\/\/www.fanprojekt-muenster.de\/wordpress\/wp-content\/uploads\/2019\/07\/Preussenadler_FP-1024x1024-400x300.png","articleSection":["Aktuelles","Spieltage"],"inLanguage":"de"},{"@type":"WebPage","@id":"https:\/\/www.fanprojekt-muenster.de\/wordpress\/fanprojekt-preussen-muenster-kritisiert-spielansetzung\/","url":"https:\/\/www.fanprojekt-muenster.de\/wordpress\/fanprojekt-preussen-muenster-kritisiert-spielansetzung\/","name":"Fanprojekt Preu\u00dfen M\u00fcnster kritisiert Spielansetzung - Fangemeinschaft Preu\u00dfen M\u00fcnster e. V.","isPartOf":{"@id":"https:\/\/www.fanprojekt-muenster.de\/wordpress\/#website"},"primaryImageOfPage":{"@id":"https:\/\/www.fanprojekt-muenster.de\/wordpress\/fanprojekt-preussen-muenster-kritisiert-spielansetzung\/#primaryimage"},"image":{"@id":"https:\/\/www.fanprojekt-muenster.de\/wordpress\/fanprojekt-preussen-muenster-kritisiert-spielansetzung\/#primaryimage"},"thumbnailUrl":"https:\/\/www.fanprojekt-muenster.de\/wordpress\/wp-content\/uploads\/2019\/07\/Preussenadler_FP-1024x1024-400x300.png","datePublished":"2019-07-04T18:24:13+00:00","dateModified":"2019-07-07T11:46:26+00:00","breadcrumb":{"@id":"https:\/\/www.fanprojekt-muenster.de\/wordpress\/fanprojekt-preussen-muenster-kritisiert-spielansetzung\/#breadcrumb"},"inLanguage":"de","potentialAction":[{"@type":"ReadAction","target":["https:\/\/www.fanprojekt-muenster.de\/wordpress\/fanprojekt-preussen-muenster-kritisiert-spielansetzung\/"]}]},{"@type":"ImageObject","inLanguage":"de","@id":"https:\/\/www.fanprojekt-muenster.de\/wordpress\/fanprojekt-preussen-muenster-kritisiert-spielansetzung\/#primaryimage","url":"https:\/\/www.fanprojekt-muenster.de\/wordpress\/wp-content\/uploads\/2019\/07\/Preussenadler_FP-1024x1024-400x300.png","contentUrl":"https:\/\/www.fanprojekt-muenster.de\/wordpress\/wp-content\/uploads\/2019\/07\/Preussenadler_FP-1024x1024-400x300.png","width":400,"height":300},{"@type":"BreadcrumbList","@id":"https:\/\/www.fanprojekt-muenster.de\/wordpress\/fanprojekt-preussen-muenster-kritisiert-spielansetzung\/#breadcrumb","itemListElement":[{"@type":"ListItem","position":1,"name":"Startseite","item":"https:\/\/www.fanprojekt-muenster.de\/wordpress\/"},{"@type":"ListItem","position":2,"name":"Fanprojekt Preu\u00dfen M\u00fcnster kritisiert Spielansetzung"}]},{"@type":"WebSite","@id":"https:\/\/www.fanprojekt-muenster.de\/wordpress\/#website","url":"https:\/\/www.fanprojekt-muenster.de\/wordpress\/","name":"Fangemeinschaft Preu\u00dfen M\u00fcnster e. V.","description":"","publisher":{"@id":"https:\/\/www.fanprojekt-muenster.de\/wordpress\/#organization"},"potentialAction":[{"@type":"SearchAction","target":{"@type":"EntryPoint","urlTemplate":"https:\/\/www.fanprojekt-muenster.de\/wordpress\/?s={search_term_string}"},"query-input":{"@type":"PropertyValueSpecification","valueRequired":true,"valueName":"search_term_string"}}],"inLanguage":"de"},{"@type":"Organization","@id":"https:\/\/www.fanprojekt-muenster.de\/wordpress\/#organization","name":"Fangemeinschaft Preu\u00dfen M\u00fcnster e. V.","url":"https:\/\/www.fanprojekt-muenster.de\/wordpress\/","logo":{"@type":"ImageObject","inLanguage":"de","@id":"https:\/\/www.fanprojekt-muenster.de\/wordpress\/#\/schema\/logo\/image\/","url":"https:\/\/www.fanprojekt-muenster.de\/wordpress\/wp-content\/uploads\/2019\/07\/cropped-Website_Logo3-9.png","contentUrl":"https:\/\/www.fanprojekt-muenster.de\/wordpress\/wp-content\/uploads\/2019\/07\/cropped-Website_Logo3-9.png","width":224,"height":42,"caption":"Fangemeinschaft Preu\u00dfen M\u00fcnster e. V."},"image":{"@id":"https:\/\/www.fanprojekt-muenster.de\/wordpress\/#\/schema\/logo\/image\/"}},{"@type":"Person","@id":"https:\/\/www.fanprojekt-muenster.de\/wordpress\/#\/schema\/person\/eed51304a869b4de494727cd2e0c8203","name":"DST","url":"https:\/\/www.fanprojekt-muenster.de\/wordpress\/author\/dst\/"}]}},"author_meta":{"display_name":"DST","author_link":"https:\/\/www.fanprojekt-muenster.de\/wordpress\/author\/dst\/"},"featured_img":"https:\/\/www.fanprojekt-muenster.de\/wordpress\/wp-content\/uploads\/2019\/07\/Preussenadler_FP-1024x1024-400x300-300x225.png","coauthors":[],"tax_additional":{"categories":{"linked":["<a href=\"https:\/\/www.fanprojekt-muenster.de\/wordpress\/category\/aktuelles\/\" class=\"advgb-post-tax-term\">Aktuelles<\/a>","<a href=\"https:\/\/www.fanprojekt-muenster.de\/wordpress\/category\/spieltage\/\" class=\"advgb-post-tax-term\">Spieltage<\/a>"],"unlinked":["<span class=\"advgb-post-tax-term\">Aktuelles<\/span>","<span class=\"advgb-post-tax-term\">Spieltage<\/span>"]}},"comment_count":"0","relative_dates":{"created":"Posted 7\u00a0Jahren ago","modified":"Updated 7\u00a0Jahren ago"},"absolute_dates":{"created":"Posted on 4. Juli 2019","modified":"Updated on 7. Juli 2019"},"absolute_dates_time":{"created":"Posted on 4. Juli 2019 20:24","modified":"Updated on 7. Juli 2019 13:46"},"featured_img_caption":"","series_order":"","_links":{"self":[{"href":"https:\/\/www.fanprojekt-muenster.de\/wordpress\/wp-json\/wp\/v2\/posts\/6086","targetHints":{"allow":["GET"]}}],"collection":[{"href":"https:\/\/www.fanprojekt-muenster.de\/wordpress\/wp-json\/wp\/v2\/posts"}],"about":[{"href":"https:\/\/www.fanprojekt-muenster.de\/wordpress\/wp-json\/wp\/v2\/types\/post"}],"author":[{"embeddable":true,"href":"https:\/\/www.fanprojekt-muenster.de\/wordpress\/wp-json\/wp\/v2\/users\/1"}],"replies":[{"embeddable":true,"href":"https:\/\/www.fanprojekt-muenster.de\/wordpress\/wp-json\/wp\/v2\/comments?post=6086"}],"version-history":[{"count":1,"href":"https:\/\/www.fanprojekt-muenster.de\/wordpress\/wp-json\/wp\/v2\/posts\/6086\/revisions"}],"predecessor-version":[{"id":6860,"href":"https:\/\/www.fanprojekt-muenster.de\/wordpress\/wp-json\/wp\/v2\/posts\/6086\/revisions\/6860"}],"wp:featuredmedia":[{"embeddable":true,"href":"https:\/\/www.fanprojekt-muenster.de\/wordpress\/wp-json\/wp\/v2\/media\/6859"}],"wp:attachment":[{"href":"https:\/\/www.fanprojekt-muenster.de\/wordpress\/wp-json\/wp\/v2\/media?parent=6086"}],"wp:term":[{"taxonomy":"category","embeddable":true,"href":"https:\/\/www.fanprojekt-muenster.de\/wordpress\/wp-json\/wp\/v2\/categories?post=6086"},{"taxonomy":"post_tag","embeddable":true,"href":"https:\/\/www.fanprojekt-muenster.de\/wordpress\/wp-json\/wp\/v2\/tags?post=6086"}],"curies":[{"name":"wp","href":"https:\/\/api.w.org\/{rel}","templated":true}]}}