{"id":6083,"date":"2019-07-01T19:20:23","date_gmt":"2019-07-01T17:20:23","guid":{"rendered":"http:\/\/www.fanprojekt-muenster.de\/wp\/?p=6083"},"modified":"2019-07-07T13:47:10","modified_gmt":"2019-07-07T11:47:10","slug":"abstimmung-zum-preussenstadion-im-rat-der-stadt-muenster","status":"publish","type":"post","link":"https:\/\/www.fanprojekt-muenster.de\/wordpress\/abstimmung-zum-preussenstadion-im-rat-der-stadt-muenster\/","title":{"rendered":"Abstimmung zum Preu\u00dfenstadion im Rat der Stadt M\u00fcnster"},"content":{"rendered":"<p>Im Sport redet man oft von \u201aMeilensteinen\u2018 und f\u00fcr einen Fu\u00dfballverein ist der Neu- oder Umbau der Spielst\u00e4tte sicherlich ein solcher. Nachdem das Versprechen J\u00f6rg Twenh\u00f6vens f\u00fcr ein neues Stadion sich vor Kurzem zum 30. Male gej\u00e4hrt hat, steht am Mittwoch, den 03. Juli 2019 nun endlich ein weiterer Schritt zur Umsetzung an. Zwischenzeitlich ist viel Wasser die Aa runtergeflossen, das Stadtbild M\u00fcnsters hat sich in einigen Teilen stark erneuert, aber das st\u00e4dtische Stadion an der Hammer Stra\u00dfe verf\u00e4llt in gro\u00dfen Teil weiter vor sich hin.<\/p>\n<p>Nicht jeder (Preu\u00dfenfan) kann sich verst\u00e4ndlicherweise voll und ganz mit dem jetzigen Konzept<sup>*1<\/sup> identifizieren. Doch egal ob man lieber \u201eauf der gr\u00fcnen Wiese\u201c was modernes und eigenst\u00e4ndiges aufgebaut, unbedingt eine Bundesligaarena an der Hammer Stra\u00dfe hochgezogen oder frau doch eine andere Fl\u00e4che im Stadtgebiet bevorzugt h\u00e4tte, scheint dies in M\u00fcnster nicht umsetzbar zu sein. Statt zu verzagen, hei\u00dft es aber nun, sich mit den Gegebenheiten zu arrangieren und sich mit der zugegebenerma\u00dfen kompromissbehafteten Alternative zu besch\u00e4ftigen, um das Optimale f\u00fcr die Stadt, den Verein und f\u00fcr ich selbst raus zu holen!<\/p>\n<p>Ein erster Schritt dazu ist, Pr\u00e4senz zu zeigen: am 03.07.2019 wird zun\u00e4chst der Haupt- und Finanzausschuss u.a \u00fcber den \u201eAusbau des Stadions an der Hammer Stra\u00dfe einschl. Mobilit\u00e4tsstation\u201c (Tagesordnung Punkt 15<sup>*2<\/sup>) beraten und anschlie\u00dfend ab 17:30 Uhr der Rat der Stadt M\u00fcnster (Tagesordnungspunkt 14<sup>*3<\/sup>) \u00fcber die Beschlussvorlage V\/0609\/2019<sup>*4<\/sup> abstimmen. Diese beinhaltet haupts\u00e4chlich das Vorantreiben des Zeitplans zur Umsetzung des \u201aLetters of intent\u2018 sowie den Auftrag an die Verwaltung, ein Finanzierungs-, Bau- und Betriebsmodell zu erarbeiten.<\/p>\n<p>Diese Entscheidung k\u00f6nnte ein weiterer Meilenstein auf dem Weg zu einem neuen Preu\u00dfenstadion sein.<\/p>\n<p><strong>Also lasst uns als Preu\u00dfenfans durch Anwesenheit zeigen, dass das Thema Stadion wichtig ist! Wichtig f\u00fcr Preu\u00dfen, wichtig f\u00fcr M\u00fcnster!<\/strong><\/p>\n<p>&nbsp;<\/p>\n<p>Mittwoch, 03. Juli 2019 17:00 Uhr Haupt und Finanzausschuss<\/p>\n<p>17:30 Uhr Sitzung des Rates der Stadt M\u00fcnster<\/p>\n<p>(jeweils im Festsaal des Rathauses, Prinzipalmarkt 8-9, 48143 M\u00fcnster)<\/p>\n<p><em>[Erscheinen in Fanklamotten ist ausdr\u00fccklich erw\u00fcnscht, aber w\u00e4hrend der Sitzungen gilt es, Ruhe zu bewahren]<\/em><\/p>\n<p>&nbsp;<\/p>\n<p>externe Dokumente:<\/p>\n<p><sup>*1<\/sup> Bebauungsplan:&nbsp;&nbsp; <a href=\"https:\/\/www.stadt-muenster.de\/sessionnet\/sessionnetbi\/vo0050.php?__kvonr=2004042977&amp;search=1\">https:\/\/www.stadt-muenster.de\/sessionnet\/sessionnetbi\/vo0050.php?__kvonr=2004042977&amp;search=1<\/a><\/p>\n<p>(Visualisierung des Fl\u00e4chenkonzepts: <a href=\"https:\/\/www.stadt-muenster.de\/sessionnet\/sessionnetbi\/getfile.php?id=420278&amp;type=do\">https:\/\/www.stadt-muenster.de\/sessionnet\/sessionnetbi\/getfile.php?id=420278&amp;type=do<\/a>)<\/p>\n<p>&nbsp;<\/p>\n<p><sup>*2<\/sup> Tagesordnung Haupt- und Finanzausschusses 03.07.2019:&nbsp;&nbsp; <a href=\"https:\/\/www.stadt-muenster.de\/sessionnet\/sessionnetbi\/getfile.php?id=445240&amp;type=do\">https:\/\/www.stadt-muenster.de\/sessionnet\/sessionnetbi\/getfile.php?id=445240&amp;type=do<\/a><\/p>\n<p>&nbsp;<\/p>\n<p><sup>*3<\/sup> Tagesordnung Sitzung des Rates der Stadt M\u00fcnster 03.07.2019:&nbsp;&nbsp; <a href=\"https:\/\/www.stadt-muenster.de\/sessionnet\/sessionnetbi\/getfile.php?id=445241&amp;type=do\">https:\/\/www.stadt-muenster.de\/sessionnet\/sessionnetbi\/getfile.php?id=445241&amp;type=do<\/a><\/p>\n<p>&nbsp;<\/p>\n<p><sup>*4<\/sup> Beschlussvorlage V\/0609\/2019:&nbsp; <a href=\"https:\/\/www.stadt-muenster.de\/sessionnet\/sessionnetbi\/vo0050.php?__kvonr=2004044943&amp;search=1\">https:\/\/www.stadt-muenster.de\/sessionnet\/sessionnetbi\/vo0050.php?__kvonr=2004044943&amp;search=1<\/a>)<\/p>\n","protected":false},"excerpt":{"rendered":"<p>Im Sport redet man oft von \u201aMeilensteinen\u2018 und f\u00fcr einen Fu\u00dfballverein ist der Neu- oder Umbau der Spielst\u00e4tte sicherlich ein solcher. Nachdem das Versprechen J\u00f6rg Twenh\u00f6vens f\u00fcr ein neues Stadion&#8230; <a class=\"read-more-link\" href=\"https:\/\/www.fanprojekt-muenster.de\/wordpress\/abstimmung-zum-preussenstadion-im-rat-der-stadt-muenster\/\">Read more &raquo;<\/a><\/p>\n","protected":false},"author":1,"featured_media":6844,"comment_status":"closed","ping_status":"closed","sticky":false,"template":"","format":"standard","meta":{"advgb_blocks_editor_width":"","advgb_blocks_columns_visual_guide":"","footnotes":""},"categories":[3,15],"tags":[],"class_list":["post-6083","post","type-post","status-publish","format-standard","has-post-thumbnail","hentry","category-aktuelles","category-stadion"],"featured_image_src":"https:\/\/www.fanprojekt-muenster.de\/wordpress\/wp-content\/uploads\/2018\/11\/calendar-1990453_1280-768x512.jpg","author_info":{"display_name":"DST","author_link":"https:\/\/www.fanprojekt-muenster.de\/wordpress\/author\/dst\/"},"yoast_head":"<!-- This site is optimized with the Yoast SEO plugin v27.2 - https:\/\/yoast.com\/product\/yoast-seo-wordpress\/ -->\n<title>Abstimmung zum Preu\u00dfenstadion im Rat der Stadt M\u00fcnster - Fangemeinschaft Preu\u00dfen M\u00fcnster e. V.<\/title>\n<meta name=\"robots\" content=\"index, follow, max-snippet:-1, max-image-preview:large, max-video-preview:-1\" \/>\n<link rel=\"canonical\" href=\"https:\/\/www.fanprojekt-muenster.de\/wordpress\/abstimmung-zum-preussenstadion-im-rat-der-stadt-muenster\/\" \/>\n<meta property=\"og:locale\" content=\"de_DE\" \/>\n<meta property=\"og:type\" content=\"article\" \/>\n<meta property=\"og:title\" content=\"Abstimmung zum Preu\u00dfenstadion im Rat der Stadt M\u00fcnster - Fangemeinschaft Preu\u00dfen M\u00fcnster e. V.\" \/>\n<meta property=\"og:description\" content=\"Im Sport redet man oft von \u201aMeilensteinen\u2018 und f\u00fcr einen Fu\u00dfballverein ist der Neu- oder Umbau der Spielst\u00e4tte sicherlich ein solcher. Nachdem das Versprechen J\u00f6rg Twenh\u00f6vens f\u00fcr ein neues Stadion... Read more &raquo;\" \/>\n<meta property=\"og:url\" content=\"https:\/\/www.fanprojekt-muenster.de\/wordpress\/abstimmung-zum-preussenstadion-im-rat-der-stadt-muenster\/\" \/>\n<meta property=\"og:site_name\" content=\"Fangemeinschaft Preu\u00dfen M\u00fcnster e. V.\" \/>\n<meta property=\"article:published_time\" content=\"2019-07-01T17:20:23+00:00\" \/>\n<meta property=\"article:modified_time\" content=\"2019-07-07T11:47:10+00:00\" \/>\n<meta property=\"og:image\" content=\"https:\/\/www.fanprojekt-muenster.de\/wordpress\/wp-content\/uploads\/2018\/11\/calendar-1990453_1280-768x512.jpg\" \/>\n\t<meta property=\"og:image:width\" content=\"768\" \/>\n\t<meta property=\"og:image:height\" content=\"512\" \/>\n\t<meta property=\"og:image:type\" content=\"image\/jpeg\" \/>\n<meta name=\"author\" content=\"DST\" \/>\n<meta name=\"twitter:card\" content=\"summary_large_image\" \/>\n<meta name=\"twitter:label1\" content=\"Verfasst von\" \/>\n\t<meta name=\"twitter:data1\" content=\"DST\" \/>\n\t<meta name=\"twitter:label2\" content=\"Gesch\u00e4tzte Lesezeit\" \/>\n\t<meta name=\"twitter:data2\" content=\"2\u00a0Minuten\" \/>\n<script type=\"application\/ld+json\" class=\"yoast-schema-graph\">{\"@context\":\"https:\/\/schema.org\",\"@graph\":[{\"@type\":\"Article\",\"@id\":\"https:\/\/www.fanprojekt-muenster.de\/wordpress\/abstimmung-zum-preussenstadion-im-rat-der-stadt-muenster\/#article\",\"isPartOf\":{\"@id\":\"https:\/\/www.fanprojekt-muenster.de\/wordpress\/abstimmung-zum-preussenstadion-im-rat-der-stadt-muenster\/\"},\"author\":{\"name\":\"DST\",\"@id\":\"https:\/\/www.fanprojekt-muenster.de\/wordpress\/#\/schema\/person\/eed51304a869b4de494727cd2e0c8203\"},\"headline\":\"Abstimmung zum Preu\u00dfenstadion im Rat der Stadt M\u00fcnster\",\"datePublished\":\"2019-07-01T17:20:23+00:00\",\"dateModified\":\"2019-07-07T11:47:10+00:00\",\"mainEntityOfPage\":{\"@id\":\"https:\/\/www.fanprojekt-muenster.de\/wordpress\/abstimmung-zum-preussenstadion-im-rat-der-stadt-muenster\/\"},\"wordCount\":461,\"publisher\":{\"@id\":\"https:\/\/www.fanprojekt-muenster.de\/wordpress\/#organization\"},\"image\":{\"@id\":\"https:\/\/www.fanprojekt-muenster.de\/wordpress\/abstimmung-zum-preussenstadion-im-rat-der-stadt-muenster\/#primaryimage\"},\"thumbnailUrl\":\"https:\/\/www.fanprojekt-muenster.de\/wordpress\/wp-content\/uploads\/2018\/11\/calendar-1990453_1280-768x512.jpg\",\"articleSection\":[\"Aktuelles\",\"Stadion\"],\"inLanguage\":\"de\"},{\"@type\":\"WebPage\",\"@id\":\"https:\/\/www.fanprojekt-muenster.de\/wordpress\/abstimmung-zum-preussenstadion-im-rat-der-stadt-muenster\/\",\"url\":\"https:\/\/www.fanprojekt-muenster.de\/wordpress\/abstimmung-zum-preussenstadion-im-rat-der-stadt-muenster\/\",\"name\":\"Abstimmung zum Preu\u00dfenstadion im Rat der Stadt M\u00fcnster - Fangemeinschaft Preu\u00dfen M\u00fcnster e. V.\",\"isPartOf\":{\"@id\":\"https:\/\/www.fanprojekt-muenster.de\/wordpress\/#website\"},\"primaryImageOfPage\":{\"@id\":\"https:\/\/www.fanprojekt-muenster.de\/wordpress\/abstimmung-zum-preussenstadion-im-rat-der-stadt-muenster\/#primaryimage\"},\"image\":{\"@id\":\"https:\/\/www.fanprojekt-muenster.de\/wordpress\/abstimmung-zum-preussenstadion-im-rat-der-stadt-muenster\/#primaryimage\"},\"thumbnailUrl\":\"https:\/\/www.fanprojekt-muenster.de\/wordpress\/wp-content\/uploads\/2018\/11\/calendar-1990453_1280-768x512.jpg\",\"datePublished\":\"2019-07-01T17:20:23+00:00\",\"dateModified\":\"2019-07-07T11:47:10+00:00\",\"breadcrumb\":{\"@id\":\"https:\/\/www.fanprojekt-muenster.de\/wordpress\/abstimmung-zum-preussenstadion-im-rat-der-stadt-muenster\/#breadcrumb\"},\"inLanguage\":\"de\",\"potentialAction\":[{\"@type\":\"ReadAction\",\"target\":[\"https:\/\/www.fanprojekt-muenster.de\/wordpress\/abstimmung-zum-preussenstadion-im-rat-der-stadt-muenster\/\"]}]},{\"@type\":\"ImageObject\",\"inLanguage\":\"de\",\"@id\":\"https:\/\/www.fanprojekt-muenster.de\/wordpress\/abstimmung-zum-preussenstadion-im-rat-der-stadt-muenster\/#primaryimage\",\"url\":\"https:\/\/www.fanprojekt-muenster.de\/wordpress\/wp-content\/uploads\/2018\/11\/calendar-1990453_1280-768x512.jpg\",\"contentUrl\":\"https:\/\/www.fanprojekt-muenster.de\/wordpress\/wp-content\/uploads\/2018\/11\/calendar-1990453_1280-768x512.jpg\",\"width\":768,\"height\":512},{\"@type\":\"BreadcrumbList\",\"@id\":\"https:\/\/www.fanprojekt-muenster.de\/wordpress\/abstimmung-zum-preussenstadion-im-rat-der-stadt-muenster\/#breadcrumb\",\"itemListElement\":[{\"@type\":\"ListItem\",\"position\":1,\"name\":\"Startseite\",\"item\":\"https:\/\/www.fanprojekt-muenster.de\/wordpress\/\"},{\"@type\":\"ListItem\",\"position\":2,\"name\":\"Abstimmung zum Preu\u00dfenstadion im Rat der Stadt M\u00fcnster\"}]},{\"@type\":\"WebSite\",\"@id\":\"https:\/\/www.fanprojekt-muenster.de\/wordpress\/#website\",\"url\":\"https:\/\/www.fanprojekt-muenster.de\/wordpress\/\",\"name\":\"Fangemeinschaft Preu\u00dfen M\u00fcnster e. V.\",\"description\":\"\",\"publisher\":{\"@id\":\"https:\/\/www.fanprojekt-muenster.de\/wordpress\/#organization\"},\"potentialAction\":[{\"@type\":\"SearchAction\",\"target\":{\"@type\":\"EntryPoint\",\"urlTemplate\":\"https:\/\/www.fanprojekt-muenster.de\/wordpress\/?s={search_term_string}\"},\"query-input\":{\"@type\":\"PropertyValueSpecification\",\"valueRequired\":true,\"valueName\":\"search_term_string\"}}],\"inLanguage\":\"de\"},{\"@type\":\"Organization\",\"@id\":\"https:\/\/www.fanprojekt-muenster.de\/wordpress\/#organization\",\"name\":\"Fangemeinschaft Preu\u00dfen M\u00fcnster e. V.\",\"url\":\"https:\/\/www.fanprojekt-muenster.de\/wordpress\/\",\"logo\":{\"@type\":\"ImageObject\",\"inLanguage\":\"de\",\"@id\":\"https:\/\/www.fanprojekt-muenster.de\/wordpress\/#\/schema\/logo\/image\/\",\"url\":\"https:\/\/www.fanprojekt-muenster.de\/wordpress\/wp-content\/uploads\/2019\/07\/cropped-Website_Logo3-9.png\",\"contentUrl\":\"https:\/\/www.fanprojekt-muenster.de\/wordpress\/wp-content\/uploads\/2019\/07\/cropped-Website_Logo3-9.png\",\"width\":224,\"height\":42,\"caption\":\"Fangemeinschaft Preu\u00dfen M\u00fcnster e. V.\"},\"image\":{\"@id\":\"https:\/\/www.fanprojekt-muenster.de\/wordpress\/#\/schema\/logo\/image\/\"}},{\"@type\":\"Person\",\"@id\":\"https:\/\/www.fanprojekt-muenster.de\/wordpress\/#\/schema\/person\/eed51304a869b4de494727cd2e0c8203\",\"name\":\"DST\",\"url\":\"https:\/\/www.fanprojekt-muenster.de\/wordpress\/author\/dst\/\"}]}<\/script>\n<!-- \/ Yoast SEO plugin. -->","yoast_head_json":{"title":"Abstimmung zum Preu\u00dfenstadion im Rat der Stadt M\u00fcnster - Fangemeinschaft Preu\u00dfen M\u00fcnster e. V.","robots":{"index":"index","follow":"follow","max-snippet":"max-snippet:-1","max-image-preview":"max-image-preview:large","max-video-preview":"max-video-preview:-1"},"canonical":"https:\/\/www.fanprojekt-muenster.de\/wordpress\/abstimmung-zum-preussenstadion-im-rat-der-stadt-muenster\/","og_locale":"de_DE","og_type":"article","og_title":"Abstimmung zum Preu\u00dfenstadion im Rat der Stadt M\u00fcnster - Fangemeinschaft Preu\u00dfen M\u00fcnster e. V.","og_description":"Im Sport redet man oft von \u201aMeilensteinen\u2018 und f\u00fcr einen Fu\u00dfballverein ist der Neu- oder Umbau der Spielst\u00e4tte sicherlich ein solcher. Nachdem das Versprechen J\u00f6rg Twenh\u00f6vens f\u00fcr ein neues Stadion... Read more &raquo;","og_url":"https:\/\/www.fanprojekt-muenster.de\/wordpress\/abstimmung-zum-preussenstadion-im-rat-der-stadt-muenster\/","og_site_name":"Fangemeinschaft Preu\u00dfen M\u00fcnster e. V.","article_published_time":"2019-07-01T17:20:23+00:00","article_modified_time":"2019-07-07T11:47:10+00:00","og_image":[{"width":768,"height":512,"url":"https:\/\/www.fanprojekt-muenster.de\/wordpress\/wp-content\/uploads\/2018\/11\/calendar-1990453_1280-768x512.jpg","type":"image\/jpeg"}],"author":"DST","twitter_card":"summary_large_image","twitter_misc":{"Verfasst von":"DST","Gesch\u00e4tzte Lesezeit":"2\u00a0Minuten"},"schema":{"@context":"https:\/\/schema.org","@graph":[{"@type":"Article","@id":"https:\/\/www.fanprojekt-muenster.de\/wordpress\/abstimmung-zum-preussenstadion-im-rat-der-stadt-muenster\/#article","isPartOf":{"@id":"https:\/\/www.fanprojekt-muenster.de\/wordpress\/abstimmung-zum-preussenstadion-im-rat-der-stadt-muenster\/"},"author":{"name":"DST","@id":"https:\/\/www.fanprojekt-muenster.de\/wordpress\/#\/schema\/person\/eed51304a869b4de494727cd2e0c8203"},"headline":"Abstimmung zum Preu\u00dfenstadion im Rat der Stadt M\u00fcnster","datePublished":"2019-07-01T17:20:23+00:00","dateModified":"2019-07-07T11:47:10+00:00","mainEntityOfPage":{"@id":"https:\/\/www.fanprojekt-muenster.de\/wordpress\/abstimmung-zum-preussenstadion-im-rat-der-stadt-muenster\/"},"wordCount":461,"publisher":{"@id":"https:\/\/www.fanprojekt-muenster.de\/wordpress\/#organization"},"image":{"@id":"https:\/\/www.fanprojekt-muenster.de\/wordpress\/abstimmung-zum-preussenstadion-im-rat-der-stadt-muenster\/#primaryimage"},"thumbnailUrl":"https:\/\/www.fanprojekt-muenster.de\/wordpress\/wp-content\/uploads\/2018\/11\/calendar-1990453_1280-768x512.jpg","articleSection":["Aktuelles","Stadion"],"inLanguage":"de"},{"@type":"WebPage","@id":"https:\/\/www.fanprojekt-muenster.de\/wordpress\/abstimmung-zum-preussenstadion-im-rat-der-stadt-muenster\/","url":"https:\/\/www.fanprojekt-muenster.de\/wordpress\/abstimmung-zum-preussenstadion-im-rat-der-stadt-muenster\/","name":"Abstimmung zum Preu\u00dfenstadion im Rat der Stadt M\u00fcnster - Fangemeinschaft Preu\u00dfen M\u00fcnster e. V.","isPartOf":{"@id":"https:\/\/www.fanprojekt-muenster.de\/wordpress\/#website"},"primaryImageOfPage":{"@id":"https:\/\/www.fanprojekt-muenster.de\/wordpress\/abstimmung-zum-preussenstadion-im-rat-der-stadt-muenster\/#primaryimage"},"image":{"@id":"https:\/\/www.fanprojekt-muenster.de\/wordpress\/abstimmung-zum-preussenstadion-im-rat-der-stadt-muenster\/#primaryimage"},"thumbnailUrl":"https:\/\/www.fanprojekt-muenster.de\/wordpress\/wp-content\/uploads\/2018\/11\/calendar-1990453_1280-768x512.jpg","datePublished":"2019-07-01T17:20:23+00:00","dateModified":"2019-07-07T11:47:10+00:00","breadcrumb":{"@id":"https:\/\/www.fanprojekt-muenster.de\/wordpress\/abstimmung-zum-preussenstadion-im-rat-der-stadt-muenster\/#breadcrumb"},"inLanguage":"de","potentialAction":[{"@type":"ReadAction","target":["https:\/\/www.fanprojekt-muenster.de\/wordpress\/abstimmung-zum-preussenstadion-im-rat-der-stadt-muenster\/"]}]},{"@type":"ImageObject","inLanguage":"de","@id":"https:\/\/www.fanprojekt-muenster.de\/wordpress\/abstimmung-zum-preussenstadion-im-rat-der-stadt-muenster\/#primaryimage","url":"https:\/\/www.fanprojekt-muenster.de\/wordpress\/wp-content\/uploads\/2018\/11\/calendar-1990453_1280-768x512.jpg","contentUrl":"https:\/\/www.fanprojekt-muenster.de\/wordpress\/wp-content\/uploads\/2018\/11\/calendar-1990453_1280-768x512.jpg","width":768,"height":512},{"@type":"BreadcrumbList","@id":"https:\/\/www.fanprojekt-muenster.de\/wordpress\/abstimmung-zum-preussenstadion-im-rat-der-stadt-muenster\/#breadcrumb","itemListElement":[{"@type":"ListItem","position":1,"name":"Startseite","item":"https:\/\/www.fanprojekt-muenster.de\/wordpress\/"},{"@type":"ListItem","position":2,"name":"Abstimmung zum Preu\u00dfenstadion im Rat der Stadt M\u00fcnster"}]},{"@type":"WebSite","@id":"https:\/\/www.fanprojekt-muenster.de\/wordpress\/#website","url":"https:\/\/www.fanprojekt-muenster.de\/wordpress\/","name":"Fangemeinschaft Preu\u00dfen M\u00fcnster e. V.","description":"","publisher":{"@id":"https:\/\/www.fanprojekt-muenster.de\/wordpress\/#organization"},"potentialAction":[{"@type":"SearchAction","target":{"@type":"EntryPoint","urlTemplate":"https:\/\/www.fanprojekt-muenster.de\/wordpress\/?s={search_term_string}"},"query-input":{"@type":"PropertyValueSpecification","valueRequired":true,"valueName":"search_term_string"}}],"inLanguage":"de"},{"@type":"Organization","@id":"https:\/\/www.fanprojekt-muenster.de\/wordpress\/#organization","name":"Fangemeinschaft Preu\u00dfen M\u00fcnster e. V.","url":"https:\/\/www.fanprojekt-muenster.de\/wordpress\/","logo":{"@type":"ImageObject","inLanguage":"de","@id":"https:\/\/www.fanprojekt-muenster.de\/wordpress\/#\/schema\/logo\/image\/","url":"https:\/\/www.fanprojekt-muenster.de\/wordpress\/wp-content\/uploads\/2019\/07\/cropped-Website_Logo3-9.png","contentUrl":"https:\/\/www.fanprojekt-muenster.de\/wordpress\/wp-content\/uploads\/2019\/07\/cropped-Website_Logo3-9.png","width":224,"height":42,"caption":"Fangemeinschaft Preu\u00dfen M\u00fcnster e. V."},"image":{"@id":"https:\/\/www.fanprojekt-muenster.de\/wordpress\/#\/schema\/logo\/image\/"}},{"@type":"Person","@id":"https:\/\/www.fanprojekt-muenster.de\/wordpress\/#\/schema\/person\/eed51304a869b4de494727cd2e0c8203","name":"DST","url":"https:\/\/www.fanprojekt-muenster.de\/wordpress\/author\/dst\/"}]}},"author_meta":{"display_name":"DST","author_link":"https:\/\/www.fanprojekt-muenster.de\/wordpress\/author\/dst\/"},"featured_img":"https:\/\/www.fanprojekt-muenster.de\/wordpress\/wp-content\/uploads\/2018\/11\/calendar-1990453_1280-768x512-300x200.jpg","coauthors":[],"tax_additional":{"categories":{"linked":["<a href=\"https:\/\/www.fanprojekt-muenster.de\/wordpress\/category\/aktuelles\/\" class=\"advgb-post-tax-term\">Aktuelles<\/a>","<a href=\"https:\/\/www.fanprojekt-muenster.de\/wordpress\/category\/stadion\/\" class=\"advgb-post-tax-term\">Stadion<\/a>"],"unlinked":["<span class=\"advgb-post-tax-term\">Aktuelles<\/span>","<span class=\"advgb-post-tax-term\">Stadion<\/span>"]}},"comment_count":"0","relative_dates":{"created":"Posted 7\u00a0Jahren ago","modified":"Updated 7\u00a0Jahren ago"},"absolute_dates":{"created":"Posted on 1. Juli 2019","modified":"Updated on 7. Juli 2019"},"absolute_dates_time":{"created":"Posted on 1. Juli 2019 19:20","modified":"Updated on 7. Juli 2019 13:47"},"featured_img_caption":"","series_order":"","_links":{"self":[{"href":"https:\/\/www.fanprojekt-muenster.de\/wordpress\/wp-json\/wp\/v2\/posts\/6083","targetHints":{"allow":["GET"]}}],"collection":[{"href":"https:\/\/www.fanprojekt-muenster.de\/wordpress\/wp-json\/wp\/v2\/posts"}],"about":[{"href":"https:\/\/www.fanprojekt-muenster.de\/wordpress\/wp-json\/wp\/v2\/types\/post"}],"author":[{"embeddable":true,"href":"https:\/\/www.fanprojekt-muenster.de\/wordpress\/wp-json\/wp\/v2\/users\/1"}],"replies":[{"embeddable":true,"href":"https:\/\/www.fanprojekt-muenster.de\/wordpress\/wp-json\/wp\/v2\/comments?post=6083"}],"version-history":[{"count":1,"href":"https:\/\/www.fanprojekt-muenster.de\/wordpress\/wp-json\/wp\/v2\/posts\/6083\/revisions"}],"predecessor-version":[{"id":6861,"href":"https:\/\/www.fanprojekt-muenster.de\/wordpress\/wp-json\/wp\/v2\/posts\/6083\/revisions\/6861"}],"wp:featuredmedia":[{"embeddable":true,"href":"https:\/\/www.fanprojekt-muenster.de\/wordpress\/wp-json\/wp\/v2\/media\/6844"}],"wp:attachment":[{"href":"https:\/\/www.fanprojekt-muenster.de\/wordpress\/wp-json\/wp\/v2\/media?parent=6083"}],"wp:term":[{"taxonomy":"category","embeddable":true,"href":"https:\/\/www.fanprojekt-muenster.de\/wordpress\/wp-json\/wp\/v2\/categories?post=6083"},{"taxonomy":"post_tag","embeddable":true,"href":"https:\/\/www.fanprojekt-muenster.de\/wordpress\/wp-json\/wp\/v2\/tags?post=6083"}],"curies":[{"name":"wp","href":"https:\/\/api.w.org\/{rel}","templated":true}]}}