{"id":6064,"date":"2019-05-13T15:04:33","date_gmt":"2019-05-13T13:04:33","guid":{"rendered":"http:\/\/www.fanprojekt-muenster.de\/wp\/?p=6064"},"modified":"2019-07-07T13:48:37","modified_gmt":"2019-07-07T11:48:37","slug":"fan-utensilien-sind-kein-privileg","status":"publish","type":"post","link":"https:\/\/www.fanprojekt-muenster.de\/wordpress\/fan-utensilien-sind-kein-privileg\/","title":{"rendered":"Fan-Utensilien sind kein Privileg!"},"content":{"rendered":"<p>F\u00fcr die letzten beiden Heimspiele der Saison wurde der aktiven Fanszene in Block O die Verwendung jeglichen Materials wie Fahnen, Trommeln und Megaphone untersagt. Nach dem das Verbot gegen Gro\u00dfaspach umgangen werden konnte, wurde es Anfang der letzten Woche von dem Veranstaltungsleiter Thomas Hennemann f\u00fcr das letzte Heimspiel gegen Karlsruhe wieder aufgehoben.<\/p>\n<p>Wir begr\u00fc\u00dfen diese Entscheidung ausdr\u00fccklich, m\u00f6chten aber auch auf folgendes hinweisen:<\/p>\n<p>Das Mitnehmen von Fahnen, Doppelhaltern, Trommeln, Megaphonen, Transparenten, Konfetti usw. darf nicht als Privileg f\u00fcr einzelne Gruppen oder Personen angesehen werden. Es muss im Preu\u00dfenstadion immer Grundsatz sein, dass diese Dinge erlaubt sind, wie der DFB den Vereinen empfiehlt!<br \/>\nInsofern ist das Aufheben dieses Materialverbotes kein \u201eZugehen\u201c auf die aktive Fanszene, es ist eine Selbstverst\u00e4ndlichkeit!<\/p>\n<p>In der Anlage 9 der \u201eRichtlinien zur Verbesserung der Sicherheit bei Bundesspielen\u201c werden die grundlegenden Regeln zur Vereinheitlichung der Fanutensilien festgelegt.<br \/>\n\u201eFan-Utensilien sind ein fester Bestandteil der Fankultur in Deutschland und<br \/>\nsollen nicht als Privilegien angesehen werden. Hierdurch k\u00f6nnen Fans ihre<br \/>\nZuneigung zu ihren jeweiligen Klubs ausdr\u00fccken und f\u00fcr positive Stimmung<br \/>\nund tolle Bilder in den Stadien sorgen.\u201c<\/p>\n<p>Mit dieser Ver\u00f6ffentlichung m\u00f6chten wir nicht nachtreten, sondern informieren.<br \/>\nWir wollen nun auch die baldige Sommerpause nutzen, um mit den Verantwortlichen beim SCP sowie dem Veranstaltungsleiter Thomas Hennemann Gespr\u00e4che zu f\u00fchren, damit von dieser Praxis der Bestrafung in Zukunft abgesehen wird.<\/p>\n<p><strong>Links<\/strong><br \/>\n<a href=\"https:\/\/www.dfb.de\/fileadmin\/_dfbdam\/78681-Einheitliche_Definition_von_Fan-Utensilien.pdf\" rel=\"noopener noreferrer\" target=\"_blank\">DFB &#8211; Einheitliche Definition von Fan-Utensilien<\/a><br \/>\n<a href=\"https:\/\/www.dfb.de\/fanbelange\/fanbelange\/download\/\" rel=\"noopener noreferrer\" target=\"_blank\">DFB &#8211; Download-Seite f\u00fcr Fanbelange<\/a><\/p>\n<p><a href=\"https:\/\/www.unserekurve.de\/blog\/freigabe-von-fan-utensilien-es-gibt-noch-viel-zu-tun\/?fbclid=IwAR3XILagUzsHJxn_aS48bdxGRWy6x-NIuHPenTFOI88wxow4RCen4lkgyaQ\" rel=\"noopener noreferrer\" target=\"_blank\">Unsere Kurve &#8211; Freigabe von Fan-Utensilien: Es gibt noch viel zu tun<\/a><\/p>\n","protected":false},"excerpt":{"rendered":"<p>F\u00fcr die letzten beiden Heimspiele der Saison wurde der aktiven Fanszene in Block O die Verwendung jeglichen Materials wie Fahnen, Trommeln und Megaphone untersagt. Nach dem das Verbot gegen Gro\u00dfaspach&#8230; <a class=\"read-more-link\" href=\"https:\/\/www.fanprojekt-muenster.de\/wordpress\/fan-utensilien-sind-kein-privileg\/\">Read more &raquo;<\/a><\/p>\n","protected":false},"author":6,"featured_media":6864,"comment_status":"closed","ping_status":"closed","sticky":false,"template":"","format":"standard","meta":{"advgb_blocks_editor_width":"","advgb_blocks_columns_visual_guide":"","footnotes":""},"categories":[3,1,14],"tags":[],"class_list":["post-6064","post","type-post","status-publish","format-standard","has-post-thumbnail","hentry","category-aktuelles","category-allgemein","category-spieltage"],"featured_image_src":"https:\/\/www.fanprojekt-muenster.de\/wordpress\/wp-content\/uploads\/2019\/05\/Logo_FP-400x300.jpg","author_info":{"display_name":"508","author_link":"https:\/\/www.fanprojekt-muenster.de\/wordpress\/author\/508\/"},"yoast_head":"<!-- This site is optimized with the Yoast SEO plugin v27.2 - https:\/\/yoast.com\/product\/yoast-seo-wordpress\/ -->\n<title>Fan-Utensilien sind kein Privileg! - Fangemeinschaft Preu\u00dfen M\u00fcnster e. V.<\/title>\n<meta name=\"robots\" content=\"index, follow, max-snippet:-1, max-image-preview:large, max-video-preview:-1\" \/>\n<link rel=\"canonical\" href=\"https:\/\/www.fanprojekt-muenster.de\/wordpress\/fan-utensilien-sind-kein-privileg\/\" \/>\n<meta property=\"og:locale\" content=\"de_DE\" \/>\n<meta property=\"og:type\" content=\"article\" \/>\n<meta property=\"og:title\" content=\"Fan-Utensilien sind kein Privileg! - Fangemeinschaft Preu\u00dfen M\u00fcnster e. V.\" \/>\n<meta property=\"og:description\" content=\"F\u00fcr die letzten beiden Heimspiele der Saison wurde der aktiven Fanszene in Block O die Verwendung jeglichen Materials wie Fahnen, Trommeln und Megaphone untersagt. Nach dem das Verbot gegen Gro\u00dfaspach... Read more &raquo;\" \/>\n<meta property=\"og:url\" content=\"https:\/\/www.fanprojekt-muenster.de\/wordpress\/fan-utensilien-sind-kein-privileg\/\" \/>\n<meta property=\"og:site_name\" content=\"Fangemeinschaft Preu\u00dfen M\u00fcnster e. V.\" \/>\n<meta property=\"article:published_time\" content=\"2019-05-13T13:04:33+00:00\" \/>\n<meta property=\"article:modified_time\" content=\"2019-07-07T11:48:37+00:00\" \/>\n<meta property=\"og:image\" content=\"https:\/\/www.fanprojekt-muenster.de\/wordpress\/wp-content\/uploads\/2019\/05\/Logo_FP-400x300.jpg\" \/>\n\t<meta property=\"og:image:width\" content=\"400\" \/>\n\t<meta property=\"og:image:height\" content=\"300\" \/>\n\t<meta property=\"og:image:type\" content=\"image\/jpeg\" \/>\n<meta name=\"author\" content=\"508\" \/>\n<meta name=\"twitter:card\" content=\"summary_large_image\" \/>\n<meta name=\"twitter:label1\" content=\"Verfasst von\" \/>\n\t<meta name=\"twitter:data1\" content=\"508\" \/>\n\t<meta name=\"twitter:label2\" content=\"Gesch\u00e4tzte Lesezeit\" \/>\n\t<meta name=\"twitter:data2\" content=\"1\u00a0Minute\" \/>\n<script type=\"application\/ld+json\" class=\"yoast-schema-graph\">{\"@context\":\"https:\/\/schema.org\",\"@graph\":[{\"@type\":\"Article\",\"@id\":\"https:\/\/www.fanprojekt-muenster.de\/wordpress\/fan-utensilien-sind-kein-privileg\/#article\",\"isPartOf\":{\"@id\":\"https:\/\/www.fanprojekt-muenster.de\/wordpress\/fan-utensilien-sind-kein-privileg\/\"},\"author\":{\"name\":\"508\",\"@id\":\"https:\/\/www.fanprojekt-muenster.de\/wordpress\/#\/schema\/person\/907994394342a6ba0f1be4c546ed7d09\"},\"headline\":\"Fan-Utensilien sind kein Privileg!\",\"datePublished\":\"2019-05-13T13:04:33+00:00\",\"dateModified\":\"2019-07-07T11:48:37+00:00\",\"mainEntityOfPage\":{\"@id\":\"https:\/\/www.fanprojekt-muenster.de\/wordpress\/fan-utensilien-sind-kein-privileg\/\"},\"wordCount\":261,\"publisher\":{\"@id\":\"https:\/\/www.fanprojekt-muenster.de\/wordpress\/#organization\"},\"image\":{\"@id\":\"https:\/\/www.fanprojekt-muenster.de\/wordpress\/fan-utensilien-sind-kein-privileg\/#primaryimage\"},\"thumbnailUrl\":\"https:\/\/www.fanprojekt-muenster.de\/wordpress\/wp-content\/uploads\/2019\/05\/Logo_FP-400x300.jpg\",\"articleSection\":{\"0\":\"Aktuelles\",\"2\":\"Spieltage\"},\"inLanguage\":\"de\"},{\"@type\":\"WebPage\",\"@id\":\"https:\/\/www.fanprojekt-muenster.de\/wordpress\/fan-utensilien-sind-kein-privileg\/\",\"url\":\"https:\/\/www.fanprojekt-muenster.de\/wordpress\/fan-utensilien-sind-kein-privileg\/\",\"name\":\"Fan-Utensilien sind kein Privileg! - Fangemeinschaft Preu\u00dfen M\u00fcnster e. V.\",\"isPartOf\":{\"@id\":\"https:\/\/www.fanprojekt-muenster.de\/wordpress\/#website\"},\"primaryImageOfPage\":{\"@id\":\"https:\/\/www.fanprojekt-muenster.de\/wordpress\/fan-utensilien-sind-kein-privileg\/#primaryimage\"},\"image\":{\"@id\":\"https:\/\/www.fanprojekt-muenster.de\/wordpress\/fan-utensilien-sind-kein-privileg\/#primaryimage\"},\"thumbnailUrl\":\"https:\/\/www.fanprojekt-muenster.de\/wordpress\/wp-content\/uploads\/2019\/05\/Logo_FP-400x300.jpg\",\"datePublished\":\"2019-05-13T13:04:33+00:00\",\"dateModified\":\"2019-07-07T11:48:37+00:00\",\"breadcrumb\":{\"@id\":\"https:\/\/www.fanprojekt-muenster.de\/wordpress\/fan-utensilien-sind-kein-privileg\/#breadcrumb\"},\"inLanguage\":\"de\",\"potentialAction\":[{\"@type\":\"ReadAction\",\"target\":[\"https:\/\/www.fanprojekt-muenster.de\/wordpress\/fan-utensilien-sind-kein-privileg\/\"]}]},{\"@type\":\"ImageObject\",\"inLanguage\":\"de\",\"@id\":\"https:\/\/www.fanprojekt-muenster.de\/wordpress\/fan-utensilien-sind-kein-privileg\/#primaryimage\",\"url\":\"https:\/\/www.fanprojekt-muenster.de\/wordpress\/wp-content\/uploads\/2019\/05\/Logo_FP-400x300.jpg\",\"contentUrl\":\"https:\/\/www.fanprojekt-muenster.de\/wordpress\/wp-content\/uploads\/2019\/05\/Logo_FP-400x300.jpg\",\"width\":400,\"height\":300},{\"@type\":\"BreadcrumbList\",\"@id\":\"https:\/\/www.fanprojekt-muenster.de\/wordpress\/fan-utensilien-sind-kein-privileg\/#breadcrumb\",\"itemListElement\":[{\"@type\":\"ListItem\",\"position\":1,\"name\":\"Startseite\",\"item\":\"https:\/\/www.fanprojekt-muenster.de\/wordpress\/\"},{\"@type\":\"ListItem\",\"position\":2,\"name\":\"Fan-Utensilien sind kein Privileg!\"}]},{\"@type\":\"WebSite\",\"@id\":\"https:\/\/www.fanprojekt-muenster.de\/wordpress\/#website\",\"url\":\"https:\/\/www.fanprojekt-muenster.de\/wordpress\/\",\"name\":\"Fangemeinschaft Preu\u00dfen M\u00fcnster e. V.\",\"description\":\"\",\"publisher\":{\"@id\":\"https:\/\/www.fanprojekt-muenster.de\/wordpress\/#organization\"},\"potentialAction\":[{\"@type\":\"SearchAction\",\"target\":{\"@type\":\"EntryPoint\",\"urlTemplate\":\"https:\/\/www.fanprojekt-muenster.de\/wordpress\/?s={search_term_string}\"},\"query-input\":{\"@type\":\"PropertyValueSpecification\",\"valueRequired\":true,\"valueName\":\"search_term_string\"}}],\"inLanguage\":\"de\"},{\"@type\":\"Organization\",\"@id\":\"https:\/\/www.fanprojekt-muenster.de\/wordpress\/#organization\",\"name\":\"Fangemeinschaft Preu\u00dfen M\u00fcnster e. V.\",\"url\":\"https:\/\/www.fanprojekt-muenster.de\/wordpress\/\",\"logo\":{\"@type\":\"ImageObject\",\"inLanguage\":\"de\",\"@id\":\"https:\/\/www.fanprojekt-muenster.de\/wordpress\/#\/schema\/logo\/image\/\",\"url\":\"https:\/\/www.fanprojekt-muenster.de\/wordpress\/wp-content\/uploads\/2019\/07\/cropped-Website_Logo3-9.png\",\"contentUrl\":\"https:\/\/www.fanprojekt-muenster.de\/wordpress\/wp-content\/uploads\/2019\/07\/cropped-Website_Logo3-9.png\",\"width\":224,\"height\":42,\"caption\":\"Fangemeinschaft Preu\u00dfen M\u00fcnster e. V.\"},\"image\":{\"@id\":\"https:\/\/www.fanprojekt-muenster.de\/wordpress\/#\/schema\/logo\/image\/\"}},{\"@type\":\"Person\",\"@id\":\"https:\/\/www.fanprojekt-muenster.de\/wordpress\/#\/schema\/person\/907994394342a6ba0f1be4c546ed7d09\",\"name\":\"508\",\"url\":\"https:\/\/www.fanprojekt-muenster.de\/wordpress\/author\/508\/\"}]}<\/script>\n<!-- \/ Yoast SEO plugin. -->","yoast_head_json":{"title":"Fan-Utensilien sind kein Privileg! - Fangemeinschaft Preu\u00dfen M\u00fcnster e. V.","robots":{"index":"index","follow":"follow","max-snippet":"max-snippet:-1","max-image-preview":"max-image-preview:large","max-video-preview":"max-video-preview:-1"},"canonical":"https:\/\/www.fanprojekt-muenster.de\/wordpress\/fan-utensilien-sind-kein-privileg\/","og_locale":"de_DE","og_type":"article","og_title":"Fan-Utensilien sind kein Privileg! - Fangemeinschaft Preu\u00dfen M\u00fcnster e. V.","og_description":"F\u00fcr die letzten beiden Heimspiele der Saison wurde der aktiven Fanszene in Block O die Verwendung jeglichen Materials wie Fahnen, Trommeln und Megaphone untersagt. Nach dem das Verbot gegen Gro\u00dfaspach... Read more &raquo;","og_url":"https:\/\/www.fanprojekt-muenster.de\/wordpress\/fan-utensilien-sind-kein-privileg\/","og_site_name":"Fangemeinschaft Preu\u00dfen M\u00fcnster e. V.","article_published_time":"2019-05-13T13:04:33+00:00","article_modified_time":"2019-07-07T11:48:37+00:00","og_image":[{"width":400,"height":300,"url":"https:\/\/www.fanprojekt-muenster.de\/wordpress\/wp-content\/uploads\/2019\/05\/Logo_FP-400x300.jpg","type":"image\/jpeg"}],"author":"508","twitter_card":"summary_large_image","twitter_misc":{"Verfasst von":"508","Gesch\u00e4tzte Lesezeit":"1\u00a0Minute"},"schema":{"@context":"https:\/\/schema.org","@graph":[{"@type":"Article","@id":"https:\/\/www.fanprojekt-muenster.de\/wordpress\/fan-utensilien-sind-kein-privileg\/#article","isPartOf":{"@id":"https:\/\/www.fanprojekt-muenster.de\/wordpress\/fan-utensilien-sind-kein-privileg\/"},"author":{"name":"508","@id":"https:\/\/www.fanprojekt-muenster.de\/wordpress\/#\/schema\/person\/907994394342a6ba0f1be4c546ed7d09"},"headline":"Fan-Utensilien sind kein Privileg!","datePublished":"2019-05-13T13:04:33+00:00","dateModified":"2019-07-07T11:48:37+00:00","mainEntityOfPage":{"@id":"https:\/\/www.fanprojekt-muenster.de\/wordpress\/fan-utensilien-sind-kein-privileg\/"},"wordCount":261,"publisher":{"@id":"https:\/\/www.fanprojekt-muenster.de\/wordpress\/#organization"},"image":{"@id":"https:\/\/www.fanprojekt-muenster.de\/wordpress\/fan-utensilien-sind-kein-privileg\/#primaryimage"},"thumbnailUrl":"https:\/\/www.fanprojekt-muenster.de\/wordpress\/wp-content\/uploads\/2019\/05\/Logo_FP-400x300.jpg","articleSection":{"0":"Aktuelles","2":"Spieltage"},"inLanguage":"de"},{"@type":"WebPage","@id":"https:\/\/www.fanprojekt-muenster.de\/wordpress\/fan-utensilien-sind-kein-privileg\/","url":"https:\/\/www.fanprojekt-muenster.de\/wordpress\/fan-utensilien-sind-kein-privileg\/","name":"Fan-Utensilien sind kein Privileg! - Fangemeinschaft Preu\u00dfen M\u00fcnster e. V.","isPartOf":{"@id":"https:\/\/www.fanprojekt-muenster.de\/wordpress\/#website"},"primaryImageOfPage":{"@id":"https:\/\/www.fanprojekt-muenster.de\/wordpress\/fan-utensilien-sind-kein-privileg\/#primaryimage"},"image":{"@id":"https:\/\/www.fanprojekt-muenster.de\/wordpress\/fan-utensilien-sind-kein-privileg\/#primaryimage"},"thumbnailUrl":"https:\/\/www.fanprojekt-muenster.de\/wordpress\/wp-content\/uploads\/2019\/05\/Logo_FP-400x300.jpg","datePublished":"2019-05-13T13:04:33+00:00","dateModified":"2019-07-07T11:48:37+00:00","breadcrumb":{"@id":"https:\/\/www.fanprojekt-muenster.de\/wordpress\/fan-utensilien-sind-kein-privileg\/#breadcrumb"},"inLanguage":"de","potentialAction":[{"@type":"ReadAction","target":["https:\/\/www.fanprojekt-muenster.de\/wordpress\/fan-utensilien-sind-kein-privileg\/"]}]},{"@type":"ImageObject","inLanguage":"de","@id":"https:\/\/www.fanprojekt-muenster.de\/wordpress\/fan-utensilien-sind-kein-privileg\/#primaryimage","url":"https:\/\/www.fanprojekt-muenster.de\/wordpress\/wp-content\/uploads\/2019\/05\/Logo_FP-400x300.jpg","contentUrl":"https:\/\/www.fanprojekt-muenster.de\/wordpress\/wp-content\/uploads\/2019\/05\/Logo_FP-400x300.jpg","width":400,"height":300},{"@type":"BreadcrumbList","@id":"https:\/\/www.fanprojekt-muenster.de\/wordpress\/fan-utensilien-sind-kein-privileg\/#breadcrumb","itemListElement":[{"@type":"ListItem","position":1,"name":"Startseite","item":"https:\/\/www.fanprojekt-muenster.de\/wordpress\/"},{"@type":"ListItem","position":2,"name":"Fan-Utensilien sind kein Privileg!"}]},{"@type":"WebSite","@id":"https:\/\/www.fanprojekt-muenster.de\/wordpress\/#website","url":"https:\/\/www.fanprojekt-muenster.de\/wordpress\/","name":"Fangemeinschaft Preu\u00dfen M\u00fcnster e. V.","description":"","publisher":{"@id":"https:\/\/www.fanprojekt-muenster.de\/wordpress\/#organization"},"potentialAction":[{"@type":"SearchAction","target":{"@type":"EntryPoint","urlTemplate":"https:\/\/www.fanprojekt-muenster.de\/wordpress\/?s={search_term_string}"},"query-input":{"@type":"PropertyValueSpecification","valueRequired":true,"valueName":"search_term_string"}}],"inLanguage":"de"},{"@type":"Organization","@id":"https:\/\/www.fanprojekt-muenster.de\/wordpress\/#organization","name":"Fangemeinschaft Preu\u00dfen M\u00fcnster e. V.","url":"https:\/\/www.fanprojekt-muenster.de\/wordpress\/","logo":{"@type":"ImageObject","inLanguage":"de","@id":"https:\/\/www.fanprojekt-muenster.de\/wordpress\/#\/schema\/logo\/image\/","url":"https:\/\/www.fanprojekt-muenster.de\/wordpress\/wp-content\/uploads\/2019\/07\/cropped-Website_Logo3-9.png","contentUrl":"https:\/\/www.fanprojekt-muenster.de\/wordpress\/wp-content\/uploads\/2019\/07\/cropped-Website_Logo3-9.png","width":224,"height":42,"caption":"Fangemeinschaft Preu\u00dfen M\u00fcnster e. V."},"image":{"@id":"https:\/\/www.fanprojekt-muenster.de\/wordpress\/#\/schema\/logo\/image\/"}},{"@type":"Person","@id":"https:\/\/www.fanprojekt-muenster.de\/wordpress\/#\/schema\/person\/907994394342a6ba0f1be4c546ed7d09","name":"508","url":"https:\/\/www.fanprojekt-muenster.de\/wordpress\/author\/508\/"}]}},"author_meta":{"display_name":"508","author_link":"https:\/\/www.fanprojekt-muenster.de\/wordpress\/author\/508\/"},"featured_img":"https:\/\/www.fanprojekt-muenster.de\/wordpress\/wp-content\/uploads\/2019\/05\/Logo_FP-400x300-300x225.jpg","coauthors":[],"tax_additional":{"categories":{"linked":["<a href=\"https:\/\/www.fanprojekt-muenster.de\/wordpress\/category\/aktuelles\/\" class=\"advgb-post-tax-term\">Aktuelles<\/a>","<a href=\"https:\/\/www.fanprojekt-muenster.de\/wordpress\/category\/allgemein\/\" class=\"advgb-post-tax-term\">Allgemein<\/a>","<a href=\"https:\/\/www.fanprojekt-muenster.de\/wordpress\/category\/spieltage\/\" class=\"advgb-post-tax-term\">Spieltage<\/a>"],"unlinked":["<span class=\"advgb-post-tax-term\">Aktuelles<\/span>","<span class=\"advgb-post-tax-term\">Allgemein<\/span>","<span class=\"advgb-post-tax-term\">Spieltage<\/span>"]}},"comment_count":"0","relative_dates":{"created":"Posted 7\u00a0Jahren ago","modified":"Updated 7\u00a0Jahren ago"},"absolute_dates":{"created":"Posted on 13. Mai 2019","modified":"Updated on 7. Juli 2019"},"absolute_dates_time":{"created":"Posted on 13. Mai 2019 15:04","modified":"Updated on 7. Juli 2019 13:48"},"featured_img_caption":"","series_order":"","_links":{"self":[{"href":"https:\/\/www.fanprojekt-muenster.de\/wordpress\/wp-json\/wp\/v2\/posts\/6064","targetHints":{"allow":["GET"]}}],"collection":[{"href":"https:\/\/www.fanprojekt-muenster.de\/wordpress\/wp-json\/wp\/v2\/posts"}],"about":[{"href":"https:\/\/www.fanprojekt-muenster.de\/wordpress\/wp-json\/wp\/v2\/types\/post"}],"author":[{"embeddable":true,"href":"https:\/\/www.fanprojekt-muenster.de\/wordpress\/wp-json\/wp\/v2\/users\/6"}],"replies":[{"embeddable":true,"href":"https:\/\/www.fanprojekt-muenster.de\/wordpress\/wp-json\/wp\/v2\/comments?post=6064"}],"version-history":[{"count":1,"href":"https:\/\/www.fanprojekt-muenster.de\/wordpress\/wp-json\/wp\/v2\/posts\/6064\/revisions"}],"predecessor-version":[{"id":6865,"href":"https:\/\/www.fanprojekt-muenster.de\/wordpress\/wp-json\/wp\/v2\/posts\/6064\/revisions\/6865"}],"wp:featuredmedia":[{"embeddable":true,"href":"https:\/\/www.fanprojekt-muenster.de\/wordpress\/wp-json\/wp\/v2\/media\/6864"}],"wp:attachment":[{"href":"https:\/\/www.fanprojekt-muenster.de\/wordpress\/wp-json\/wp\/v2\/media?parent=6064"}],"wp:term":[{"taxonomy":"category","embeddable":true,"href":"https:\/\/www.fanprojekt-muenster.de\/wordpress\/wp-json\/wp\/v2\/categories?post=6064"},{"taxonomy":"post_tag","embeddable":true,"href":"https:\/\/www.fanprojekt-muenster.de\/wordpress\/wp-json\/wp\/v2\/tags?post=6064"}],"curies":[{"name":"wp","href":"https:\/\/api.w.org\/{rel}","templated":true}]}}