{"id":6061,"date":"2019-05-07T21:39:06","date_gmt":"2019-05-07T19:39:06","guid":{"rendered":"http:\/\/www.fanprojekt-muenster.de\/wp\/?p=6061"},"modified":"2019-07-07T13:48:50","modified_gmt":"2019-07-07T11:48:50","slug":"reaktion-zur-aufgabe-des-block-k-an-die-gaestefans-des-karlsruher-sc","status":"publish","type":"post","link":"https:\/\/www.fanprojekt-muenster.de\/wordpress\/reaktion-zur-aufgabe-des-block-k-an-die-gaestefans-des-karlsruher-sc\/","title":{"rendered":"Reaktion zur Aufgabe des Block K an die G\u00e4stefans des Karlsruher SC"},"content":{"rendered":"<p>Lieber SC Preu\u00dfen,<\/p>\n<p>dass durch die 1500 zus\u00e4tzlich angek\u00fcndigten KSC-Fans sicherheitstechnische Probleme bestehen, ist sicher allen klar. Es kann aber doch keine L\u00f6sung sein die eigenen Fans aus dem angestammten Heimbereich zu \u201evertreiben\u201c damit dort die G\u00e4stefans Platz finden.<br \/>\nWas ist das f\u00fcr ein Zeichen?<\/p>\n<p>M\u00f6chte man nun bei allen Spielen, bei denen mehr G\u00e4stefans anreisen wollen als Karten zur Verf\u00fcgung stehen, die eigenen Fans in andere Bereiche des Stadions verlagern? Das aktuelle Vorgehen ist doch geradezu eine Einladung f\u00fcr alle G\u00e4ste-Teams die eine sehr gro\u00dfe Fanszene haben.<\/p>\n<p>Und das Ganze beschriebt eindrucksvoll die Beziehung zu den eigenen Fans. Man zeigt gerade klar, wir k\u00f6nnen es ja mit euch machen. Wir brauchen den Platz, also habt ihr da zu verschwinden.<\/p>\n<p>Wir appellieren eindringlich an den SCP, die Entscheidung r\u00fcckg\u00e4ngig zu machen.<\/p>\n<p>Denn ein Besuch im Stadion ist auch ein Treffen mit Freunden und Bekannten. Gerade im letzten Heimspiel werden die treuen Preu\u00dfenfans aus dem K-Block verstreut, k\u00f6nnen nicht wie gewohnt gemeinsam den SCP anfeuern, sondern sind fremd im eigenen Stadion. Geht man so mit den eigenen Fans und treuen Dauerkarteninhabern um?<\/p>\n<p>G\u00e4stefans geh\u00f6ren in den G\u00e4steblock!<br \/>\nG\u00e4stefans mit Eintrittskarten f\u00fcr den Heimblock m\u00fcssen abgewiesen werden!<\/p>\n","protected":false},"excerpt":{"rendered":"<p>Lieber SC Preu\u00dfen, dass durch die 1500 zus\u00e4tzlich angek\u00fcndigten KSC-Fans sicherheitstechnische Probleme bestehen, ist sicher allen klar. Es kann aber doch keine L\u00f6sung sein die eigenen Fans aus dem angestammten&#8230; <a class=\"read-more-link\" href=\"https:\/\/www.fanprojekt-muenster.de\/wordpress\/reaktion-zur-aufgabe-des-block-k-an-die-gaestefans-des-karlsruher-sc\/\">Read more &raquo;<\/a><\/p>\n","protected":false},"author":1,"featured_media":6859,"comment_status":"closed","ping_status":"closed","sticky":false,"template":"","format":"standard","meta":{"advgb_blocks_editor_width":"","advgb_blocks_columns_visual_guide":"","footnotes":""},"categories":[3,1],"tags":[],"class_list":["post-6061","post","type-post","status-publish","format-standard","has-post-thumbnail","hentry","category-aktuelles","category-allgemein"],"featured_image_src":"https:\/\/www.fanprojekt-muenster.de\/wordpress\/wp-content\/uploads\/2019\/07\/Preussenadler_FP-1024x1024-400x300.png","author_info":{"display_name":"DST","author_link":"https:\/\/www.fanprojekt-muenster.de\/wordpress\/author\/dst\/"},"yoast_head":"<!-- This site is optimized with the Yoast SEO plugin v27.2 - https:\/\/yoast.com\/product\/yoast-seo-wordpress\/ -->\n<title>Reaktion zur Aufgabe des Block K an die G\u00e4stefans des Karlsruher SC - Fangemeinschaft Preu\u00dfen M\u00fcnster e. V.<\/title>\n<meta name=\"robots\" content=\"index, follow, max-snippet:-1, max-image-preview:large, max-video-preview:-1\" \/>\n<link rel=\"canonical\" href=\"https:\/\/www.fanprojekt-muenster.de\/wordpress\/reaktion-zur-aufgabe-des-block-k-an-die-gaestefans-des-karlsruher-sc\/\" \/>\n<meta property=\"og:locale\" content=\"de_DE\" \/>\n<meta property=\"og:type\" content=\"article\" \/>\n<meta property=\"og:title\" content=\"Reaktion zur Aufgabe des Block K an die G\u00e4stefans des Karlsruher SC - Fangemeinschaft Preu\u00dfen M\u00fcnster e. V.\" \/>\n<meta property=\"og:description\" content=\"Lieber SC Preu\u00dfen, dass durch die 1500 zus\u00e4tzlich angek\u00fcndigten KSC-Fans sicherheitstechnische Probleme bestehen, ist sicher allen klar. Es kann aber doch keine L\u00f6sung sein die eigenen Fans aus dem angestammten... Read more &raquo;\" \/>\n<meta property=\"og:url\" content=\"https:\/\/www.fanprojekt-muenster.de\/wordpress\/reaktion-zur-aufgabe-des-block-k-an-die-gaestefans-des-karlsruher-sc\/\" \/>\n<meta property=\"og:site_name\" content=\"Fangemeinschaft Preu\u00dfen M\u00fcnster e. V.\" \/>\n<meta property=\"article:published_time\" content=\"2019-05-07T19:39:06+00:00\" \/>\n<meta property=\"article:modified_time\" content=\"2019-07-07T11:48:50+00:00\" \/>\n<meta property=\"og:image\" content=\"https:\/\/www.fanprojekt-muenster.de\/wordpress\/wp-content\/uploads\/2019\/07\/Preussenadler_FP-1024x1024-400x300.png\" \/>\n\t<meta property=\"og:image:width\" content=\"400\" \/>\n\t<meta property=\"og:image:height\" content=\"300\" \/>\n\t<meta property=\"og:image:type\" content=\"image\/png\" \/>\n<meta name=\"author\" content=\"DST\" \/>\n<meta name=\"twitter:card\" content=\"summary_large_image\" \/>\n<meta name=\"twitter:label1\" content=\"Verfasst von\" \/>\n\t<meta name=\"twitter:data1\" content=\"DST\" \/>\n\t<meta name=\"twitter:label2\" content=\"Gesch\u00e4tzte Lesezeit\" \/>\n\t<meta name=\"twitter:data2\" content=\"1\u00a0Minute\" \/>\n<script type=\"application\/ld+json\" class=\"yoast-schema-graph\">{\"@context\":\"https:\/\/schema.org\",\"@graph\":[{\"@type\":\"Article\",\"@id\":\"https:\/\/www.fanprojekt-muenster.de\/wordpress\/reaktion-zur-aufgabe-des-block-k-an-die-gaestefans-des-karlsruher-sc\/#article\",\"isPartOf\":{\"@id\":\"https:\/\/www.fanprojekt-muenster.de\/wordpress\/reaktion-zur-aufgabe-des-block-k-an-die-gaestefans-des-karlsruher-sc\/\"},\"author\":{\"name\":\"DST\",\"@id\":\"https:\/\/www.fanprojekt-muenster.de\/wordpress\/#\/schema\/person\/eed51304a869b4de494727cd2e0c8203\"},\"headline\":\"Reaktion zur Aufgabe des Block K an die G\u00e4stefans des Karlsruher SC\",\"datePublished\":\"2019-05-07T19:39:06+00:00\",\"dateModified\":\"2019-07-07T11:48:50+00:00\",\"mainEntityOfPage\":{\"@id\":\"https:\/\/www.fanprojekt-muenster.de\/wordpress\/reaktion-zur-aufgabe-des-block-k-an-die-gaestefans-des-karlsruher-sc\/\"},\"wordCount\":230,\"publisher\":{\"@id\":\"https:\/\/www.fanprojekt-muenster.de\/wordpress\/#organization\"},\"image\":{\"@id\":\"https:\/\/www.fanprojekt-muenster.de\/wordpress\/reaktion-zur-aufgabe-des-block-k-an-die-gaestefans-des-karlsruher-sc\/#primaryimage\"},\"thumbnailUrl\":\"https:\/\/www.fanprojekt-muenster.de\/wordpress\/wp-content\/uploads\/2019\/07\/Preussenadler_FP-1024x1024-400x300.png\",\"articleSection\":[\"Aktuelles\"],\"inLanguage\":\"de\"},{\"@type\":\"WebPage\",\"@id\":\"https:\/\/www.fanprojekt-muenster.de\/wordpress\/reaktion-zur-aufgabe-des-block-k-an-die-gaestefans-des-karlsruher-sc\/\",\"url\":\"https:\/\/www.fanprojekt-muenster.de\/wordpress\/reaktion-zur-aufgabe-des-block-k-an-die-gaestefans-des-karlsruher-sc\/\",\"name\":\"Reaktion zur Aufgabe des Block K an die G\u00e4stefans des Karlsruher SC - Fangemeinschaft Preu\u00dfen M\u00fcnster e. V.\",\"isPartOf\":{\"@id\":\"https:\/\/www.fanprojekt-muenster.de\/wordpress\/#website\"},\"primaryImageOfPage\":{\"@id\":\"https:\/\/www.fanprojekt-muenster.de\/wordpress\/reaktion-zur-aufgabe-des-block-k-an-die-gaestefans-des-karlsruher-sc\/#primaryimage\"},\"image\":{\"@id\":\"https:\/\/www.fanprojekt-muenster.de\/wordpress\/reaktion-zur-aufgabe-des-block-k-an-die-gaestefans-des-karlsruher-sc\/#primaryimage\"},\"thumbnailUrl\":\"https:\/\/www.fanprojekt-muenster.de\/wordpress\/wp-content\/uploads\/2019\/07\/Preussenadler_FP-1024x1024-400x300.png\",\"datePublished\":\"2019-05-07T19:39:06+00:00\",\"dateModified\":\"2019-07-07T11:48:50+00:00\",\"breadcrumb\":{\"@id\":\"https:\/\/www.fanprojekt-muenster.de\/wordpress\/reaktion-zur-aufgabe-des-block-k-an-die-gaestefans-des-karlsruher-sc\/#breadcrumb\"},\"inLanguage\":\"de\",\"potentialAction\":[{\"@type\":\"ReadAction\",\"target\":[\"https:\/\/www.fanprojekt-muenster.de\/wordpress\/reaktion-zur-aufgabe-des-block-k-an-die-gaestefans-des-karlsruher-sc\/\"]}]},{\"@type\":\"ImageObject\",\"inLanguage\":\"de\",\"@id\":\"https:\/\/www.fanprojekt-muenster.de\/wordpress\/reaktion-zur-aufgabe-des-block-k-an-die-gaestefans-des-karlsruher-sc\/#primaryimage\",\"url\":\"https:\/\/www.fanprojekt-muenster.de\/wordpress\/wp-content\/uploads\/2019\/07\/Preussenadler_FP-1024x1024-400x300.png\",\"contentUrl\":\"https:\/\/www.fanprojekt-muenster.de\/wordpress\/wp-content\/uploads\/2019\/07\/Preussenadler_FP-1024x1024-400x300.png\",\"width\":400,\"height\":300},{\"@type\":\"BreadcrumbList\",\"@id\":\"https:\/\/www.fanprojekt-muenster.de\/wordpress\/reaktion-zur-aufgabe-des-block-k-an-die-gaestefans-des-karlsruher-sc\/#breadcrumb\",\"itemListElement\":[{\"@type\":\"ListItem\",\"position\":1,\"name\":\"Startseite\",\"item\":\"https:\/\/www.fanprojekt-muenster.de\/wordpress\/\"},{\"@type\":\"ListItem\",\"position\":2,\"name\":\"Reaktion zur Aufgabe des Block K an die G\u00e4stefans des Karlsruher SC\"}]},{\"@type\":\"WebSite\",\"@id\":\"https:\/\/www.fanprojekt-muenster.de\/wordpress\/#website\",\"url\":\"https:\/\/www.fanprojekt-muenster.de\/wordpress\/\",\"name\":\"Fangemeinschaft Preu\u00dfen M\u00fcnster e. V.\",\"description\":\"\",\"publisher\":{\"@id\":\"https:\/\/www.fanprojekt-muenster.de\/wordpress\/#organization\"},\"potentialAction\":[{\"@type\":\"SearchAction\",\"target\":{\"@type\":\"EntryPoint\",\"urlTemplate\":\"https:\/\/www.fanprojekt-muenster.de\/wordpress\/?s={search_term_string}\"},\"query-input\":{\"@type\":\"PropertyValueSpecification\",\"valueRequired\":true,\"valueName\":\"search_term_string\"}}],\"inLanguage\":\"de\"},{\"@type\":\"Organization\",\"@id\":\"https:\/\/www.fanprojekt-muenster.de\/wordpress\/#organization\",\"name\":\"Fangemeinschaft Preu\u00dfen M\u00fcnster e. V.\",\"url\":\"https:\/\/www.fanprojekt-muenster.de\/wordpress\/\",\"logo\":{\"@type\":\"ImageObject\",\"inLanguage\":\"de\",\"@id\":\"https:\/\/www.fanprojekt-muenster.de\/wordpress\/#\/schema\/logo\/image\/\",\"url\":\"https:\/\/www.fanprojekt-muenster.de\/wordpress\/wp-content\/uploads\/2019\/07\/cropped-Website_Logo3-9.png\",\"contentUrl\":\"https:\/\/www.fanprojekt-muenster.de\/wordpress\/wp-content\/uploads\/2019\/07\/cropped-Website_Logo3-9.png\",\"width\":224,\"height\":42,\"caption\":\"Fangemeinschaft Preu\u00dfen M\u00fcnster e. V.\"},\"image\":{\"@id\":\"https:\/\/www.fanprojekt-muenster.de\/wordpress\/#\/schema\/logo\/image\/\"}},{\"@type\":\"Person\",\"@id\":\"https:\/\/www.fanprojekt-muenster.de\/wordpress\/#\/schema\/person\/eed51304a869b4de494727cd2e0c8203\",\"name\":\"DST\",\"url\":\"https:\/\/www.fanprojekt-muenster.de\/wordpress\/author\/dst\/\"}]}<\/script>\n<!-- \/ Yoast SEO plugin. -->","yoast_head_json":{"title":"Reaktion zur Aufgabe des Block K an die G\u00e4stefans des Karlsruher SC - Fangemeinschaft Preu\u00dfen M\u00fcnster e. V.","robots":{"index":"index","follow":"follow","max-snippet":"max-snippet:-1","max-image-preview":"max-image-preview:large","max-video-preview":"max-video-preview:-1"},"canonical":"https:\/\/www.fanprojekt-muenster.de\/wordpress\/reaktion-zur-aufgabe-des-block-k-an-die-gaestefans-des-karlsruher-sc\/","og_locale":"de_DE","og_type":"article","og_title":"Reaktion zur Aufgabe des Block K an die G\u00e4stefans des Karlsruher SC - Fangemeinschaft Preu\u00dfen M\u00fcnster e. V.","og_description":"Lieber SC Preu\u00dfen, dass durch die 1500 zus\u00e4tzlich angek\u00fcndigten KSC-Fans sicherheitstechnische Probleme bestehen, ist sicher allen klar. Es kann aber doch keine L\u00f6sung sein die eigenen Fans aus dem angestammten... Read more &raquo;","og_url":"https:\/\/www.fanprojekt-muenster.de\/wordpress\/reaktion-zur-aufgabe-des-block-k-an-die-gaestefans-des-karlsruher-sc\/","og_site_name":"Fangemeinschaft Preu\u00dfen M\u00fcnster e. V.","article_published_time":"2019-05-07T19:39:06+00:00","article_modified_time":"2019-07-07T11:48:50+00:00","og_image":[{"width":400,"height":300,"url":"https:\/\/www.fanprojekt-muenster.de\/wordpress\/wp-content\/uploads\/2019\/07\/Preussenadler_FP-1024x1024-400x300.png","type":"image\/png"}],"author":"DST","twitter_card":"summary_large_image","twitter_misc":{"Verfasst von":"DST","Gesch\u00e4tzte Lesezeit":"1\u00a0Minute"},"schema":{"@context":"https:\/\/schema.org","@graph":[{"@type":"Article","@id":"https:\/\/www.fanprojekt-muenster.de\/wordpress\/reaktion-zur-aufgabe-des-block-k-an-die-gaestefans-des-karlsruher-sc\/#article","isPartOf":{"@id":"https:\/\/www.fanprojekt-muenster.de\/wordpress\/reaktion-zur-aufgabe-des-block-k-an-die-gaestefans-des-karlsruher-sc\/"},"author":{"name":"DST","@id":"https:\/\/www.fanprojekt-muenster.de\/wordpress\/#\/schema\/person\/eed51304a869b4de494727cd2e0c8203"},"headline":"Reaktion zur Aufgabe des Block K an die G\u00e4stefans des Karlsruher SC","datePublished":"2019-05-07T19:39:06+00:00","dateModified":"2019-07-07T11:48:50+00:00","mainEntityOfPage":{"@id":"https:\/\/www.fanprojekt-muenster.de\/wordpress\/reaktion-zur-aufgabe-des-block-k-an-die-gaestefans-des-karlsruher-sc\/"},"wordCount":230,"publisher":{"@id":"https:\/\/www.fanprojekt-muenster.de\/wordpress\/#organization"},"image":{"@id":"https:\/\/www.fanprojekt-muenster.de\/wordpress\/reaktion-zur-aufgabe-des-block-k-an-die-gaestefans-des-karlsruher-sc\/#primaryimage"},"thumbnailUrl":"https:\/\/www.fanprojekt-muenster.de\/wordpress\/wp-content\/uploads\/2019\/07\/Preussenadler_FP-1024x1024-400x300.png","articleSection":["Aktuelles"],"inLanguage":"de"},{"@type":"WebPage","@id":"https:\/\/www.fanprojekt-muenster.de\/wordpress\/reaktion-zur-aufgabe-des-block-k-an-die-gaestefans-des-karlsruher-sc\/","url":"https:\/\/www.fanprojekt-muenster.de\/wordpress\/reaktion-zur-aufgabe-des-block-k-an-die-gaestefans-des-karlsruher-sc\/","name":"Reaktion zur Aufgabe des Block K an die G\u00e4stefans des Karlsruher SC - Fangemeinschaft Preu\u00dfen M\u00fcnster e. V.","isPartOf":{"@id":"https:\/\/www.fanprojekt-muenster.de\/wordpress\/#website"},"primaryImageOfPage":{"@id":"https:\/\/www.fanprojekt-muenster.de\/wordpress\/reaktion-zur-aufgabe-des-block-k-an-die-gaestefans-des-karlsruher-sc\/#primaryimage"},"image":{"@id":"https:\/\/www.fanprojekt-muenster.de\/wordpress\/reaktion-zur-aufgabe-des-block-k-an-die-gaestefans-des-karlsruher-sc\/#primaryimage"},"thumbnailUrl":"https:\/\/www.fanprojekt-muenster.de\/wordpress\/wp-content\/uploads\/2019\/07\/Preussenadler_FP-1024x1024-400x300.png","datePublished":"2019-05-07T19:39:06+00:00","dateModified":"2019-07-07T11:48:50+00:00","breadcrumb":{"@id":"https:\/\/www.fanprojekt-muenster.de\/wordpress\/reaktion-zur-aufgabe-des-block-k-an-die-gaestefans-des-karlsruher-sc\/#breadcrumb"},"inLanguage":"de","potentialAction":[{"@type":"ReadAction","target":["https:\/\/www.fanprojekt-muenster.de\/wordpress\/reaktion-zur-aufgabe-des-block-k-an-die-gaestefans-des-karlsruher-sc\/"]}]},{"@type":"ImageObject","inLanguage":"de","@id":"https:\/\/www.fanprojekt-muenster.de\/wordpress\/reaktion-zur-aufgabe-des-block-k-an-die-gaestefans-des-karlsruher-sc\/#primaryimage","url":"https:\/\/www.fanprojekt-muenster.de\/wordpress\/wp-content\/uploads\/2019\/07\/Preussenadler_FP-1024x1024-400x300.png","contentUrl":"https:\/\/www.fanprojekt-muenster.de\/wordpress\/wp-content\/uploads\/2019\/07\/Preussenadler_FP-1024x1024-400x300.png","width":400,"height":300},{"@type":"BreadcrumbList","@id":"https:\/\/www.fanprojekt-muenster.de\/wordpress\/reaktion-zur-aufgabe-des-block-k-an-die-gaestefans-des-karlsruher-sc\/#breadcrumb","itemListElement":[{"@type":"ListItem","position":1,"name":"Startseite","item":"https:\/\/www.fanprojekt-muenster.de\/wordpress\/"},{"@type":"ListItem","position":2,"name":"Reaktion zur Aufgabe des Block K an die G\u00e4stefans des Karlsruher SC"}]},{"@type":"WebSite","@id":"https:\/\/www.fanprojekt-muenster.de\/wordpress\/#website","url":"https:\/\/www.fanprojekt-muenster.de\/wordpress\/","name":"Fangemeinschaft Preu\u00dfen M\u00fcnster e. V.","description":"","publisher":{"@id":"https:\/\/www.fanprojekt-muenster.de\/wordpress\/#organization"},"potentialAction":[{"@type":"SearchAction","target":{"@type":"EntryPoint","urlTemplate":"https:\/\/www.fanprojekt-muenster.de\/wordpress\/?s={search_term_string}"},"query-input":{"@type":"PropertyValueSpecification","valueRequired":true,"valueName":"search_term_string"}}],"inLanguage":"de"},{"@type":"Organization","@id":"https:\/\/www.fanprojekt-muenster.de\/wordpress\/#organization","name":"Fangemeinschaft Preu\u00dfen M\u00fcnster e. V.","url":"https:\/\/www.fanprojekt-muenster.de\/wordpress\/","logo":{"@type":"ImageObject","inLanguage":"de","@id":"https:\/\/www.fanprojekt-muenster.de\/wordpress\/#\/schema\/logo\/image\/","url":"https:\/\/www.fanprojekt-muenster.de\/wordpress\/wp-content\/uploads\/2019\/07\/cropped-Website_Logo3-9.png","contentUrl":"https:\/\/www.fanprojekt-muenster.de\/wordpress\/wp-content\/uploads\/2019\/07\/cropped-Website_Logo3-9.png","width":224,"height":42,"caption":"Fangemeinschaft Preu\u00dfen M\u00fcnster e. V."},"image":{"@id":"https:\/\/www.fanprojekt-muenster.de\/wordpress\/#\/schema\/logo\/image\/"}},{"@type":"Person","@id":"https:\/\/www.fanprojekt-muenster.de\/wordpress\/#\/schema\/person\/eed51304a869b4de494727cd2e0c8203","name":"DST","url":"https:\/\/www.fanprojekt-muenster.de\/wordpress\/author\/dst\/"}]}},"author_meta":{"display_name":"DST","author_link":"https:\/\/www.fanprojekt-muenster.de\/wordpress\/author\/dst\/"},"featured_img":"https:\/\/www.fanprojekt-muenster.de\/wordpress\/wp-content\/uploads\/2019\/07\/Preussenadler_FP-1024x1024-400x300-300x225.png","coauthors":[],"tax_additional":{"categories":{"linked":["<a href=\"https:\/\/www.fanprojekt-muenster.de\/wordpress\/category\/aktuelles\/\" class=\"advgb-post-tax-term\">Aktuelles<\/a>","<a href=\"https:\/\/www.fanprojekt-muenster.de\/wordpress\/category\/allgemein\/\" class=\"advgb-post-tax-term\">Allgemein<\/a>"],"unlinked":["<span class=\"advgb-post-tax-term\">Aktuelles<\/span>","<span class=\"advgb-post-tax-term\">Allgemein<\/span>"]}},"comment_count":"0","relative_dates":{"created":"Posted 7\u00a0Jahren ago","modified":"Updated 7\u00a0Jahren ago"},"absolute_dates":{"created":"Posted on 7. Mai 2019","modified":"Updated on 7. Juli 2019"},"absolute_dates_time":{"created":"Posted on 7. Mai 2019 21:39","modified":"Updated on 7. Juli 2019 13:48"},"featured_img_caption":"","series_order":"","_links":{"self":[{"href":"https:\/\/www.fanprojekt-muenster.de\/wordpress\/wp-json\/wp\/v2\/posts\/6061","targetHints":{"allow":["GET"]}}],"collection":[{"href":"https:\/\/www.fanprojekt-muenster.de\/wordpress\/wp-json\/wp\/v2\/posts"}],"about":[{"href":"https:\/\/www.fanprojekt-muenster.de\/wordpress\/wp-json\/wp\/v2\/types\/post"}],"author":[{"embeddable":true,"href":"https:\/\/www.fanprojekt-muenster.de\/wordpress\/wp-json\/wp\/v2\/users\/1"}],"replies":[{"embeddable":true,"href":"https:\/\/www.fanprojekt-muenster.de\/wordpress\/wp-json\/wp\/v2\/comments?post=6061"}],"version-history":[{"count":1,"href":"https:\/\/www.fanprojekt-muenster.de\/wordpress\/wp-json\/wp\/v2\/posts\/6061\/revisions"}],"predecessor-version":[{"id":6866,"href":"https:\/\/www.fanprojekt-muenster.de\/wordpress\/wp-json\/wp\/v2\/posts\/6061\/revisions\/6866"}],"wp:featuredmedia":[{"embeddable":true,"href":"https:\/\/www.fanprojekt-muenster.de\/wordpress\/wp-json\/wp\/v2\/media\/6859"}],"wp:attachment":[{"href":"https:\/\/www.fanprojekt-muenster.de\/wordpress\/wp-json\/wp\/v2\/media?parent=6061"}],"wp:term":[{"taxonomy":"category","embeddable":true,"href":"https:\/\/www.fanprojekt-muenster.de\/wordpress\/wp-json\/wp\/v2\/categories?post=6061"},{"taxonomy":"post_tag","embeddable":true,"href":"https:\/\/www.fanprojekt-muenster.de\/wordpress\/wp-json\/wp\/v2\/tags?post=6061"}],"curies":[{"name":"wp","href":"https:\/\/api.w.org\/{rel}","templated":true}]}}