{"id":6029,"date":"2019-04-11T22:45:16","date_gmt":"2019-04-11T20:45:16","guid":{"rendered":"http:\/\/www.fanprojekt-muenster.de\/wp\/?p=6029"},"modified":"2019-07-07T13:49:34","modified_gmt":"2019-07-07T11:49:34","slug":"abfahrt-0345-uhr-am-gleis-4","status":"publish","type":"post","link":"https:\/\/www.fanprojekt-muenster.de\/wordpress\/abfahrt-0345-uhr-am-gleis-4\/","title":{"rendered":"Abfahrt 03:45 Uhr am Gleis 4!"},"content":{"rendered":"<p>Samstag Fr\u00fch (13.04.2019), mitten in der Nacht, startet der Sonderzug mit \u00fcber 500 Preu\u00dfenfans nach M\u00fcnchen. Um 03:45 Uhr hei\u00dft es Abfahrt ab Gleis 4 vom Hauptbahnhof in M\u00fcnster.<\/p>\n<p>Alle Mitfahrer sollten fr\u00fchzeitig am Gleis sein, weil der Zug p\u00fcnktlich abfahren wird. Wir k\u00f6nnen auf niemanden warten.<br \/>\nAb 03:41 Uhr steht der Sonderzug bereit um einzusteigen. Seid aber besser schon um 03:30 Uhr da. Also lieber auf Nummer sicher gehen!<br \/>\nF\u00fcr den Einstieg in den Zug muss jeder Mitfahrer das ausgeh\u00e4ndigte Armb\u00e4ndchen tragen. Andernfalls wird der Zutritt verwehrt. Wer kein Armb\u00e4ndchen und keine Fahrkarte hat, braucht nicht zu kommen, weil der Zug voll ist.<\/p>\n<p>Zur Orientierung haltet euch an die <a attid=\"6030\" href=\"http:\/\/www.fanprojekt-muenster.de\/wp\/wp-content\/uploads\/2019\/04\/Aushang_Bahnsteig.pdf\">ungef\u00e4hren Angaben des Bahnsteig-Bereichs<\/a>: In M\u00fcnster wird der Wagen 08 eher in Bereich A sein, Wagen 01 in D. Die Datei zeigt aber nur eine grobe Richtung, es ist keine exakte Darstellung.<\/p>\n<p>In M\u00fcnchen Hbf kommen wir um 11:05 Uhr an und werden von der Bundespolizei empfangen, die laut Ank\u00fcndigung einzelne Personenkontrollen durchf\u00fchren m\u00f6chte. F\u00fcr uns wird eine Sonder-U-Bahn bereitgestellt mit der wir erst bis zum Kolumbusplatz fahren, um in den Biergarten PAULANER am NOCKHERBERG zu gehen. Zum Gr\u00fcnwalder-Stadion werden wir sehr wahrscheinlich den Weg zur\u00fcck zur U-Bahn-Station Kolumbusplatz gehen, um die letzten zwei Stationen bis zum Wettersteinplatz zu fahren. Hier befindet sich auch direkt der G\u00e4steblock.<br \/>\n<a attid=\"6031\" href=\"http:\/\/www.fanprojekt-muenster.de\/wp\/wp-content\/uploads\/2019\/04\/190408_IM_Fanbrief-Fanzug-SC-Preu\u00dfen-M\u00fcnster-am-13.04.2019.pdf\" target=\"_blank\" rel=\"noopener noreferrer\">Fanbrief der Bundespolizei M\u00fcnchen<\/a><\/p>\n<p><strong>Ersthelfer, Sanit\u00e4ter, Pfleger, Arzthelfer, \u00c4rzte<\/strong><br \/>\nWer f\u00fcr einen Notfall in erster Hilfe ausgebildet ist und mitf\u00e4hrt, darf sich bei uns melden: <a href=\"mailto:Sonderzug@fanprojekt-muenster.de\">Sonderzug@fanprojekt-muenster.de<\/a><br \/>\nWir m\u00f6chten nur kurz wissen, wo du deinen Sitzplatz hast. In einem Notfall w\u00fcrden wir dich gerne f\u00fcr deine Unterst\u00fctzung ansprechen. Das hei\u00dft aber nicht, dass du keine Party machen darfst. PARTY ON! \ud83d\ude42<br \/>\nEs ist auch ausgebildetes Personal und Verbandk\u00e4sten am Bord. Jedoch ist es immer gut, weitere Helfer zu haben.<\/p>\n<p><strong>R\u00fcckfahrt um 17:35 Uhr, Gleis 17<\/strong><br \/>\nVergesst bitte nicht rechtzeitig zur R\u00fcckfahrt im Zug zu sein. Weil der Fahrplan festgesetzt ist, k\u00f6nnen wir auf niemanden warten. Seid also bitte sp\u00e4testens 17:20 Uhr am Gleis 17 im M\u00fcnchener Hauptbahnhof. Der Zug soll ab 17:32 Uhr zum Einsteigen bereitstehen.<br \/>\nAuch im M\u00fcnchener Hbf ben\u00f6tigt ihr das Armb\u00e4ndchen f\u00fcr den Einstieg. Also lasst es den ganzen Tag am Arm.<\/p>\n<p>Wir freuen uns auf die 500 Mitfahrer im Zug und auf die weiteren 500 im G\u00e4steblock!<br \/>\nAUF ZUM AUSW\u00c4RTSSIEG, mit \u00fcber 1.000 Preu\u00dfenkehlen! \ud83d\ude42<\/p>\n<p>PS: Weil es keine G\u00e4stekasse am Stadion gibt, sollten Preu\u00dfenfans ohne Eintrittskarte nicht anreisen.<\/p>\n","protected":false},"excerpt":{"rendered":"<p>Samstag Fr\u00fch (13.04.2019), mitten in der Nacht, startet der Sonderzug mit \u00fcber 500 Preu\u00dfenfans nach M\u00fcnchen. Um 03:45 Uhr hei\u00dft es Abfahrt ab Gleis 4 vom Hauptbahnhof in M\u00fcnster. Alle&#8230; <a class=\"read-more-link\" href=\"https:\/\/www.fanprojekt-muenster.de\/wordpress\/abfahrt-0345-uhr-am-gleis-4\/\">Read more &raquo;<\/a><\/p>\n","protected":false},"author":6,"featured_media":6869,"comment_status":"closed","ping_status":"closed","sticky":false,"template":"","format":"standard","meta":{"advgb_blocks_editor_width":"","advgb_blocks_columns_visual_guide":"","footnotes":""},"categories":[2,3,4,13],"tags":[],"class_list":["post-6029","post","type-post","status-publish","format-standard","has-post-thumbnail","hentry","category-aktionen","category-aktuelles","category-auswarts","category-sonderzug-nach-muenchen"],"featured_image_src":"https:\/\/www.fanprojekt-muenster.de\/wordpress\/wp-content\/uploads\/2019\/04\/DSCN2724-400x300.jpg","author_info":{"display_name":"508","author_link":"https:\/\/www.fanprojekt-muenster.de\/wordpress\/author\/508\/"},"yoast_head":"<!-- This site is optimized with the Yoast SEO plugin v27.2 - https:\/\/yoast.com\/product\/yoast-seo-wordpress\/ -->\n<title>Abfahrt 03:45 Uhr am Gleis 4! - Fangemeinschaft Preu\u00dfen M\u00fcnster e. V.<\/title>\n<meta name=\"robots\" content=\"index, follow, max-snippet:-1, max-image-preview:large, max-video-preview:-1\" \/>\n<link rel=\"canonical\" href=\"https:\/\/www.fanprojekt-muenster.de\/wordpress\/abfahrt-0345-uhr-am-gleis-4\/\" \/>\n<meta property=\"og:locale\" content=\"de_DE\" \/>\n<meta property=\"og:type\" content=\"article\" \/>\n<meta property=\"og:title\" content=\"Abfahrt 03:45 Uhr am Gleis 4! - Fangemeinschaft Preu\u00dfen M\u00fcnster e. V.\" \/>\n<meta property=\"og:description\" content=\"Samstag Fr\u00fch (13.04.2019), mitten in der Nacht, startet der Sonderzug mit \u00fcber 500 Preu\u00dfenfans nach M\u00fcnchen. Um 03:45 Uhr hei\u00dft es Abfahrt ab Gleis 4 vom Hauptbahnhof in M\u00fcnster. Alle... Read more &raquo;\" \/>\n<meta property=\"og:url\" content=\"https:\/\/www.fanprojekt-muenster.de\/wordpress\/abfahrt-0345-uhr-am-gleis-4\/\" \/>\n<meta property=\"og:site_name\" content=\"Fangemeinschaft Preu\u00dfen M\u00fcnster e. V.\" \/>\n<meta property=\"article:published_time\" content=\"2019-04-11T20:45:16+00:00\" \/>\n<meta property=\"article:modified_time\" content=\"2019-07-07T11:49:34+00:00\" \/>\n<meta property=\"og:image\" content=\"https:\/\/www.fanprojekt-muenster.de\/wordpress\/wp-content\/uploads\/2019\/04\/DSCN2724-400x300.jpg\" \/>\n\t<meta property=\"og:image:width\" content=\"400\" \/>\n\t<meta property=\"og:image:height\" content=\"300\" \/>\n\t<meta property=\"og:image:type\" content=\"image\/jpeg\" \/>\n<meta name=\"author\" content=\"508\" \/>\n<meta name=\"twitter:card\" content=\"summary_large_image\" \/>\n<meta name=\"twitter:label1\" content=\"Verfasst von\" \/>\n\t<meta name=\"twitter:data1\" content=\"508\" \/>\n\t<meta name=\"twitter:label2\" content=\"Gesch\u00e4tzte Lesezeit\" \/>\n\t<meta name=\"twitter:data2\" content=\"2\u00a0Minuten\" \/>\n<script type=\"application\/ld+json\" class=\"yoast-schema-graph\">{\"@context\":\"https:\/\/schema.org\",\"@graph\":[{\"@type\":\"Article\",\"@id\":\"https:\/\/www.fanprojekt-muenster.de\/wordpress\/abfahrt-0345-uhr-am-gleis-4\/#article\",\"isPartOf\":{\"@id\":\"https:\/\/www.fanprojekt-muenster.de\/wordpress\/abfahrt-0345-uhr-am-gleis-4\/\"},\"author\":{\"name\":\"508\",\"@id\":\"https:\/\/www.fanprojekt-muenster.de\/wordpress\/#\/schema\/person\/907994394342a6ba0f1be4c546ed7d09\"},\"headline\":\"Abfahrt 03:45 Uhr am Gleis 4!\",\"datePublished\":\"2019-04-11T20:45:16+00:00\",\"dateModified\":\"2019-07-07T11:49:34+00:00\",\"mainEntityOfPage\":{\"@id\":\"https:\/\/www.fanprojekt-muenster.de\/wordpress\/abfahrt-0345-uhr-am-gleis-4\/\"},\"wordCount\":434,\"publisher\":{\"@id\":\"https:\/\/www.fanprojekt-muenster.de\/wordpress\/#organization\"},\"image\":{\"@id\":\"https:\/\/www.fanprojekt-muenster.de\/wordpress\/abfahrt-0345-uhr-am-gleis-4\/#primaryimage\"},\"thumbnailUrl\":\"https:\/\/www.fanprojekt-muenster.de\/wordpress\/wp-content\/uploads\/2019\/04\/DSCN2724-400x300.jpg\",\"articleSection\":[\"Aktionen\",\"Aktuelles\",\"Ausw\u00e4rts\",\"Sonderzug nach M\u00fcnchen\"],\"inLanguage\":\"de\"},{\"@type\":\"WebPage\",\"@id\":\"https:\/\/www.fanprojekt-muenster.de\/wordpress\/abfahrt-0345-uhr-am-gleis-4\/\",\"url\":\"https:\/\/www.fanprojekt-muenster.de\/wordpress\/abfahrt-0345-uhr-am-gleis-4\/\",\"name\":\"Abfahrt 03:45 Uhr am Gleis 4! - Fangemeinschaft Preu\u00dfen M\u00fcnster e. V.\",\"isPartOf\":{\"@id\":\"https:\/\/www.fanprojekt-muenster.de\/wordpress\/#website\"},\"primaryImageOfPage\":{\"@id\":\"https:\/\/www.fanprojekt-muenster.de\/wordpress\/abfahrt-0345-uhr-am-gleis-4\/#primaryimage\"},\"image\":{\"@id\":\"https:\/\/www.fanprojekt-muenster.de\/wordpress\/abfahrt-0345-uhr-am-gleis-4\/#primaryimage\"},\"thumbnailUrl\":\"https:\/\/www.fanprojekt-muenster.de\/wordpress\/wp-content\/uploads\/2019\/04\/DSCN2724-400x300.jpg\",\"datePublished\":\"2019-04-11T20:45:16+00:00\",\"dateModified\":\"2019-07-07T11:49:34+00:00\",\"breadcrumb\":{\"@id\":\"https:\/\/www.fanprojekt-muenster.de\/wordpress\/abfahrt-0345-uhr-am-gleis-4\/#breadcrumb\"},\"inLanguage\":\"de\",\"potentialAction\":[{\"@type\":\"ReadAction\",\"target\":[\"https:\/\/www.fanprojekt-muenster.de\/wordpress\/abfahrt-0345-uhr-am-gleis-4\/\"]}]},{\"@type\":\"ImageObject\",\"inLanguage\":\"de\",\"@id\":\"https:\/\/www.fanprojekt-muenster.de\/wordpress\/abfahrt-0345-uhr-am-gleis-4\/#primaryimage\",\"url\":\"https:\/\/www.fanprojekt-muenster.de\/wordpress\/wp-content\/uploads\/2019\/04\/DSCN2724-400x300.jpg\",\"contentUrl\":\"https:\/\/www.fanprojekt-muenster.de\/wordpress\/wp-content\/uploads\/2019\/04\/DSCN2724-400x300.jpg\",\"width\":400,\"height\":300},{\"@type\":\"BreadcrumbList\",\"@id\":\"https:\/\/www.fanprojekt-muenster.de\/wordpress\/abfahrt-0345-uhr-am-gleis-4\/#breadcrumb\",\"itemListElement\":[{\"@type\":\"ListItem\",\"position\":1,\"name\":\"Startseite\",\"item\":\"https:\/\/www.fanprojekt-muenster.de\/wordpress\/\"},{\"@type\":\"ListItem\",\"position\":2,\"name\":\"Abfahrt 03:45 Uhr am Gleis 4!\"}]},{\"@type\":\"WebSite\",\"@id\":\"https:\/\/www.fanprojekt-muenster.de\/wordpress\/#website\",\"url\":\"https:\/\/www.fanprojekt-muenster.de\/wordpress\/\",\"name\":\"Fangemeinschaft Preu\u00dfen M\u00fcnster e. V.\",\"description\":\"\",\"publisher\":{\"@id\":\"https:\/\/www.fanprojekt-muenster.de\/wordpress\/#organization\"},\"potentialAction\":[{\"@type\":\"SearchAction\",\"target\":{\"@type\":\"EntryPoint\",\"urlTemplate\":\"https:\/\/www.fanprojekt-muenster.de\/wordpress\/?s={search_term_string}\"},\"query-input\":{\"@type\":\"PropertyValueSpecification\",\"valueRequired\":true,\"valueName\":\"search_term_string\"}}],\"inLanguage\":\"de\"},{\"@type\":\"Organization\",\"@id\":\"https:\/\/www.fanprojekt-muenster.de\/wordpress\/#organization\",\"name\":\"Fangemeinschaft Preu\u00dfen M\u00fcnster e. V.\",\"url\":\"https:\/\/www.fanprojekt-muenster.de\/wordpress\/\",\"logo\":{\"@type\":\"ImageObject\",\"inLanguage\":\"de\",\"@id\":\"https:\/\/www.fanprojekt-muenster.de\/wordpress\/#\/schema\/logo\/image\/\",\"url\":\"https:\/\/www.fanprojekt-muenster.de\/wordpress\/wp-content\/uploads\/2019\/07\/cropped-Website_Logo3-9.png\",\"contentUrl\":\"https:\/\/www.fanprojekt-muenster.de\/wordpress\/wp-content\/uploads\/2019\/07\/cropped-Website_Logo3-9.png\",\"width\":224,\"height\":42,\"caption\":\"Fangemeinschaft Preu\u00dfen M\u00fcnster e. V.\"},\"image\":{\"@id\":\"https:\/\/www.fanprojekt-muenster.de\/wordpress\/#\/schema\/logo\/image\/\"}},{\"@type\":\"Person\",\"@id\":\"https:\/\/www.fanprojekt-muenster.de\/wordpress\/#\/schema\/person\/907994394342a6ba0f1be4c546ed7d09\",\"name\":\"508\",\"url\":\"https:\/\/www.fanprojekt-muenster.de\/wordpress\/author\/508\/\"}]}<\/script>\n<!-- \/ Yoast SEO plugin. -->","yoast_head_json":{"title":"Abfahrt 03:45 Uhr am Gleis 4! - Fangemeinschaft Preu\u00dfen M\u00fcnster e. V.","robots":{"index":"index","follow":"follow","max-snippet":"max-snippet:-1","max-image-preview":"max-image-preview:large","max-video-preview":"max-video-preview:-1"},"canonical":"https:\/\/www.fanprojekt-muenster.de\/wordpress\/abfahrt-0345-uhr-am-gleis-4\/","og_locale":"de_DE","og_type":"article","og_title":"Abfahrt 03:45 Uhr am Gleis 4! - Fangemeinschaft Preu\u00dfen M\u00fcnster e. V.","og_description":"Samstag Fr\u00fch (13.04.2019), mitten in der Nacht, startet der Sonderzug mit \u00fcber 500 Preu\u00dfenfans nach M\u00fcnchen. Um 03:45 Uhr hei\u00dft es Abfahrt ab Gleis 4 vom Hauptbahnhof in M\u00fcnster. Alle... Read more &raquo;","og_url":"https:\/\/www.fanprojekt-muenster.de\/wordpress\/abfahrt-0345-uhr-am-gleis-4\/","og_site_name":"Fangemeinschaft Preu\u00dfen M\u00fcnster e. V.","article_published_time":"2019-04-11T20:45:16+00:00","article_modified_time":"2019-07-07T11:49:34+00:00","og_image":[{"width":400,"height":300,"url":"https:\/\/www.fanprojekt-muenster.de\/wordpress\/wp-content\/uploads\/2019\/04\/DSCN2724-400x300.jpg","type":"image\/jpeg"}],"author":"508","twitter_card":"summary_large_image","twitter_misc":{"Verfasst von":"508","Gesch\u00e4tzte Lesezeit":"2\u00a0Minuten"},"schema":{"@context":"https:\/\/schema.org","@graph":[{"@type":"Article","@id":"https:\/\/www.fanprojekt-muenster.de\/wordpress\/abfahrt-0345-uhr-am-gleis-4\/#article","isPartOf":{"@id":"https:\/\/www.fanprojekt-muenster.de\/wordpress\/abfahrt-0345-uhr-am-gleis-4\/"},"author":{"name":"508","@id":"https:\/\/www.fanprojekt-muenster.de\/wordpress\/#\/schema\/person\/907994394342a6ba0f1be4c546ed7d09"},"headline":"Abfahrt 03:45 Uhr am Gleis 4!","datePublished":"2019-04-11T20:45:16+00:00","dateModified":"2019-07-07T11:49:34+00:00","mainEntityOfPage":{"@id":"https:\/\/www.fanprojekt-muenster.de\/wordpress\/abfahrt-0345-uhr-am-gleis-4\/"},"wordCount":434,"publisher":{"@id":"https:\/\/www.fanprojekt-muenster.de\/wordpress\/#organization"},"image":{"@id":"https:\/\/www.fanprojekt-muenster.de\/wordpress\/abfahrt-0345-uhr-am-gleis-4\/#primaryimage"},"thumbnailUrl":"https:\/\/www.fanprojekt-muenster.de\/wordpress\/wp-content\/uploads\/2019\/04\/DSCN2724-400x300.jpg","articleSection":["Aktionen","Aktuelles","Ausw\u00e4rts","Sonderzug nach M\u00fcnchen"],"inLanguage":"de"},{"@type":"WebPage","@id":"https:\/\/www.fanprojekt-muenster.de\/wordpress\/abfahrt-0345-uhr-am-gleis-4\/","url":"https:\/\/www.fanprojekt-muenster.de\/wordpress\/abfahrt-0345-uhr-am-gleis-4\/","name":"Abfahrt 03:45 Uhr am Gleis 4! - Fangemeinschaft Preu\u00dfen M\u00fcnster e. V.","isPartOf":{"@id":"https:\/\/www.fanprojekt-muenster.de\/wordpress\/#website"},"primaryImageOfPage":{"@id":"https:\/\/www.fanprojekt-muenster.de\/wordpress\/abfahrt-0345-uhr-am-gleis-4\/#primaryimage"},"image":{"@id":"https:\/\/www.fanprojekt-muenster.de\/wordpress\/abfahrt-0345-uhr-am-gleis-4\/#primaryimage"},"thumbnailUrl":"https:\/\/www.fanprojekt-muenster.de\/wordpress\/wp-content\/uploads\/2019\/04\/DSCN2724-400x300.jpg","datePublished":"2019-04-11T20:45:16+00:00","dateModified":"2019-07-07T11:49:34+00:00","breadcrumb":{"@id":"https:\/\/www.fanprojekt-muenster.de\/wordpress\/abfahrt-0345-uhr-am-gleis-4\/#breadcrumb"},"inLanguage":"de","potentialAction":[{"@type":"ReadAction","target":["https:\/\/www.fanprojekt-muenster.de\/wordpress\/abfahrt-0345-uhr-am-gleis-4\/"]}]},{"@type":"ImageObject","inLanguage":"de","@id":"https:\/\/www.fanprojekt-muenster.de\/wordpress\/abfahrt-0345-uhr-am-gleis-4\/#primaryimage","url":"https:\/\/www.fanprojekt-muenster.de\/wordpress\/wp-content\/uploads\/2019\/04\/DSCN2724-400x300.jpg","contentUrl":"https:\/\/www.fanprojekt-muenster.de\/wordpress\/wp-content\/uploads\/2019\/04\/DSCN2724-400x300.jpg","width":400,"height":300},{"@type":"BreadcrumbList","@id":"https:\/\/www.fanprojekt-muenster.de\/wordpress\/abfahrt-0345-uhr-am-gleis-4\/#breadcrumb","itemListElement":[{"@type":"ListItem","position":1,"name":"Startseite","item":"https:\/\/www.fanprojekt-muenster.de\/wordpress\/"},{"@type":"ListItem","position":2,"name":"Abfahrt 03:45 Uhr am Gleis 4!"}]},{"@type":"WebSite","@id":"https:\/\/www.fanprojekt-muenster.de\/wordpress\/#website","url":"https:\/\/www.fanprojekt-muenster.de\/wordpress\/","name":"Fangemeinschaft Preu\u00dfen M\u00fcnster e. V.","description":"","publisher":{"@id":"https:\/\/www.fanprojekt-muenster.de\/wordpress\/#organization"},"potentialAction":[{"@type":"SearchAction","target":{"@type":"EntryPoint","urlTemplate":"https:\/\/www.fanprojekt-muenster.de\/wordpress\/?s={search_term_string}"},"query-input":{"@type":"PropertyValueSpecification","valueRequired":true,"valueName":"search_term_string"}}],"inLanguage":"de"},{"@type":"Organization","@id":"https:\/\/www.fanprojekt-muenster.de\/wordpress\/#organization","name":"Fangemeinschaft Preu\u00dfen M\u00fcnster e. V.","url":"https:\/\/www.fanprojekt-muenster.de\/wordpress\/","logo":{"@type":"ImageObject","inLanguage":"de","@id":"https:\/\/www.fanprojekt-muenster.de\/wordpress\/#\/schema\/logo\/image\/","url":"https:\/\/www.fanprojekt-muenster.de\/wordpress\/wp-content\/uploads\/2019\/07\/cropped-Website_Logo3-9.png","contentUrl":"https:\/\/www.fanprojekt-muenster.de\/wordpress\/wp-content\/uploads\/2019\/07\/cropped-Website_Logo3-9.png","width":224,"height":42,"caption":"Fangemeinschaft Preu\u00dfen M\u00fcnster e. V."},"image":{"@id":"https:\/\/www.fanprojekt-muenster.de\/wordpress\/#\/schema\/logo\/image\/"}},{"@type":"Person","@id":"https:\/\/www.fanprojekt-muenster.de\/wordpress\/#\/schema\/person\/907994394342a6ba0f1be4c546ed7d09","name":"508","url":"https:\/\/www.fanprojekt-muenster.de\/wordpress\/author\/508\/"}]}},"author_meta":{"display_name":"508","author_link":"https:\/\/www.fanprojekt-muenster.de\/wordpress\/author\/508\/"},"featured_img":"https:\/\/www.fanprojekt-muenster.de\/wordpress\/wp-content\/uploads\/2019\/04\/DSCN2724-400x300-300x225.jpg","coauthors":[],"tax_additional":{"categories":{"linked":["<a href=\"https:\/\/www.fanprojekt-muenster.de\/wordpress\/category\/aktionen\/\" class=\"advgb-post-tax-term\">Aktionen<\/a>","<a href=\"https:\/\/www.fanprojekt-muenster.de\/wordpress\/category\/aktuelles\/\" class=\"advgb-post-tax-term\">Aktuelles<\/a>","<a href=\"https:\/\/www.fanprojekt-muenster.de\/wordpress\/category\/auswarts\/\" class=\"advgb-post-tax-term\">Ausw\u00e4rts<\/a>","<a href=\"https:\/\/www.fanprojekt-muenster.de\/wordpress\/category\/sonderzug-nach-muenchen\/\" class=\"advgb-post-tax-term\">Sonderzug nach M\u00fcnchen<\/a>"],"unlinked":["<span class=\"advgb-post-tax-term\">Aktionen<\/span>","<span class=\"advgb-post-tax-term\">Aktuelles<\/span>","<span class=\"advgb-post-tax-term\">Ausw\u00e4rts<\/span>","<span class=\"advgb-post-tax-term\">Sonderzug nach M\u00fcnchen<\/span>"]}},"comment_count":"0","relative_dates":{"created":"Posted 7\u00a0Jahren ago","modified":"Updated 7\u00a0Jahren ago"},"absolute_dates":{"created":"Posted on 11. April 2019","modified":"Updated on 7. Juli 2019"},"absolute_dates_time":{"created":"Posted on 11. April 2019 22:45","modified":"Updated on 7. Juli 2019 13:49"},"featured_img_caption":"","series_order":"","_links":{"self":[{"href":"https:\/\/www.fanprojekt-muenster.de\/wordpress\/wp-json\/wp\/v2\/posts\/6029","targetHints":{"allow":["GET"]}}],"collection":[{"href":"https:\/\/www.fanprojekt-muenster.de\/wordpress\/wp-json\/wp\/v2\/posts"}],"about":[{"href":"https:\/\/www.fanprojekt-muenster.de\/wordpress\/wp-json\/wp\/v2\/types\/post"}],"author":[{"embeddable":true,"href":"https:\/\/www.fanprojekt-muenster.de\/wordpress\/wp-json\/wp\/v2\/users\/6"}],"replies":[{"embeddable":true,"href":"https:\/\/www.fanprojekt-muenster.de\/wordpress\/wp-json\/wp\/v2\/comments?post=6029"}],"version-history":[{"count":1,"href":"https:\/\/www.fanprojekt-muenster.de\/wordpress\/wp-json\/wp\/v2\/posts\/6029\/revisions"}],"predecessor-version":[{"id":6870,"href":"https:\/\/www.fanprojekt-muenster.de\/wordpress\/wp-json\/wp\/v2\/posts\/6029\/revisions\/6870"}],"wp:featuredmedia":[{"embeddable":true,"href":"https:\/\/www.fanprojekt-muenster.de\/wordpress\/wp-json\/wp\/v2\/media\/6869"}],"wp:attachment":[{"href":"https:\/\/www.fanprojekt-muenster.de\/wordpress\/wp-json\/wp\/v2\/media?parent=6029"}],"wp:term":[{"taxonomy":"category","embeddable":true,"href":"https:\/\/www.fanprojekt-muenster.de\/wordpress\/wp-json\/wp\/v2\/categories?post=6029"},{"taxonomy":"post_tag","embeddable":true,"href":"https:\/\/www.fanprojekt-muenster.de\/wordpress\/wp-json\/wp\/v2\/tags?post=6029"}],"curies":[{"name":"wp","href":"https:\/\/api.w.org\/{rel}","templated":true}]}}