{"id":6006,"date":"2019-04-07T19:47:45","date_gmt":"2019-04-07T17:47:45","guid":{"rendered":"http:\/\/www.fanprojekt-muenster.de\/wp\/?p=6006"},"modified":"2019-07-07T13:50:05","modified_gmt":"2019-07-07T11:50:05","slug":"treffpunkt-biergarten","status":"publish","type":"post","link":"https:\/\/www.fanprojekt-muenster.de\/wordpress\/treffpunkt-biergarten\/","title":{"rendered":"Treffpunkt BIERGARTEN"},"content":{"rendered":"<p>Vor dem Spiel bei den M\u00fcnchener L\u00f6wen (13.04.) k\u00f6nnen sich alle Preu\u00dfenfans im Biergarten PAULANER am NOCKHERBERG treffen. Von dort sind es 20 Minuten zu Fu\u00df zum Stadion an der Gr\u00fcnwalder Stra\u00dfe.<\/p>\n<p>Das Fanprojekt hat mit dem Betreiber gekl\u00e4rt, dass wir vorbeikommen d\u00fcrfen. Benehmt euch also, ansonsten f\u00e4llt es auf uns zur\u00fcck. \ud83d\ude09<\/p>\n<p>Ab 11:00 Uhr ist der Biergarten f\u00fcr uns Preu\u00dfenfans ge\u00f6ffnet. Sp\u00e4testens um 13:00 Uhr sollten wir zum Stadion aufbrechen. Ob es einen gemeinsamen Marsch geben wird oder sich jeder einzeln aufmachen kann, kl\u00e4ren wir am Tag selber.<\/p>\n<p>Der Sonderzug kommt um 11:05 Uhr am M\u00fcnchener Hbf an. Die Mitfahrer werden gegen 11:30 Uhr am Biergarten eintreffen. Dazu nutzen wir die U-Bahn bis Kolumbusplatz (U1, U2, U7).<br \/>\nIm Biergarten sind nicht nur die Zugfahrer willkommen, sondern auch alle anderen Preu\u00dfenfans, die anderweitig in M\u00fcnchen sind.<\/p>\n<p>Der Biergarten ist riesig mit 3.000 Pl\u00e4tzen, wir sind mit 500 Personen angemeldet. Es gibt nur Selbstbedienung, also Essen und Getr\u00e4nke m\u00fcssen an den Theken bestellt, bezahlt und mitgenommen werden. Selbstmitgebrachtes Essen darf im Biergarten verzehrt, aber Getr\u00e4nke m\u00fcssen gekauft werden.<\/p>\n<p>Das Wirtshaus braut das Bier selber und kann im Inneren besichtigt werden.<br \/>\n&#8230;oder es einfach im Biergarten kosten.<\/p>\n<p><strong>PAULANER am NOCKHERBERG<br \/>\nHochstr. 77<br \/>\n81541 M\u00fcnchen<\/strong><br \/>\n<a href=\"https:\/\/paulaner-nockherberg.com\/\" target=\"_blank\" rel=\"noopener noreferrer\">https:\/\/paulaner-nockherberg.com\/<\/a><\/p>\n<div id=\"attachment_6008\" style=\"width: 1588px\" class=\"wp-caption aligncenter\"><a attid=\"6008\" href=\"https:\/\/paulaner-nockherberg.com\/\" target=\"_blank\" rel=\"noopener noreferrer\"><img loading=\"lazy\" decoding=\"async\" aria-describedby=\"caption-attachment-6008\" src=\"http:\/\/www.fanprojekt-muenster.de\/wp\/wp-content\/uploads\/2019\/04\/Biergarten_Fassade.jpg\" alt=\"@Nockherberg\" class=\"size-full wp-image-6008\" width=\"1578\" height=\"1051\"><\/a><p id=\"caption-attachment-6008\" class=\"wp-caption-text\">@Nockherberg<\/p><\/div>\n<div id=\"attachment_6009\" style=\"width: 1585px\" class=\"wp-caption aligncenter\"><a attid=\"6009\" href=\"https:\/\/paulaner-nockherberg.com\/\" target=\"_blank\" rel=\"noopener noreferrer\"><img loading=\"lazy\" decoding=\"async\" aria-describedby=\"caption-attachment-6009\" src=\"http:\/\/www.fanprojekt-muenster.de\/wp\/wp-content\/uploads\/2019\/04\/Biergarten_Essen.jpg\" alt=\"@Nockherberg\" class=\"size-full wp-image-6009\" width=\"1575\" height=\"1050\"><\/a><p id=\"caption-attachment-6009\" class=\"wp-caption-text\">@Nockherberg<\/p><\/div>\n","protected":false},"excerpt":{"rendered":"<p>Vor dem Spiel bei den M\u00fcnchener L\u00f6wen (13.04.) k\u00f6nnen sich alle Preu\u00dfenfans im Biergarten PAULANER am NOCKHERBERG treffen. Von dort sind es 20 Minuten zu Fu\u00df zum Stadion an der&#8230; <a class=\"read-more-link\" href=\"https:\/\/www.fanprojekt-muenster.de\/wordpress\/treffpunkt-biergarten\/\">Read more &raquo;<\/a><\/p>\n","protected":false},"author":6,"featured_media":6871,"comment_status":"closed","ping_status":"closed","sticky":false,"template":"","format":"standard","meta":{"advgb_blocks_editor_width":"","advgb_blocks_columns_visual_guide":"","footnotes":""},"categories":[2,3,1,4,13,16],"tags":[],"class_list":["post-6006","post","type-post","status-publish","format-standard","has-post-thumbnail","hentry","category-aktionen","category-aktuelles","category-allgemein","category-auswarts","category-sonderzug-nach-muenchen","category-veranstaltungen"],"featured_image_src":"https:\/\/www.fanprojekt-muenster.de\/wordpress\/wp-content\/uploads\/2019\/04\/Biergarten_Essen-400x300-1.jpg","author_info":{"display_name":"508","author_link":"https:\/\/www.fanprojekt-muenster.de\/wordpress\/author\/508\/"},"yoast_head":"<!-- This site is optimized with the Yoast SEO plugin v27.2 - https:\/\/yoast.com\/product\/yoast-seo-wordpress\/ -->\n<title>Treffpunkt BIERGARTEN - Fangemeinschaft Preu\u00dfen M\u00fcnster e. V.<\/title>\n<meta name=\"robots\" content=\"index, follow, max-snippet:-1, max-image-preview:large, max-video-preview:-1\" \/>\n<link rel=\"canonical\" href=\"https:\/\/www.fanprojekt-muenster.de\/wordpress\/treffpunkt-biergarten\/\" \/>\n<meta property=\"og:locale\" content=\"de_DE\" \/>\n<meta property=\"og:type\" content=\"article\" \/>\n<meta property=\"og:title\" content=\"Treffpunkt BIERGARTEN - Fangemeinschaft Preu\u00dfen M\u00fcnster e. V.\" \/>\n<meta property=\"og:description\" content=\"Vor dem Spiel bei den M\u00fcnchener L\u00f6wen (13.04.) k\u00f6nnen sich alle Preu\u00dfenfans im Biergarten PAULANER am NOCKHERBERG treffen. Von dort sind es 20 Minuten zu Fu\u00df zum Stadion an der... Read more &raquo;\" \/>\n<meta property=\"og:url\" content=\"https:\/\/www.fanprojekt-muenster.de\/wordpress\/treffpunkt-biergarten\/\" \/>\n<meta property=\"og:site_name\" content=\"Fangemeinschaft Preu\u00dfen M\u00fcnster e. V.\" \/>\n<meta property=\"article:published_time\" content=\"2019-04-07T17:47:45+00:00\" \/>\n<meta property=\"article:modified_time\" content=\"2019-07-07T11:50:05+00:00\" \/>\n<meta property=\"og:image\" content=\"https:\/\/www.fanprojekt-muenster.de\/wordpress\/wp-content\/uploads\/2019\/04\/Biergarten_Essen-400x300-1.jpg\" \/>\n\t<meta property=\"og:image:width\" content=\"400\" \/>\n\t<meta property=\"og:image:height\" content=\"300\" \/>\n\t<meta property=\"og:image:type\" content=\"image\/jpeg\" \/>\n<meta name=\"author\" content=\"508\" \/>\n<meta name=\"twitter:card\" content=\"summary_large_image\" \/>\n<meta name=\"twitter:label1\" content=\"Verfasst von\" \/>\n\t<meta name=\"twitter:data1\" content=\"508\" \/>\n\t<meta name=\"twitter:label2\" content=\"Gesch\u00e4tzte Lesezeit\" \/>\n\t<meta name=\"twitter:data2\" content=\"1\u00a0Minute\" \/>\n<script type=\"application\/ld+json\" class=\"yoast-schema-graph\">{\"@context\":\"https:\/\/schema.org\",\"@graph\":[{\"@type\":\"Article\",\"@id\":\"https:\/\/www.fanprojekt-muenster.de\/wordpress\/treffpunkt-biergarten\/#article\",\"isPartOf\":{\"@id\":\"https:\/\/www.fanprojekt-muenster.de\/wordpress\/treffpunkt-biergarten\/\"},\"author\":{\"name\":\"508\",\"@id\":\"https:\/\/www.fanprojekt-muenster.de\/wordpress\/#\/schema\/person\/907994394342a6ba0f1be4c546ed7d09\"},\"headline\":\"Treffpunkt BIERGARTEN\",\"datePublished\":\"2019-04-07T17:47:45+00:00\",\"dateModified\":\"2019-07-07T11:50:05+00:00\",\"mainEntityOfPage\":{\"@id\":\"https:\/\/www.fanprojekt-muenster.de\/wordpress\/treffpunkt-biergarten\/\"},\"wordCount\":238,\"publisher\":{\"@id\":\"https:\/\/www.fanprojekt-muenster.de\/wordpress\/#organization\"},\"image\":{\"@id\":\"https:\/\/www.fanprojekt-muenster.de\/wordpress\/treffpunkt-biergarten\/#primaryimage\"},\"thumbnailUrl\":\"https:\/\/www.fanprojekt-muenster.de\/wordpress\/wp-content\/uploads\/2019\/04\/Biergarten_Essen-400x300-1.jpg\",\"articleSection\":{\"0\":\"Aktionen\",\"1\":\"Aktuelles\",\"3\":\"Ausw\u00e4rts\",\"4\":\"Sonderzug nach M\u00fcnchen\",\"5\":\"Veranstaltungen\"},\"inLanguage\":\"de\"},{\"@type\":\"WebPage\",\"@id\":\"https:\/\/www.fanprojekt-muenster.de\/wordpress\/treffpunkt-biergarten\/\",\"url\":\"https:\/\/www.fanprojekt-muenster.de\/wordpress\/treffpunkt-biergarten\/\",\"name\":\"Treffpunkt BIERGARTEN - Fangemeinschaft Preu\u00dfen M\u00fcnster e. V.\",\"isPartOf\":{\"@id\":\"https:\/\/www.fanprojekt-muenster.de\/wordpress\/#website\"},\"primaryImageOfPage\":{\"@id\":\"https:\/\/www.fanprojekt-muenster.de\/wordpress\/treffpunkt-biergarten\/#primaryimage\"},\"image\":{\"@id\":\"https:\/\/www.fanprojekt-muenster.de\/wordpress\/treffpunkt-biergarten\/#primaryimage\"},\"thumbnailUrl\":\"https:\/\/www.fanprojekt-muenster.de\/wordpress\/wp-content\/uploads\/2019\/04\/Biergarten_Essen-400x300-1.jpg\",\"datePublished\":\"2019-04-07T17:47:45+00:00\",\"dateModified\":\"2019-07-07T11:50:05+00:00\",\"breadcrumb\":{\"@id\":\"https:\/\/www.fanprojekt-muenster.de\/wordpress\/treffpunkt-biergarten\/#breadcrumb\"},\"inLanguage\":\"de\",\"potentialAction\":[{\"@type\":\"ReadAction\",\"target\":[\"https:\/\/www.fanprojekt-muenster.de\/wordpress\/treffpunkt-biergarten\/\"]}]},{\"@type\":\"ImageObject\",\"inLanguage\":\"de\",\"@id\":\"https:\/\/www.fanprojekt-muenster.de\/wordpress\/treffpunkt-biergarten\/#primaryimage\",\"url\":\"https:\/\/www.fanprojekt-muenster.de\/wordpress\/wp-content\/uploads\/2019\/04\/Biergarten_Essen-400x300-1.jpg\",\"contentUrl\":\"https:\/\/www.fanprojekt-muenster.de\/wordpress\/wp-content\/uploads\/2019\/04\/Biergarten_Essen-400x300-1.jpg\",\"width\":400,\"height\":300},{\"@type\":\"BreadcrumbList\",\"@id\":\"https:\/\/www.fanprojekt-muenster.de\/wordpress\/treffpunkt-biergarten\/#breadcrumb\",\"itemListElement\":[{\"@type\":\"ListItem\",\"position\":1,\"name\":\"Startseite\",\"item\":\"https:\/\/www.fanprojekt-muenster.de\/wordpress\/\"},{\"@type\":\"ListItem\",\"position\":2,\"name\":\"Treffpunkt BIERGARTEN\"}]},{\"@type\":\"WebSite\",\"@id\":\"https:\/\/www.fanprojekt-muenster.de\/wordpress\/#website\",\"url\":\"https:\/\/www.fanprojekt-muenster.de\/wordpress\/\",\"name\":\"Fangemeinschaft Preu\u00dfen M\u00fcnster e. V.\",\"description\":\"\",\"publisher\":{\"@id\":\"https:\/\/www.fanprojekt-muenster.de\/wordpress\/#organization\"},\"potentialAction\":[{\"@type\":\"SearchAction\",\"target\":{\"@type\":\"EntryPoint\",\"urlTemplate\":\"https:\/\/www.fanprojekt-muenster.de\/wordpress\/?s={search_term_string}\"},\"query-input\":{\"@type\":\"PropertyValueSpecification\",\"valueRequired\":true,\"valueName\":\"search_term_string\"}}],\"inLanguage\":\"de\"},{\"@type\":\"Organization\",\"@id\":\"https:\/\/www.fanprojekt-muenster.de\/wordpress\/#organization\",\"name\":\"Fangemeinschaft Preu\u00dfen M\u00fcnster e. V.\",\"url\":\"https:\/\/www.fanprojekt-muenster.de\/wordpress\/\",\"logo\":{\"@type\":\"ImageObject\",\"inLanguage\":\"de\",\"@id\":\"https:\/\/www.fanprojekt-muenster.de\/wordpress\/#\/schema\/logo\/image\/\",\"url\":\"https:\/\/www.fanprojekt-muenster.de\/wordpress\/wp-content\/uploads\/2019\/07\/cropped-Website_Logo3-9.png\",\"contentUrl\":\"https:\/\/www.fanprojekt-muenster.de\/wordpress\/wp-content\/uploads\/2019\/07\/cropped-Website_Logo3-9.png\",\"width\":224,\"height\":42,\"caption\":\"Fangemeinschaft Preu\u00dfen M\u00fcnster e. V.\"},\"image\":{\"@id\":\"https:\/\/www.fanprojekt-muenster.de\/wordpress\/#\/schema\/logo\/image\/\"}},{\"@type\":\"Person\",\"@id\":\"https:\/\/www.fanprojekt-muenster.de\/wordpress\/#\/schema\/person\/907994394342a6ba0f1be4c546ed7d09\",\"name\":\"508\",\"url\":\"https:\/\/www.fanprojekt-muenster.de\/wordpress\/author\/508\/\"}]}<\/script>\n<!-- \/ Yoast SEO plugin. -->","yoast_head_json":{"title":"Treffpunkt BIERGARTEN - Fangemeinschaft Preu\u00dfen M\u00fcnster e. V.","robots":{"index":"index","follow":"follow","max-snippet":"max-snippet:-1","max-image-preview":"max-image-preview:large","max-video-preview":"max-video-preview:-1"},"canonical":"https:\/\/www.fanprojekt-muenster.de\/wordpress\/treffpunkt-biergarten\/","og_locale":"de_DE","og_type":"article","og_title":"Treffpunkt BIERGARTEN - Fangemeinschaft Preu\u00dfen M\u00fcnster e. V.","og_description":"Vor dem Spiel bei den M\u00fcnchener L\u00f6wen (13.04.) k\u00f6nnen sich alle Preu\u00dfenfans im Biergarten PAULANER am NOCKHERBERG treffen. Von dort sind es 20 Minuten zu Fu\u00df zum Stadion an der... Read more &raquo;","og_url":"https:\/\/www.fanprojekt-muenster.de\/wordpress\/treffpunkt-biergarten\/","og_site_name":"Fangemeinschaft Preu\u00dfen M\u00fcnster e. V.","article_published_time":"2019-04-07T17:47:45+00:00","article_modified_time":"2019-07-07T11:50:05+00:00","og_image":[{"width":400,"height":300,"url":"https:\/\/www.fanprojekt-muenster.de\/wordpress\/wp-content\/uploads\/2019\/04\/Biergarten_Essen-400x300-1.jpg","type":"image\/jpeg"}],"author":"508","twitter_card":"summary_large_image","twitter_misc":{"Verfasst von":"508","Gesch\u00e4tzte Lesezeit":"1\u00a0Minute"},"schema":{"@context":"https:\/\/schema.org","@graph":[{"@type":"Article","@id":"https:\/\/www.fanprojekt-muenster.de\/wordpress\/treffpunkt-biergarten\/#article","isPartOf":{"@id":"https:\/\/www.fanprojekt-muenster.de\/wordpress\/treffpunkt-biergarten\/"},"author":{"name":"508","@id":"https:\/\/www.fanprojekt-muenster.de\/wordpress\/#\/schema\/person\/907994394342a6ba0f1be4c546ed7d09"},"headline":"Treffpunkt BIERGARTEN","datePublished":"2019-04-07T17:47:45+00:00","dateModified":"2019-07-07T11:50:05+00:00","mainEntityOfPage":{"@id":"https:\/\/www.fanprojekt-muenster.de\/wordpress\/treffpunkt-biergarten\/"},"wordCount":238,"publisher":{"@id":"https:\/\/www.fanprojekt-muenster.de\/wordpress\/#organization"},"image":{"@id":"https:\/\/www.fanprojekt-muenster.de\/wordpress\/treffpunkt-biergarten\/#primaryimage"},"thumbnailUrl":"https:\/\/www.fanprojekt-muenster.de\/wordpress\/wp-content\/uploads\/2019\/04\/Biergarten_Essen-400x300-1.jpg","articleSection":{"0":"Aktionen","1":"Aktuelles","3":"Ausw\u00e4rts","4":"Sonderzug nach M\u00fcnchen","5":"Veranstaltungen"},"inLanguage":"de"},{"@type":"WebPage","@id":"https:\/\/www.fanprojekt-muenster.de\/wordpress\/treffpunkt-biergarten\/","url":"https:\/\/www.fanprojekt-muenster.de\/wordpress\/treffpunkt-biergarten\/","name":"Treffpunkt BIERGARTEN - Fangemeinschaft Preu\u00dfen M\u00fcnster e. V.","isPartOf":{"@id":"https:\/\/www.fanprojekt-muenster.de\/wordpress\/#website"},"primaryImageOfPage":{"@id":"https:\/\/www.fanprojekt-muenster.de\/wordpress\/treffpunkt-biergarten\/#primaryimage"},"image":{"@id":"https:\/\/www.fanprojekt-muenster.de\/wordpress\/treffpunkt-biergarten\/#primaryimage"},"thumbnailUrl":"https:\/\/www.fanprojekt-muenster.de\/wordpress\/wp-content\/uploads\/2019\/04\/Biergarten_Essen-400x300-1.jpg","datePublished":"2019-04-07T17:47:45+00:00","dateModified":"2019-07-07T11:50:05+00:00","breadcrumb":{"@id":"https:\/\/www.fanprojekt-muenster.de\/wordpress\/treffpunkt-biergarten\/#breadcrumb"},"inLanguage":"de","potentialAction":[{"@type":"ReadAction","target":["https:\/\/www.fanprojekt-muenster.de\/wordpress\/treffpunkt-biergarten\/"]}]},{"@type":"ImageObject","inLanguage":"de","@id":"https:\/\/www.fanprojekt-muenster.de\/wordpress\/treffpunkt-biergarten\/#primaryimage","url":"https:\/\/www.fanprojekt-muenster.de\/wordpress\/wp-content\/uploads\/2019\/04\/Biergarten_Essen-400x300-1.jpg","contentUrl":"https:\/\/www.fanprojekt-muenster.de\/wordpress\/wp-content\/uploads\/2019\/04\/Biergarten_Essen-400x300-1.jpg","width":400,"height":300},{"@type":"BreadcrumbList","@id":"https:\/\/www.fanprojekt-muenster.de\/wordpress\/treffpunkt-biergarten\/#breadcrumb","itemListElement":[{"@type":"ListItem","position":1,"name":"Startseite","item":"https:\/\/www.fanprojekt-muenster.de\/wordpress\/"},{"@type":"ListItem","position":2,"name":"Treffpunkt BIERGARTEN"}]},{"@type":"WebSite","@id":"https:\/\/www.fanprojekt-muenster.de\/wordpress\/#website","url":"https:\/\/www.fanprojekt-muenster.de\/wordpress\/","name":"Fangemeinschaft Preu\u00dfen M\u00fcnster e. V.","description":"","publisher":{"@id":"https:\/\/www.fanprojekt-muenster.de\/wordpress\/#organization"},"potentialAction":[{"@type":"SearchAction","target":{"@type":"EntryPoint","urlTemplate":"https:\/\/www.fanprojekt-muenster.de\/wordpress\/?s={search_term_string}"},"query-input":{"@type":"PropertyValueSpecification","valueRequired":true,"valueName":"search_term_string"}}],"inLanguage":"de"},{"@type":"Organization","@id":"https:\/\/www.fanprojekt-muenster.de\/wordpress\/#organization","name":"Fangemeinschaft Preu\u00dfen M\u00fcnster e. V.","url":"https:\/\/www.fanprojekt-muenster.de\/wordpress\/","logo":{"@type":"ImageObject","inLanguage":"de","@id":"https:\/\/www.fanprojekt-muenster.de\/wordpress\/#\/schema\/logo\/image\/","url":"https:\/\/www.fanprojekt-muenster.de\/wordpress\/wp-content\/uploads\/2019\/07\/cropped-Website_Logo3-9.png","contentUrl":"https:\/\/www.fanprojekt-muenster.de\/wordpress\/wp-content\/uploads\/2019\/07\/cropped-Website_Logo3-9.png","width":224,"height":42,"caption":"Fangemeinschaft Preu\u00dfen M\u00fcnster e. V."},"image":{"@id":"https:\/\/www.fanprojekt-muenster.de\/wordpress\/#\/schema\/logo\/image\/"}},{"@type":"Person","@id":"https:\/\/www.fanprojekt-muenster.de\/wordpress\/#\/schema\/person\/907994394342a6ba0f1be4c546ed7d09","name":"508","url":"https:\/\/www.fanprojekt-muenster.de\/wordpress\/author\/508\/"}]}},"author_meta":{"display_name":"508","author_link":"https:\/\/www.fanprojekt-muenster.de\/wordpress\/author\/508\/"},"featured_img":"https:\/\/www.fanprojekt-muenster.de\/wordpress\/wp-content\/uploads\/2019\/04\/Biergarten_Essen-400x300-1-300x225.jpg","coauthors":[],"tax_additional":{"categories":{"linked":["<a href=\"https:\/\/www.fanprojekt-muenster.de\/wordpress\/category\/aktionen\/\" class=\"advgb-post-tax-term\">Aktionen<\/a>","<a href=\"https:\/\/www.fanprojekt-muenster.de\/wordpress\/category\/aktuelles\/\" class=\"advgb-post-tax-term\">Aktuelles<\/a>","<a href=\"https:\/\/www.fanprojekt-muenster.de\/wordpress\/category\/allgemein\/\" class=\"advgb-post-tax-term\">Allgemein<\/a>","<a href=\"https:\/\/www.fanprojekt-muenster.de\/wordpress\/category\/auswarts\/\" class=\"advgb-post-tax-term\">Ausw\u00e4rts<\/a>","<a href=\"https:\/\/www.fanprojekt-muenster.de\/wordpress\/category\/sonderzug-nach-muenchen\/\" class=\"advgb-post-tax-term\">Sonderzug nach M\u00fcnchen<\/a>","<a href=\"https:\/\/www.fanprojekt-muenster.de\/wordpress\/category\/veranstaltungen\/\" class=\"advgb-post-tax-term\">Veranstaltungen<\/a>"],"unlinked":["<span class=\"advgb-post-tax-term\">Aktionen<\/span>","<span class=\"advgb-post-tax-term\">Aktuelles<\/span>","<span class=\"advgb-post-tax-term\">Allgemein<\/span>","<span class=\"advgb-post-tax-term\">Ausw\u00e4rts<\/span>","<span class=\"advgb-post-tax-term\">Sonderzug nach M\u00fcnchen<\/span>","<span class=\"advgb-post-tax-term\">Veranstaltungen<\/span>"]}},"comment_count":"0","relative_dates":{"created":"Posted 7\u00a0Jahren ago","modified":"Updated 7\u00a0Jahren ago"},"absolute_dates":{"created":"Posted on 7. April 2019","modified":"Updated on 7. Juli 2019"},"absolute_dates_time":{"created":"Posted on 7. April 2019 19:47","modified":"Updated on 7. Juli 2019 13:50"},"featured_img_caption":"","series_order":"","_links":{"self":[{"href":"https:\/\/www.fanprojekt-muenster.de\/wordpress\/wp-json\/wp\/v2\/posts\/6006","targetHints":{"allow":["GET"]}}],"collection":[{"href":"https:\/\/www.fanprojekt-muenster.de\/wordpress\/wp-json\/wp\/v2\/posts"}],"about":[{"href":"https:\/\/www.fanprojekt-muenster.de\/wordpress\/wp-json\/wp\/v2\/types\/post"}],"author":[{"embeddable":true,"href":"https:\/\/www.fanprojekt-muenster.de\/wordpress\/wp-json\/wp\/v2\/users\/6"}],"replies":[{"embeddable":true,"href":"https:\/\/www.fanprojekt-muenster.de\/wordpress\/wp-json\/wp\/v2\/comments?post=6006"}],"version-history":[{"count":1,"href":"https:\/\/www.fanprojekt-muenster.de\/wordpress\/wp-json\/wp\/v2\/posts\/6006\/revisions"}],"predecessor-version":[{"id":6872,"href":"https:\/\/www.fanprojekt-muenster.de\/wordpress\/wp-json\/wp\/v2\/posts\/6006\/revisions\/6872"}],"wp:featuredmedia":[{"embeddable":true,"href":"https:\/\/www.fanprojekt-muenster.de\/wordpress\/wp-json\/wp\/v2\/media\/6871"}],"wp:attachment":[{"href":"https:\/\/www.fanprojekt-muenster.de\/wordpress\/wp-json\/wp\/v2\/media?parent=6006"}],"wp:term":[{"taxonomy":"category","embeddable":true,"href":"https:\/\/www.fanprojekt-muenster.de\/wordpress\/wp-json\/wp\/v2\/categories?post=6006"},{"taxonomy":"post_tag","embeddable":true,"href":"https:\/\/www.fanprojekt-muenster.de\/wordpress\/wp-json\/wp\/v2\/tags?post=6006"}],"curies":[{"name":"wp","href":"https:\/\/api.w.org\/{rel}","templated":true}]}}