{"id":6001,"date":"2019-04-06T19:39:52","date_gmt":"2019-04-06T17:39:52","guid":{"rendered":"http:\/\/www.fanprojekt-muenster.de\/wp\/?p=6001"},"modified":"2019-07-07T13:51:06","modified_gmt":"2019-07-07T11:51:06","slug":"infos-fuer-alle-mitfahrenden-fans","status":"publish","type":"post","link":"https:\/\/www.fanprojekt-muenster.de\/wordpress\/infos-fuer-alle-mitfahrenden-fans\/","title":{"rendered":"Infos f\u00fcr alle mitfahrenden Fans"},"content":{"rendered":"<p>Alle Gutscheine sind umgetauscht, und damit hat jede Mitfahrerin und jeder Mitfahrer ein Armband und eine Fahrkarte erhalten. Das Armband muss vor dem Zutritt in den Zug am Arm befestigt sein. Nur damit darfst du auch tats\u00e4chlich einsteigen. Die Fahrkarte zeigt dir deine Sitzplatzreservierung: Wagennummer und Sitzplatznummer.<\/p>\n<p><a attid=\"5993\" href=\"http:\/\/www.fanprojekt-muenster.de\/wp\/wp-content\/uploads\/2019\/04\/Aushang_Wagenreihung.pdf\">Die genau Wagenreihung gibt es als PDF.<\/a> Wenn du in Wagen 08 sitzt, dann steigst du in M\u00fcnster am Bahnsteig-Bereich A ein. Wagen 01 ist im Bereich D. Dazwischen verteilen sich dann die weiteren Sitzwagen.<\/p>\n<p>Eigene Verpflegung darfst du mitbringen, sei es Kistenbier oder K\u00fchltaschen. Aber selbstmitgebrachte Speisen und Getr\u00e4nke d\u00fcrfen nur im Abteil verzehrt werden. Im Partywagen sind diese verboten, vor allem Glasflaschen (aus Verletzungsgr\u00fcnden).<br \/>\n<a attid=\"5994\" href=\"http:\/\/www.fanprojekt-muenster.de\/wp\/wp-content\/uploads\/2019\/04\/Aushang_EssenTrinken.pdf\">Im Partywagen gibt es aber auch Getr\u00e4nke und ein paar Snacks zu einem fairen Kurs.<\/a><br \/>\nBeachte bitte, dass es keine Steckdosen gibt. Wenn das Smartphone, der Speaker oder andere Ger\u00e4te aufgeladen werden m\u00fcssen, solltest du dir eine Powerbank selbst mitbringen.<\/p>\n<p>In M\u00fcnchen wird unser Zug auf einem Abstellgleis abgestellt. In der Zeit wird er gereinigt und ist nicht verschlossen. Nat\u00fcrlich darfst du deine Klamotten im Zug lassen, aber auf eigene Gefahr.<\/p>\n<p>Nach Ankunft werden wir gemeinsam mit der U-Bahn zu einem Biergarten fahren, um noch die Zeit bis zum Stadionbesuch zu nutzen. Hierin d\u00fcrfen auch alle anderen Preu\u00dfenfans kommen, die anderweitig anreisen. Ab 11:00 Uhr ist der Biergarten vom <a href=\"https:\/\/paulaner-nockherberg.com\/\" rel=\"noopener noreferrer\" target=\"_blank\">PAULANER am NOCKHERBERG<\/a> f\u00fcr uns ge\u00f6ffnet.<\/p>\n<p>Falls du noch keine Eintrittskarte f\u00fcr das Spiel besitzt, hast du nur noch bis Mittwoch (10.04.) 13:00 Uhr Zeit deine Karte im Fanshop des SCP zu kaufen (Gesch\u00e4ftsstelle oder Arkaden). Am Stadion wird n\u00e4mlich keine G\u00e4stekasse ge\u00f6ffnet. Sprich, wer keine Karte hat, kommt nicht in den G\u00e4steblock.<\/p>\n<p>Wenn du Ersthelfer, Sanit\u00e4ter oder eine \u00e4hnliche Ausbildung hast, melde dich bitte kurz bei uns unter <a href=\"mailto:sonderzug@fanprojekt-muenster.de\">sonderzug@fanprojekt-muenster.de<\/a>. Wir w\u00fcrden n\u00e4mlich gerne wissen, ob wir dich bei einem Notfall w\u00e4hrend der Fahrt ansprechen d\u00fcrfen und wo genau dein Sitzplatz ist.<\/p>\n<p><a href=\"http:\/\/www.fanprojekt-muenster.de\/wp\/2019\/04\/06\/faq-fragen-und-antworten-zum-sonderzug-nach-muenchen-updates\/\">Fragen und Antworten zur Fahrt kannst du hier einsehen.<\/a><\/p>\n","protected":false},"excerpt":{"rendered":"<p>Alle Gutscheine sind umgetauscht, und damit hat jede Mitfahrerin und jeder Mitfahrer ein Armband und eine Fahrkarte erhalten. Das Armband muss vor dem Zutritt in den Zug am Arm befestigt&#8230; <a class=\"read-more-link\" href=\"https:\/\/www.fanprojekt-muenster.de\/wordpress\/infos-fuer-alle-mitfahrenden-fans\/\">Read more &raquo;<\/a><\/p>\n","protected":false},"author":6,"featured_media":6873,"comment_status":"closed","ping_status":"closed","sticky":false,"template":"","format":"standard","meta":{"advgb_blocks_editor_width":"","advgb_blocks_columns_visual_guide":"","footnotes":""},"categories":[2,3,4,13],"tags":[],"class_list":["post-6001","post","type-post","status-publish","format-standard","has-post-thumbnail","hentry","category-aktionen","category-aktuelles","category-auswarts","category-sonderzug-nach-muenchen"],"featured_image_src":"https:\/\/www.fanprojekt-muenster.de\/wordpress\/wp-content\/uploads\/2019\/04\/FlyerGRUEN.jpg","author_info":{"display_name":"508","author_link":"https:\/\/www.fanprojekt-muenster.de\/wordpress\/author\/508\/"},"yoast_head":"<!-- This site is optimized with the Yoast SEO plugin v27.2 - https:\/\/yoast.com\/product\/yoast-seo-wordpress\/ -->\n<title>Infos f\u00fcr alle mitfahrenden Fans - Fangemeinschaft Preu\u00dfen M\u00fcnster e. V.<\/title>\n<meta name=\"robots\" content=\"index, follow, max-snippet:-1, max-image-preview:large, max-video-preview:-1\" \/>\n<link rel=\"canonical\" href=\"https:\/\/www.fanprojekt-muenster.de\/wordpress\/infos-fuer-alle-mitfahrenden-fans\/\" \/>\n<meta property=\"og:locale\" content=\"de_DE\" \/>\n<meta property=\"og:type\" content=\"article\" \/>\n<meta property=\"og:title\" content=\"Infos f\u00fcr alle mitfahrenden Fans - Fangemeinschaft Preu\u00dfen M\u00fcnster e. V.\" \/>\n<meta property=\"og:description\" content=\"Alle Gutscheine sind umgetauscht, und damit hat jede Mitfahrerin und jeder Mitfahrer ein Armband und eine Fahrkarte erhalten. Das Armband muss vor dem Zutritt in den Zug am Arm befestigt... Read more &raquo;\" \/>\n<meta property=\"og:url\" content=\"https:\/\/www.fanprojekt-muenster.de\/wordpress\/infos-fuer-alle-mitfahrenden-fans\/\" \/>\n<meta property=\"og:site_name\" content=\"Fangemeinschaft Preu\u00dfen M\u00fcnster e. V.\" \/>\n<meta property=\"article:published_time\" content=\"2019-04-06T17:39:52+00:00\" \/>\n<meta property=\"article:modified_time\" content=\"2019-07-07T11:51:06+00:00\" \/>\n<meta property=\"og:image\" content=\"https:\/\/www.fanprojekt-muenster.de\/wordpress\/wp-content\/uploads\/2019\/04\/FlyerGRUEN.jpg\" \/>\n\t<meta property=\"og:image:width\" content=\"1078\" \/>\n\t<meta property=\"og:image:height\" content=\"769\" \/>\n\t<meta property=\"og:image:type\" content=\"image\/jpeg\" \/>\n<meta name=\"author\" content=\"508\" \/>\n<meta name=\"twitter:card\" content=\"summary_large_image\" \/>\n<meta name=\"twitter:label1\" content=\"Verfasst von\" \/>\n\t<meta name=\"twitter:data1\" content=\"508\" \/>\n\t<meta name=\"twitter:label2\" content=\"Gesch\u00e4tzte Lesezeit\" \/>\n\t<meta name=\"twitter:data2\" content=\"2\u00a0Minuten\" \/>\n<script type=\"application\/ld+json\" class=\"yoast-schema-graph\">{\"@context\":\"https:\/\/schema.org\",\"@graph\":[{\"@type\":\"Article\",\"@id\":\"https:\/\/www.fanprojekt-muenster.de\/wordpress\/infos-fuer-alle-mitfahrenden-fans\/#article\",\"isPartOf\":{\"@id\":\"https:\/\/www.fanprojekt-muenster.de\/wordpress\/infos-fuer-alle-mitfahrenden-fans\/\"},\"author\":{\"name\":\"508\",\"@id\":\"https:\/\/www.fanprojekt-muenster.de\/wordpress\/#\/schema\/person\/907994394342a6ba0f1be4c546ed7d09\"},\"headline\":\"Infos f\u00fcr alle mitfahrenden Fans\",\"datePublished\":\"2019-04-06T17:39:52+00:00\",\"dateModified\":\"2019-07-07T11:51:06+00:00\",\"mainEntityOfPage\":{\"@id\":\"https:\/\/www.fanprojekt-muenster.de\/wordpress\/infos-fuer-alle-mitfahrenden-fans\/\"},\"wordCount\":352,\"publisher\":{\"@id\":\"https:\/\/www.fanprojekt-muenster.de\/wordpress\/#organization\"},\"image\":{\"@id\":\"https:\/\/www.fanprojekt-muenster.de\/wordpress\/infos-fuer-alle-mitfahrenden-fans\/#primaryimage\"},\"thumbnailUrl\":\"https:\/\/www.fanprojekt-muenster.de\/wordpress\/wp-content\/uploads\/2019\/04\/FlyerGRUEN.jpg\",\"articleSection\":[\"Aktionen\",\"Aktuelles\",\"Ausw\u00e4rts\",\"Sonderzug nach M\u00fcnchen\"],\"inLanguage\":\"de\"},{\"@type\":\"WebPage\",\"@id\":\"https:\/\/www.fanprojekt-muenster.de\/wordpress\/infos-fuer-alle-mitfahrenden-fans\/\",\"url\":\"https:\/\/www.fanprojekt-muenster.de\/wordpress\/infos-fuer-alle-mitfahrenden-fans\/\",\"name\":\"Infos f\u00fcr alle mitfahrenden Fans - Fangemeinschaft Preu\u00dfen M\u00fcnster e. V.\",\"isPartOf\":{\"@id\":\"https:\/\/www.fanprojekt-muenster.de\/wordpress\/#website\"},\"primaryImageOfPage\":{\"@id\":\"https:\/\/www.fanprojekt-muenster.de\/wordpress\/infos-fuer-alle-mitfahrenden-fans\/#primaryimage\"},\"image\":{\"@id\":\"https:\/\/www.fanprojekt-muenster.de\/wordpress\/infos-fuer-alle-mitfahrenden-fans\/#primaryimage\"},\"thumbnailUrl\":\"https:\/\/www.fanprojekt-muenster.de\/wordpress\/wp-content\/uploads\/2019\/04\/FlyerGRUEN.jpg\",\"datePublished\":\"2019-04-06T17:39:52+00:00\",\"dateModified\":\"2019-07-07T11:51:06+00:00\",\"breadcrumb\":{\"@id\":\"https:\/\/www.fanprojekt-muenster.de\/wordpress\/infos-fuer-alle-mitfahrenden-fans\/#breadcrumb\"},\"inLanguage\":\"de\",\"potentialAction\":[{\"@type\":\"ReadAction\",\"target\":[\"https:\/\/www.fanprojekt-muenster.de\/wordpress\/infos-fuer-alle-mitfahrenden-fans\/\"]}]},{\"@type\":\"ImageObject\",\"inLanguage\":\"de\",\"@id\":\"https:\/\/www.fanprojekt-muenster.de\/wordpress\/infos-fuer-alle-mitfahrenden-fans\/#primaryimage\",\"url\":\"https:\/\/www.fanprojekt-muenster.de\/wordpress\/wp-content\/uploads\/2019\/04\/FlyerGRUEN.jpg\",\"contentUrl\":\"https:\/\/www.fanprojekt-muenster.de\/wordpress\/wp-content\/uploads\/2019\/04\/FlyerGRUEN.jpg\",\"width\":1078,\"height\":769},{\"@type\":\"BreadcrumbList\",\"@id\":\"https:\/\/www.fanprojekt-muenster.de\/wordpress\/infos-fuer-alle-mitfahrenden-fans\/#breadcrumb\",\"itemListElement\":[{\"@type\":\"ListItem\",\"position\":1,\"name\":\"Startseite\",\"item\":\"https:\/\/www.fanprojekt-muenster.de\/wordpress\/\"},{\"@type\":\"ListItem\",\"position\":2,\"name\":\"Infos f\u00fcr alle mitfahrenden Fans\"}]},{\"@type\":\"WebSite\",\"@id\":\"https:\/\/www.fanprojekt-muenster.de\/wordpress\/#website\",\"url\":\"https:\/\/www.fanprojekt-muenster.de\/wordpress\/\",\"name\":\"Fangemeinschaft Preu\u00dfen M\u00fcnster e. V.\",\"description\":\"\",\"publisher\":{\"@id\":\"https:\/\/www.fanprojekt-muenster.de\/wordpress\/#organization\"},\"potentialAction\":[{\"@type\":\"SearchAction\",\"target\":{\"@type\":\"EntryPoint\",\"urlTemplate\":\"https:\/\/www.fanprojekt-muenster.de\/wordpress\/?s={search_term_string}\"},\"query-input\":{\"@type\":\"PropertyValueSpecification\",\"valueRequired\":true,\"valueName\":\"search_term_string\"}}],\"inLanguage\":\"de\"},{\"@type\":\"Organization\",\"@id\":\"https:\/\/www.fanprojekt-muenster.de\/wordpress\/#organization\",\"name\":\"Fangemeinschaft Preu\u00dfen M\u00fcnster e. V.\",\"url\":\"https:\/\/www.fanprojekt-muenster.de\/wordpress\/\",\"logo\":{\"@type\":\"ImageObject\",\"inLanguage\":\"de\",\"@id\":\"https:\/\/www.fanprojekt-muenster.de\/wordpress\/#\/schema\/logo\/image\/\",\"url\":\"https:\/\/www.fanprojekt-muenster.de\/wordpress\/wp-content\/uploads\/2019\/07\/cropped-Website_Logo3-9.png\",\"contentUrl\":\"https:\/\/www.fanprojekt-muenster.de\/wordpress\/wp-content\/uploads\/2019\/07\/cropped-Website_Logo3-9.png\",\"width\":224,\"height\":42,\"caption\":\"Fangemeinschaft Preu\u00dfen M\u00fcnster e. V.\"},\"image\":{\"@id\":\"https:\/\/www.fanprojekt-muenster.de\/wordpress\/#\/schema\/logo\/image\/\"}},{\"@type\":\"Person\",\"@id\":\"https:\/\/www.fanprojekt-muenster.de\/wordpress\/#\/schema\/person\/907994394342a6ba0f1be4c546ed7d09\",\"name\":\"508\",\"url\":\"https:\/\/www.fanprojekt-muenster.de\/wordpress\/author\/508\/\"}]}<\/script>\n<!-- \/ Yoast SEO plugin. -->","yoast_head_json":{"title":"Infos f\u00fcr alle mitfahrenden Fans - Fangemeinschaft Preu\u00dfen M\u00fcnster e. V.","robots":{"index":"index","follow":"follow","max-snippet":"max-snippet:-1","max-image-preview":"max-image-preview:large","max-video-preview":"max-video-preview:-1"},"canonical":"https:\/\/www.fanprojekt-muenster.de\/wordpress\/infos-fuer-alle-mitfahrenden-fans\/","og_locale":"de_DE","og_type":"article","og_title":"Infos f\u00fcr alle mitfahrenden Fans - Fangemeinschaft Preu\u00dfen M\u00fcnster e. V.","og_description":"Alle Gutscheine sind umgetauscht, und damit hat jede Mitfahrerin und jeder Mitfahrer ein Armband und eine Fahrkarte erhalten. Das Armband muss vor dem Zutritt in den Zug am Arm befestigt... Read more &raquo;","og_url":"https:\/\/www.fanprojekt-muenster.de\/wordpress\/infos-fuer-alle-mitfahrenden-fans\/","og_site_name":"Fangemeinschaft Preu\u00dfen M\u00fcnster e. V.","article_published_time":"2019-04-06T17:39:52+00:00","article_modified_time":"2019-07-07T11:51:06+00:00","og_image":[{"width":1078,"height":769,"url":"https:\/\/www.fanprojekt-muenster.de\/wordpress\/wp-content\/uploads\/2019\/04\/FlyerGRUEN.jpg","type":"image\/jpeg"}],"author":"508","twitter_card":"summary_large_image","twitter_misc":{"Verfasst von":"508","Gesch\u00e4tzte Lesezeit":"2\u00a0Minuten"},"schema":{"@context":"https:\/\/schema.org","@graph":[{"@type":"Article","@id":"https:\/\/www.fanprojekt-muenster.de\/wordpress\/infos-fuer-alle-mitfahrenden-fans\/#article","isPartOf":{"@id":"https:\/\/www.fanprojekt-muenster.de\/wordpress\/infos-fuer-alle-mitfahrenden-fans\/"},"author":{"name":"508","@id":"https:\/\/www.fanprojekt-muenster.de\/wordpress\/#\/schema\/person\/907994394342a6ba0f1be4c546ed7d09"},"headline":"Infos f\u00fcr alle mitfahrenden Fans","datePublished":"2019-04-06T17:39:52+00:00","dateModified":"2019-07-07T11:51:06+00:00","mainEntityOfPage":{"@id":"https:\/\/www.fanprojekt-muenster.de\/wordpress\/infos-fuer-alle-mitfahrenden-fans\/"},"wordCount":352,"publisher":{"@id":"https:\/\/www.fanprojekt-muenster.de\/wordpress\/#organization"},"image":{"@id":"https:\/\/www.fanprojekt-muenster.de\/wordpress\/infos-fuer-alle-mitfahrenden-fans\/#primaryimage"},"thumbnailUrl":"https:\/\/www.fanprojekt-muenster.de\/wordpress\/wp-content\/uploads\/2019\/04\/FlyerGRUEN.jpg","articleSection":["Aktionen","Aktuelles","Ausw\u00e4rts","Sonderzug nach M\u00fcnchen"],"inLanguage":"de"},{"@type":"WebPage","@id":"https:\/\/www.fanprojekt-muenster.de\/wordpress\/infos-fuer-alle-mitfahrenden-fans\/","url":"https:\/\/www.fanprojekt-muenster.de\/wordpress\/infos-fuer-alle-mitfahrenden-fans\/","name":"Infos f\u00fcr alle mitfahrenden Fans - Fangemeinschaft Preu\u00dfen M\u00fcnster e. V.","isPartOf":{"@id":"https:\/\/www.fanprojekt-muenster.de\/wordpress\/#website"},"primaryImageOfPage":{"@id":"https:\/\/www.fanprojekt-muenster.de\/wordpress\/infos-fuer-alle-mitfahrenden-fans\/#primaryimage"},"image":{"@id":"https:\/\/www.fanprojekt-muenster.de\/wordpress\/infos-fuer-alle-mitfahrenden-fans\/#primaryimage"},"thumbnailUrl":"https:\/\/www.fanprojekt-muenster.de\/wordpress\/wp-content\/uploads\/2019\/04\/FlyerGRUEN.jpg","datePublished":"2019-04-06T17:39:52+00:00","dateModified":"2019-07-07T11:51:06+00:00","breadcrumb":{"@id":"https:\/\/www.fanprojekt-muenster.de\/wordpress\/infos-fuer-alle-mitfahrenden-fans\/#breadcrumb"},"inLanguage":"de","potentialAction":[{"@type":"ReadAction","target":["https:\/\/www.fanprojekt-muenster.de\/wordpress\/infos-fuer-alle-mitfahrenden-fans\/"]}]},{"@type":"ImageObject","inLanguage":"de","@id":"https:\/\/www.fanprojekt-muenster.de\/wordpress\/infos-fuer-alle-mitfahrenden-fans\/#primaryimage","url":"https:\/\/www.fanprojekt-muenster.de\/wordpress\/wp-content\/uploads\/2019\/04\/FlyerGRUEN.jpg","contentUrl":"https:\/\/www.fanprojekt-muenster.de\/wordpress\/wp-content\/uploads\/2019\/04\/FlyerGRUEN.jpg","width":1078,"height":769},{"@type":"BreadcrumbList","@id":"https:\/\/www.fanprojekt-muenster.de\/wordpress\/infos-fuer-alle-mitfahrenden-fans\/#breadcrumb","itemListElement":[{"@type":"ListItem","position":1,"name":"Startseite","item":"https:\/\/www.fanprojekt-muenster.de\/wordpress\/"},{"@type":"ListItem","position":2,"name":"Infos f\u00fcr alle mitfahrenden Fans"}]},{"@type":"WebSite","@id":"https:\/\/www.fanprojekt-muenster.de\/wordpress\/#website","url":"https:\/\/www.fanprojekt-muenster.de\/wordpress\/","name":"Fangemeinschaft Preu\u00dfen M\u00fcnster e. V.","description":"","publisher":{"@id":"https:\/\/www.fanprojekt-muenster.de\/wordpress\/#organization"},"potentialAction":[{"@type":"SearchAction","target":{"@type":"EntryPoint","urlTemplate":"https:\/\/www.fanprojekt-muenster.de\/wordpress\/?s={search_term_string}"},"query-input":{"@type":"PropertyValueSpecification","valueRequired":true,"valueName":"search_term_string"}}],"inLanguage":"de"},{"@type":"Organization","@id":"https:\/\/www.fanprojekt-muenster.de\/wordpress\/#organization","name":"Fangemeinschaft Preu\u00dfen M\u00fcnster e. V.","url":"https:\/\/www.fanprojekt-muenster.de\/wordpress\/","logo":{"@type":"ImageObject","inLanguage":"de","@id":"https:\/\/www.fanprojekt-muenster.de\/wordpress\/#\/schema\/logo\/image\/","url":"https:\/\/www.fanprojekt-muenster.de\/wordpress\/wp-content\/uploads\/2019\/07\/cropped-Website_Logo3-9.png","contentUrl":"https:\/\/www.fanprojekt-muenster.de\/wordpress\/wp-content\/uploads\/2019\/07\/cropped-Website_Logo3-9.png","width":224,"height":42,"caption":"Fangemeinschaft Preu\u00dfen M\u00fcnster e. V."},"image":{"@id":"https:\/\/www.fanprojekt-muenster.de\/wordpress\/#\/schema\/logo\/image\/"}},{"@type":"Person","@id":"https:\/\/www.fanprojekt-muenster.de\/wordpress\/#\/schema\/person\/907994394342a6ba0f1be4c546ed7d09","name":"508","url":"https:\/\/www.fanprojekt-muenster.de\/wordpress\/author\/508\/"}]}},"author_meta":{"display_name":"508","author_link":"https:\/\/www.fanprojekt-muenster.de\/wordpress\/author\/508\/"},"featured_img":"https:\/\/www.fanprojekt-muenster.de\/wordpress\/wp-content\/uploads\/2019\/04\/FlyerGRUEN-300x214.jpg","coauthors":[],"tax_additional":{"categories":{"linked":["<a href=\"https:\/\/www.fanprojekt-muenster.de\/wordpress\/category\/aktionen\/\" class=\"advgb-post-tax-term\">Aktionen<\/a>","<a href=\"https:\/\/www.fanprojekt-muenster.de\/wordpress\/category\/aktuelles\/\" class=\"advgb-post-tax-term\">Aktuelles<\/a>","<a href=\"https:\/\/www.fanprojekt-muenster.de\/wordpress\/category\/auswarts\/\" class=\"advgb-post-tax-term\">Ausw\u00e4rts<\/a>","<a href=\"https:\/\/www.fanprojekt-muenster.de\/wordpress\/category\/sonderzug-nach-muenchen\/\" class=\"advgb-post-tax-term\">Sonderzug nach M\u00fcnchen<\/a>"],"unlinked":["<span class=\"advgb-post-tax-term\">Aktionen<\/span>","<span class=\"advgb-post-tax-term\">Aktuelles<\/span>","<span class=\"advgb-post-tax-term\">Ausw\u00e4rts<\/span>","<span class=\"advgb-post-tax-term\">Sonderzug nach M\u00fcnchen<\/span>"]}},"comment_count":"0","relative_dates":{"created":"Posted 7\u00a0Jahren ago","modified":"Updated 7\u00a0Jahren ago"},"absolute_dates":{"created":"Posted on 6. April 2019","modified":"Updated on 7. Juli 2019"},"absolute_dates_time":{"created":"Posted on 6. April 2019 19:39","modified":"Updated on 7. Juli 2019 13:51"},"featured_img_caption":"","series_order":"","_links":{"self":[{"href":"https:\/\/www.fanprojekt-muenster.de\/wordpress\/wp-json\/wp\/v2\/posts\/6001","targetHints":{"allow":["GET"]}}],"collection":[{"href":"https:\/\/www.fanprojekt-muenster.de\/wordpress\/wp-json\/wp\/v2\/posts"}],"about":[{"href":"https:\/\/www.fanprojekt-muenster.de\/wordpress\/wp-json\/wp\/v2\/types\/post"}],"author":[{"embeddable":true,"href":"https:\/\/www.fanprojekt-muenster.de\/wordpress\/wp-json\/wp\/v2\/users\/6"}],"replies":[{"embeddable":true,"href":"https:\/\/www.fanprojekt-muenster.de\/wordpress\/wp-json\/wp\/v2\/comments?post=6001"}],"version-history":[{"count":1,"href":"https:\/\/www.fanprojekt-muenster.de\/wordpress\/wp-json\/wp\/v2\/posts\/6001\/revisions"}],"predecessor-version":[{"id":6874,"href":"https:\/\/www.fanprojekt-muenster.de\/wordpress\/wp-json\/wp\/v2\/posts\/6001\/revisions\/6874"}],"wp:featuredmedia":[{"embeddable":true,"href":"https:\/\/www.fanprojekt-muenster.de\/wordpress\/wp-json\/wp\/v2\/media\/6873"}],"wp:attachment":[{"href":"https:\/\/www.fanprojekt-muenster.de\/wordpress\/wp-json\/wp\/v2\/media?parent=6001"}],"wp:term":[{"taxonomy":"category","embeddable":true,"href":"https:\/\/www.fanprojekt-muenster.de\/wordpress\/wp-json\/wp\/v2\/categories?post=6001"},{"taxonomy":"post_tag","embeddable":true,"href":"https:\/\/www.fanprojekt-muenster.de\/wordpress\/wp-json\/wp\/v2\/tags?post=6001"}],"curies":[{"name":"wp","href":"https:\/\/api.w.org\/{rel}","templated":true}]}}