{"id":5983,"date":"2019-04-02T22:14:37","date_gmt":"2019-04-02T20:14:37","guid":{"rendered":"http:\/\/www.fanprojekt-muenster.de\/wp\/?p=5983"},"modified":"2019-04-02T22:14:37","modified_gmt":"2019-04-02T20:14:37","slug":"letzte-moeglichkeit-fuer-den-umtausch-zur-fahrkarte","status":"publish","type":"post","link":"https:\/\/www.fanprojekt-muenster.de\/wordpress\/letzte-moeglichkeit-fuer-den-umtausch-zur-fahrkarte\/","title":{"rendered":"Letzte M\u00f6glichkeit f\u00fcr den Umtausch zur Fahrkarte!"},"content":{"rendered":"<p>Am Samstag, 13.04.2019 geht\u2019s in den Morgenstunden nach M\u00fcnchen, mit \u00fcber 500 Preu\u00dfenfans im Sonderzug. Einsteigen d\u00fcrfen nur die, die das ausgeh\u00e4ndigte Armband tragen und ihre Fahrkarte mit sich f\u00fchren.<br \/>\nDu hast noch kein Armband und noch keine Fahrkarte, aber schon f\u00fcr die Fahrt bezahlt? Dann musst du unbedingt diese Woche noch dein Gutschein umtauschen.<\/p>\n<p>Die letzten M\u00f6glichkeiten f\u00fcr den Umtausch und Kauf der letzten Fahrkarten sind<br \/>\n<strong>Mittwoch, 03.04.2019, 18:00-21:00 Uhr<\/strong> im Preu\u00dfenpub (Bremer Platz 14)<br \/>\n<strong>Freitag, 05.04.2019, 17:30-18:45 &amp; 20:45-22:15 Uhr<\/strong> beim Heimspiel gegen Meppen, am Fancontainer (Preu\u00dfenstadion)<\/p>\n<p>Wer nach diesen Terminen noch kein Armband und keine Fahrkarte besitzt, wird nicht mitfahren k\u00f6nnen. Also nutze die letzten M\u00f6glichkeiten!<br \/>\nBringe zum Umtausch unbedingt den Gutschein mit. Falls du online bestellt und \u00fcberwiesen, aber noch keinen Gutschein abgeholt hast, zeige bitte die Reservierungs-Email vor (ausgedruckt oder am Smartphone).<\/p>\n<p><strong>Letzten Fahrkarten f\u00fcr den Sonderzug<\/strong><br \/>\nEs sind nur noch vereinzelte Sitzpl\u00e4tze f\u00fcr den Preu\u00dfenzug nach M\u00fcnchen verf\u00fcgbar. Wenn du noch keine Fahrkarte gekauft hast, sei schnell und sichere dir eines der letzten Zugtickets nach M\u00fcnchen (79 EUR f\u00fcr FP-Mitglieder, 89 EUR f\u00fcr alle anderen). Der Verkauf findet gleichzeitig zu den Umtauschterminen statt. Also, letzte M\u00f6glichkeit ist auch das Heimspiel gegen Meppen am Fancontainer (siehe oben).<\/p>\n<p><strong>Eintrittskarte f\u00fcr das Stadion jetzt kaufen<\/strong><br \/>\nOb mit Sonderzug, Flugzeug, Auto, Fahrrad. Jeder Preu\u00dfenfan, der in M\u00fcnchen dabei ist, muss vorher eine Eintrittskarte f\u00fcr den G\u00e4steblock beim SCP gekauft haben. 1860 wird am Stadion keine G\u00e4stekasse \u00f6ffnen. Tickets gibt es in den Fanshops (Gesch\u00e4ftsstelle und Arkaden) bis Mittwoch, 10.04., 13:00 Uhr.<br \/>\n<a href=\"https:\/\/www.scpreussen-muenster.de\/auswaertsspiel-in-muenchen-gaestetickets-ausschliesslich-bei-uns-erhaeltlich\/\">Infos vom Verein: https:\/\/www.scpreussen-muenster.de\/auswaertsspiel-in-muenchen-gaestetickets-ausschliesslich-bei-uns-erhaeltlich\/<\/a><\/p>\n<p><strong>Abfahrtszeiten und Ankunft<\/strong><br \/>\nQuasi druckfrisch sind heute die Zeiten eingetroffen. Wir werden etwa 7 Stunden pro Strecke unterwegs sein:<br \/>\nAb M\u00fcnster Hbf 03:45 Uhr, Gleis 4<br \/>\nAn M\u00fcnchen Hbf 11:05 Uhr, Gleis 16<\/p>\n<p>Ab M\u00fcnchen Hbf 17:35 Uhr, Gleis 17<br \/>\nAn M\u00fcster Hbf 00:45 Uhr, Gleis 2<\/p>\n<p>Die Gleise k\u00f6nnen sich noch kurzfristig \u00e4ndern, deshalb halte die Augen und Ohren am Hbf offen!<br \/>\nEinlass in den Zug in M\u00fcnster Hbf ist ab ca. 3:40 Uhr. Wer das ausgeh\u00e4ndigte B\u00e4ndchen nicht am Arm tr\u00e4gt, wird nicht in den Zug gelassen. Gleiches gilt in M\u00fcnchen. Deshalb belasst das B\u00e4ndchen die ganze Tour am Arm.<\/p>\n","protected":false},"excerpt":{"rendered":"<p>Am Samstag, 13.04.2019 geht\u2019s in den Morgenstunden nach M\u00fcnchen, mit \u00fcber 500 Preu\u00dfenfans im Sonderzug. Einsteigen d\u00fcrfen nur die, die das ausgeh\u00e4ndigte Armband tragen und ihre Fahrkarte mit sich f\u00fchren&#8230;. <a class=\"read-more-link\" href=\"https:\/\/www.fanprojekt-muenster.de\/wordpress\/letzte-moeglichkeit-fuer-den-umtausch-zur-fahrkarte\/\">Read more &raquo;<\/a><\/p>\n","protected":false},"author":6,"featured_media":4223,"comment_status":"closed","ping_status":"closed","sticky":false,"template":"","format":"standard","meta":{"advgb_blocks_editor_width":"","advgb_blocks_columns_visual_guide":"","footnotes":""},"categories":[2,3,4,13],"tags":[],"class_list":["post-5983","post","type-post","status-publish","format-standard","has-post-thumbnail","hentry","category-aktionen","category-aktuelles","category-auswarts","category-sonderzug-nach-muenchen"],"featured_image_src":null,"author_info":{"display_name":"508","author_link":"https:\/\/www.fanprojekt-muenster.de\/wordpress\/author\/508\/"},"yoast_head":"<!-- This site is optimized with the Yoast SEO plugin v27.2 - https:\/\/yoast.com\/product\/yoast-seo-wordpress\/ -->\n<title>Letzte M\u00f6glichkeit f\u00fcr den Umtausch zur Fahrkarte! - Fangemeinschaft Preu\u00dfen M\u00fcnster e. V.<\/title>\n<meta name=\"robots\" content=\"index, follow, max-snippet:-1, max-image-preview:large, max-video-preview:-1\" \/>\n<link rel=\"canonical\" href=\"https:\/\/www.fanprojekt-muenster.de\/wordpress\/letzte-moeglichkeit-fuer-den-umtausch-zur-fahrkarte\/\" \/>\n<meta property=\"og:locale\" content=\"de_DE\" \/>\n<meta property=\"og:type\" content=\"article\" \/>\n<meta property=\"og:title\" content=\"Letzte M\u00f6glichkeit f\u00fcr den Umtausch zur Fahrkarte! - Fangemeinschaft Preu\u00dfen M\u00fcnster e. V.\" \/>\n<meta property=\"og:description\" content=\"Am Samstag, 13.04.2019 geht\u2019s in den Morgenstunden nach M\u00fcnchen, mit \u00fcber 500 Preu\u00dfenfans im Sonderzug. Einsteigen d\u00fcrfen nur die, die das ausgeh\u00e4ndigte Armband tragen und ihre Fahrkarte mit sich f\u00fchren.... Read more &raquo;\" \/>\n<meta property=\"og:url\" content=\"https:\/\/www.fanprojekt-muenster.de\/wordpress\/letzte-moeglichkeit-fuer-den-umtausch-zur-fahrkarte\/\" \/>\n<meta property=\"og:site_name\" content=\"Fangemeinschaft Preu\u00dfen M\u00fcnster e. V.\" \/>\n<meta property=\"article:published_time\" content=\"2019-04-02T20:14:37+00:00\" \/>\n<meta name=\"author\" content=\"508\" \/>\n<meta name=\"twitter:card\" content=\"summary_large_image\" \/>\n<meta name=\"twitter:label1\" content=\"Verfasst von\" \/>\n\t<meta name=\"twitter:data1\" content=\"508\" \/>\n\t<meta name=\"twitter:label2\" content=\"Gesch\u00e4tzte Lesezeit\" \/>\n\t<meta name=\"twitter:data2\" content=\"2\u00a0Minuten\" \/>\n<script type=\"application\/ld+json\" class=\"yoast-schema-graph\">{\"@context\":\"https:\/\/schema.org\",\"@graph\":[{\"@type\":\"Article\",\"@id\":\"https:\/\/www.fanprojekt-muenster.de\/wordpress\/letzte-moeglichkeit-fuer-den-umtausch-zur-fahrkarte\/#article\",\"isPartOf\":{\"@id\":\"https:\/\/www.fanprojekt-muenster.de\/wordpress\/letzte-moeglichkeit-fuer-den-umtausch-zur-fahrkarte\/\"},\"author\":{\"name\":\"508\",\"@id\":\"https:\/\/www.fanprojekt-muenster.de\/wordpress\/#\/schema\/person\/907994394342a6ba0f1be4c546ed7d09\"},\"headline\":\"Letzte M\u00f6glichkeit f\u00fcr den Umtausch zur Fahrkarte!\",\"datePublished\":\"2019-04-02T20:14:37+00:00\",\"mainEntityOfPage\":{\"@id\":\"https:\/\/www.fanprojekt-muenster.de\/wordpress\/letzte-moeglichkeit-fuer-den-umtausch-zur-fahrkarte\/\"},\"wordCount\":393,\"publisher\":{\"@id\":\"https:\/\/www.fanprojekt-muenster.de\/wordpress\/#organization\"},\"image\":{\"@id\":\"https:\/\/www.fanprojekt-muenster.de\/wordpress\/letzte-moeglichkeit-fuer-den-umtausch-zur-fahrkarte\/#primaryimage\"},\"thumbnailUrl\":\"\",\"articleSection\":[\"Aktionen\",\"Aktuelles\",\"Ausw\u00e4rts\",\"Sonderzug nach M\u00fcnchen\"],\"inLanguage\":\"de\"},{\"@type\":\"WebPage\",\"@id\":\"https:\/\/www.fanprojekt-muenster.de\/wordpress\/letzte-moeglichkeit-fuer-den-umtausch-zur-fahrkarte\/\",\"url\":\"https:\/\/www.fanprojekt-muenster.de\/wordpress\/letzte-moeglichkeit-fuer-den-umtausch-zur-fahrkarte\/\",\"name\":\"Letzte M\u00f6glichkeit f\u00fcr den Umtausch zur Fahrkarte! - Fangemeinschaft Preu\u00dfen M\u00fcnster e. V.\",\"isPartOf\":{\"@id\":\"https:\/\/www.fanprojekt-muenster.de\/wordpress\/#website\"},\"primaryImageOfPage\":{\"@id\":\"https:\/\/www.fanprojekt-muenster.de\/wordpress\/letzte-moeglichkeit-fuer-den-umtausch-zur-fahrkarte\/#primaryimage\"},\"image\":{\"@id\":\"https:\/\/www.fanprojekt-muenster.de\/wordpress\/letzte-moeglichkeit-fuer-den-umtausch-zur-fahrkarte\/#primaryimage\"},\"thumbnailUrl\":\"\",\"datePublished\":\"2019-04-02T20:14:37+00:00\",\"breadcrumb\":{\"@id\":\"https:\/\/www.fanprojekt-muenster.de\/wordpress\/letzte-moeglichkeit-fuer-den-umtausch-zur-fahrkarte\/#breadcrumb\"},\"inLanguage\":\"de\",\"potentialAction\":[{\"@type\":\"ReadAction\",\"target\":[\"https:\/\/www.fanprojekt-muenster.de\/wordpress\/letzte-moeglichkeit-fuer-den-umtausch-zur-fahrkarte\/\"]}]},{\"@type\":\"ImageObject\",\"inLanguage\":\"de\",\"@id\":\"https:\/\/www.fanprojekt-muenster.de\/wordpress\/letzte-moeglichkeit-fuer-den-umtausch-zur-fahrkarte\/#primaryimage\",\"url\":\"\",\"contentUrl\":\"\"},{\"@type\":\"BreadcrumbList\",\"@id\":\"https:\/\/www.fanprojekt-muenster.de\/wordpress\/letzte-moeglichkeit-fuer-den-umtausch-zur-fahrkarte\/#breadcrumb\",\"itemListElement\":[{\"@type\":\"ListItem\",\"position\":1,\"name\":\"Startseite\",\"item\":\"https:\/\/www.fanprojekt-muenster.de\/wordpress\/\"},{\"@type\":\"ListItem\",\"position\":2,\"name\":\"Letzte M\u00f6glichkeit f\u00fcr den Umtausch zur Fahrkarte!\"}]},{\"@type\":\"WebSite\",\"@id\":\"https:\/\/www.fanprojekt-muenster.de\/wordpress\/#website\",\"url\":\"https:\/\/www.fanprojekt-muenster.de\/wordpress\/\",\"name\":\"Fangemeinschaft Preu\u00dfen M\u00fcnster e. V.\",\"description\":\"\",\"publisher\":{\"@id\":\"https:\/\/www.fanprojekt-muenster.de\/wordpress\/#organization\"},\"potentialAction\":[{\"@type\":\"SearchAction\",\"target\":{\"@type\":\"EntryPoint\",\"urlTemplate\":\"https:\/\/www.fanprojekt-muenster.de\/wordpress\/?s={search_term_string}\"},\"query-input\":{\"@type\":\"PropertyValueSpecification\",\"valueRequired\":true,\"valueName\":\"search_term_string\"}}],\"inLanguage\":\"de\"},{\"@type\":\"Organization\",\"@id\":\"https:\/\/www.fanprojekt-muenster.de\/wordpress\/#organization\",\"name\":\"Fangemeinschaft Preu\u00dfen M\u00fcnster e. V.\",\"url\":\"https:\/\/www.fanprojekt-muenster.de\/wordpress\/\",\"logo\":{\"@type\":\"ImageObject\",\"inLanguage\":\"de\",\"@id\":\"https:\/\/www.fanprojekt-muenster.de\/wordpress\/#\/schema\/logo\/image\/\",\"url\":\"https:\/\/www.fanprojekt-muenster.de\/wordpress\/wp-content\/uploads\/2019\/07\/cropped-Website_Logo3-9.png\",\"contentUrl\":\"https:\/\/www.fanprojekt-muenster.de\/wordpress\/wp-content\/uploads\/2019\/07\/cropped-Website_Logo3-9.png\",\"width\":224,\"height\":42,\"caption\":\"Fangemeinschaft Preu\u00dfen M\u00fcnster e. V.\"},\"image\":{\"@id\":\"https:\/\/www.fanprojekt-muenster.de\/wordpress\/#\/schema\/logo\/image\/\"}},{\"@type\":\"Person\",\"@id\":\"https:\/\/www.fanprojekt-muenster.de\/wordpress\/#\/schema\/person\/907994394342a6ba0f1be4c546ed7d09\",\"name\":\"508\",\"url\":\"https:\/\/www.fanprojekt-muenster.de\/wordpress\/author\/508\/\"}]}<\/script>\n<!-- \/ Yoast SEO plugin. -->","yoast_head_json":{"title":"Letzte M\u00f6glichkeit f\u00fcr den Umtausch zur Fahrkarte! - Fangemeinschaft Preu\u00dfen M\u00fcnster e. V.","robots":{"index":"index","follow":"follow","max-snippet":"max-snippet:-1","max-image-preview":"max-image-preview:large","max-video-preview":"max-video-preview:-1"},"canonical":"https:\/\/www.fanprojekt-muenster.de\/wordpress\/letzte-moeglichkeit-fuer-den-umtausch-zur-fahrkarte\/","og_locale":"de_DE","og_type":"article","og_title":"Letzte M\u00f6glichkeit f\u00fcr den Umtausch zur Fahrkarte! - Fangemeinschaft Preu\u00dfen M\u00fcnster e. V.","og_description":"Am Samstag, 13.04.2019 geht\u2019s in den Morgenstunden nach M\u00fcnchen, mit \u00fcber 500 Preu\u00dfenfans im Sonderzug. Einsteigen d\u00fcrfen nur die, die das ausgeh\u00e4ndigte Armband tragen und ihre Fahrkarte mit sich f\u00fchren.... Read more &raquo;","og_url":"https:\/\/www.fanprojekt-muenster.de\/wordpress\/letzte-moeglichkeit-fuer-den-umtausch-zur-fahrkarte\/","og_site_name":"Fangemeinschaft Preu\u00dfen M\u00fcnster e. V.","article_published_time":"2019-04-02T20:14:37+00:00","author":"508","twitter_card":"summary_large_image","twitter_misc":{"Verfasst von":"508","Gesch\u00e4tzte Lesezeit":"2\u00a0Minuten"},"schema":{"@context":"https:\/\/schema.org","@graph":[{"@type":"Article","@id":"https:\/\/www.fanprojekt-muenster.de\/wordpress\/letzte-moeglichkeit-fuer-den-umtausch-zur-fahrkarte\/#article","isPartOf":{"@id":"https:\/\/www.fanprojekt-muenster.de\/wordpress\/letzte-moeglichkeit-fuer-den-umtausch-zur-fahrkarte\/"},"author":{"name":"508","@id":"https:\/\/www.fanprojekt-muenster.de\/wordpress\/#\/schema\/person\/907994394342a6ba0f1be4c546ed7d09"},"headline":"Letzte M\u00f6glichkeit f\u00fcr den Umtausch zur Fahrkarte!","datePublished":"2019-04-02T20:14:37+00:00","mainEntityOfPage":{"@id":"https:\/\/www.fanprojekt-muenster.de\/wordpress\/letzte-moeglichkeit-fuer-den-umtausch-zur-fahrkarte\/"},"wordCount":393,"publisher":{"@id":"https:\/\/www.fanprojekt-muenster.de\/wordpress\/#organization"},"image":{"@id":"https:\/\/www.fanprojekt-muenster.de\/wordpress\/letzte-moeglichkeit-fuer-den-umtausch-zur-fahrkarte\/#primaryimage"},"thumbnailUrl":"","articleSection":["Aktionen","Aktuelles","Ausw\u00e4rts","Sonderzug nach M\u00fcnchen"],"inLanguage":"de"},{"@type":"WebPage","@id":"https:\/\/www.fanprojekt-muenster.de\/wordpress\/letzte-moeglichkeit-fuer-den-umtausch-zur-fahrkarte\/","url":"https:\/\/www.fanprojekt-muenster.de\/wordpress\/letzte-moeglichkeit-fuer-den-umtausch-zur-fahrkarte\/","name":"Letzte M\u00f6glichkeit f\u00fcr den Umtausch zur Fahrkarte! - Fangemeinschaft Preu\u00dfen M\u00fcnster e. V.","isPartOf":{"@id":"https:\/\/www.fanprojekt-muenster.de\/wordpress\/#website"},"primaryImageOfPage":{"@id":"https:\/\/www.fanprojekt-muenster.de\/wordpress\/letzte-moeglichkeit-fuer-den-umtausch-zur-fahrkarte\/#primaryimage"},"image":{"@id":"https:\/\/www.fanprojekt-muenster.de\/wordpress\/letzte-moeglichkeit-fuer-den-umtausch-zur-fahrkarte\/#primaryimage"},"thumbnailUrl":"","datePublished":"2019-04-02T20:14:37+00:00","breadcrumb":{"@id":"https:\/\/www.fanprojekt-muenster.de\/wordpress\/letzte-moeglichkeit-fuer-den-umtausch-zur-fahrkarte\/#breadcrumb"},"inLanguage":"de","potentialAction":[{"@type":"ReadAction","target":["https:\/\/www.fanprojekt-muenster.de\/wordpress\/letzte-moeglichkeit-fuer-den-umtausch-zur-fahrkarte\/"]}]},{"@type":"ImageObject","inLanguage":"de","@id":"https:\/\/www.fanprojekt-muenster.de\/wordpress\/letzte-moeglichkeit-fuer-den-umtausch-zur-fahrkarte\/#primaryimage","url":"","contentUrl":""},{"@type":"BreadcrumbList","@id":"https:\/\/www.fanprojekt-muenster.de\/wordpress\/letzte-moeglichkeit-fuer-den-umtausch-zur-fahrkarte\/#breadcrumb","itemListElement":[{"@type":"ListItem","position":1,"name":"Startseite","item":"https:\/\/www.fanprojekt-muenster.de\/wordpress\/"},{"@type":"ListItem","position":2,"name":"Letzte M\u00f6glichkeit f\u00fcr den Umtausch zur Fahrkarte!"}]},{"@type":"WebSite","@id":"https:\/\/www.fanprojekt-muenster.de\/wordpress\/#website","url":"https:\/\/www.fanprojekt-muenster.de\/wordpress\/","name":"Fangemeinschaft Preu\u00dfen M\u00fcnster e. V.","description":"","publisher":{"@id":"https:\/\/www.fanprojekt-muenster.de\/wordpress\/#organization"},"potentialAction":[{"@type":"SearchAction","target":{"@type":"EntryPoint","urlTemplate":"https:\/\/www.fanprojekt-muenster.de\/wordpress\/?s={search_term_string}"},"query-input":{"@type":"PropertyValueSpecification","valueRequired":true,"valueName":"search_term_string"}}],"inLanguage":"de"},{"@type":"Organization","@id":"https:\/\/www.fanprojekt-muenster.de\/wordpress\/#organization","name":"Fangemeinschaft Preu\u00dfen M\u00fcnster e. V.","url":"https:\/\/www.fanprojekt-muenster.de\/wordpress\/","logo":{"@type":"ImageObject","inLanguage":"de","@id":"https:\/\/www.fanprojekt-muenster.de\/wordpress\/#\/schema\/logo\/image\/","url":"https:\/\/www.fanprojekt-muenster.de\/wordpress\/wp-content\/uploads\/2019\/07\/cropped-Website_Logo3-9.png","contentUrl":"https:\/\/www.fanprojekt-muenster.de\/wordpress\/wp-content\/uploads\/2019\/07\/cropped-Website_Logo3-9.png","width":224,"height":42,"caption":"Fangemeinschaft Preu\u00dfen M\u00fcnster e. V."},"image":{"@id":"https:\/\/www.fanprojekt-muenster.de\/wordpress\/#\/schema\/logo\/image\/"}},{"@type":"Person","@id":"https:\/\/www.fanprojekt-muenster.de\/wordpress\/#\/schema\/person\/907994394342a6ba0f1be4c546ed7d09","name":"508","url":"https:\/\/www.fanprojekt-muenster.de\/wordpress\/author\/508\/"}]}},"author_meta":{"display_name":"508","author_link":"https:\/\/www.fanprojekt-muenster.de\/wordpress\/author\/508\/"},"featured_img":null,"coauthors":[],"tax_additional":{"categories":{"linked":["<a href=\"https:\/\/www.fanprojekt-muenster.de\/wordpress\/category\/aktionen\/\" class=\"advgb-post-tax-term\">Aktionen<\/a>","<a href=\"https:\/\/www.fanprojekt-muenster.de\/wordpress\/category\/aktuelles\/\" class=\"advgb-post-tax-term\">Aktuelles<\/a>","<a href=\"https:\/\/www.fanprojekt-muenster.de\/wordpress\/category\/auswarts\/\" class=\"advgb-post-tax-term\">Ausw\u00e4rts<\/a>","<a href=\"https:\/\/www.fanprojekt-muenster.de\/wordpress\/category\/sonderzug-nach-muenchen\/\" class=\"advgb-post-tax-term\">Sonderzug nach M\u00fcnchen<\/a>"],"unlinked":["<span class=\"advgb-post-tax-term\">Aktionen<\/span>","<span class=\"advgb-post-tax-term\">Aktuelles<\/span>","<span class=\"advgb-post-tax-term\">Ausw\u00e4rts<\/span>","<span class=\"advgb-post-tax-term\">Sonderzug nach M\u00fcnchen<\/span>"]}},"comment_count":"0","relative_dates":{"created":"Posted 7\u00a0Jahren ago","modified":"Updated 7\u00a0Jahren ago"},"absolute_dates":{"created":"Posted on 2. April 2019","modified":"Updated on 2. April 2019"},"absolute_dates_time":{"created":"Posted on 2. April 2019 22:14","modified":"Updated on 2. April 2019 22:14"},"featured_img_caption":"","series_order":"","_links":{"self":[{"href":"https:\/\/www.fanprojekt-muenster.de\/wordpress\/wp-json\/wp\/v2\/posts\/5983","targetHints":{"allow":["GET"]}}],"collection":[{"href":"https:\/\/www.fanprojekt-muenster.de\/wordpress\/wp-json\/wp\/v2\/posts"}],"about":[{"href":"https:\/\/www.fanprojekt-muenster.de\/wordpress\/wp-json\/wp\/v2\/types\/post"}],"author":[{"embeddable":true,"href":"https:\/\/www.fanprojekt-muenster.de\/wordpress\/wp-json\/wp\/v2\/users\/6"}],"replies":[{"embeddable":true,"href":"https:\/\/www.fanprojekt-muenster.de\/wordpress\/wp-json\/wp\/v2\/comments?post=5983"}],"version-history":[{"count":0,"href":"https:\/\/www.fanprojekt-muenster.de\/wordpress\/wp-json\/wp\/v2\/posts\/5983\/revisions"}],"wp:featuredmedia":[{"embeddable":true,"href":"https:\/\/www.fanprojekt-muenster.de\/wordpress\/wp-json\/"}],"wp:attachment":[{"href":"https:\/\/www.fanprojekt-muenster.de\/wordpress\/wp-json\/wp\/v2\/media?parent=5983"}],"wp:term":[{"taxonomy":"category","embeddable":true,"href":"https:\/\/www.fanprojekt-muenster.de\/wordpress\/wp-json\/wp\/v2\/categories?post=5983"},{"taxonomy":"post_tag","embeddable":true,"href":"https:\/\/www.fanprojekt-muenster.de\/wordpress\/wp-json\/wp\/v2\/tags?post=5983"}],"curies":[{"name":"wp","href":"https:\/\/api.w.org\/{rel}","templated":true}]}}