{"id":5977,"date":"2019-04-06T19:10:14","date_gmt":"2019-04-06T17:10:14","guid":{"rendered":"http:\/\/www.fanprojekt-muenster.de\/wp\/?p=5977"},"modified":"2019-04-06T19:10:14","modified_gmt":"2019-04-06T17:10:14","slug":"faq-fragen-und-antworten-zum-sonderzug-nach-muenchen-updates","status":"publish","type":"post","link":"https:\/\/www.fanprojekt-muenster.de\/wordpress\/faq-fragen-und-antworten-zum-sonderzug-nach-muenchen-updates\/","title":{"rendered":"FAQ: Fragen und Antworten zum Sonderzug nach M\u00fcnchen (Updates)"},"content":{"rendered":"<p><strong>Wann wird der Sonderzug nach M\u00fcnchen fahren?<\/strong><br \/>\nDas Ausw\u00e4rtsspiel gegen 1860 M\u00fcnchen findet am Samstag, 13.04.2019 (33. Spieltag) statt. Am 21.03.2019 hatte der DFB diesen Termin best\u00e4tigt und offiziell bekannt gegeben.<\/p>\n<p><strong>Wie lange wird der Zug unterwegs sein?<\/strong><br \/>\nWir werden ca. 7 Stunden pro Strecke fahren.<\/p>\n<p><strong>Wann f\u00e4hrt der Zug in M\u00fcnster ab und wann kommt er wieder zur\u00fcck?<\/strong><br \/>\nAb M\u00fcnster Hbf 03:45 Uhr, Gleis 4<br \/>\nAn M\u00fcnchen Hbf 11:05 Uhr, Gleis 16<\/p>\n<p>Ab M\u00fcnchen Hbf 17:35 Uhr, Gleis 17<br \/>\nAn M\u00fcnster Hbf 00:45 Uhr, Gleis 2<\/p>\n<p>Bitte achte auf m\u00f6gliche Gleis\u00e4nderungen vor Ort.<br \/>\nSei sp\u00e4testens 10 Minuten vor Abfahrt am Gleis. Wir warten n\u00e4mlich nicht und fahren p\u00fcnktlich ab!<\/p>\n<p><strong>Wie viele Preu\u00dfenfans fahren im Sonderzug mit?<\/strong><br \/>\nDer Sonderzug f\u00e4hrt mit 8 Sitzwagen und 2 Partywagen. Die 8 Sitzwagen haben jeweils bis zu 66 Sitzpl\u00e4tze. Bisher wurden etwa 490 Karten verkauft und mit den DJs und Ordnern sind wir \u00fcber 500. Es gibt aber noch ganz wenige Restkarten (N\u00e4heres zu Anmeldungen weiter unten).<\/p>\n<p><strong>Habe ich einen festen Sitzplatz?<\/strong><br \/>\nJa. Jede angemeldet Person und bezahlte Karte wird einem Sitzplatz zugeordnet. Sprich, es gibt keine \u00dcberbuchungen und niemand muss zwangsm\u00e4\u00dfig in den G\u00e4ngen stehen. Eine Mitfahrt ohne festen Sitzplatz ist nicht m\u00f6glich.<br \/>\n<a href=\"http:\/\/www.fanprojekt-muenster.de\/wp\/wp-content\/uploads\/2019\/02\/Aushang_Sitzwagen.pdf\">Der Sonderzug ist ausschlie\u00dflich mit Sitzer-Abteilen ausgestattet, mit jeweils 6 Sitzpl\u00e4tzen. Ein Waggon hat 11 Abteile.<\/a><\/p>\n<p><strong>Wo sitze ich genau, wo muss ich einsteigen?<\/strong><br \/>\nJede gekaufte Fahrkarte zeigt die Wagennummer und den genauen Sitzplatz. <a href=\"http:\/\/www.fanprojekt-muenster.de\/wp\/wp-content\/uploads\/2019\/04\/Aushang_Wagenreihung.pdf\">Die genau Wagenreihung gibt es als PDF.<\/a><br \/>\nIn M\u00fcnster Hbf ist Wagen 08 eher im Bahnsteig-Bereich A, Wagen 01 wird im Bereich D sein. Und die anderen Wagen verteilen sich innerhalb dieses Bereichs.<br \/>\nM\u00fcnchen Hbf ist ein Kopfbahnhof, Wagen 01 wird am Anfang stehen (am N\u00e4hesten zur Bahnhofshalle, Wagen 01 ist der l\u00e4ngste Weg zu gehen).<\/p>\n<p><strong>Wie viele Toiletten gibt es?<\/strong><br \/>\nJeder Sitzwagen hat zwei Toiletten, jeweils an beiden Enden eine.<\/p>\n<p><strong>Gibt es wieder einen Partywagen?<\/strong><br \/>\nEs werden wieder <a href=\"http:\/\/www.fanprojekt-muenster.de\/wp\/wp-content\/uploads\/2019\/02\/Aushang_Partywagen.pdf\">zwei Partywagen mit DJs dabei<\/a> sein, jeweils in der Mitte des Zuges.<\/p>\n<p><strong>Darf ich eigene Speisen und Getr\u00e4nke mitbringen?<\/strong><br \/>\nSelbstverst\u00e4ndlich darfst du selbst Essen und Trinken mitnehmen. Jedoch m\u00fcssen diese im eigenen Abteil verzehrt werden, aber d\u00fcrfen nicht in die Partywagen mitgenommen werden.<br \/>\nIn den Partywagen gibt es Getr\u00e4nke und Speisen zu kaufen. Die Getr\u00e4nke- und Speisekarte wird einige Tage vor der Abfahrt von uns ver\u00f6ffentlicht.<\/p>\n<p><strong>Gibt es Verpflegung im Zug zu kaufen?<\/strong><br \/>\nSelbstverst\u00e4ndlich. <a href=\"http:\/\/www.fanprojekt-muenster.de\/wp\/wp-content\/uploads\/2019\/04\/Aushang_EssenTrinken.pdf\">In den beiden Partywagen gibt es kalte und warme Getr\u00e4nke und Snacks zum fairen Preis.<\/a><\/p>\n<p><strong>Kann ich mein Handy, Speaker, etc. w\u00e4hrend der Fahrt aufladen?<\/strong><br \/>\nLeider nicht. Die Sitzwagen haben keine Steckdosen. Bringe deshalb am besten eine Powerbank mit, falls deine Ger\u00e4te leer werden.<\/p>\n<p><strong>Darf ich in M\u00fcnchen meine Sachen im Zug liegen lassen?<\/strong><br \/>\nDer Sitzplatz von der Hinfahrt ist auch der Sitzplatz f\u00fcr die R\u00fcckfahrt. Rein theoretisch darfst du deine Klamotten im Zug belassen. Jedoch ist es auf eigene Gefahr, denn es wird keine Haftung \u00fcbernommen. Der Zug wird zwar in M\u00fcnchen auf ein Abstellgleis gestellt. Jedoch wird er in der Zeit gereinigt und nicht verschlossen sein.<\/p>\n<p><strong>Wenn ich zu &#8222;m\u00fcde&#8220; bin, darf ich dann in M\u00fcnchen im Zug bleiben?<\/strong><br \/>\nNat\u00fcrlich nicht. \ud83d\ude42 Der Zug wird auf ein Abstellgleis gestellt und damit w\u00e4rst du im Zug &#8222;gefangen&#8220;. Also m\u00fcssen alle Mitfahrer am M\u00fcnchener Hbf aussteigen!<\/p>\n<p><strong>Wo darf ich w\u00e4hrend der Fahrt rauchen?<\/strong><br \/>\nIn den Sitzwagen besteht absolutes Rauchverbot, auch auf den Toiletten. Der Partywagen zwischen den Sitzwagen 03 und 04 ist aber f\u00fcr Raucher freigegeben.<\/p>\n<p><strong>Was passiert bei Sch\u00e4den oder Verst\u00f6\u00dfen?<\/strong><br \/>\nWer gegen die <a href=\"http:\/\/www.fanprojekt-muenster.de\/wp\/wp-content\/uploads\/2019\/02\/Aushang_Hausordnung.pdf\">Hausordnung<\/a> verst\u00f6\u00dft kann des Zuges verwiesen werden. Bei Eingriff in den Bahnbetrieb (z.B. Notbremse ziehen oder Gegenst\u00e4nde aus dem Fenster halten bzw. werfen) wird die Bundespolizei ermitteln und es kann passieren, dass der Sonderzug nicht mehr weiterf\u00e4hrt.<br \/>\nJegliche Sch\u00e4den in den Abteilen werden den Personen weiterbelastet, die ihren Sitzplatz dort haben. Bei gr\u00f6\u00dferen Besch\u00e4digungen und Unkosten, die das Fanprojekt tragen muss, wird es keinen weiteren Sonderzug in naher Zukunft mehr geben.<\/p>\n<p><strong>Wie kann ich mich f\u00fcr den Sonderzug nach M\u00fcnchen (13.04.2019) anmelden?<\/strong><br \/>\nDie offizielle Anmeldung ist abgeschlossen. Falls du trotzdem noch Interesse hast, melde dich umgehend bei <a href=\"mailto:sonderzug@fanprojekt-muenster.de\">sonderzug@fanprojekt-muenster.de<\/a>. Wir k\u00f6nnen dann mal schauen, was noch m\u00f6glich ist.<\/p>\n<p><strong>Wird der Zutritt und meine Fahrkarte kontrolliert?<\/strong><br \/>\nJa. Bevor du den Zug betreten darfst, pr\u00fcfen die Ordner, ob du das Armb\u00e4ndchen tr\u00e4gst. Ohne Armband erh\u00e4ltst du keinen Zutritt. W\u00e4hrend der Fahrt kommen wir vorbei und pr\u00fcfen zus\u00e4tzlich die Fahrkaten.<br \/>\nDas Armband ist auch dein Zutritt f\u00fcr die R\u00fcckfahrt. Deshalb belasse es bis zur Ankunft in M\u00fcnster am Arm.<\/p>\n<p><strong>Ich habe eine Karte f\u00fcr den Sonderzug gekauft, kann aber doch nicht mitfahren. Darf ich meine Anmeldung zur\u00fcckziehen?<\/strong><br \/>\nWenn du deine Fahrkarte bzw. den Gutschein gekauft hast, kannst du vom Kauf nicht mehr zur\u00fccktreten. Sicherlich darfst du deine Fahrkarte an eine andere Person zum Einkaufspreis weiterverkaufen. Damit m\u00f6gliche Sch\u00e4den w\u00e4hrend der Fahrt nicht auf dich zur\u00fcckfallen, melde uns bitte den K\u00e4ufer mit einer g\u00fcltigen Emailadresse an <a href=\"mailto:sonderzug@fanprojekt-muenster.de\">sonderzug@fanprojekt-muenster.de<\/a>.<br \/>\nWenn ein Ticket \u00fcber den Einkaufspreis weiterverkauft wird, wird dieses Ticket ung\u00fcltig und der Inhaber von der Zugfahrt ausgeschlossen.<\/p>\n<p><strong>Ist im Fahrpreis auch der Zutritt ins Stadion inbegriffen?<\/strong><br \/>\nDu zahlst nur den Weg im Sonderzug von M\u00fcnster nach M\u00fcnchen und zur\u00fcck. Eine Eintrittskarte f\u00fcr das Spiel musst du unbedingt beim SCP selbst besorgen. Der Verein ausreichend Stehplatzkarten f\u00fcr uns Preu\u00dfenfans erhalten (nur wenige Sitzplatzkarten f\u00fcr G\u00e4stefans). Bitte beachte, dass es keine G\u00e4stekasse am Stadion von 1860 M\u00fcnchen angeboten wird. Sprich, wer bis zum 13.04. keine G\u00e4stekarte hat, erh\u00e4lt auch keine mehr. Zutritt in den Heimbereich ist nur ohne Preu\u00dfen-Klamotten m\u00f6glich. <a href=\"https:\/\/www.scpreussen-muenster.de\/auswaertsspiel-in-muenchen-gaestetickets-ausschliesslich-bei-uns-erhaeltlich\/\" target=\"_blank\" rel=\"noopener noreferrer\">Infos zum Karten-Vorverkauf erh\u00e4ltst du beim Verein.<\/a><\/p>\n<p><strong>Wie ist der Transfer in M\u00fcnchen zwischen Bahnhof und Gr\u00fcnwalderstadion?<\/strong><br \/>\nDie Eintrittskarte zum Stadion enth\u00e4lt auch die kostenlose Fahrt mit \u00f6ffentlichen Verkehrsmitteln (MVV). Weil wir schon um 11:05 Uhr in M\u00fcnchen ankommen, werden wir uns die Zeit vor dem Stadionbesuch in einem Biergarten verbringen. Ab M\u00fcnchen Hbf werden wir mit der U-Bahn (U1, U2, U7) zur Haltestelle &#8222;Kolumbusplatz&#8220; und gehen dann gemeinsam ca. 10 Minuten zum<br \/>\n<a href=\"https:\/\/paulaner-nockherberg.com\/\" rel=\"noopener noreferrer\" target=\"_blank\"><strong>Paulaner am Nockherberg<\/strong>, Hochstr. 77, 81541 M\u00fcnchen<\/a><br \/>\nDer Biergarten hat keinen Kellner, sondern es l\u00e4uft per Selbstbedienung an den Tresen.<br \/>\nZum Stadion gehen wir dann gemeinsam 20 Minuten zu Fu\u00df.<\/p>\n<p><strong>Ich fahre nicht beim Sonderzug mit, darf ich auch zum Biergarten kommen?<\/strong><br \/>\nSelbstverst\u00e4ndlich. Ab 11:00 Uhr ist der Biergarten ge\u00f6ffnet.<\/p>\n<p><strong>Ich w\u00fcrde wohl Ordner machen, geht das?<\/strong><br \/>\nMelde dich dann bitte umgehend bei uns: <a href=\"mailto:Sonderzug@fanprojekt-muenster.de\">Sonderzug@fanprojekt-muenster.de<\/a><br \/>\nAls Ordner darfst du kostenlos mitfahren und erh\u00e4ltst Verzehrgutscheine. Aber alles nur nach Best\u00e4tigung vom Fanprojekt.<\/p>\n<p><strong>Ich habe eine Ausbildung zum Sanit\u00e4ter, Erstehelfer, \u00e4hnliches.<\/strong><br \/>\nDann melde dich bitte kurz bei uns: <a href=\"mailto:Sonderzug@fanprojekt-muenster.de\">Sonderzug@fanprojekt-muenster.de<\/a><br \/>\nWir w\u00fcrden dann gerne wissen, wo du genau sitzt, damit wir dich wom\u00f6glich kurz ansprechen k\u00f6nnen, wenn wir einen Notfall w\u00e4hrend der Fahrt haben.<\/p>\n<p><strong>Was ist das Fanprojekt Preu\u00dfen M\u00fcnster?<\/strong><br \/>\nWir sind ein e.V. (eingetragener Verein) mit einem Vorstand, der von den Mitgliedern gew\u00e4hlt ist. Das Fanprojekt setzt sich politisch und mit Aktionen f\u00fcr die Interessen von Preu\u00dfenfans ein.<br \/>\nJede Person, die sich im Fanprojekt engagiert macht es ehrenamtlich. Habe deshalb bitte Verst\u00e4ndnis, wenn sich die Abwicklung etwas verz\u00f6gert oder nicht jeder Wunsch erf\u00fcllt werden kann.<\/p>\n<p><strong>Ich m\u00f6chte mich auch beim Fanprojekt engagieren, wo kann ich mich melden?<\/strong><br \/>\nSprich uns vom <a href=\"http:\/\/www.fanprojekt-muenster.de\/wp\/uber-uns\/vorstand\/\">Vorstand <\/a>direkt bei den Preu\u00dfenspielen an (am Fancontainer oder im Stadion), oder schicke uns kurz eine Email an <a href=\"mailto:kontakt@fanprojekt-muenster.de\">kontakt@fanprojekt-muenster.de<\/a>.<\/p>\n","protected":false},"excerpt":{"rendered":"<p>Wann wird der Sonderzug nach M\u00fcnchen fahren? Das Ausw\u00e4rtsspiel gegen 1860 M\u00fcnchen findet am Samstag, 13.04.2019 (33. Spieltag) statt. Am 21.03.2019 hatte der DFB diesen Termin best\u00e4tigt und offiziell bekannt&#8230; <a class=\"read-more-link\" href=\"https:\/\/www.fanprojekt-muenster.de\/wordpress\/faq-fragen-und-antworten-zum-sonderzug-nach-muenchen-updates\/\">Read more &raquo;<\/a><\/p>\n","protected":false},"author":6,"featured_media":5794,"comment_status":"closed","ping_status":"closed","sticky":false,"template":"","format":"standard","meta":{"advgb_blocks_editor_width":"","advgb_blocks_columns_visual_guide":"","footnotes":""},"categories":[2,3,4,13],"tags":[],"class_list":["post-5977","post","type-post","status-publish","format-standard","has-post-thumbnail","hentry","category-aktionen","category-aktuelles","category-auswarts","category-sonderzug-nach-muenchen"],"featured_image_src":null,"author_info":{"display_name":"508","author_link":"https:\/\/www.fanprojekt-muenster.de\/wordpress\/author\/508\/"},"yoast_head":"<!-- This site is optimized with the Yoast SEO plugin v27.2 - https:\/\/yoast.com\/product\/yoast-seo-wordpress\/ -->\n<title>FAQ: Fragen und Antworten zum Sonderzug nach M\u00fcnchen (Updates) - Fangemeinschaft Preu\u00dfen M\u00fcnster e. V.<\/title>\n<meta name=\"robots\" content=\"index, follow, max-snippet:-1, max-image-preview:large, max-video-preview:-1\" \/>\n<link rel=\"canonical\" href=\"https:\/\/www.fanprojekt-muenster.de\/wordpress\/faq-fragen-und-antworten-zum-sonderzug-nach-muenchen-updates\/\" \/>\n<meta property=\"og:locale\" content=\"de_DE\" \/>\n<meta property=\"og:type\" content=\"article\" \/>\n<meta property=\"og:title\" content=\"FAQ: Fragen und Antworten zum Sonderzug nach M\u00fcnchen (Updates) - Fangemeinschaft Preu\u00dfen M\u00fcnster e. V.\" \/>\n<meta property=\"og:description\" content=\"Wann wird der Sonderzug nach M\u00fcnchen fahren? Das Ausw\u00e4rtsspiel gegen 1860 M\u00fcnchen findet am Samstag, 13.04.2019 (33. Spieltag) statt. Am 21.03.2019 hatte der DFB diesen Termin best\u00e4tigt und offiziell bekannt... Read more &raquo;\" \/>\n<meta property=\"og:url\" content=\"https:\/\/www.fanprojekt-muenster.de\/wordpress\/faq-fragen-und-antworten-zum-sonderzug-nach-muenchen-updates\/\" \/>\n<meta property=\"og:site_name\" content=\"Fangemeinschaft Preu\u00dfen M\u00fcnster e. V.\" \/>\n<meta property=\"article:published_time\" content=\"2019-04-06T17:10:14+00:00\" \/>\n<meta name=\"author\" content=\"508\" \/>\n<meta name=\"twitter:card\" content=\"summary_large_image\" \/>\n<meta name=\"twitter:label1\" content=\"Verfasst von\" \/>\n\t<meta name=\"twitter:data1\" content=\"508\" \/>\n\t<meta name=\"twitter:label2\" content=\"Gesch\u00e4tzte Lesezeit\" \/>\n\t<meta name=\"twitter:data2\" content=\"6\u00a0Minuten\" \/>\n<script type=\"application\/ld+json\" class=\"yoast-schema-graph\">{\"@context\":\"https:\/\/schema.org\",\"@graph\":[{\"@type\":\"Article\",\"@id\":\"https:\/\/www.fanprojekt-muenster.de\/wordpress\/faq-fragen-und-antworten-zum-sonderzug-nach-muenchen-updates\/#article\",\"isPartOf\":{\"@id\":\"https:\/\/www.fanprojekt-muenster.de\/wordpress\/faq-fragen-und-antworten-zum-sonderzug-nach-muenchen-updates\/\"},\"author\":{\"name\":\"508\",\"@id\":\"https:\/\/www.fanprojekt-muenster.de\/wordpress\/#\/schema\/person\/907994394342a6ba0f1be4c546ed7d09\"},\"headline\":\"FAQ: Fragen und Antworten zum Sonderzug nach M\u00fcnchen (Updates)\",\"datePublished\":\"2019-04-06T17:10:14+00:00\",\"mainEntityOfPage\":{\"@id\":\"https:\/\/www.fanprojekt-muenster.de\/wordpress\/faq-fragen-und-antworten-zum-sonderzug-nach-muenchen-updates\/\"},\"wordCount\":1305,\"publisher\":{\"@id\":\"https:\/\/www.fanprojekt-muenster.de\/wordpress\/#organization\"},\"image\":{\"@id\":\"https:\/\/www.fanprojekt-muenster.de\/wordpress\/faq-fragen-und-antworten-zum-sonderzug-nach-muenchen-updates\/#primaryimage\"},\"thumbnailUrl\":\"\",\"articleSection\":[\"Aktionen\",\"Aktuelles\",\"Ausw\u00e4rts\",\"Sonderzug nach M\u00fcnchen\"],\"inLanguage\":\"de\"},{\"@type\":\"WebPage\",\"@id\":\"https:\/\/www.fanprojekt-muenster.de\/wordpress\/faq-fragen-und-antworten-zum-sonderzug-nach-muenchen-updates\/\",\"url\":\"https:\/\/www.fanprojekt-muenster.de\/wordpress\/faq-fragen-und-antworten-zum-sonderzug-nach-muenchen-updates\/\",\"name\":\"FAQ: Fragen und Antworten zum Sonderzug nach M\u00fcnchen (Updates) - Fangemeinschaft Preu\u00dfen M\u00fcnster e. V.\",\"isPartOf\":{\"@id\":\"https:\/\/www.fanprojekt-muenster.de\/wordpress\/#website\"},\"primaryImageOfPage\":{\"@id\":\"https:\/\/www.fanprojekt-muenster.de\/wordpress\/faq-fragen-und-antworten-zum-sonderzug-nach-muenchen-updates\/#primaryimage\"},\"image\":{\"@id\":\"https:\/\/www.fanprojekt-muenster.de\/wordpress\/faq-fragen-und-antworten-zum-sonderzug-nach-muenchen-updates\/#primaryimage\"},\"thumbnailUrl\":\"\",\"datePublished\":\"2019-04-06T17:10:14+00:00\",\"breadcrumb\":{\"@id\":\"https:\/\/www.fanprojekt-muenster.de\/wordpress\/faq-fragen-und-antworten-zum-sonderzug-nach-muenchen-updates\/#breadcrumb\"},\"inLanguage\":\"de\",\"potentialAction\":[{\"@type\":\"ReadAction\",\"target\":[\"https:\/\/www.fanprojekt-muenster.de\/wordpress\/faq-fragen-und-antworten-zum-sonderzug-nach-muenchen-updates\/\"]}]},{\"@type\":\"ImageObject\",\"inLanguage\":\"de\",\"@id\":\"https:\/\/www.fanprojekt-muenster.de\/wordpress\/faq-fragen-und-antworten-zum-sonderzug-nach-muenchen-updates\/#primaryimage\",\"url\":\"\",\"contentUrl\":\"\"},{\"@type\":\"BreadcrumbList\",\"@id\":\"https:\/\/www.fanprojekt-muenster.de\/wordpress\/faq-fragen-und-antworten-zum-sonderzug-nach-muenchen-updates\/#breadcrumb\",\"itemListElement\":[{\"@type\":\"ListItem\",\"position\":1,\"name\":\"Startseite\",\"item\":\"https:\/\/www.fanprojekt-muenster.de\/wordpress\/\"},{\"@type\":\"ListItem\",\"position\":2,\"name\":\"FAQ: Fragen und Antworten zum Sonderzug nach M\u00fcnchen (Updates)\"}]},{\"@type\":\"WebSite\",\"@id\":\"https:\/\/www.fanprojekt-muenster.de\/wordpress\/#website\",\"url\":\"https:\/\/www.fanprojekt-muenster.de\/wordpress\/\",\"name\":\"Fangemeinschaft Preu\u00dfen M\u00fcnster e. V.\",\"description\":\"\",\"publisher\":{\"@id\":\"https:\/\/www.fanprojekt-muenster.de\/wordpress\/#organization\"},\"potentialAction\":[{\"@type\":\"SearchAction\",\"target\":{\"@type\":\"EntryPoint\",\"urlTemplate\":\"https:\/\/www.fanprojekt-muenster.de\/wordpress\/?s={search_term_string}\"},\"query-input\":{\"@type\":\"PropertyValueSpecification\",\"valueRequired\":true,\"valueName\":\"search_term_string\"}}],\"inLanguage\":\"de\"},{\"@type\":\"Organization\",\"@id\":\"https:\/\/www.fanprojekt-muenster.de\/wordpress\/#organization\",\"name\":\"Fangemeinschaft Preu\u00dfen M\u00fcnster e. V.\",\"url\":\"https:\/\/www.fanprojekt-muenster.de\/wordpress\/\",\"logo\":{\"@type\":\"ImageObject\",\"inLanguage\":\"de\",\"@id\":\"https:\/\/www.fanprojekt-muenster.de\/wordpress\/#\/schema\/logo\/image\/\",\"url\":\"https:\/\/www.fanprojekt-muenster.de\/wordpress\/wp-content\/uploads\/2019\/07\/cropped-Website_Logo3-9.png\",\"contentUrl\":\"https:\/\/www.fanprojekt-muenster.de\/wordpress\/wp-content\/uploads\/2019\/07\/cropped-Website_Logo3-9.png\",\"width\":224,\"height\":42,\"caption\":\"Fangemeinschaft Preu\u00dfen M\u00fcnster e. V.\"},\"image\":{\"@id\":\"https:\/\/www.fanprojekt-muenster.de\/wordpress\/#\/schema\/logo\/image\/\"}},{\"@type\":\"Person\",\"@id\":\"https:\/\/www.fanprojekt-muenster.de\/wordpress\/#\/schema\/person\/907994394342a6ba0f1be4c546ed7d09\",\"name\":\"508\",\"url\":\"https:\/\/www.fanprojekt-muenster.de\/wordpress\/author\/508\/\"}]}<\/script>\n<!-- \/ Yoast SEO plugin. -->","yoast_head_json":{"title":"FAQ: Fragen und Antworten zum Sonderzug nach M\u00fcnchen (Updates) - Fangemeinschaft Preu\u00dfen M\u00fcnster e. V.","robots":{"index":"index","follow":"follow","max-snippet":"max-snippet:-1","max-image-preview":"max-image-preview:large","max-video-preview":"max-video-preview:-1"},"canonical":"https:\/\/www.fanprojekt-muenster.de\/wordpress\/faq-fragen-und-antworten-zum-sonderzug-nach-muenchen-updates\/","og_locale":"de_DE","og_type":"article","og_title":"FAQ: Fragen und Antworten zum Sonderzug nach M\u00fcnchen (Updates) - Fangemeinschaft Preu\u00dfen M\u00fcnster e. V.","og_description":"Wann wird der Sonderzug nach M\u00fcnchen fahren? Das Ausw\u00e4rtsspiel gegen 1860 M\u00fcnchen findet am Samstag, 13.04.2019 (33. Spieltag) statt. Am 21.03.2019 hatte der DFB diesen Termin best\u00e4tigt und offiziell bekannt... Read more &raquo;","og_url":"https:\/\/www.fanprojekt-muenster.de\/wordpress\/faq-fragen-und-antworten-zum-sonderzug-nach-muenchen-updates\/","og_site_name":"Fangemeinschaft Preu\u00dfen M\u00fcnster e. V.","article_published_time":"2019-04-06T17:10:14+00:00","author":"508","twitter_card":"summary_large_image","twitter_misc":{"Verfasst von":"508","Gesch\u00e4tzte Lesezeit":"6\u00a0Minuten"},"schema":{"@context":"https:\/\/schema.org","@graph":[{"@type":"Article","@id":"https:\/\/www.fanprojekt-muenster.de\/wordpress\/faq-fragen-und-antworten-zum-sonderzug-nach-muenchen-updates\/#article","isPartOf":{"@id":"https:\/\/www.fanprojekt-muenster.de\/wordpress\/faq-fragen-und-antworten-zum-sonderzug-nach-muenchen-updates\/"},"author":{"name":"508","@id":"https:\/\/www.fanprojekt-muenster.de\/wordpress\/#\/schema\/person\/907994394342a6ba0f1be4c546ed7d09"},"headline":"FAQ: Fragen und Antworten zum Sonderzug nach M\u00fcnchen (Updates)","datePublished":"2019-04-06T17:10:14+00:00","mainEntityOfPage":{"@id":"https:\/\/www.fanprojekt-muenster.de\/wordpress\/faq-fragen-und-antworten-zum-sonderzug-nach-muenchen-updates\/"},"wordCount":1305,"publisher":{"@id":"https:\/\/www.fanprojekt-muenster.de\/wordpress\/#organization"},"image":{"@id":"https:\/\/www.fanprojekt-muenster.de\/wordpress\/faq-fragen-und-antworten-zum-sonderzug-nach-muenchen-updates\/#primaryimage"},"thumbnailUrl":"","articleSection":["Aktionen","Aktuelles","Ausw\u00e4rts","Sonderzug nach M\u00fcnchen"],"inLanguage":"de"},{"@type":"WebPage","@id":"https:\/\/www.fanprojekt-muenster.de\/wordpress\/faq-fragen-und-antworten-zum-sonderzug-nach-muenchen-updates\/","url":"https:\/\/www.fanprojekt-muenster.de\/wordpress\/faq-fragen-und-antworten-zum-sonderzug-nach-muenchen-updates\/","name":"FAQ: Fragen und Antworten zum Sonderzug nach M\u00fcnchen (Updates) - Fangemeinschaft Preu\u00dfen M\u00fcnster e. V.","isPartOf":{"@id":"https:\/\/www.fanprojekt-muenster.de\/wordpress\/#website"},"primaryImageOfPage":{"@id":"https:\/\/www.fanprojekt-muenster.de\/wordpress\/faq-fragen-und-antworten-zum-sonderzug-nach-muenchen-updates\/#primaryimage"},"image":{"@id":"https:\/\/www.fanprojekt-muenster.de\/wordpress\/faq-fragen-und-antworten-zum-sonderzug-nach-muenchen-updates\/#primaryimage"},"thumbnailUrl":"","datePublished":"2019-04-06T17:10:14+00:00","breadcrumb":{"@id":"https:\/\/www.fanprojekt-muenster.de\/wordpress\/faq-fragen-und-antworten-zum-sonderzug-nach-muenchen-updates\/#breadcrumb"},"inLanguage":"de","potentialAction":[{"@type":"ReadAction","target":["https:\/\/www.fanprojekt-muenster.de\/wordpress\/faq-fragen-und-antworten-zum-sonderzug-nach-muenchen-updates\/"]}]},{"@type":"ImageObject","inLanguage":"de","@id":"https:\/\/www.fanprojekt-muenster.de\/wordpress\/faq-fragen-und-antworten-zum-sonderzug-nach-muenchen-updates\/#primaryimage","url":"","contentUrl":""},{"@type":"BreadcrumbList","@id":"https:\/\/www.fanprojekt-muenster.de\/wordpress\/faq-fragen-und-antworten-zum-sonderzug-nach-muenchen-updates\/#breadcrumb","itemListElement":[{"@type":"ListItem","position":1,"name":"Startseite","item":"https:\/\/www.fanprojekt-muenster.de\/wordpress\/"},{"@type":"ListItem","position":2,"name":"FAQ: Fragen und Antworten zum Sonderzug nach M\u00fcnchen (Updates)"}]},{"@type":"WebSite","@id":"https:\/\/www.fanprojekt-muenster.de\/wordpress\/#website","url":"https:\/\/www.fanprojekt-muenster.de\/wordpress\/","name":"Fangemeinschaft Preu\u00dfen M\u00fcnster e. V.","description":"","publisher":{"@id":"https:\/\/www.fanprojekt-muenster.de\/wordpress\/#organization"},"potentialAction":[{"@type":"SearchAction","target":{"@type":"EntryPoint","urlTemplate":"https:\/\/www.fanprojekt-muenster.de\/wordpress\/?s={search_term_string}"},"query-input":{"@type":"PropertyValueSpecification","valueRequired":true,"valueName":"search_term_string"}}],"inLanguage":"de"},{"@type":"Organization","@id":"https:\/\/www.fanprojekt-muenster.de\/wordpress\/#organization","name":"Fangemeinschaft Preu\u00dfen M\u00fcnster e. V.","url":"https:\/\/www.fanprojekt-muenster.de\/wordpress\/","logo":{"@type":"ImageObject","inLanguage":"de","@id":"https:\/\/www.fanprojekt-muenster.de\/wordpress\/#\/schema\/logo\/image\/","url":"https:\/\/www.fanprojekt-muenster.de\/wordpress\/wp-content\/uploads\/2019\/07\/cropped-Website_Logo3-9.png","contentUrl":"https:\/\/www.fanprojekt-muenster.de\/wordpress\/wp-content\/uploads\/2019\/07\/cropped-Website_Logo3-9.png","width":224,"height":42,"caption":"Fangemeinschaft Preu\u00dfen M\u00fcnster e. V."},"image":{"@id":"https:\/\/www.fanprojekt-muenster.de\/wordpress\/#\/schema\/logo\/image\/"}},{"@type":"Person","@id":"https:\/\/www.fanprojekt-muenster.de\/wordpress\/#\/schema\/person\/907994394342a6ba0f1be4c546ed7d09","name":"508","url":"https:\/\/www.fanprojekt-muenster.de\/wordpress\/author\/508\/"}]}},"author_meta":{"display_name":"508","author_link":"https:\/\/www.fanprojekt-muenster.de\/wordpress\/author\/508\/"},"featured_img":null,"coauthors":[],"tax_additional":{"categories":{"linked":["<a href=\"https:\/\/www.fanprojekt-muenster.de\/wordpress\/category\/aktionen\/\" class=\"advgb-post-tax-term\">Aktionen<\/a>","<a href=\"https:\/\/www.fanprojekt-muenster.de\/wordpress\/category\/aktuelles\/\" class=\"advgb-post-tax-term\">Aktuelles<\/a>","<a href=\"https:\/\/www.fanprojekt-muenster.de\/wordpress\/category\/auswarts\/\" class=\"advgb-post-tax-term\">Ausw\u00e4rts<\/a>","<a href=\"https:\/\/www.fanprojekt-muenster.de\/wordpress\/category\/sonderzug-nach-muenchen\/\" class=\"advgb-post-tax-term\">Sonderzug nach M\u00fcnchen<\/a>"],"unlinked":["<span class=\"advgb-post-tax-term\">Aktionen<\/span>","<span class=\"advgb-post-tax-term\">Aktuelles<\/span>","<span class=\"advgb-post-tax-term\">Ausw\u00e4rts<\/span>","<span class=\"advgb-post-tax-term\">Sonderzug nach M\u00fcnchen<\/span>"]}},"comment_count":"0","relative_dates":{"created":"Posted 7\u00a0Jahren ago","modified":"Updated 7\u00a0Jahren ago"},"absolute_dates":{"created":"Posted on 6. April 2019","modified":"Updated on 6. April 2019"},"absolute_dates_time":{"created":"Posted on 6. April 2019 19:10","modified":"Updated on 6. April 2019 19:10"},"featured_img_caption":"","series_order":"","_links":{"self":[{"href":"https:\/\/www.fanprojekt-muenster.de\/wordpress\/wp-json\/wp\/v2\/posts\/5977","targetHints":{"allow":["GET"]}}],"collection":[{"href":"https:\/\/www.fanprojekt-muenster.de\/wordpress\/wp-json\/wp\/v2\/posts"}],"about":[{"href":"https:\/\/www.fanprojekt-muenster.de\/wordpress\/wp-json\/wp\/v2\/types\/post"}],"author":[{"embeddable":true,"href":"https:\/\/www.fanprojekt-muenster.de\/wordpress\/wp-json\/wp\/v2\/users\/6"}],"replies":[{"embeddable":true,"href":"https:\/\/www.fanprojekt-muenster.de\/wordpress\/wp-json\/wp\/v2\/comments?post=5977"}],"version-history":[{"count":0,"href":"https:\/\/www.fanprojekt-muenster.de\/wordpress\/wp-json\/wp\/v2\/posts\/5977\/revisions"}],"wp:featuredmedia":[{"embeddable":true,"href":"https:\/\/www.fanprojekt-muenster.de\/wordpress\/wp-json\/"}],"wp:attachment":[{"href":"https:\/\/www.fanprojekt-muenster.de\/wordpress\/wp-json\/wp\/v2\/media?parent=5977"}],"wp:term":[{"taxonomy":"category","embeddable":true,"href":"https:\/\/www.fanprojekt-muenster.de\/wordpress\/wp-json\/wp\/v2\/categories?post=5977"},{"taxonomy":"post_tag","embeddable":true,"href":"https:\/\/www.fanprojekt-muenster.de\/wordpress\/wp-json\/wp\/v2\/tags?post=5977"}],"curies":[{"name":"wp","href":"https:\/\/api.w.org\/{rel}","templated":true}]}}