{"id":5974,"date":"2019-03-28T07:46:54","date_gmt":"2019-03-28T05:46:54","guid":{"rendered":"http:\/\/www.fanprojekt-muenster.de\/wp\/?p=5974"},"modified":"2019-03-28T07:46:54","modified_gmt":"2019-03-28T05:46:54","slug":"melde-dich-als-ordner-dann-wird-der-sonderzug-zum-erfolg","status":"publish","type":"post","link":"https:\/\/www.fanprojekt-muenster.de\/wordpress\/melde-dich-als-ordner-dann-wird-der-sonderzug-zum-erfolg\/","title":{"rendered":"Melde dich als Ordner, dann wird der Sonderzug zum Erfolg"},"content":{"rendered":"<p>Wir freuen uns mega, dass sich bereits Preu\u00dfenfans gemeldet haben und als Ordner mitfahren werden.<br \/>\nDANKE AN EUCH! Denn durch euer Engagement kann der Sonderzug nach M\u00fcnchen nur zum Erfolg werden.<\/p>\n<p>Warum wir Ordner ben\u00f6tigen?<br \/>\nDie Versicherung verlangt, dass jeder Sitzwagen zwei Ordner hat. Andernfalls erlischt der Versicherungsschutz. Im Falle einer hohen Schadenssumme im Zug oder durch uns verursacht auf der Strecke, m\u00fcsste sie ohne Versicherungsschutz irgendwie privat bezahlt werden. Das k\u00f6nnen und wollen wir nicht gef\u00e4hrden. Und deshalb suchen wir noch weitere Preu\u00dfenfans, die sich als Ordner melden.<\/p>\n<p>Pro Sitzwagen m\u00fcssen zwei Ordner aktiv sein. Bei unseren 8 Sitzwagen (je 66 Sitzpl\u00e4tze) sind also 16 Ordner f\u00fcr die Hinfahrt und f\u00fcr die R\u00fcckfahrt notwendig.<br \/>\nAls Ordner hast du den Gang zu den Abteilen und die Toiletten im Blick und achtest darauf, dass die <a href=\"http:\/\/www.fanprojekt-muenster.de\/wp\/wp-content\/uploads\/2019\/02\/Aushang_Hausordnung.pdf\">Hausordnung<\/a> eingehalten wird.<\/p>\n<p>Du musst mindestens 18 Jahre alt und komplett n\u00fcchtern f\u00fcr die Aufgabe sein.<br \/>\nDaf\u00fcr darfst du kostenlos mitfahren (wenn du f\u00fcr beide Richtungen als Ordner agierst) oder nur einen Teilpreis zahlen (wenn du nur f\u00fcr die Hinfahrt oder nur f\u00fcr die R\u00fcckfahrt Ordner bist). Falls du bereits eine Karte gekauft hast, bekommst du nat\u00fcrlich entsprechend das Geld zur\u00fcck.<\/p>\n<p>Melde dich bei uns am besten <a href=\"http:\/\/www.fanprojekt-muenster.de\/wp\/auswaertsspiele\/sonderzug-nach-muenchen\/sonderzug-nach-muenchen-ordner-anmeldung\/\">online<\/a> oder sprich uns an einem der Termine f\u00fcr den Gutschein-Umtausch an!<br \/>\nWenn du Fragen hast, melde dich einfach kurz bei uns: <a href=\"mailto:sonderzug@fanprojekt-muenster.de\">sonderzug@fanprojekt-muenster.de<\/a><\/p>\n<p><strong>Umtausch der Gutscheine &#038; Restkarten<\/strong><br \/>\nWenn du bisher einen Gutschein f\u00fcr den Sonderzug hast, musst du ihn unbedingt vor Abfahrt des Sonderzuges in eine regul\u00e4re Fahrkarte umtauschen.<\/p>\n<p>Folgende Termine sind dazu m\u00f6glich:<br \/>\n* Donnerstag, 28.03.2019 \u2192 Cinema, Warendorfer Str. 45-47 (ca. 18:00\u201321:00 Uhr)<br \/>\n* Sonntag, 31.03.2019 \u2192 Cinema, Warendorfer Str. 45-47 (ca. 10:30\u201311:30 Uhr)<br \/>\n* Dienstag, 02.04.2019 \u2192 Preu\u00dfenpub, Bremer Platz 14 (ca. 18:00\u201321:00 Uhr)<br \/>\n* Mittwoch, 03.04.2019 \u2192 Preu\u00dfenpub, Bremer Platz 14 (ca. 18:00\u201321:00 Uhr)<br \/>\n* Freitag, 05.04.2019 \u2192 Fancontainer beim Heimspiel gegen Meppen (17:30-18:45 &#038; 20:45-22:15 Uhr)<\/p>\n<p>Wenn du noch keine Karte hast, sei schnell. Denn es gibt nur noch wenige Restkarten. Diese kannst du nur noch an einem der oben genannten Termine in bar erwerben.<\/p>\n","protected":false},"excerpt":{"rendered":"<p>Wir freuen uns mega, dass sich bereits Preu\u00dfenfans gemeldet haben und als Ordner mitfahren werden. DANKE AN EUCH! Denn durch euer Engagement kann der Sonderzug nach M\u00fcnchen nur zum Erfolg&#8230; <a class=\"read-more-link\" href=\"https:\/\/www.fanprojekt-muenster.de\/wordpress\/melde-dich-als-ordner-dann-wird-der-sonderzug-zum-erfolg\/\">Read more &raquo;<\/a><\/p>\n","protected":false},"author":6,"featured_media":5913,"comment_status":"closed","ping_status":"closed","sticky":false,"template":"","format":"standard","meta":{"advgb_blocks_editor_width":"","advgb_blocks_columns_visual_guide":"","footnotes":""},"categories":[2,3,4,13],"tags":[],"class_list":["post-5974","post","type-post","status-publish","format-standard","has-post-thumbnail","hentry","category-aktionen","category-aktuelles","category-auswarts","category-sonderzug-nach-muenchen"],"featured_image_src":null,"author_info":{"display_name":"508","author_link":"https:\/\/www.fanprojekt-muenster.de\/wordpress\/author\/508\/"},"yoast_head":"<!-- This site is optimized with the Yoast SEO plugin v27.2 - https:\/\/yoast.com\/product\/yoast-seo-wordpress\/ -->\n<title>Melde dich als Ordner, dann wird der Sonderzug zum Erfolg - Fangemeinschaft Preu\u00dfen M\u00fcnster e. V.<\/title>\n<meta name=\"robots\" content=\"index, follow, max-snippet:-1, max-image-preview:large, max-video-preview:-1\" \/>\n<link rel=\"canonical\" href=\"https:\/\/www.fanprojekt-muenster.de\/wordpress\/melde-dich-als-ordner-dann-wird-der-sonderzug-zum-erfolg\/\" \/>\n<meta property=\"og:locale\" content=\"de_DE\" \/>\n<meta property=\"og:type\" content=\"article\" \/>\n<meta property=\"og:title\" content=\"Melde dich als Ordner, dann wird der Sonderzug zum Erfolg - Fangemeinschaft Preu\u00dfen M\u00fcnster e. V.\" \/>\n<meta property=\"og:description\" content=\"Wir freuen uns mega, dass sich bereits Preu\u00dfenfans gemeldet haben und als Ordner mitfahren werden. DANKE AN EUCH! Denn durch euer Engagement kann der Sonderzug nach M\u00fcnchen nur zum Erfolg... Read more &raquo;\" \/>\n<meta property=\"og:url\" content=\"https:\/\/www.fanprojekt-muenster.de\/wordpress\/melde-dich-als-ordner-dann-wird-der-sonderzug-zum-erfolg\/\" \/>\n<meta property=\"og:site_name\" content=\"Fangemeinschaft Preu\u00dfen M\u00fcnster e. V.\" \/>\n<meta property=\"article:published_time\" content=\"2019-03-28T05:46:54+00:00\" \/>\n<meta name=\"author\" content=\"508\" \/>\n<meta name=\"twitter:card\" content=\"summary_large_image\" \/>\n<meta name=\"twitter:label1\" content=\"Verfasst von\" \/>\n\t<meta name=\"twitter:data1\" content=\"508\" \/>\n\t<meta name=\"twitter:label2\" content=\"Gesch\u00e4tzte Lesezeit\" \/>\n\t<meta name=\"twitter:data2\" content=\"2\u00a0Minuten\" \/>\n<script type=\"application\/ld+json\" class=\"yoast-schema-graph\">{\"@context\":\"https:\/\/schema.org\",\"@graph\":[{\"@type\":\"Article\",\"@id\":\"https:\/\/www.fanprojekt-muenster.de\/wordpress\/melde-dich-als-ordner-dann-wird-der-sonderzug-zum-erfolg\/#article\",\"isPartOf\":{\"@id\":\"https:\/\/www.fanprojekt-muenster.de\/wordpress\/melde-dich-als-ordner-dann-wird-der-sonderzug-zum-erfolg\/\"},\"author\":{\"name\":\"508\",\"@id\":\"https:\/\/www.fanprojekt-muenster.de\/wordpress\/#\/schema\/person\/907994394342a6ba0f1be4c546ed7d09\"},\"headline\":\"Melde dich als Ordner, dann wird der Sonderzug zum Erfolg\",\"datePublished\":\"2019-03-28T05:46:54+00:00\",\"mainEntityOfPage\":{\"@id\":\"https:\/\/www.fanprojekt-muenster.de\/wordpress\/melde-dich-als-ordner-dann-wird-der-sonderzug-zum-erfolg\/\"},\"wordCount\":354,\"publisher\":{\"@id\":\"https:\/\/www.fanprojekt-muenster.de\/wordpress\/#organization\"},\"image\":{\"@id\":\"https:\/\/www.fanprojekt-muenster.de\/wordpress\/melde-dich-als-ordner-dann-wird-der-sonderzug-zum-erfolg\/#primaryimage\"},\"thumbnailUrl\":\"\",\"articleSection\":[\"Aktionen\",\"Aktuelles\",\"Ausw\u00e4rts\",\"Sonderzug nach M\u00fcnchen\"],\"inLanguage\":\"de\"},{\"@type\":\"WebPage\",\"@id\":\"https:\/\/www.fanprojekt-muenster.de\/wordpress\/melde-dich-als-ordner-dann-wird-der-sonderzug-zum-erfolg\/\",\"url\":\"https:\/\/www.fanprojekt-muenster.de\/wordpress\/melde-dich-als-ordner-dann-wird-der-sonderzug-zum-erfolg\/\",\"name\":\"Melde dich als Ordner, dann wird der Sonderzug zum Erfolg - Fangemeinschaft Preu\u00dfen M\u00fcnster e. V.\",\"isPartOf\":{\"@id\":\"https:\/\/www.fanprojekt-muenster.de\/wordpress\/#website\"},\"primaryImageOfPage\":{\"@id\":\"https:\/\/www.fanprojekt-muenster.de\/wordpress\/melde-dich-als-ordner-dann-wird-der-sonderzug-zum-erfolg\/#primaryimage\"},\"image\":{\"@id\":\"https:\/\/www.fanprojekt-muenster.de\/wordpress\/melde-dich-als-ordner-dann-wird-der-sonderzug-zum-erfolg\/#primaryimage\"},\"thumbnailUrl\":\"\",\"datePublished\":\"2019-03-28T05:46:54+00:00\",\"breadcrumb\":{\"@id\":\"https:\/\/www.fanprojekt-muenster.de\/wordpress\/melde-dich-als-ordner-dann-wird-der-sonderzug-zum-erfolg\/#breadcrumb\"},\"inLanguage\":\"de\",\"potentialAction\":[{\"@type\":\"ReadAction\",\"target\":[\"https:\/\/www.fanprojekt-muenster.de\/wordpress\/melde-dich-als-ordner-dann-wird-der-sonderzug-zum-erfolg\/\"]}]},{\"@type\":\"ImageObject\",\"inLanguage\":\"de\",\"@id\":\"https:\/\/www.fanprojekt-muenster.de\/wordpress\/melde-dich-als-ordner-dann-wird-der-sonderzug-zum-erfolg\/#primaryimage\",\"url\":\"\",\"contentUrl\":\"\"},{\"@type\":\"BreadcrumbList\",\"@id\":\"https:\/\/www.fanprojekt-muenster.de\/wordpress\/melde-dich-als-ordner-dann-wird-der-sonderzug-zum-erfolg\/#breadcrumb\",\"itemListElement\":[{\"@type\":\"ListItem\",\"position\":1,\"name\":\"Startseite\",\"item\":\"https:\/\/www.fanprojekt-muenster.de\/wordpress\/\"},{\"@type\":\"ListItem\",\"position\":2,\"name\":\"Melde dich als Ordner, dann wird der Sonderzug zum Erfolg\"}]},{\"@type\":\"WebSite\",\"@id\":\"https:\/\/www.fanprojekt-muenster.de\/wordpress\/#website\",\"url\":\"https:\/\/www.fanprojekt-muenster.de\/wordpress\/\",\"name\":\"Fangemeinschaft Preu\u00dfen M\u00fcnster e. V.\",\"description\":\"\",\"publisher\":{\"@id\":\"https:\/\/www.fanprojekt-muenster.de\/wordpress\/#organization\"},\"potentialAction\":[{\"@type\":\"SearchAction\",\"target\":{\"@type\":\"EntryPoint\",\"urlTemplate\":\"https:\/\/www.fanprojekt-muenster.de\/wordpress\/?s={search_term_string}\"},\"query-input\":{\"@type\":\"PropertyValueSpecification\",\"valueRequired\":true,\"valueName\":\"search_term_string\"}}],\"inLanguage\":\"de\"},{\"@type\":\"Organization\",\"@id\":\"https:\/\/www.fanprojekt-muenster.de\/wordpress\/#organization\",\"name\":\"Fangemeinschaft Preu\u00dfen M\u00fcnster e. V.\",\"url\":\"https:\/\/www.fanprojekt-muenster.de\/wordpress\/\",\"logo\":{\"@type\":\"ImageObject\",\"inLanguage\":\"de\",\"@id\":\"https:\/\/www.fanprojekt-muenster.de\/wordpress\/#\/schema\/logo\/image\/\",\"url\":\"https:\/\/www.fanprojekt-muenster.de\/wordpress\/wp-content\/uploads\/2019\/07\/cropped-Website_Logo3-9.png\",\"contentUrl\":\"https:\/\/www.fanprojekt-muenster.de\/wordpress\/wp-content\/uploads\/2019\/07\/cropped-Website_Logo3-9.png\",\"width\":224,\"height\":42,\"caption\":\"Fangemeinschaft Preu\u00dfen M\u00fcnster e. V.\"},\"image\":{\"@id\":\"https:\/\/www.fanprojekt-muenster.de\/wordpress\/#\/schema\/logo\/image\/\"}},{\"@type\":\"Person\",\"@id\":\"https:\/\/www.fanprojekt-muenster.de\/wordpress\/#\/schema\/person\/907994394342a6ba0f1be4c546ed7d09\",\"name\":\"508\",\"url\":\"https:\/\/www.fanprojekt-muenster.de\/wordpress\/author\/508\/\"}]}<\/script>\n<!-- \/ Yoast SEO plugin. -->","yoast_head_json":{"title":"Melde dich als Ordner, dann wird der Sonderzug zum Erfolg - Fangemeinschaft Preu\u00dfen M\u00fcnster e. V.","robots":{"index":"index","follow":"follow","max-snippet":"max-snippet:-1","max-image-preview":"max-image-preview:large","max-video-preview":"max-video-preview:-1"},"canonical":"https:\/\/www.fanprojekt-muenster.de\/wordpress\/melde-dich-als-ordner-dann-wird-der-sonderzug-zum-erfolg\/","og_locale":"de_DE","og_type":"article","og_title":"Melde dich als Ordner, dann wird der Sonderzug zum Erfolg - Fangemeinschaft Preu\u00dfen M\u00fcnster e. V.","og_description":"Wir freuen uns mega, dass sich bereits Preu\u00dfenfans gemeldet haben und als Ordner mitfahren werden. DANKE AN EUCH! Denn durch euer Engagement kann der Sonderzug nach M\u00fcnchen nur zum Erfolg... Read more &raquo;","og_url":"https:\/\/www.fanprojekt-muenster.de\/wordpress\/melde-dich-als-ordner-dann-wird-der-sonderzug-zum-erfolg\/","og_site_name":"Fangemeinschaft Preu\u00dfen M\u00fcnster e. V.","article_published_time":"2019-03-28T05:46:54+00:00","author":"508","twitter_card":"summary_large_image","twitter_misc":{"Verfasst von":"508","Gesch\u00e4tzte Lesezeit":"2\u00a0Minuten"},"schema":{"@context":"https:\/\/schema.org","@graph":[{"@type":"Article","@id":"https:\/\/www.fanprojekt-muenster.de\/wordpress\/melde-dich-als-ordner-dann-wird-der-sonderzug-zum-erfolg\/#article","isPartOf":{"@id":"https:\/\/www.fanprojekt-muenster.de\/wordpress\/melde-dich-als-ordner-dann-wird-der-sonderzug-zum-erfolg\/"},"author":{"name":"508","@id":"https:\/\/www.fanprojekt-muenster.de\/wordpress\/#\/schema\/person\/907994394342a6ba0f1be4c546ed7d09"},"headline":"Melde dich als Ordner, dann wird der Sonderzug zum Erfolg","datePublished":"2019-03-28T05:46:54+00:00","mainEntityOfPage":{"@id":"https:\/\/www.fanprojekt-muenster.de\/wordpress\/melde-dich-als-ordner-dann-wird-der-sonderzug-zum-erfolg\/"},"wordCount":354,"publisher":{"@id":"https:\/\/www.fanprojekt-muenster.de\/wordpress\/#organization"},"image":{"@id":"https:\/\/www.fanprojekt-muenster.de\/wordpress\/melde-dich-als-ordner-dann-wird-der-sonderzug-zum-erfolg\/#primaryimage"},"thumbnailUrl":"","articleSection":["Aktionen","Aktuelles","Ausw\u00e4rts","Sonderzug nach M\u00fcnchen"],"inLanguage":"de"},{"@type":"WebPage","@id":"https:\/\/www.fanprojekt-muenster.de\/wordpress\/melde-dich-als-ordner-dann-wird-der-sonderzug-zum-erfolg\/","url":"https:\/\/www.fanprojekt-muenster.de\/wordpress\/melde-dich-als-ordner-dann-wird-der-sonderzug-zum-erfolg\/","name":"Melde dich als Ordner, dann wird der Sonderzug zum Erfolg - Fangemeinschaft Preu\u00dfen M\u00fcnster e. V.","isPartOf":{"@id":"https:\/\/www.fanprojekt-muenster.de\/wordpress\/#website"},"primaryImageOfPage":{"@id":"https:\/\/www.fanprojekt-muenster.de\/wordpress\/melde-dich-als-ordner-dann-wird-der-sonderzug-zum-erfolg\/#primaryimage"},"image":{"@id":"https:\/\/www.fanprojekt-muenster.de\/wordpress\/melde-dich-als-ordner-dann-wird-der-sonderzug-zum-erfolg\/#primaryimage"},"thumbnailUrl":"","datePublished":"2019-03-28T05:46:54+00:00","breadcrumb":{"@id":"https:\/\/www.fanprojekt-muenster.de\/wordpress\/melde-dich-als-ordner-dann-wird-der-sonderzug-zum-erfolg\/#breadcrumb"},"inLanguage":"de","potentialAction":[{"@type":"ReadAction","target":["https:\/\/www.fanprojekt-muenster.de\/wordpress\/melde-dich-als-ordner-dann-wird-der-sonderzug-zum-erfolg\/"]}]},{"@type":"ImageObject","inLanguage":"de","@id":"https:\/\/www.fanprojekt-muenster.de\/wordpress\/melde-dich-als-ordner-dann-wird-der-sonderzug-zum-erfolg\/#primaryimage","url":"","contentUrl":""},{"@type":"BreadcrumbList","@id":"https:\/\/www.fanprojekt-muenster.de\/wordpress\/melde-dich-als-ordner-dann-wird-der-sonderzug-zum-erfolg\/#breadcrumb","itemListElement":[{"@type":"ListItem","position":1,"name":"Startseite","item":"https:\/\/www.fanprojekt-muenster.de\/wordpress\/"},{"@type":"ListItem","position":2,"name":"Melde dich als Ordner, dann wird der Sonderzug zum Erfolg"}]},{"@type":"WebSite","@id":"https:\/\/www.fanprojekt-muenster.de\/wordpress\/#website","url":"https:\/\/www.fanprojekt-muenster.de\/wordpress\/","name":"Fangemeinschaft Preu\u00dfen M\u00fcnster e. V.","description":"","publisher":{"@id":"https:\/\/www.fanprojekt-muenster.de\/wordpress\/#organization"},"potentialAction":[{"@type":"SearchAction","target":{"@type":"EntryPoint","urlTemplate":"https:\/\/www.fanprojekt-muenster.de\/wordpress\/?s={search_term_string}"},"query-input":{"@type":"PropertyValueSpecification","valueRequired":true,"valueName":"search_term_string"}}],"inLanguage":"de"},{"@type":"Organization","@id":"https:\/\/www.fanprojekt-muenster.de\/wordpress\/#organization","name":"Fangemeinschaft Preu\u00dfen M\u00fcnster e. V.","url":"https:\/\/www.fanprojekt-muenster.de\/wordpress\/","logo":{"@type":"ImageObject","inLanguage":"de","@id":"https:\/\/www.fanprojekt-muenster.de\/wordpress\/#\/schema\/logo\/image\/","url":"https:\/\/www.fanprojekt-muenster.de\/wordpress\/wp-content\/uploads\/2019\/07\/cropped-Website_Logo3-9.png","contentUrl":"https:\/\/www.fanprojekt-muenster.de\/wordpress\/wp-content\/uploads\/2019\/07\/cropped-Website_Logo3-9.png","width":224,"height":42,"caption":"Fangemeinschaft Preu\u00dfen M\u00fcnster e. V."},"image":{"@id":"https:\/\/www.fanprojekt-muenster.de\/wordpress\/#\/schema\/logo\/image\/"}},{"@type":"Person","@id":"https:\/\/www.fanprojekt-muenster.de\/wordpress\/#\/schema\/person\/907994394342a6ba0f1be4c546ed7d09","name":"508","url":"https:\/\/www.fanprojekt-muenster.de\/wordpress\/author\/508\/"}]}},"author_meta":{"display_name":"508","author_link":"https:\/\/www.fanprojekt-muenster.de\/wordpress\/author\/508\/"},"featured_img":null,"coauthors":[],"tax_additional":{"categories":{"linked":["<a href=\"https:\/\/www.fanprojekt-muenster.de\/wordpress\/category\/aktionen\/\" class=\"advgb-post-tax-term\">Aktionen<\/a>","<a href=\"https:\/\/www.fanprojekt-muenster.de\/wordpress\/category\/aktuelles\/\" class=\"advgb-post-tax-term\">Aktuelles<\/a>","<a href=\"https:\/\/www.fanprojekt-muenster.de\/wordpress\/category\/auswarts\/\" class=\"advgb-post-tax-term\">Ausw\u00e4rts<\/a>","<a href=\"https:\/\/www.fanprojekt-muenster.de\/wordpress\/category\/sonderzug-nach-muenchen\/\" class=\"advgb-post-tax-term\">Sonderzug nach M\u00fcnchen<\/a>"],"unlinked":["<span class=\"advgb-post-tax-term\">Aktionen<\/span>","<span class=\"advgb-post-tax-term\">Aktuelles<\/span>","<span class=\"advgb-post-tax-term\">Ausw\u00e4rts<\/span>","<span class=\"advgb-post-tax-term\">Sonderzug nach M\u00fcnchen<\/span>"]}},"comment_count":"0","relative_dates":{"created":"Posted 7\u00a0Jahren ago","modified":"Updated 7\u00a0Jahren ago"},"absolute_dates":{"created":"Posted on 28. M\u00e4rz 2019","modified":"Updated on 28. M\u00e4rz 2019"},"absolute_dates_time":{"created":"Posted on 28. M\u00e4rz 2019 7:46","modified":"Updated on 28. M\u00e4rz 2019 7:46"},"featured_img_caption":"","series_order":"","_links":{"self":[{"href":"https:\/\/www.fanprojekt-muenster.de\/wordpress\/wp-json\/wp\/v2\/posts\/5974","targetHints":{"allow":["GET"]}}],"collection":[{"href":"https:\/\/www.fanprojekt-muenster.de\/wordpress\/wp-json\/wp\/v2\/posts"}],"about":[{"href":"https:\/\/www.fanprojekt-muenster.de\/wordpress\/wp-json\/wp\/v2\/types\/post"}],"author":[{"embeddable":true,"href":"https:\/\/www.fanprojekt-muenster.de\/wordpress\/wp-json\/wp\/v2\/users\/6"}],"replies":[{"embeddable":true,"href":"https:\/\/www.fanprojekt-muenster.de\/wordpress\/wp-json\/wp\/v2\/comments?post=5974"}],"version-history":[{"count":0,"href":"https:\/\/www.fanprojekt-muenster.de\/wordpress\/wp-json\/wp\/v2\/posts\/5974\/revisions"}],"wp:featuredmedia":[{"embeddable":true,"href":"https:\/\/www.fanprojekt-muenster.de\/wordpress\/wp-json\/"}],"wp:attachment":[{"href":"https:\/\/www.fanprojekt-muenster.de\/wordpress\/wp-json\/wp\/v2\/media?parent=5974"}],"wp:term":[{"taxonomy":"category","embeddable":true,"href":"https:\/\/www.fanprojekt-muenster.de\/wordpress\/wp-json\/wp\/v2\/categories?post=5974"},{"taxonomy":"post_tag","embeddable":true,"href":"https:\/\/www.fanprojekt-muenster.de\/wordpress\/wp-json\/wp\/v2\/tags?post=5974"}],"curies":[{"name":"wp","href":"https:\/\/api.w.org\/{rel}","templated":true}]}}