{"id":5945,"date":"2019-03-23T06:14:26","date_gmt":"2019-03-23T04:14:26","guid":{"rendered":"http:\/\/www.fanprojekt-muenster.de\/wp\/?p=5945"},"modified":"2019-03-23T06:14:26","modified_gmt":"2019-03-23T04:14:26","slug":"preussenfan-holt-3x-gold","status":"publish","type":"post","link":"https:\/\/www.fanprojekt-muenster.de\/wordpress\/preussenfan-holt-3x-gold\/","title":{"rendered":"Preu\u00dfenfan holt 3x Gold!"},"content":{"rendered":"<p>Der eine oder andere Preu\u00dfenfan kennt ihn, den Michi (Michael Thi\u00dfen). Er ist immer in kompletter Preu\u00dfenkluft in der Gegengerade zu finden und unterst\u00fctzt uns bei der Getr\u00e4nkeausgabe w\u00e4hrend der Heimspiele am Fancontainer. Auf Michi k\u00f6nnen wir uns immer verlassen.<\/p>\n<p>Nun hat uns die erfreuliche Nachricht erreicht, dass Michi 3x die Goldmedaille im Reiten bei den Special Olympics World Games 2019 (14.-21.03. in Abu Dhabi) gewonnen hat.<\/p>\n<p><strong>Das freut uns sehr und wir sind mega stolz auf dich, Michi!<\/strong><br \/>\n<strong>HERZLICHEN GL\u00dcCKWUNSCH! \ud83d\ude42<\/strong> <\/p>\n<p>Die Special Olympics World Games sind Weltspiele f\u00fcr Menschen mit geistiger Behinderung. Gestern sind die deutschen Athleten in Frankfurt gelandet. Vielleicht sehen wir Michi heute schon wieder im Stadion, beim Heimspiel gegen Unterhaching!?<\/p>\n<p>Beitrag vom WDR: <a href=\"https:\/\/www1.wdr.de\/nachrichten\/westfalen-lippe\/paralympics-michael-thissen-100.html\" target=\"_blank\" rel=\"noopener noreferrer\">https:\/\/www1.wdr.de\/nachrichten\/westfalen-lippe\/paralympics-michael-thissen-100.html<\/a><br \/>\nWebseite der Special Olympics Deutschland: <a href=\"https:\/\/specialolympics.de\/\" target=\"_blank\" rel=\"noopener noreferrer\">https:\/\/specialolympics.de<\/a><\/p>\n<div id=\"attachment_5946\" style=\"width: 1210px\" class=\"wp-caption aligncenter\"><a attid=\"5946\"  href=\"https:\/\/projekte.specialolympics.de\/wp-content\/uploads\/2019\/03\/190322_Special_Olympics_Ankunft_011-1200x800.jpg\" target=\"_blank\" rel=\"noopener noreferrer\"><img loading=\"lazy\" decoding=\"async\" aria-describedby=\"caption-attachment-5946\" src=\"http:\/\/www.fanprojekt-muenster.de\/wp\/wp-content\/uploads\/2019\/03\/190322_Special_Olympics_Ankunft_011-1200x800.jpg\" alt=\"\" width=\"1200\" height=\"800\" class=\"size-full wp-image-5946\" \/><\/a><p id=\"caption-attachment-5946\" class=\"wp-caption-text\">Michael Thi\u00dfen bei seiner Ankunft (Foto: 22.03.2019, SOD: specialolympics.de)<\/p><\/div>\n","protected":false},"excerpt":{"rendered":"<p>Der eine oder andere Preu\u00dfenfan kennt ihn, den Michi (Michael Thi\u00dfen). Er ist immer in kompletter Preu\u00dfenkluft in der Gegengerade zu finden und unterst\u00fctzt uns bei der Getr\u00e4nkeausgabe w\u00e4hrend der&#8230; <a class=\"read-more-link\" href=\"https:\/\/www.fanprojekt-muenster.de\/wordpress\/preussenfan-holt-3x-gold\/\">Read more &raquo;<\/a><\/p>\n","protected":false},"author":6,"featured_media":5947,"comment_status":"closed","ping_status":"closed","sticky":false,"template":"","format":"standard","meta":{"advgb_blocks_editor_width":"","advgb_blocks_columns_visual_guide":"","footnotes":""},"categories":[3,1],"tags":[],"class_list":["post-5945","post","type-post","status-publish","format-standard","has-post-thumbnail","hentry","category-aktuelles","category-allgemein"],"featured_image_src":null,"author_info":{"display_name":"508","author_link":"https:\/\/www.fanprojekt-muenster.de\/wordpress\/author\/508\/"},"yoast_head":"<!-- This site is optimized with the Yoast SEO plugin v27.2 - https:\/\/yoast.com\/product\/yoast-seo-wordpress\/ -->\n<title>Preu\u00dfenfan holt 3x Gold! - Fangemeinschaft Preu\u00dfen M\u00fcnster e. V.<\/title>\n<meta name=\"robots\" content=\"index, follow, max-snippet:-1, max-image-preview:large, max-video-preview:-1\" \/>\n<link rel=\"canonical\" href=\"https:\/\/www.fanprojekt-muenster.de\/wordpress\/preussenfan-holt-3x-gold\/\" \/>\n<meta property=\"og:locale\" content=\"de_DE\" \/>\n<meta property=\"og:type\" content=\"article\" \/>\n<meta property=\"og:title\" content=\"Preu\u00dfenfan holt 3x Gold! - Fangemeinschaft Preu\u00dfen M\u00fcnster e. V.\" \/>\n<meta property=\"og:description\" content=\"Der eine oder andere Preu\u00dfenfan kennt ihn, den Michi (Michael Thi\u00dfen). Er ist immer in kompletter Preu\u00dfenkluft in der Gegengerade zu finden und unterst\u00fctzt uns bei der Getr\u00e4nkeausgabe w\u00e4hrend der... Read more &raquo;\" \/>\n<meta property=\"og:url\" content=\"https:\/\/www.fanprojekt-muenster.de\/wordpress\/preussenfan-holt-3x-gold\/\" \/>\n<meta property=\"og:site_name\" content=\"Fangemeinschaft Preu\u00dfen M\u00fcnster e. V.\" \/>\n<meta property=\"article:published_time\" content=\"2019-03-23T04:14:26+00:00\" \/>\n<meta name=\"author\" content=\"508\" \/>\n<meta name=\"twitter:card\" content=\"summary_large_image\" \/>\n<meta name=\"twitter:label1\" content=\"Verfasst von\" \/>\n\t<meta name=\"twitter:data1\" content=\"508\" \/>\n\t<meta name=\"twitter:label2\" content=\"Gesch\u00e4tzte Lesezeit\" \/>\n\t<meta name=\"twitter:data2\" content=\"1\u00a0Minute\" \/>\n<script type=\"application\/ld+json\" class=\"yoast-schema-graph\">{\"@context\":\"https:\/\/schema.org\",\"@graph\":[{\"@type\":\"Article\",\"@id\":\"https:\/\/www.fanprojekt-muenster.de\/wordpress\/preussenfan-holt-3x-gold\/#article\",\"isPartOf\":{\"@id\":\"https:\/\/www.fanprojekt-muenster.de\/wordpress\/preussenfan-holt-3x-gold\/\"},\"author\":{\"name\":\"508\",\"@id\":\"https:\/\/www.fanprojekt-muenster.de\/wordpress\/#\/schema\/person\/907994394342a6ba0f1be4c546ed7d09\"},\"headline\":\"Preu\u00dfenfan holt 3x Gold!\",\"datePublished\":\"2019-03-23T04:14:26+00:00\",\"mainEntityOfPage\":{\"@id\":\"https:\/\/www.fanprojekt-muenster.de\/wordpress\/preussenfan-holt-3x-gold\/\"},\"wordCount\":164,\"publisher\":{\"@id\":\"https:\/\/www.fanprojekt-muenster.de\/wordpress\/#organization\"},\"image\":{\"@id\":\"https:\/\/www.fanprojekt-muenster.de\/wordpress\/preussenfan-holt-3x-gold\/#primaryimage\"},\"thumbnailUrl\":\"\",\"articleSection\":[\"Aktuelles\"],\"inLanguage\":\"de\"},{\"@type\":\"WebPage\",\"@id\":\"https:\/\/www.fanprojekt-muenster.de\/wordpress\/preussenfan-holt-3x-gold\/\",\"url\":\"https:\/\/www.fanprojekt-muenster.de\/wordpress\/preussenfan-holt-3x-gold\/\",\"name\":\"Preu\u00dfenfan holt 3x Gold! - Fangemeinschaft Preu\u00dfen M\u00fcnster e. V.\",\"isPartOf\":{\"@id\":\"https:\/\/www.fanprojekt-muenster.de\/wordpress\/#website\"},\"primaryImageOfPage\":{\"@id\":\"https:\/\/www.fanprojekt-muenster.de\/wordpress\/preussenfan-holt-3x-gold\/#primaryimage\"},\"image\":{\"@id\":\"https:\/\/www.fanprojekt-muenster.de\/wordpress\/preussenfan-holt-3x-gold\/#primaryimage\"},\"thumbnailUrl\":\"\",\"datePublished\":\"2019-03-23T04:14:26+00:00\",\"breadcrumb\":{\"@id\":\"https:\/\/www.fanprojekt-muenster.de\/wordpress\/preussenfan-holt-3x-gold\/#breadcrumb\"},\"inLanguage\":\"de\",\"potentialAction\":[{\"@type\":\"ReadAction\",\"target\":[\"https:\/\/www.fanprojekt-muenster.de\/wordpress\/preussenfan-holt-3x-gold\/\"]}]},{\"@type\":\"ImageObject\",\"inLanguage\":\"de\",\"@id\":\"https:\/\/www.fanprojekt-muenster.de\/wordpress\/preussenfan-holt-3x-gold\/#primaryimage\",\"url\":\"\",\"contentUrl\":\"\"},{\"@type\":\"BreadcrumbList\",\"@id\":\"https:\/\/www.fanprojekt-muenster.de\/wordpress\/preussenfan-holt-3x-gold\/#breadcrumb\",\"itemListElement\":[{\"@type\":\"ListItem\",\"position\":1,\"name\":\"Startseite\",\"item\":\"https:\/\/www.fanprojekt-muenster.de\/wordpress\/\"},{\"@type\":\"ListItem\",\"position\":2,\"name\":\"Preu\u00dfenfan holt 3x Gold!\"}]},{\"@type\":\"WebSite\",\"@id\":\"https:\/\/www.fanprojekt-muenster.de\/wordpress\/#website\",\"url\":\"https:\/\/www.fanprojekt-muenster.de\/wordpress\/\",\"name\":\"Fangemeinschaft Preu\u00dfen M\u00fcnster e. V.\",\"description\":\"\",\"publisher\":{\"@id\":\"https:\/\/www.fanprojekt-muenster.de\/wordpress\/#organization\"},\"potentialAction\":[{\"@type\":\"SearchAction\",\"target\":{\"@type\":\"EntryPoint\",\"urlTemplate\":\"https:\/\/www.fanprojekt-muenster.de\/wordpress\/?s={search_term_string}\"},\"query-input\":{\"@type\":\"PropertyValueSpecification\",\"valueRequired\":true,\"valueName\":\"search_term_string\"}}],\"inLanguage\":\"de\"},{\"@type\":\"Organization\",\"@id\":\"https:\/\/www.fanprojekt-muenster.de\/wordpress\/#organization\",\"name\":\"Fangemeinschaft Preu\u00dfen M\u00fcnster e. V.\",\"url\":\"https:\/\/www.fanprojekt-muenster.de\/wordpress\/\",\"logo\":{\"@type\":\"ImageObject\",\"inLanguage\":\"de\",\"@id\":\"https:\/\/www.fanprojekt-muenster.de\/wordpress\/#\/schema\/logo\/image\/\",\"url\":\"https:\/\/www.fanprojekt-muenster.de\/wordpress\/wp-content\/uploads\/2019\/07\/cropped-Website_Logo3-9.png\",\"contentUrl\":\"https:\/\/www.fanprojekt-muenster.de\/wordpress\/wp-content\/uploads\/2019\/07\/cropped-Website_Logo3-9.png\",\"width\":224,\"height\":42,\"caption\":\"Fangemeinschaft Preu\u00dfen M\u00fcnster e. V.\"},\"image\":{\"@id\":\"https:\/\/www.fanprojekt-muenster.de\/wordpress\/#\/schema\/logo\/image\/\"}},{\"@type\":\"Person\",\"@id\":\"https:\/\/www.fanprojekt-muenster.de\/wordpress\/#\/schema\/person\/907994394342a6ba0f1be4c546ed7d09\",\"name\":\"508\",\"url\":\"https:\/\/www.fanprojekt-muenster.de\/wordpress\/author\/508\/\"}]}<\/script>\n<!-- \/ Yoast SEO plugin. -->","yoast_head_json":{"title":"Preu\u00dfenfan holt 3x Gold! - Fangemeinschaft Preu\u00dfen M\u00fcnster e. V.","robots":{"index":"index","follow":"follow","max-snippet":"max-snippet:-1","max-image-preview":"max-image-preview:large","max-video-preview":"max-video-preview:-1"},"canonical":"https:\/\/www.fanprojekt-muenster.de\/wordpress\/preussenfan-holt-3x-gold\/","og_locale":"de_DE","og_type":"article","og_title":"Preu\u00dfenfan holt 3x Gold! - Fangemeinschaft Preu\u00dfen M\u00fcnster e. V.","og_description":"Der eine oder andere Preu\u00dfenfan kennt ihn, den Michi (Michael Thi\u00dfen). Er ist immer in kompletter Preu\u00dfenkluft in der Gegengerade zu finden und unterst\u00fctzt uns bei der Getr\u00e4nkeausgabe w\u00e4hrend der... Read more &raquo;","og_url":"https:\/\/www.fanprojekt-muenster.de\/wordpress\/preussenfan-holt-3x-gold\/","og_site_name":"Fangemeinschaft Preu\u00dfen M\u00fcnster e. V.","article_published_time":"2019-03-23T04:14:26+00:00","author":"508","twitter_card":"summary_large_image","twitter_misc":{"Verfasst von":"508","Gesch\u00e4tzte Lesezeit":"1\u00a0Minute"},"schema":{"@context":"https:\/\/schema.org","@graph":[{"@type":"Article","@id":"https:\/\/www.fanprojekt-muenster.de\/wordpress\/preussenfan-holt-3x-gold\/#article","isPartOf":{"@id":"https:\/\/www.fanprojekt-muenster.de\/wordpress\/preussenfan-holt-3x-gold\/"},"author":{"name":"508","@id":"https:\/\/www.fanprojekt-muenster.de\/wordpress\/#\/schema\/person\/907994394342a6ba0f1be4c546ed7d09"},"headline":"Preu\u00dfenfan holt 3x Gold!","datePublished":"2019-03-23T04:14:26+00:00","mainEntityOfPage":{"@id":"https:\/\/www.fanprojekt-muenster.de\/wordpress\/preussenfan-holt-3x-gold\/"},"wordCount":164,"publisher":{"@id":"https:\/\/www.fanprojekt-muenster.de\/wordpress\/#organization"},"image":{"@id":"https:\/\/www.fanprojekt-muenster.de\/wordpress\/preussenfan-holt-3x-gold\/#primaryimage"},"thumbnailUrl":"","articleSection":["Aktuelles"],"inLanguage":"de"},{"@type":"WebPage","@id":"https:\/\/www.fanprojekt-muenster.de\/wordpress\/preussenfan-holt-3x-gold\/","url":"https:\/\/www.fanprojekt-muenster.de\/wordpress\/preussenfan-holt-3x-gold\/","name":"Preu\u00dfenfan holt 3x Gold! - Fangemeinschaft Preu\u00dfen M\u00fcnster e. V.","isPartOf":{"@id":"https:\/\/www.fanprojekt-muenster.de\/wordpress\/#website"},"primaryImageOfPage":{"@id":"https:\/\/www.fanprojekt-muenster.de\/wordpress\/preussenfan-holt-3x-gold\/#primaryimage"},"image":{"@id":"https:\/\/www.fanprojekt-muenster.de\/wordpress\/preussenfan-holt-3x-gold\/#primaryimage"},"thumbnailUrl":"","datePublished":"2019-03-23T04:14:26+00:00","breadcrumb":{"@id":"https:\/\/www.fanprojekt-muenster.de\/wordpress\/preussenfan-holt-3x-gold\/#breadcrumb"},"inLanguage":"de","potentialAction":[{"@type":"ReadAction","target":["https:\/\/www.fanprojekt-muenster.de\/wordpress\/preussenfan-holt-3x-gold\/"]}]},{"@type":"ImageObject","inLanguage":"de","@id":"https:\/\/www.fanprojekt-muenster.de\/wordpress\/preussenfan-holt-3x-gold\/#primaryimage","url":"","contentUrl":""},{"@type":"BreadcrumbList","@id":"https:\/\/www.fanprojekt-muenster.de\/wordpress\/preussenfan-holt-3x-gold\/#breadcrumb","itemListElement":[{"@type":"ListItem","position":1,"name":"Startseite","item":"https:\/\/www.fanprojekt-muenster.de\/wordpress\/"},{"@type":"ListItem","position":2,"name":"Preu\u00dfenfan holt 3x Gold!"}]},{"@type":"WebSite","@id":"https:\/\/www.fanprojekt-muenster.de\/wordpress\/#website","url":"https:\/\/www.fanprojekt-muenster.de\/wordpress\/","name":"Fangemeinschaft Preu\u00dfen M\u00fcnster e. V.","description":"","publisher":{"@id":"https:\/\/www.fanprojekt-muenster.de\/wordpress\/#organization"},"potentialAction":[{"@type":"SearchAction","target":{"@type":"EntryPoint","urlTemplate":"https:\/\/www.fanprojekt-muenster.de\/wordpress\/?s={search_term_string}"},"query-input":{"@type":"PropertyValueSpecification","valueRequired":true,"valueName":"search_term_string"}}],"inLanguage":"de"},{"@type":"Organization","@id":"https:\/\/www.fanprojekt-muenster.de\/wordpress\/#organization","name":"Fangemeinschaft Preu\u00dfen M\u00fcnster e. V.","url":"https:\/\/www.fanprojekt-muenster.de\/wordpress\/","logo":{"@type":"ImageObject","inLanguage":"de","@id":"https:\/\/www.fanprojekt-muenster.de\/wordpress\/#\/schema\/logo\/image\/","url":"https:\/\/www.fanprojekt-muenster.de\/wordpress\/wp-content\/uploads\/2019\/07\/cropped-Website_Logo3-9.png","contentUrl":"https:\/\/www.fanprojekt-muenster.de\/wordpress\/wp-content\/uploads\/2019\/07\/cropped-Website_Logo3-9.png","width":224,"height":42,"caption":"Fangemeinschaft Preu\u00dfen M\u00fcnster e. V."},"image":{"@id":"https:\/\/www.fanprojekt-muenster.de\/wordpress\/#\/schema\/logo\/image\/"}},{"@type":"Person","@id":"https:\/\/www.fanprojekt-muenster.de\/wordpress\/#\/schema\/person\/907994394342a6ba0f1be4c546ed7d09","name":"508","url":"https:\/\/www.fanprojekt-muenster.de\/wordpress\/author\/508\/"}]}},"author_meta":{"display_name":"508","author_link":"https:\/\/www.fanprojekt-muenster.de\/wordpress\/author\/508\/"},"featured_img":null,"coauthors":[],"tax_additional":{"categories":{"linked":["<a href=\"https:\/\/www.fanprojekt-muenster.de\/wordpress\/category\/aktuelles\/\" class=\"advgb-post-tax-term\">Aktuelles<\/a>","<a href=\"https:\/\/www.fanprojekt-muenster.de\/wordpress\/category\/allgemein\/\" class=\"advgb-post-tax-term\">Allgemein<\/a>"],"unlinked":["<span class=\"advgb-post-tax-term\">Aktuelles<\/span>","<span class=\"advgb-post-tax-term\">Allgemein<\/span>"]}},"comment_count":"0","relative_dates":{"created":"Posted 7\u00a0Jahren ago","modified":"Updated 7\u00a0Jahren ago"},"absolute_dates":{"created":"Posted on 23. M\u00e4rz 2019","modified":"Updated on 23. M\u00e4rz 2019"},"absolute_dates_time":{"created":"Posted on 23. M\u00e4rz 2019 6:14","modified":"Updated on 23. M\u00e4rz 2019 6:14"},"featured_img_caption":"","series_order":"","_links":{"self":[{"href":"https:\/\/www.fanprojekt-muenster.de\/wordpress\/wp-json\/wp\/v2\/posts\/5945","targetHints":{"allow":["GET"]}}],"collection":[{"href":"https:\/\/www.fanprojekt-muenster.de\/wordpress\/wp-json\/wp\/v2\/posts"}],"about":[{"href":"https:\/\/www.fanprojekt-muenster.de\/wordpress\/wp-json\/wp\/v2\/types\/post"}],"author":[{"embeddable":true,"href":"https:\/\/www.fanprojekt-muenster.de\/wordpress\/wp-json\/wp\/v2\/users\/6"}],"replies":[{"embeddable":true,"href":"https:\/\/www.fanprojekt-muenster.de\/wordpress\/wp-json\/wp\/v2\/comments?post=5945"}],"version-history":[{"count":0,"href":"https:\/\/www.fanprojekt-muenster.de\/wordpress\/wp-json\/wp\/v2\/posts\/5945\/revisions"}],"wp:featuredmedia":[{"embeddable":true,"href":"https:\/\/www.fanprojekt-muenster.de\/wordpress\/wp-json\/"}],"wp:attachment":[{"href":"https:\/\/www.fanprojekt-muenster.de\/wordpress\/wp-json\/wp\/v2\/media?parent=5945"}],"wp:term":[{"taxonomy":"category","embeddable":true,"href":"https:\/\/www.fanprojekt-muenster.de\/wordpress\/wp-json\/wp\/v2\/categories?post=5945"},{"taxonomy":"post_tag","embeddable":true,"href":"https:\/\/www.fanprojekt-muenster.de\/wordpress\/wp-json\/wp\/v2\/tags?post=5945"}],"curies":[{"name":"wp","href":"https:\/\/api.w.org\/{rel}","templated":true}]}}