{"id":5936,"date":"2019-03-22T23:11:42","date_gmt":"2019-03-22T21:11:42","guid":{"rendered":"http:\/\/www.fanprojekt-muenster.de\/wp\/?p=5936"},"modified":"2019-03-22T23:11:42","modified_gmt":"2019-03-22T21:11:42","slug":"fanzug-nach-muenchen-faehrt-umtausch-der-gutscheine","status":"publish","type":"post","link":"https:\/\/www.fanprojekt-muenster.de\/wordpress\/fanzug-nach-muenchen-faehrt-umtausch-der-gutscheine\/","title":{"rendered":"Fanzug nach M\u00fcnchen f\u00e4hrt &#8211; Umtausch der Gutscheine"},"content":{"rendered":"<p>Da die Partie gegen 1860 M\u00fcnchen tats\u00e4chlich am Samstag den 13.04.2019 stattfinden wird (JUHU!), gehen wir nun mit Volldampf in die n\u00e4chste Vorbereitungsphase \u00fcber:<\/p>\n<p>&nbsp;<\/p>\n<p>1. Wir suchen immer noch <strong>Ordner<\/strong> und freuen uns \u00fcber jede Meldung: entweder per <a href=\"http:\/\/www.fanprojekt-muenster.de\/wp\/auswaertsspiele\/sonderzug-nach-muenchen\/sonderzug-nach-muenchen-ordner-anmeldung\/\">Anmelde-Formular<\/a>, pers\u00f6nlich am Fancontainer oder bei den Umtauschterminen (s.u.)!<\/p>\n<p>&nbsp;<\/p>\n<p>2. <strong>Restkarten<\/strong> sind weiterhin in begrenzter Menge verf\u00fcgbar: <a href=\"http:\/\/www.fanprojekt-muenster.de\/wp\/auswaertsspiele\/anmeldung-sonderzug-muenchen\/\">online<\/a>, pers\u00f6nlich am Fancontainer oder bei den Umtauschterminen (s.u.). Hier gilt: solange der Vorrat reicht &#8211; &#8222;wer zuerst kauft, hat zuerst&#8220; (Waggonw\u00fcnsche k\u00f6nnen aufgrund der unterschiedlichen Auslastung einzelner Bereiche eventuell nicht mehr ber\u00fccksichtigt werden).<\/p>\n<p>&nbsp;<\/p>\n<p>3. Die bisher ausgegebenen <strong>Gutscheine<\/strong> m\u00fcssen vor der Fahrt (!!!) noch in Sitzplatzkarten und dazugeh\u00f6rige Armb\u00e4ndchen umgetauscht werden &#8211; ohne diese wird es keinen Zugang zum Zug geben! Daf\u00fcr bieten wir folgende Termine an:<\/p>\n<p>&#8211; Samstag, 23.03.2019 \u2192 Heimspiel gegen Unterhaching am Fancontainer (90min vor Anpfiff und 90min nach Abpfiff)<\/p>\n<p>&#8211; Montag, 25.03.2019 \u2192 Preu\u00dfenstammtisch in der Nordsch\u00e4nke, Kanalstr. 40 (ca. 19:06 &#8211; 21:00 Uhr)<\/p>\n<p>&#8211; Donnerstag, 28.03.2019 \u2192 Cinema, Warendorfer Str. 45-47 (ca. 18:00 &#8211; 21:00 Uhr)<\/p>\n<p>&#8211; Sonntag, 31.03.2019 \u2192 Cinema, Warendorfer Str. 45-47 (ca. 10:30 &#8211; 11:30 Uhr)<\/p>\n<p>&#8211; Dienstag, 02.04.2019 \u2192 Preu\u00dfenpub, Bremer Platz 14 (ca. 18:00 &#8211; 21:00 Uhr)<\/p>\n<p>&#8211; Mittwoch, 03.04.2019 \u2192 Preu\u00dfenpub, Bremer Platz 14 (ca. 18:00 &#8211; 21:00 Uhr)<\/p>\n<p>&#8211; Freitag, 05.04.2019 \u2192 Heimspiel gegen Meppen am Fancontainer (90min vor Anpfiff und 90min nach Abpfiff)<\/p>\n<p>Zum Umtausch bringt ihr bitte sowohl die Gutscheine (werden eingezogen) als auch die Mail mit der Reservierungsbest\u00e4tigung (ausgedruckt oder elektronisch) mit!.<\/p>\n<p>&nbsp;<\/p>\n<p>4. Der Verkauf f\u00fcr die Eintrittskarten ins Gr\u00fcnwalder Stadion erfolgt ausschlie\u00dflich \u00fcber den SC Preu\u00dfen M\u00fcnster (<a href=\"https:\/\/www.scpreussen-muenster.de\/auswaertsspiel-in-muenchen-gaestetickets-ausschliesslich-bei-uns-erhaeltlich\/\">weitere Infos<\/a>). Also unbedingt vor Fahrtantritt besorgen, es wird in M\u00fcnchen <strong>keine Tageskasse<\/strong> geben!<\/p>\n","protected":false},"excerpt":{"rendered":"<p>Da die Partie gegen 1860 M\u00fcnchen tats\u00e4chlich am Samstag den 13.04.2019 stattfinden wird (JUHU!), gehen wir nun mit Volldampf in die n\u00e4chste Vorbereitungsphase \u00fcber: &nbsp; 1. Wir suchen immer noch&#8230; <a class=\"read-more-link\" href=\"https:\/\/www.fanprojekt-muenster.de\/wordpress\/fanzug-nach-muenchen-faehrt-umtausch-der-gutscheine\/\">Read more &raquo;<\/a><\/p>\n","protected":false},"author":7,"featured_media":5804,"comment_status":"closed","ping_status":"closed","sticky":false,"template":"","format":"standard","meta":{"advgb_blocks_editor_width":"","advgb_blocks_columns_visual_guide":"","footnotes":""},"categories":[2,3,4,13],"tags":[],"class_list":["post-5936","post","type-post","status-publish","format-standard","has-post-thumbnail","hentry","category-aktionen","category-aktuelles","category-auswarts","category-sonderzug-nach-muenchen"],"featured_image_src":null,"author_info":{"display_name":"CJO","author_link":"https:\/\/www.fanprojekt-muenster.de\/wordpress\/author\/jogy\/"},"yoast_head":"<!-- This site is optimized with the Yoast SEO plugin v27.2 - https:\/\/yoast.com\/product\/yoast-seo-wordpress\/ -->\n<title>Fanzug nach M\u00fcnchen f\u00e4hrt - Umtausch der Gutscheine - Fangemeinschaft Preu\u00dfen M\u00fcnster e. V.<\/title>\n<meta name=\"robots\" content=\"index, follow, max-snippet:-1, max-image-preview:large, max-video-preview:-1\" \/>\n<link rel=\"canonical\" href=\"https:\/\/www.fanprojekt-muenster.de\/wordpress\/fanzug-nach-muenchen-faehrt-umtausch-der-gutscheine\/\" \/>\n<meta property=\"og:locale\" content=\"de_DE\" \/>\n<meta property=\"og:type\" content=\"article\" \/>\n<meta property=\"og:title\" content=\"Fanzug nach M\u00fcnchen f\u00e4hrt - Umtausch der Gutscheine - Fangemeinschaft Preu\u00dfen M\u00fcnster e. V.\" \/>\n<meta property=\"og:description\" content=\"Da die Partie gegen 1860 M\u00fcnchen tats\u00e4chlich am Samstag den 13.04.2019 stattfinden wird (JUHU!), gehen wir nun mit Volldampf in die n\u00e4chste Vorbereitungsphase \u00fcber: &nbsp; 1. Wir suchen immer noch... Read more &raquo;\" \/>\n<meta property=\"og:url\" content=\"https:\/\/www.fanprojekt-muenster.de\/wordpress\/fanzug-nach-muenchen-faehrt-umtausch-der-gutscheine\/\" \/>\n<meta property=\"og:site_name\" content=\"Fangemeinschaft Preu\u00dfen M\u00fcnster e. V.\" \/>\n<meta property=\"article:published_time\" content=\"2019-03-22T21:11:42+00:00\" \/>\n<meta name=\"author\" content=\"CJO\" \/>\n<meta name=\"twitter:card\" content=\"summary_large_image\" \/>\n<meta name=\"twitter:label1\" content=\"Verfasst von\" \/>\n\t<meta name=\"twitter:data1\" content=\"CJO\" \/>\n\t<meta name=\"twitter:label2\" content=\"Gesch\u00e4tzte Lesezeit\" \/>\n\t<meta name=\"twitter:data2\" content=\"1\u00a0Minute\" \/>\n<script type=\"application\/ld+json\" class=\"yoast-schema-graph\">{\"@context\":\"https:\/\/schema.org\",\"@graph\":[{\"@type\":\"Article\",\"@id\":\"https:\/\/www.fanprojekt-muenster.de\/wordpress\/fanzug-nach-muenchen-faehrt-umtausch-der-gutscheine\/#article\",\"isPartOf\":{\"@id\":\"https:\/\/www.fanprojekt-muenster.de\/wordpress\/fanzug-nach-muenchen-faehrt-umtausch-der-gutscheine\/\"},\"author\":{\"name\":\"CJO\",\"@id\":\"https:\/\/www.fanprojekt-muenster.de\/wordpress\/#\/schema\/person\/744936f7caad5b07423673506682ba59\"},\"headline\":\"Fanzug nach M\u00fcnchen f\u00e4hrt &#8211; Umtausch der Gutscheine\",\"datePublished\":\"2019-03-22T21:11:42+00:00\",\"mainEntityOfPage\":{\"@id\":\"https:\/\/www.fanprojekt-muenster.de\/wordpress\/fanzug-nach-muenchen-faehrt-umtausch-der-gutscheine\/\"},\"wordCount\":279,\"publisher\":{\"@id\":\"https:\/\/www.fanprojekt-muenster.de\/wordpress\/#organization\"},\"image\":{\"@id\":\"https:\/\/www.fanprojekt-muenster.de\/wordpress\/fanzug-nach-muenchen-faehrt-umtausch-der-gutscheine\/#primaryimage\"},\"thumbnailUrl\":\"\",\"articleSection\":[\"Aktionen\",\"Aktuelles\",\"Ausw\u00e4rts\",\"Sonderzug nach M\u00fcnchen\"],\"inLanguage\":\"de\"},{\"@type\":\"WebPage\",\"@id\":\"https:\/\/www.fanprojekt-muenster.de\/wordpress\/fanzug-nach-muenchen-faehrt-umtausch-der-gutscheine\/\",\"url\":\"https:\/\/www.fanprojekt-muenster.de\/wordpress\/fanzug-nach-muenchen-faehrt-umtausch-der-gutscheine\/\",\"name\":\"Fanzug nach M\u00fcnchen f\u00e4hrt - Umtausch der Gutscheine - Fangemeinschaft Preu\u00dfen M\u00fcnster e. V.\",\"isPartOf\":{\"@id\":\"https:\/\/www.fanprojekt-muenster.de\/wordpress\/#website\"},\"primaryImageOfPage\":{\"@id\":\"https:\/\/www.fanprojekt-muenster.de\/wordpress\/fanzug-nach-muenchen-faehrt-umtausch-der-gutscheine\/#primaryimage\"},\"image\":{\"@id\":\"https:\/\/www.fanprojekt-muenster.de\/wordpress\/fanzug-nach-muenchen-faehrt-umtausch-der-gutscheine\/#primaryimage\"},\"thumbnailUrl\":\"\",\"datePublished\":\"2019-03-22T21:11:42+00:00\",\"breadcrumb\":{\"@id\":\"https:\/\/www.fanprojekt-muenster.de\/wordpress\/fanzug-nach-muenchen-faehrt-umtausch-der-gutscheine\/#breadcrumb\"},\"inLanguage\":\"de\",\"potentialAction\":[{\"@type\":\"ReadAction\",\"target\":[\"https:\/\/www.fanprojekt-muenster.de\/wordpress\/fanzug-nach-muenchen-faehrt-umtausch-der-gutscheine\/\"]}]},{\"@type\":\"ImageObject\",\"inLanguage\":\"de\",\"@id\":\"https:\/\/www.fanprojekt-muenster.de\/wordpress\/fanzug-nach-muenchen-faehrt-umtausch-der-gutscheine\/#primaryimage\",\"url\":\"\",\"contentUrl\":\"\"},{\"@type\":\"BreadcrumbList\",\"@id\":\"https:\/\/www.fanprojekt-muenster.de\/wordpress\/fanzug-nach-muenchen-faehrt-umtausch-der-gutscheine\/#breadcrumb\",\"itemListElement\":[{\"@type\":\"ListItem\",\"position\":1,\"name\":\"Startseite\",\"item\":\"https:\/\/www.fanprojekt-muenster.de\/wordpress\/\"},{\"@type\":\"ListItem\",\"position\":2,\"name\":\"Fanzug nach M\u00fcnchen f\u00e4hrt &#8211; Umtausch der Gutscheine\"}]},{\"@type\":\"WebSite\",\"@id\":\"https:\/\/www.fanprojekt-muenster.de\/wordpress\/#website\",\"url\":\"https:\/\/www.fanprojekt-muenster.de\/wordpress\/\",\"name\":\"Fangemeinschaft Preu\u00dfen M\u00fcnster e. V.\",\"description\":\"\",\"publisher\":{\"@id\":\"https:\/\/www.fanprojekt-muenster.de\/wordpress\/#organization\"},\"potentialAction\":[{\"@type\":\"SearchAction\",\"target\":{\"@type\":\"EntryPoint\",\"urlTemplate\":\"https:\/\/www.fanprojekt-muenster.de\/wordpress\/?s={search_term_string}\"},\"query-input\":{\"@type\":\"PropertyValueSpecification\",\"valueRequired\":true,\"valueName\":\"search_term_string\"}}],\"inLanguage\":\"de\"},{\"@type\":\"Organization\",\"@id\":\"https:\/\/www.fanprojekt-muenster.de\/wordpress\/#organization\",\"name\":\"Fangemeinschaft Preu\u00dfen M\u00fcnster e. V.\",\"url\":\"https:\/\/www.fanprojekt-muenster.de\/wordpress\/\",\"logo\":{\"@type\":\"ImageObject\",\"inLanguage\":\"de\",\"@id\":\"https:\/\/www.fanprojekt-muenster.de\/wordpress\/#\/schema\/logo\/image\/\",\"url\":\"https:\/\/www.fanprojekt-muenster.de\/wordpress\/wp-content\/uploads\/2019\/07\/cropped-Website_Logo3-9.png\",\"contentUrl\":\"https:\/\/www.fanprojekt-muenster.de\/wordpress\/wp-content\/uploads\/2019\/07\/cropped-Website_Logo3-9.png\",\"width\":224,\"height\":42,\"caption\":\"Fangemeinschaft Preu\u00dfen M\u00fcnster e. V.\"},\"image\":{\"@id\":\"https:\/\/www.fanprojekt-muenster.de\/wordpress\/#\/schema\/logo\/image\/\"}},{\"@type\":\"Person\",\"@id\":\"https:\/\/www.fanprojekt-muenster.de\/wordpress\/#\/schema\/person\/744936f7caad5b07423673506682ba59\",\"name\":\"CJO\",\"url\":\"https:\/\/www.fanprojekt-muenster.de\/wordpress\/author\/jogy\/\"}]}<\/script>\n<!-- \/ Yoast SEO plugin. -->","yoast_head_json":{"title":"Fanzug nach M\u00fcnchen f\u00e4hrt - Umtausch der Gutscheine - Fangemeinschaft Preu\u00dfen M\u00fcnster e. V.","robots":{"index":"index","follow":"follow","max-snippet":"max-snippet:-1","max-image-preview":"max-image-preview:large","max-video-preview":"max-video-preview:-1"},"canonical":"https:\/\/www.fanprojekt-muenster.de\/wordpress\/fanzug-nach-muenchen-faehrt-umtausch-der-gutscheine\/","og_locale":"de_DE","og_type":"article","og_title":"Fanzug nach M\u00fcnchen f\u00e4hrt - Umtausch der Gutscheine - Fangemeinschaft Preu\u00dfen M\u00fcnster e. V.","og_description":"Da die Partie gegen 1860 M\u00fcnchen tats\u00e4chlich am Samstag den 13.04.2019 stattfinden wird (JUHU!), gehen wir nun mit Volldampf in die n\u00e4chste Vorbereitungsphase \u00fcber: &nbsp; 1. Wir suchen immer noch... Read more &raquo;","og_url":"https:\/\/www.fanprojekt-muenster.de\/wordpress\/fanzug-nach-muenchen-faehrt-umtausch-der-gutscheine\/","og_site_name":"Fangemeinschaft Preu\u00dfen M\u00fcnster e. V.","article_published_time":"2019-03-22T21:11:42+00:00","author":"CJO","twitter_card":"summary_large_image","twitter_misc":{"Verfasst von":"CJO","Gesch\u00e4tzte Lesezeit":"1\u00a0Minute"},"schema":{"@context":"https:\/\/schema.org","@graph":[{"@type":"Article","@id":"https:\/\/www.fanprojekt-muenster.de\/wordpress\/fanzug-nach-muenchen-faehrt-umtausch-der-gutscheine\/#article","isPartOf":{"@id":"https:\/\/www.fanprojekt-muenster.de\/wordpress\/fanzug-nach-muenchen-faehrt-umtausch-der-gutscheine\/"},"author":{"name":"CJO","@id":"https:\/\/www.fanprojekt-muenster.de\/wordpress\/#\/schema\/person\/744936f7caad5b07423673506682ba59"},"headline":"Fanzug nach M\u00fcnchen f\u00e4hrt &#8211; Umtausch der Gutscheine","datePublished":"2019-03-22T21:11:42+00:00","mainEntityOfPage":{"@id":"https:\/\/www.fanprojekt-muenster.de\/wordpress\/fanzug-nach-muenchen-faehrt-umtausch-der-gutscheine\/"},"wordCount":279,"publisher":{"@id":"https:\/\/www.fanprojekt-muenster.de\/wordpress\/#organization"},"image":{"@id":"https:\/\/www.fanprojekt-muenster.de\/wordpress\/fanzug-nach-muenchen-faehrt-umtausch-der-gutscheine\/#primaryimage"},"thumbnailUrl":"","articleSection":["Aktionen","Aktuelles","Ausw\u00e4rts","Sonderzug nach M\u00fcnchen"],"inLanguage":"de"},{"@type":"WebPage","@id":"https:\/\/www.fanprojekt-muenster.de\/wordpress\/fanzug-nach-muenchen-faehrt-umtausch-der-gutscheine\/","url":"https:\/\/www.fanprojekt-muenster.de\/wordpress\/fanzug-nach-muenchen-faehrt-umtausch-der-gutscheine\/","name":"Fanzug nach M\u00fcnchen f\u00e4hrt - Umtausch der Gutscheine - Fangemeinschaft Preu\u00dfen M\u00fcnster e. V.","isPartOf":{"@id":"https:\/\/www.fanprojekt-muenster.de\/wordpress\/#website"},"primaryImageOfPage":{"@id":"https:\/\/www.fanprojekt-muenster.de\/wordpress\/fanzug-nach-muenchen-faehrt-umtausch-der-gutscheine\/#primaryimage"},"image":{"@id":"https:\/\/www.fanprojekt-muenster.de\/wordpress\/fanzug-nach-muenchen-faehrt-umtausch-der-gutscheine\/#primaryimage"},"thumbnailUrl":"","datePublished":"2019-03-22T21:11:42+00:00","breadcrumb":{"@id":"https:\/\/www.fanprojekt-muenster.de\/wordpress\/fanzug-nach-muenchen-faehrt-umtausch-der-gutscheine\/#breadcrumb"},"inLanguage":"de","potentialAction":[{"@type":"ReadAction","target":["https:\/\/www.fanprojekt-muenster.de\/wordpress\/fanzug-nach-muenchen-faehrt-umtausch-der-gutscheine\/"]}]},{"@type":"ImageObject","inLanguage":"de","@id":"https:\/\/www.fanprojekt-muenster.de\/wordpress\/fanzug-nach-muenchen-faehrt-umtausch-der-gutscheine\/#primaryimage","url":"","contentUrl":""},{"@type":"BreadcrumbList","@id":"https:\/\/www.fanprojekt-muenster.de\/wordpress\/fanzug-nach-muenchen-faehrt-umtausch-der-gutscheine\/#breadcrumb","itemListElement":[{"@type":"ListItem","position":1,"name":"Startseite","item":"https:\/\/www.fanprojekt-muenster.de\/wordpress\/"},{"@type":"ListItem","position":2,"name":"Fanzug nach M\u00fcnchen f\u00e4hrt &#8211; Umtausch der Gutscheine"}]},{"@type":"WebSite","@id":"https:\/\/www.fanprojekt-muenster.de\/wordpress\/#website","url":"https:\/\/www.fanprojekt-muenster.de\/wordpress\/","name":"Fangemeinschaft Preu\u00dfen M\u00fcnster e. V.","description":"","publisher":{"@id":"https:\/\/www.fanprojekt-muenster.de\/wordpress\/#organization"},"potentialAction":[{"@type":"SearchAction","target":{"@type":"EntryPoint","urlTemplate":"https:\/\/www.fanprojekt-muenster.de\/wordpress\/?s={search_term_string}"},"query-input":{"@type":"PropertyValueSpecification","valueRequired":true,"valueName":"search_term_string"}}],"inLanguage":"de"},{"@type":"Organization","@id":"https:\/\/www.fanprojekt-muenster.de\/wordpress\/#organization","name":"Fangemeinschaft Preu\u00dfen M\u00fcnster e. V.","url":"https:\/\/www.fanprojekt-muenster.de\/wordpress\/","logo":{"@type":"ImageObject","inLanguage":"de","@id":"https:\/\/www.fanprojekt-muenster.de\/wordpress\/#\/schema\/logo\/image\/","url":"https:\/\/www.fanprojekt-muenster.de\/wordpress\/wp-content\/uploads\/2019\/07\/cropped-Website_Logo3-9.png","contentUrl":"https:\/\/www.fanprojekt-muenster.de\/wordpress\/wp-content\/uploads\/2019\/07\/cropped-Website_Logo3-9.png","width":224,"height":42,"caption":"Fangemeinschaft Preu\u00dfen M\u00fcnster e. V."},"image":{"@id":"https:\/\/www.fanprojekt-muenster.de\/wordpress\/#\/schema\/logo\/image\/"}},{"@type":"Person","@id":"https:\/\/www.fanprojekt-muenster.de\/wordpress\/#\/schema\/person\/744936f7caad5b07423673506682ba59","name":"CJO","url":"https:\/\/www.fanprojekt-muenster.de\/wordpress\/author\/jogy\/"}]}},"author_meta":{"display_name":"CJO","author_link":"https:\/\/www.fanprojekt-muenster.de\/wordpress\/author\/jogy\/"},"featured_img":null,"coauthors":[],"tax_additional":{"categories":{"linked":["<a href=\"https:\/\/www.fanprojekt-muenster.de\/wordpress\/category\/aktionen\/\" class=\"advgb-post-tax-term\">Aktionen<\/a>","<a href=\"https:\/\/www.fanprojekt-muenster.de\/wordpress\/category\/aktuelles\/\" class=\"advgb-post-tax-term\">Aktuelles<\/a>","<a href=\"https:\/\/www.fanprojekt-muenster.de\/wordpress\/category\/auswarts\/\" class=\"advgb-post-tax-term\">Ausw\u00e4rts<\/a>","<a href=\"https:\/\/www.fanprojekt-muenster.de\/wordpress\/category\/sonderzug-nach-muenchen\/\" class=\"advgb-post-tax-term\">Sonderzug nach M\u00fcnchen<\/a>"],"unlinked":["<span class=\"advgb-post-tax-term\">Aktionen<\/span>","<span class=\"advgb-post-tax-term\">Aktuelles<\/span>","<span class=\"advgb-post-tax-term\">Ausw\u00e4rts<\/span>","<span class=\"advgb-post-tax-term\">Sonderzug nach M\u00fcnchen<\/span>"]}},"comment_count":"0","relative_dates":{"created":"Posted 7\u00a0Jahren ago","modified":"Updated 7\u00a0Jahren ago"},"absolute_dates":{"created":"Posted on 22. M\u00e4rz 2019","modified":"Updated on 22. M\u00e4rz 2019"},"absolute_dates_time":{"created":"Posted on 22. M\u00e4rz 2019 23:11","modified":"Updated on 22. M\u00e4rz 2019 23:11"},"featured_img_caption":"","series_order":"","_links":{"self":[{"href":"https:\/\/www.fanprojekt-muenster.de\/wordpress\/wp-json\/wp\/v2\/posts\/5936","targetHints":{"allow":["GET"]}}],"collection":[{"href":"https:\/\/www.fanprojekt-muenster.de\/wordpress\/wp-json\/wp\/v2\/posts"}],"about":[{"href":"https:\/\/www.fanprojekt-muenster.de\/wordpress\/wp-json\/wp\/v2\/types\/post"}],"author":[{"embeddable":true,"href":"https:\/\/www.fanprojekt-muenster.de\/wordpress\/wp-json\/wp\/v2\/users\/7"}],"replies":[{"embeddable":true,"href":"https:\/\/www.fanprojekt-muenster.de\/wordpress\/wp-json\/wp\/v2\/comments?post=5936"}],"version-history":[{"count":0,"href":"https:\/\/www.fanprojekt-muenster.de\/wordpress\/wp-json\/wp\/v2\/posts\/5936\/revisions"}],"wp:featuredmedia":[{"embeddable":true,"href":"https:\/\/www.fanprojekt-muenster.de\/wordpress\/wp-json\/"}],"wp:attachment":[{"href":"https:\/\/www.fanprojekt-muenster.de\/wordpress\/wp-json\/wp\/v2\/media?parent=5936"}],"wp:term":[{"taxonomy":"category","embeddable":true,"href":"https:\/\/www.fanprojekt-muenster.de\/wordpress\/wp-json\/wp\/v2\/categories?post=5936"},{"taxonomy":"post_tag","embeddable":true,"href":"https:\/\/www.fanprojekt-muenster.de\/wordpress\/wp-json\/wp\/v2\/tags?post=5936"}],"curies":[{"name":"wp","href":"https:\/\/api.w.org\/{rel}","templated":true}]}}