{"id":5873,"date":"2019-02-28T21:49:10","date_gmt":"2019-02-28T19:49:10","guid":{"rendered":"http:\/\/www.fanprojekt-muenster.de\/wp\/?p=5873"},"modified":"2019-02-28T21:49:10","modified_gmt":"2019-02-28T19:49:10","slug":"letzte-moeglichkeit-fuer-vvvk-sonderzug-nach-muenchen","status":"publish","type":"post","link":"https:\/\/www.fanprojekt-muenster.de\/wordpress\/letzte-moeglichkeit-fuer-vvvk-sonderzug-nach-muenchen\/","title":{"rendered":"Letzte M\u00f6glichkeit f\u00fcr VVK"},"content":{"rendered":"<p>Am Wochenende entscheidet sich, ob gen\u00fcgend Preu\u00dfenfans mit dem Sonderzug nach M\u00fcnchen (13.04.2019) fahren m\u00f6chten. Falls die Anzahl unter 400 bleibt, wird der Sonderzug mangels Interesse abgesagt.<\/p>\n<p>Bisher haben sich 360 Fans verbindlich angemeldet, so dass bis zum Stichtag am 03.03. noch <strong>40 Anmeldungen fehlen<\/strong>!<\/p>\n<p>Die letzte M\u00f6glichkeit dazu besteht entweder<\/p>\n<ul>\n<li>diesen Samstag beim Heimspiel gegen den VfR Aalen am Fancontainer, welcher 90 Minuten vor Anpfiff und 90 Minuten nach Abpfiff ge\u00f6ffnet sein wird, oder<\/li>\n<li>via <a href=\"http:\/\/www.fanprojekt-muenster.de\/wp\/auswaertsspiele\/anmeldung-sonderzug-muenchen\/\">Online-Anmeldung<\/a>, die mit Ablauf diesen Sonntags (03.03.) endet.<\/li>\n<\/ul>\n<p>&nbsp;<\/p>\n<p>Danach werden keine Anmeldungen mehr angenommen.<\/p>\n<p><strong>Wer also noch keine Fahrkarte hat, sollte jetzt zuschlagen, sonst gibt\u2019s keinen Sonderzug!<\/strong><\/p>\n<p>(\u00a0<a href=\"http:\/\/www.fanprojekt-muenster.de\/wp\/2019\/01\/23\/faq-fragen-und-antworten-zum-sonderzug-nach-muenchen\/\">Sonderzug-FAQ<\/a> )<\/p>\n","protected":false},"excerpt":{"rendered":"<p>Am Wochenende entscheidet sich, ob gen\u00fcgend Preu\u00dfenfans mit dem Sonderzug nach M\u00fcnchen (13.04.2019) fahren m\u00f6chten. Falls die Anzahl unter 400 bleibt, wird der Sonderzug mangels Interesse abgesagt. Bisher haben sich&#8230; <a class=\"read-more-link\" href=\"https:\/\/www.fanprojekt-muenster.de\/wordpress\/letzte-moeglichkeit-fuer-vvvk-sonderzug-nach-muenchen\/\">Read more &raquo;<\/a><\/p>\n","protected":false},"author":7,"featured_media":5804,"comment_status":"closed","ping_status":"closed","sticky":false,"template":"","format":"standard","meta":{"advgb_blocks_editor_width":"","advgb_blocks_columns_visual_guide":"","footnotes":""},"categories":[2,3,4,13],"tags":[],"class_list":["post-5873","post","type-post","status-publish","format-standard","has-post-thumbnail","hentry","category-aktionen","category-aktuelles","category-auswarts","category-sonderzug-nach-muenchen"],"featured_image_src":null,"author_info":{"display_name":"CJO","author_link":"https:\/\/www.fanprojekt-muenster.de\/wordpress\/author\/jogy\/"},"yoast_head":"<!-- This site is optimized with the Yoast SEO plugin v27.2 - https:\/\/yoast.com\/product\/yoast-seo-wordpress\/ -->\n<title>Letzte M\u00f6glichkeit f\u00fcr VVK - Fangemeinschaft Preu\u00dfen M\u00fcnster e. V.<\/title>\n<meta name=\"robots\" content=\"index, follow, max-snippet:-1, max-image-preview:large, max-video-preview:-1\" \/>\n<link rel=\"canonical\" href=\"https:\/\/www.fanprojekt-muenster.de\/wordpress\/letzte-moeglichkeit-fuer-vvvk-sonderzug-nach-muenchen\/\" \/>\n<meta property=\"og:locale\" content=\"de_DE\" \/>\n<meta property=\"og:type\" content=\"article\" \/>\n<meta property=\"og:title\" content=\"Letzte M\u00f6glichkeit f\u00fcr VVK - Fangemeinschaft Preu\u00dfen M\u00fcnster e. V.\" \/>\n<meta property=\"og:description\" content=\"Am Wochenende entscheidet sich, ob gen\u00fcgend Preu\u00dfenfans mit dem Sonderzug nach M\u00fcnchen (13.04.2019) fahren m\u00f6chten. Falls die Anzahl unter 400 bleibt, wird der Sonderzug mangels Interesse abgesagt. Bisher haben sich... Read more &raquo;\" \/>\n<meta property=\"og:url\" content=\"https:\/\/www.fanprojekt-muenster.de\/wordpress\/letzte-moeglichkeit-fuer-vvvk-sonderzug-nach-muenchen\/\" \/>\n<meta property=\"og:site_name\" content=\"Fangemeinschaft Preu\u00dfen M\u00fcnster e. V.\" \/>\n<meta property=\"article:published_time\" content=\"2019-02-28T19:49:10+00:00\" \/>\n<meta name=\"author\" content=\"CJO\" \/>\n<meta name=\"twitter:card\" content=\"summary_large_image\" \/>\n<meta name=\"twitter:label1\" content=\"Verfasst von\" \/>\n\t<meta name=\"twitter:data1\" content=\"CJO\" \/>\n\t<meta name=\"twitter:label2\" content=\"Gesch\u00e4tzte Lesezeit\" \/>\n\t<meta name=\"twitter:data2\" content=\"1\u00a0Minute\" \/>\n<script type=\"application\/ld+json\" class=\"yoast-schema-graph\">{\"@context\":\"https:\/\/schema.org\",\"@graph\":[{\"@type\":\"Article\",\"@id\":\"https:\/\/www.fanprojekt-muenster.de\/wordpress\/letzte-moeglichkeit-fuer-vvvk-sonderzug-nach-muenchen\/#article\",\"isPartOf\":{\"@id\":\"https:\/\/www.fanprojekt-muenster.de\/wordpress\/letzte-moeglichkeit-fuer-vvvk-sonderzug-nach-muenchen\/\"},\"author\":{\"name\":\"CJO\",\"@id\":\"https:\/\/www.fanprojekt-muenster.de\/wordpress\/#\/schema\/person\/744936f7caad5b07423673506682ba59\"},\"headline\":\"Letzte M\u00f6glichkeit f\u00fcr VVK\",\"datePublished\":\"2019-02-28T19:49:10+00:00\",\"mainEntityOfPage\":{\"@id\":\"https:\/\/www.fanprojekt-muenster.de\/wordpress\/letzte-moeglichkeit-fuer-vvvk-sonderzug-nach-muenchen\/\"},\"wordCount\":110,\"publisher\":{\"@id\":\"https:\/\/www.fanprojekt-muenster.de\/wordpress\/#organization\"},\"image\":{\"@id\":\"https:\/\/www.fanprojekt-muenster.de\/wordpress\/letzte-moeglichkeit-fuer-vvvk-sonderzug-nach-muenchen\/#primaryimage\"},\"thumbnailUrl\":\"\",\"articleSection\":[\"Aktionen\",\"Aktuelles\",\"Ausw\u00e4rts\",\"Sonderzug nach M\u00fcnchen\"],\"inLanguage\":\"de\"},{\"@type\":\"WebPage\",\"@id\":\"https:\/\/www.fanprojekt-muenster.de\/wordpress\/letzte-moeglichkeit-fuer-vvvk-sonderzug-nach-muenchen\/\",\"url\":\"https:\/\/www.fanprojekt-muenster.de\/wordpress\/letzte-moeglichkeit-fuer-vvvk-sonderzug-nach-muenchen\/\",\"name\":\"Letzte M\u00f6glichkeit f\u00fcr VVK - Fangemeinschaft Preu\u00dfen M\u00fcnster e. V.\",\"isPartOf\":{\"@id\":\"https:\/\/www.fanprojekt-muenster.de\/wordpress\/#website\"},\"primaryImageOfPage\":{\"@id\":\"https:\/\/www.fanprojekt-muenster.de\/wordpress\/letzte-moeglichkeit-fuer-vvvk-sonderzug-nach-muenchen\/#primaryimage\"},\"image\":{\"@id\":\"https:\/\/www.fanprojekt-muenster.de\/wordpress\/letzte-moeglichkeit-fuer-vvvk-sonderzug-nach-muenchen\/#primaryimage\"},\"thumbnailUrl\":\"\",\"datePublished\":\"2019-02-28T19:49:10+00:00\",\"breadcrumb\":{\"@id\":\"https:\/\/www.fanprojekt-muenster.de\/wordpress\/letzte-moeglichkeit-fuer-vvvk-sonderzug-nach-muenchen\/#breadcrumb\"},\"inLanguage\":\"de\",\"potentialAction\":[{\"@type\":\"ReadAction\",\"target\":[\"https:\/\/www.fanprojekt-muenster.de\/wordpress\/letzte-moeglichkeit-fuer-vvvk-sonderzug-nach-muenchen\/\"]}]},{\"@type\":\"ImageObject\",\"inLanguage\":\"de\",\"@id\":\"https:\/\/www.fanprojekt-muenster.de\/wordpress\/letzte-moeglichkeit-fuer-vvvk-sonderzug-nach-muenchen\/#primaryimage\",\"url\":\"\",\"contentUrl\":\"\"},{\"@type\":\"BreadcrumbList\",\"@id\":\"https:\/\/www.fanprojekt-muenster.de\/wordpress\/letzte-moeglichkeit-fuer-vvvk-sonderzug-nach-muenchen\/#breadcrumb\",\"itemListElement\":[{\"@type\":\"ListItem\",\"position\":1,\"name\":\"Startseite\",\"item\":\"https:\/\/www.fanprojekt-muenster.de\/wordpress\/\"},{\"@type\":\"ListItem\",\"position\":2,\"name\":\"Letzte M\u00f6glichkeit f\u00fcr VVK\"}]},{\"@type\":\"WebSite\",\"@id\":\"https:\/\/www.fanprojekt-muenster.de\/wordpress\/#website\",\"url\":\"https:\/\/www.fanprojekt-muenster.de\/wordpress\/\",\"name\":\"Fangemeinschaft Preu\u00dfen M\u00fcnster e. V.\",\"description\":\"\",\"publisher\":{\"@id\":\"https:\/\/www.fanprojekt-muenster.de\/wordpress\/#organization\"},\"potentialAction\":[{\"@type\":\"SearchAction\",\"target\":{\"@type\":\"EntryPoint\",\"urlTemplate\":\"https:\/\/www.fanprojekt-muenster.de\/wordpress\/?s={search_term_string}\"},\"query-input\":{\"@type\":\"PropertyValueSpecification\",\"valueRequired\":true,\"valueName\":\"search_term_string\"}}],\"inLanguage\":\"de\"},{\"@type\":\"Organization\",\"@id\":\"https:\/\/www.fanprojekt-muenster.de\/wordpress\/#organization\",\"name\":\"Fangemeinschaft Preu\u00dfen M\u00fcnster e. V.\",\"url\":\"https:\/\/www.fanprojekt-muenster.de\/wordpress\/\",\"logo\":{\"@type\":\"ImageObject\",\"inLanguage\":\"de\",\"@id\":\"https:\/\/www.fanprojekt-muenster.de\/wordpress\/#\/schema\/logo\/image\/\",\"url\":\"https:\/\/www.fanprojekt-muenster.de\/wordpress\/wp-content\/uploads\/2019\/07\/cropped-Website_Logo3-9.png\",\"contentUrl\":\"https:\/\/www.fanprojekt-muenster.de\/wordpress\/wp-content\/uploads\/2019\/07\/cropped-Website_Logo3-9.png\",\"width\":224,\"height\":42,\"caption\":\"Fangemeinschaft Preu\u00dfen M\u00fcnster e. V.\"},\"image\":{\"@id\":\"https:\/\/www.fanprojekt-muenster.de\/wordpress\/#\/schema\/logo\/image\/\"}},{\"@type\":\"Person\",\"@id\":\"https:\/\/www.fanprojekt-muenster.de\/wordpress\/#\/schema\/person\/744936f7caad5b07423673506682ba59\",\"name\":\"CJO\",\"url\":\"https:\/\/www.fanprojekt-muenster.de\/wordpress\/author\/jogy\/\"}]}<\/script>\n<!-- \/ Yoast SEO plugin. -->","yoast_head_json":{"title":"Letzte M\u00f6glichkeit f\u00fcr VVK - Fangemeinschaft Preu\u00dfen M\u00fcnster e. V.","robots":{"index":"index","follow":"follow","max-snippet":"max-snippet:-1","max-image-preview":"max-image-preview:large","max-video-preview":"max-video-preview:-1"},"canonical":"https:\/\/www.fanprojekt-muenster.de\/wordpress\/letzte-moeglichkeit-fuer-vvvk-sonderzug-nach-muenchen\/","og_locale":"de_DE","og_type":"article","og_title":"Letzte M\u00f6glichkeit f\u00fcr VVK - Fangemeinschaft Preu\u00dfen M\u00fcnster e. V.","og_description":"Am Wochenende entscheidet sich, ob gen\u00fcgend Preu\u00dfenfans mit dem Sonderzug nach M\u00fcnchen (13.04.2019) fahren m\u00f6chten. Falls die Anzahl unter 400 bleibt, wird der Sonderzug mangels Interesse abgesagt. Bisher haben sich... Read more &raquo;","og_url":"https:\/\/www.fanprojekt-muenster.de\/wordpress\/letzte-moeglichkeit-fuer-vvvk-sonderzug-nach-muenchen\/","og_site_name":"Fangemeinschaft Preu\u00dfen M\u00fcnster e. V.","article_published_time":"2019-02-28T19:49:10+00:00","author":"CJO","twitter_card":"summary_large_image","twitter_misc":{"Verfasst von":"CJO","Gesch\u00e4tzte Lesezeit":"1\u00a0Minute"},"schema":{"@context":"https:\/\/schema.org","@graph":[{"@type":"Article","@id":"https:\/\/www.fanprojekt-muenster.de\/wordpress\/letzte-moeglichkeit-fuer-vvvk-sonderzug-nach-muenchen\/#article","isPartOf":{"@id":"https:\/\/www.fanprojekt-muenster.de\/wordpress\/letzte-moeglichkeit-fuer-vvvk-sonderzug-nach-muenchen\/"},"author":{"name":"CJO","@id":"https:\/\/www.fanprojekt-muenster.de\/wordpress\/#\/schema\/person\/744936f7caad5b07423673506682ba59"},"headline":"Letzte M\u00f6glichkeit f\u00fcr VVK","datePublished":"2019-02-28T19:49:10+00:00","mainEntityOfPage":{"@id":"https:\/\/www.fanprojekt-muenster.de\/wordpress\/letzte-moeglichkeit-fuer-vvvk-sonderzug-nach-muenchen\/"},"wordCount":110,"publisher":{"@id":"https:\/\/www.fanprojekt-muenster.de\/wordpress\/#organization"},"image":{"@id":"https:\/\/www.fanprojekt-muenster.de\/wordpress\/letzte-moeglichkeit-fuer-vvvk-sonderzug-nach-muenchen\/#primaryimage"},"thumbnailUrl":"","articleSection":["Aktionen","Aktuelles","Ausw\u00e4rts","Sonderzug nach M\u00fcnchen"],"inLanguage":"de"},{"@type":"WebPage","@id":"https:\/\/www.fanprojekt-muenster.de\/wordpress\/letzte-moeglichkeit-fuer-vvvk-sonderzug-nach-muenchen\/","url":"https:\/\/www.fanprojekt-muenster.de\/wordpress\/letzte-moeglichkeit-fuer-vvvk-sonderzug-nach-muenchen\/","name":"Letzte M\u00f6glichkeit f\u00fcr VVK - Fangemeinschaft Preu\u00dfen M\u00fcnster e. V.","isPartOf":{"@id":"https:\/\/www.fanprojekt-muenster.de\/wordpress\/#website"},"primaryImageOfPage":{"@id":"https:\/\/www.fanprojekt-muenster.de\/wordpress\/letzte-moeglichkeit-fuer-vvvk-sonderzug-nach-muenchen\/#primaryimage"},"image":{"@id":"https:\/\/www.fanprojekt-muenster.de\/wordpress\/letzte-moeglichkeit-fuer-vvvk-sonderzug-nach-muenchen\/#primaryimage"},"thumbnailUrl":"","datePublished":"2019-02-28T19:49:10+00:00","breadcrumb":{"@id":"https:\/\/www.fanprojekt-muenster.de\/wordpress\/letzte-moeglichkeit-fuer-vvvk-sonderzug-nach-muenchen\/#breadcrumb"},"inLanguage":"de","potentialAction":[{"@type":"ReadAction","target":["https:\/\/www.fanprojekt-muenster.de\/wordpress\/letzte-moeglichkeit-fuer-vvvk-sonderzug-nach-muenchen\/"]}]},{"@type":"ImageObject","inLanguage":"de","@id":"https:\/\/www.fanprojekt-muenster.de\/wordpress\/letzte-moeglichkeit-fuer-vvvk-sonderzug-nach-muenchen\/#primaryimage","url":"","contentUrl":""},{"@type":"BreadcrumbList","@id":"https:\/\/www.fanprojekt-muenster.de\/wordpress\/letzte-moeglichkeit-fuer-vvvk-sonderzug-nach-muenchen\/#breadcrumb","itemListElement":[{"@type":"ListItem","position":1,"name":"Startseite","item":"https:\/\/www.fanprojekt-muenster.de\/wordpress\/"},{"@type":"ListItem","position":2,"name":"Letzte M\u00f6glichkeit f\u00fcr VVK"}]},{"@type":"WebSite","@id":"https:\/\/www.fanprojekt-muenster.de\/wordpress\/#website","url":"https:\/\/www.fanprojekt-muenster.de\/wordpress\/","name":"Fangemeinschaft Preu\u00dfen M\u00fcnster e. V.","description":"","publisher":{"@id":"https:\/\/www.fanprojekt-muenster.de\/wordpress\/#organization"},"potentialAction":[{"@type":"SearchAction","target":{"@type":"EntryPoint","urlTemplate":"https:\/\/www.fanprojekt-muenster.de\/wordpress\/?s={search_term_string}"},"query-input":{"@type":"PropertyValueSpecification","valueRequired":true,"valueName":"search_term_string"}}],"inLanguage":"de"},{"@type":"Organization","@id":"https:\/\/www.fanprojekt-muenster.de\/wordpress\/#organization","name":"Fangemeinschaft Preu\u00dfen M\u00fcnster e. V.","url":"https:\/\/www.fanprojekt-muenster.de\/wordpress\/","logo":{"@type":"ImageObject","inLanguage":"de","@id":"https:\/\/www.fanprojekt-muenster.de\/wordpress\/#\/schema\/logo\/image\/","url":"https:\/\/www.fanprojekt-muenster.de\/wordpress\/wp-content\/uploads\/2019\/07\/cropped-Website_Logo3-9.png","contentUrl":"https:\/\/www.fanprojekt-muenster.de\/wordpress\/wp-content\/uploads\/2019\/07\/cropped-Website_Logo3-9.png","width":224,"height":42,"caption":"Fangemeinschaft Preu\u00dfen M\u00fcnster e. V."},"image":{"@id":"https:\/\/www.fanprojekt-muenster.de\/wordpress\/#\/schema\/logo\/image\/"}},{"@type":"Person","@id":"https:\/\/www.fanprojekt-muenster.de\/wordpress\/#\/schema\/person\/744936f7caad5b07423673506682ba59","name":"CJO","url":"https:\/\/www.fanprojekt-muenster.de\/wordpress\/author\/jogy\/"}]}},"author_meta":{"display_name":"CJO","author_link":"https:\/\/www.fanprojekt-muenster.de\/wordpress\/author\/jogy\/"},"featured_img":null,"coauthors":[],"tax_additional":{"categories":{"linked":["<a href=\"https:\/\/www.fanprojekt-muenster.de\/wordpress\/category\/aktionen\/\" class=\"advgb-post-tax-term\">Aktionen<\/a>","<a href=\"https:\/\/www.fanprojekt-muenster.de\/wordpress\/category\/aktuelles\/\" class=\"advgb-post-tax-term\">Aktuelles<\/a>","<a href=\"https:\/\/www.fanprojekt-muenster.de\/wordpress\/category\/auswarts\/\" class=\"advgb-post-tax-term\">Ausw\u00e4rts<\/a>","<a href=\"https:\/\/www.fanprojekt-muenster.de\/wordpress\/category\/sonderzug-nach-muenchen\/\" class=\"advgb-post-tax-term\">Sonderzug nach M\u00fcnchen<\/a>"],"unlinked":["<span class=\"advgb-post-tax-term\">Aktionen<\/span>","<span class=\"advgb-post-tax-term\">Aktuelles<\/span>","<span class=\"advgb-post-tax-term\">Ausw\u00e4rts<\/span>","<span class=\"advgb-post-tax-term\">Sonderzug nach M\u00fcnchen<\/span>"]}},"comment_count":"0","relative_dates":{"created":"Posted 7\u00a0Jahren ago","modified":"Updated 7\u00a0Jahren ago"},"absolute_dates":{"created":"Posted on 28. Februar 2019","modified":"Updated on 28. Februar 2019"},"absolute_dates_time":{"created":"Posted on 28. Februar 2019 21:49","modified":"Updated on 28. Februar 2019 21:49"},"featured_img_caption":"","series_order":"","_links":{"self":[{"href":"https:\/\/www.fanprojekt-muenster.de\/wordpress\/wp-json\/wp\/v2\/posts\/5873","targetHints":{"allow":["GET"]}}],"collection":[{"href":"https:\/\/www.fanprojekt-muenster.de\/wordpress\/wp-json\/wp\/v2\/posts"}],"about":[{"href":"https:\/\/www.fanprojekt-muenster.de\/wordpress\/wp-json\/wp\/v2\/types\/post"}],"author":[{"embeddable":true,"href":"https:\/\/www.fanprojekt-muenster.de\/wordpress\/wp-json\/wp\/v2\/users\/7"}],"replies":[{"embeddable":true,"href":"https:\/\/www.fanprojekt-muenster.de\/wordpress\/wp-json\/wp\/v2\/comments?post=5873"}],"version-history":[{"count":0,"href":"https:\/\/www.fanprojekt-muenster.de\/wordpress\/wp-json\/wp\/v2\/posts\/5873\/revisions"}],"wp:featuredmedia":[{"embeddable":true,"href":"https:\/\/www.fanprojekt-muenster.de\/wordpress\/wp-json\/"}],"wp:attachment":[{"href":"https:\/\/www.fanprojekt-muenster.de\/wordpress\/wp-json\/wp\/v2\/media?parent=5873"}],"wp:term":[{"taxonomy":"category","embeddable":true,"href":"https:\/\/www.fanprojekt-muenster.de\/wordpress\/wp-json\/wp\/v2\/categories?post=5873"},{"taxonomy":"post_tag","embeddable":true,"href":"https:\/\/www.fanprojekt-muenster.de\/wordpress\/wp-json\/wp\/v2\/tags?post=5873"}],"curies":[{"name":"wp","href":"https:\/\/api.w.org\/{rel}","templated":true}]}}