{"id":5860,"date":"2019-03-04T19:06:39","date_gmt":"2019-03-04T17:06:39","guid":{"rendered":"http:\/\/www.fanprojekt-muenster.de\/wp\/?p=5860"},"modified":"2019-03-04T19:06:39","modified_gmt":"2019-03-04T17:06:39","slug":"geh-doch-mal-wieder-ins-kino","status":"publish","type":"post","link":"https:\/\/www.fanprojekt-muenster.de\/wordpress\/geh-doch-mal-wieder-ins-kino\/","title":{"rendered":"Geh doch mal wieder ins Kino"},"content":{"rendered":"<p>\n<strong>Es haben sich ausreichend Reisewillige f\u00fcr den Sonderzug nach M\u00fcnchen zum Spiel gegen 1860 angemeldet!!!<\/strong><br \/>\nAlso machen wir uns umgehend an die Detailplanung und bereiten die Abfahrt sowie weitere Infos, mit denen wir euch schnellstm\u00f6glich versorgen werden, entsprechend vor. Bis dahin hei\u00dft es &#8218;Daumen dr\u00fccken&#8216;, dass er DFB und die ZIS (vemutlich in Kalenderwoche 13) die Partie auch auf Samstag, den 13. April 2019 terminieren&#8230;\n<\/p>\n<p>\nF\u00fcr diese Wartezeit haben wir uns aber auch etwas einfallen lassen: nach &#8218;Istanbul United&#8216; , &#8218;Ayaktakimi und Pottoriginale&#8216; sowie den &#8217;11mm \u2013 shortkicks&#8216; wird es auch in diesem Fr\u00fchjahr wieder eine Kinoaktion des Fanprojektes Preu\u00dfen M\u00fcnster e.V. geben.<br \/>\nAn den drei Terminen<\/p>\n<ul>\n<li>Donnerstag, 28. M\u00e4rz 2019 um 18:30 Uhr,<\/li>\n<li>Donnerstag, 28. M\u00e4rz 2019 um 20:45 Uhr und<\/li>\n<li>Sonntag, 31. M\u00e4rz 2019 um 11:00 Uhr<\/li>\n<\/ul>\n<p> &nbsp;<br \/>\n<br \/>\nl\u00e4uft der Film \u201e<strong>Unser Team \u2013 Nossa Chape<\/strong>\u201c. Diese Dokumentation \u00fcber den brasilianischen Club Chapecoense beim Wideraufbau seiner Fu\u00dfballmannschaft, nachdem er diese bei einem Flugzeugabsturz am 28. November 2016 beinahe vollst\u00e4ndig verlor, er\u00f6ffnet Ende M\u00e4rz das bekannte 11mm-Festival und kommt anschlie\u00dfend in die Kinos &#8211; Dank des <a href=\"http:\/\/www.cinema-muenster.de\/\">Cinema<\/a> eben auch nach M\u00fcnster!<br \/>\nDer Kartenverkauf (in der Warendorfer Stra\u00dfe 45-47) hat bereits begonnen und Mitglieder des Fanprojektes Preu\u00dfen M\u00fcnster e.V. zahlen bei Vorlage ihres Mitgliedsausweises nur <strong>6,50\u20ac<\/strong>!\n<\/p>\n<p>Wenn das mal kein Grund ist, es sich mal wieder mit Popcorn und nem Kaltgetr\u00e4nk im Kinosessel gem\u00fctlich zu machen&#8230;<\/p>\n","protected":false},"excerpt":{"rendered":"<p>Es haben sich ausreichend Reisewillige f\u00fcr den Sonderzug nach M\u00fcnchen zum Spiel gegen 1860 angemeldet!!! Also machen wir uns umgehend an die Detailplanung und bereiten die Abfahrt sowie weitere Infos,&#8230; <a class=\"read-more-link\" href=\"https:\/\/www.fanprojekt-muenster.de\/wordpress\/geh-doch-mal-wieder-ins-kino\/\">Read more &raquo;<\/a><\/p>\n","protected":false},"author":7,"featured_media":5864,"comment_status":"closed","ping_status":"closed","sticky":false,"template":"","format":"standard","meta":{"advgb_blocks_editor_width":"","advgb_blocks_columns_visual_guide":"","footnotes":""},"categories":[3],"tags":[],"class_list":["post-5860","post","type-post","status-publish","format-standard","has-post-thumbnail","hentry","category-aktuelles"],"featured_image_src":null,"author_info":{"display_name":"CJO","author_link":"https:\/\/www.fanprojekt-muenster.de\/wordpress\/author\/jogy\/"},"yoast_head":"<!-- This site is optimized with the Yoast SEO plugin v27.2 - https:\/\/yoast.com\/product\/yoast-seo-wordpress\/ -->\n<title>Geh doch mal wieder ins Kino - Fangemeinschaft Preu\u00dfen M\u00fcnster e. V.<\/title>\n<meta name=\"robots\" content=\"index, follow, max-snippet:-1, max-image-preview:large, max-video-preview:-1\" \/>\n<link rel=\"canonical\" href=\"https:\/\/www.fanprojekt-muenster.de\/wordpress\/geh-doch-mal-wieder-ins-kino\/\" \/>\n<meta property=\"og:locale\" content=\"de_DE\" \/>\n<meta property=\"og:type\" content=\"article\" \/>\n<meta property=\"og:title\" content=\"Geh doch mal wieder ins Kino - Fangemeinschaft Preu\u00dfen M\u00fcnster e. V.\" \/>\n<meta property=\"og:description\" content=\"Es haben sich ausreichend Reisewillige f\u00fcr den Sonderzug nach M\u00fcnchen zum Spiel gegen 1860 angemeldet!!! Also machen wir uns umgehend an die Detailplanung und bereiten die Abfahrt sowie weitere Infos,... Read more &raquo;\" \/>\n<meta property=\"og:url\" content=\"https:\/\/www.fanprojekt-muenster.de\/wordpress\/geh-doch-mal-wieder-ins-kino\/\" \/>\n<meta property=\"og:site_name\" content=\"Fangemeinschaft Preu\u00dfen M\u00fcnster e. V.\" \/>\n<meta property=\"article:published_time\" content=\"2019-03-04T17:06:39+00:00\" \/>\n<meta name=\"author\" content=\"CJO\" \/>\n<meta name=\"twitter:card\" content=\"summary_large_image\" \/>\n<meta name=\"twitter:label1\" content=\"Verfasst von\" \/>\n\t<meta name=\"twitter:data1\" content=\"CJO\" \/>\n\t<meta name=\"twitter:label2\" content=\"Gesch\u00e4tzte Lesezeit\" \/>\n\t<meta name=\"twitter:data2\" content=\"1\u00a0Minute\" \/>\n<script type=\"application\/ld+json\" class=\"yoast-schema-graph\">{\"@context\":\"https:\/\/schema.org\",\"@graph\":[{\"@type\":\"Article\",\"@id\":\"https:\/\/www.fanprojekt-muenster.de\/wordpress\/geh-doch-mal-wieder-ins-kino\/#article\",\"isPartOf\":{\"@id\":\"https:\/\/www.fanprojekt-muenster.de\/wordpress\/geh-doch-mal-wieder-ins-kino\/\"},\"author\":{\"name\":\"CJO\",\"@id\":\"https:\/\/www.fanprojekt-muenster.de\/wordpress\/#\/schema\/person\/744936f7caad5b07423673506682ba59\"},\"headline\":\"Geh doch mal wieder ins Kino\",\"datePublished\":\"2019-03-04T17:06:39+00:00\",\"mainEntityOfPage\":{\"@id\":\"https:\/\/www.fanprojekt-muenster.de\/wordpress\/geh-doch-mal-wieder-ins-kino\/\"},\"wordCount\":239,\"publisher\":{\"@id\":\"https:\/\/www.fanprojekt-muenster.de\/wordpress\/#organization\"},\"image\":{\"@id\":\"https:\/\/www.fanprojekt-muenster.de\/wordpress\/geh-doch-mal-wieder-ins-kino\/#primaryimage\"},\"thumbnailUrl\":\"\",\"articleSection\":[\"Aktuelles\"],\"inLanguage\":\"de\"},{\"@type\":\"WebPage\",\"@id\":\"https:\/\/www.fanprojekt-muenster.de\/wordpress\/geh-doch-mal-wieder-ins-kino\/\",\"url\":\"https:\/\/www.fanprojekt-muenster.de\/wordpress\/geh-doch-mal-wieder-ins-kino\/\",\"name\":\"Geh doch mal wieder ins Kino - Fangemeinschaft Preu\u00dfen M\u00fcnster e. V.\",\"isPartOf\":{\"@id\":\"https:\/\/www.fanprojekt-muenster.de\/wordpress\/#website\"},\"primaryImageOfPage\":{\"@id\":\"https:\/\/www.fanprojekt-muenster.de\/wordpress\/geh-doch-mal-wieder-ins-kino\/#primaryimage\"},\"image\":{\"@id\":\"https:\/\/www.fanprojekt-muenster.de\/wordpress\/geh-doch-mal-wieder-ins-kino\/#primaryimage\"},\"thumbnailUrl\":\"\",\"datePublished\":\"2019-03-04T17:06:39+00:00\",\"breadcrumb\":{\"@id\":\"https:\/\/www.fanprojekt-muenster.de\/wordpress\/geh-doch-mal-wieder-ins-kino\/#breadcrumb\"},\"inLanguage\":\"de\",\"potentialAction\":[{\"@type\":\"ReadAction\",\"target\":[\"https:\/\/www.fanprojekt-muenster.de\/wordpress\/geh-doch-mal-wieder-ins-kino\/\"]}]},{\"@type\":\"ImageObject\",\"inLanguage\":\"de\",\"@id\":\"https:\/\/www.fanprojekt-muenster.de\/wordpress\/geh-doch-mal-wieder-ins-kino\/#primaryimage\",\"url\":\"\",\"contentUrl\":\"\"},{\"@type\":\"BreadcrumbList\",\"@id\":\"https:\/\/www.fanprojekt-muenster.de\/wordpress\/geh-doch-mal-wieder-ins-kino\/#breadcrumb\",\"itemListElement\":[{\"@type\":\"ListItem\",\"position\":1,\"name\":\"Startseite\",\"item\":\"https:\/\/www.fanprojekt-muenster.de\/wordpress\/\"},{\"@type\":\"ListItem\",\"position\":2,\"name\":\"Geh doch mal wieder ins Kino\"}]},{\"@type\":\"WebSite\",\"@id\":\"https:\/\/www.fanprojekt-muenster.de\/wordpress\/#website\",\"url\":\"https:\/\/www.fanprojekt-muenster.de\/wordpress\/\",\"name\":\"Fangemeinschaft Preu\u00dfen M\u00fcnster e. V.\",\"description\":\"\",\"publisher\":{\"@id\":\"https:\/\/www.fanprojekt-muenster.de\/wordpress\/#organization\"},\"potentialAction\":[{\"@type\":\"SearchAction\",\"target\":{\"@type\":\"EntryPoint\",\"urlTemplate\":\"https:\/\/www.fanprojekt-muenster.de\/wordpress\/?s={search_term_string}\"},\"query-input\":{\"@type\":\"PropertyValueSpecification\",\"valueRequired\":true,\"valueName\":\"search_term_string\"}}],\"inLanguage\":\"de\"},{\"@type\":\"Organization\",\"@id\":\"https:\/\/www.fanprojekt-muenster.de\/wordpress\/#organization\",\"name\":\"Fangemeinschaft Preu\u00dfen M\u00fcnster e. V.\",\"url\":\"https:\/\/www.fanprojekt-muenster.de\/wordpress\/\",\"logo\":{\"@type\":\"ImageObject\",\"inLanguage\":\"de\",\"@id\":\"https:\/\/www.fanprojekt-muenster.de\/wordpress\/#\/schema\/logo\/image\/\",\"url\":\"https:\/\/www.fanprojekt-muenster.de\/wordpress\/wp-content\/uploads\/2019\/07\/cropped-Website_Logo3-9.png\",\"contentUrl\":\"https:\/\/www.fanprojekt-muenster.de\/wordpress\/wp-content\/uploads\/2019\/07\/cropped-Website_Logo3-9.png\",\"width\":224,\"height\":42,\"caption\":\"Fangemeinschaft Preu\u00dfen M\u00fcnster e. V.\"},\"image\":{\"@id\":\"https:\/\/www.fanprojekt-muenster.de\/wordpress\/#\/schema\/logo\/image\/\"}},{\"@type\":\"Person\",\"@id\":\"https:\/\/www.fanprojekt-muenster.de\/wordpress\/#\/schema\/person\/744936f7caad5b07423673506682ba59\",\"name\":\"CJO\",\"url\":\"https:\/\/www.fanprojekt-muenster.de\/wordpress\/author\/jogy\/\"}]}<\/script>\n<!-- \/ Yoast SEO plugin. -->","yoast_head_json":{"title":"Geh doch mal wieder ins Kino - Fangemeinschaft Preu\u00dfen M\u00fcnster e. V.","robots":{"index":"index","follow":"follow","max-snippet":"max-snippet:-1","max-image-preview":"max-image-preview:large","max-video-preview":"max-video-preview:-1"},"canonical":"https:\/\/www.fanprojekt-muenster.de\/wordpress\/geh-doch-mal-wieder-ins-kino\/","og_locale":"de_DE","og_type":"article","og_title":"Geh doch mal wieder ins Kino - Fangemeinschaft Preu\u00dfen M\u00fcnster e. V.","og_description":"Es haben sich ausreichend Reisewillige f\u00fcr den Sonderzug nach M\u00fcnchen zum Spiel gegen 1860 angemeldet!!! Also machen wir uns umgehend an die Detailplanung und bereiten die Abfahrt sowie weitere Infos,... Read more &raquo;","og_url":"https:\/\/www.fanprojekt-muenster.de\/wordpress\/geh-doch-mal-wieder-ins-kino\/","og_site_name":"Fangemeinschaft Preu\u00dfen M\u00fcnster e. V.","article_published_time":"2019-03-04T17:06:39+00:00","author":"CJO","twitter_card":"summary_large_image","twitter_misc":{"Verfasst von":"CJO","Gesch\u00e4tzte Lesezeit":"1\u00a0Minute"},"schema":{"@context":"https:\/\/schema.org","@graph":[{"@type":"Article","@id":"https:\/\/www.fanprojekt-muenster.de\/wordpress\/geh-doch-mal-wieder-ins-kino\/#article","isPartOf":{"@id":"https:\/\/www.fanprojekt-muenster.de\/wordpress\/geh-doch-mal-wieder-ins-kino\/"},"author":{"name":"CJO","@id":"https:\/\/www.fanprojekt-muenster.de\/wordpress\/#\/schema\/person\/744936f7caad5b07423673506682ba59"},"headline":"Geh doch mal wieder ins Kino","datePublished":"2019-03-04T17:06:39+00:00","mainEntityOfPage":{"@id":"https:\/\/www.fanprojekt-muenster.de\/wordpress\/geh-doch-mal-wieder-ins-kino\/"},"wordCount":239,"publisher":{"@id":"https:\/\/www.fanprojekt-muenster.de\/wordpress\/#organization"},"image":{"@id":"https:\/\/www.fanprojekt-muenster.de\/wordpress\/geh-doch-mal-wieder-ins-kino\/#primaryimage"},"thumbnailUrl":"","articleSection":["Aktuelles"],"inLanguage":"de"},{"@type":"WebPage","@id":"https:\/\/www.fanprojekt-muenster.de\/wordpress\/geh-doch-mal-wieder-ins-kino\/","url":"https:\/\/www.fanprojekt-muenster.de\/wordpress\/geh-doch-mal-wieder-ins-kino\/","name":"Geh doch mal wieder ins Kino - Fangemeinschaft Preu\u00dfen M\u00fcnster e. V.","isPartOf":{"@id":"https:\/\/www.fanprojekt-muenster.de\/wordpress\/#website"},"primaryImageOfPage":{"@id":"https:\/\/www.fanprojekt-muenster.de\/wordpress\/geh-doch-mal-wieder-ins-kino\/#primaryimage"},"image":{"@id":"https:\/\/www.fanprojekt-muenster.de\/wordpress\/geh-doch-mal-wieder-ins-kino\/#primaryimage"},"thumbnailUrl":"","datePublished":"2019-03-04T17:06:39+00:00","breadcrumb":{"@id":"https:\/\/www.fanprojekt-muenster.de\/wordpress\/geh-doch-mal-wieder-ins-kino\/#breadcrumb"},"inLanguage":"de","potentialAction":[{"@type":"ReadAction","target":["https:\/\/www.fanprojekt-muenster.de\/wordpress\/geh-doch-mal-wieder-ins-kino\/"]}]},{"@type":"ImageObject","inLanguage":"de","@id":"https:\/\/www.fanprojekt-muenster.de\/wordpress\/geh-doch-mal-wieder-ins-kino\/#primaryimage","url":"","contentUrl":""},{"@type":"BreadcrumbList","@id":"https:\/\/www.fanprojekt-muenster.de\/wordpress\/geh-doch-mal-wieder-ins-kino\/#breadcrumb","itemListElement":[{"@type":"ListItem","position":1,"name":"Startseite","item":"https:\/\/www.fanprojekt-muenster.de\/wordpress\/"},{"@type":"ListItem","position":2,"name":"Geh doch mal wieder ins Kino"}]},{"@type":"WebSite","@id":"https:\/\/www.fanprojekt-muenster.de\/wordpress\/#website","url":"https:\/\/www.fanprojekt-muenster.de\/wordpress\/","name":"Fangemeinschaft Preu\u00dfen M\u00fcnster e. V.","description":"","publisher":{"@id":"https:\/\/www.fanprojekt-muenster.de\/wordpress\/#organization"},"potentialAction":[{"@type":"SearchAction","target":{"@type":"EntryPoint","urlTemplate":"https:\/\/www.fanprojekt-muenster.de\/wordpress\/?s={search_term_string}"},"query-input":{"@type":"PropertyValueSpecification","valueRequired":true,"valueName":"search_term_string"}}],"inLanguage":"de"},{"@type":"Organization","@id":"https:\/\/www.fanprojekt-muenster.de\/wordpress\/#organization","name":"Fangemeinschaft Preu\u00dfen M\u00fcnster e. V.","url":"https:\/\/www.fanprojekt-muenster.de\/wordpress\/","logo":{"@type":"ImageObject","inLanguage":"de","@id":"https:\/\/www.fanprojekt-muenster.de\/wordpress\/#\/schema\/logo\/image\/","url":"https:\/\/www.fanprojekt-muenster.de\/wordpress\/wp-content\/uploads\/2019\/07\/cropped-Website_Logo3-9.png","contentUrl":"https:\/\/www.fanprojekt-muenster.de\/wordpress\/wp-content\/uploads\/2019\/07\/cropped-Website_Logo3-9.png","width":224,"height":42,"caption":"Fangemeinschaft Preu\u00dfen M\u00fcnster e. V."},"image":{"@id":"https:\/\/www.fanprojekt-muenster.de\/wordpress\/#\/schema\/logo\/image\/"}},{"@type":"Person","@id":"https:\/\/www.fanprojekt-muenster.de\/wordpress\/#\/schema\/person\/744936f7caad5b07423673506682ba59","name":"CJO","url":"https:\/\/www.fanprojekt-muenster.de\/wordpress\/author\/jogy\/"}]}},"author_meta":{"display_name":"CJO","author_link":"https:\/\/www.fanprojekt-muenster.de\/wordpress\/author\/jogy\/"},"featured_img":null,"coauthors":[],"tax_additional":{"categories":{"linked":["<a href=\"https:\/\/www.fanprojekt-muenster.de\/wordpress\/category\/aktuelles\/\" class=\"advgb-post-tax-term\">Aktuelles<\/a>"],"unlinked":["<span class=\"advgb-post-tax-term\">Aktuelles<\/span>"]}},"comment_count":"0","relative_dates":{"created":"Posted 7\u00a0Jahren ago","modified":"Updated 7\u00a0Jahren ago"},"absolute_dates":{"created":"Posted on 4. M\u00e4rz 2019","modified":"Updated on 4. M\u00e4rz 2019"},"absolute_dates_time":{"created":"Posted on 4. M\u00e4rz 2019 19:06","modified":"Updated on 4. M\u00e4rz 2019 19:06"},"featured_img_caption":"","series_order":"","_links":{"self":[{"href":"https:\/\/www.fanprojekt-muenster.de\/wordpress\/wp-json\/wp\/v2\/posts\/5860","targetHints":{"allow":["GET"]}}],"collection":[{"href":"https:\/\/www.fanprojekt-muenster.de\/wordpress\/wp-json\/wp\/v2\/posts"}],"about":[{"href":"https:\/\/www.fanprojekt-muenster.de\/wordpress\/wp-json\/wp\/v2\/types\/post"}],"author":[{"embeddable":true,"href":"https:\/\/www.fanprojekt-muenster.de\/wordpress\/wp-json\/wp\/v2\/users\/7"}],"replies":[{"embeddable":true,"href":"https:\/\/www.fanprojekt-muenster.de\/wordpress\/wp-json\/wp\/v2\/comments?post=5860"}],"version-history":[{"count":0,"href":"https:\/\/www.fanprojekt-muenster.de\/wordpress\/wp-json\/wp\/v2\/posts\/5860\/revisions"}],"wp:featuredmedia":[{"embeddable":true,"href":"https:\/\/www.fanprojekt-muenster.de\/wordpress\/wp-json\/"}],"wp:attachment":[{"href":"https:\/\/www.fanprojekt-muenster.de\/wordpress\/wp-json\/wp\/v2\/media?parent=5860"}],"wp:term":[{"taxonomy":"category","embeddable":true,"href":"https:\/\/www.fanprojekt-muenster.de\/wordpress\/wp-json\/wp\/v2\/categories?post=5860"},{"taxonomy":"post_tag","embeddable":true,"href":"https:\/\/www.fanprojekt-muenster.de\/wordpress\/wp-json\/wp\/v2\/tags?post=5860"}],"curies":[{"name":"wp","href":"https:\/\/api.w.org\/{rel}","templated":true}]}}