{"id":5846,"date":"2019-02-16T10:19:39","date_gmt":"2019-02-16T08:19:39","guid":{"rendered":"http:\/\/www.fanprojekt-muenster.de\/wp\/?p=5846"},"modified":"2019-02-16T10:19:39","modified_gmt":"2019-02-16T08:19:39","slug":"jetzt-noch-schnell-karten-fuer-den-sonderzug-sichern","status":"publish","type":"post","link":"https:\/\/www.fanprojekt-muenster.de\/wordpress\/jetzt-noch-schnell-karten-fuer-den-sonderzug-sichern\/","title":{"rendered":"Jetzt noch schnell Karten f\u00fcr den Sonderzug sichern"},"content":{"rendered":"<p>Beim heutigen Derby k\u00f6nnen noch Karten f\u00fcr den Sonderzug zum Ausw\u00e4rtsspiel bei TSV 1860 M\u00fcnchen erworben werden.<br \/>\nDer Fancontainer ist daf\u00fcr ge\u00f6ffnet 12:30-13:45 &#038; 15:50-17:15 Uhr.<\/p>\n<p><a href=\"http:\/\/www.fanprojekt-muenster.de\/wp\/auswaertsspiele\/sonderzug-nach-muenchen\/\">Details zum Sonderzug.<\/a><\/p>\n<p>Die letzte M\u00f6glichkeit f\u00fcr die Anmeldung zum Sonderzug ist das Heimspiel gegen VfR Aalen, am 02.03.2019. Falls bis dahin nicht mindestens 400 Mitfahrer bezahlt haben, wird der Sonderzug abgesagt und die bisherigen K\u00e4ufe r\u00fcckabgewickelt (bezahlter Kaufpreis zur\u00fcck).<\/p>\n<p>Am Container k\u00f6nnt ihr heute auch weiterhin bei der Fanumfrage zum Stadionumbau und zu allgemeinen Fanthemen teilnehmen, oder einfach mit Freunden Kaltgetr\u00e4nke zu euch nehmen.<\/p>\n","protected":false},"excerpt":{"rendered":"<p>Beim heutigen Derby k\u00f6nnen noch Karten f\u00fcr den Sonderzug zum Ausw\u00e4rtsspiel bei TSV 1860 M\u00fcnchen erworben werden. Der Fancontainer ist daf\u00fcr ge\u00f6ffnet 12:30-13:45 &#038; 15:50-17:15 Uhr. Details zum Sonderzug. Die&#8230; <a class=\"read-more-link\" href=\"https:\/\/www.fanprojekt-muenster.de\/wordpress\/jetzt-noch-schnell-karten-fuer-den-sonderzug-sichern\/\">Read more &raquo;<\/a><\/p>\n","protected":false},"author":6,"featured_media":5804,"comment_status":"closed","ping_status":"closed","sticky":false,"template":"","format":"standard","meta":{"advgb_blocks_editor_width":"","advgb_blocks_columns_visual_guide":"","footnotes":""},"categories":[2,3,1,4,13,14],"tags":[],"class_list":["post-5846","post","type-post","status-publish","format-standard","has-post-thumbnail","hentry","category-aktionen","category-aktuelles","category-allgemein","category-auswarts","category-sonderzug-nach-muenchen","category-spieltage"],"featured_image_src":null,"author_info":{"display_name":"508","author_link":"https:\/\/www.fanprojekt-muenster.de\/wordpress\/author\/508\/"},"yoast_head":"<!-- This site is optimized with the Yoast SEO plugin v27.2 - https:\/\/yoast.com\/product\/yoast-seo-wordpress\/ -->\n<title>Jetzt noch schnell Karten f\u00fcr den Sonderzug sichern - Fangemeinschaft Preu\u00dfen M\u00fcnster e. V.<\/title>\n<meta name=\"robots\" content=\"index, follow, max-snippet:-1, max-image-preview:large, max-video-preview:-1\" \/>\n<link rel=\"canonical\" href=\"https:\/\/www.fanprojekt-muenster.de\/wordpress\/jetzt-noch-schnell-karten-fuer-den-sonderzug-sichern\/\" \/>\n<meta property=\"og:locale\" content=\"de_DE\" \/>\n<meta property=\"og:type\" content=\"article\" \/>\n<meta property=\"og:title\" content=\"Jetzt noch schnell Karten f\u00fcr den Sonderzug sichern - Fangemeinschaft Preu\u00dfen M\u00fcnster e. V.\" \/>\n<meta property=\"og:description\" content=\"Beim heutigen Derby k\u00f6nnen noch Karten f\u00fcr den Sonderzug zum Ausw\u00e4rtsspiel bei TSV 1860 M\u00fcnchen erworben werden. Der Fancontainer ist daf\u00fcr ge\u00f6ffnet 12:30-13:45 &#038; 15:50-17:15 Uhr. Details zum Sonderzug. Die... Read more &raquo;\" \/>\n<meta property=\"og:url\" content=\"https:\/\/www.fanprojekt-muenster.de\/wordpress\/jetzt-noch-schnell-karten-fuer-den-sonderzug-sichern\/\" \/>\n<meta property=\"og:site_name\" content=\"Fangemeinschaft Preu\u00dfen M\u00fcnster e. V.\" \/>\n<meta property=\"article:published_time\" content=\"2019-02-16T08:19:39+00:00\" \/>\n<meta name=\"author\" content=\"508\" \/>\n<meta name=\"twitter:card\" content=\"summary_large_image\" \/>\n<meta name=\"twitter:label1\" content=\"Verfasst von\" \/>\n\t<meta name=\"twitter:data1\" content=\"508\" \/>\n\t<meta name=\"twitter:label2\" content=\"Gesch\u00e4tzte Lesezeit\" \/>\n\t<meta name=\"twitter:data2\" content=\"1\u00a0Minute\" \/>\n<script type=\"application\/ld+json\" class=\"yoast-schema-graph\">{\"@context\":\"https:\/\/schema.org\",\"@graph\":[{\"@type\":\"Article\",\"@id\":\"https:\/\/www.fanprojekt-muenster.de\/wordpress\/jetzt-noch-schnell-karten-fuer-den-sonderzug-sichern\/#article\",\"isPartOf\":{\"@id\":\"https:\/\/www.fanprojekt-muenster.de\/wordpress\/jetzt-noch-schnell-karten-fuer-den-sonderzug-sichern\/\"},\"author\":{\"name\":\"508\",\"@id\":\"https:\/\/www.fanprojekt-muenster.de\/wordpress\/#\/schema\/person\/907994394342a6ba0f1be4c546ed7d09\"},\"headline\":\"Jetzt noch schnell Karten f\u00fcr den Sonderzug sichern\",\"datePublished\":\"2019-02-16T08:19:39+00:00\",\"mainEntityOfPage\":{\"@id\":\"https:\/\/www.fanprojekt-muenster.de\/wordpress\/jetzt-noch-schnell-karten-fuer-den-sonderzug-sichern\/\"},\"wordCount\":109,\"publisher\":{\"@id\":\"https:\/\/www.fanprojekt-muenster.de\/wordpress\/#organization\"},\"image\":{\"@id\":\"https:\/\/www.fanprojekt-muenster.de\/wordpress\/jetzt-noch-schnell-karten-fuer-den-sonderzug-sichern\/#primaryimage\"},\"thumbnailUrl\":\"\",\"articleSection\":{\"0\":\"Aktionen\",\"1\":\"Aktuelles\",\"3\":\"Ausw\u00e4rts\",\"4\":\"Sonderzug nach M\u00fcnchen\",\"5\":\"Spieltage\"},\"inLanguage\":\"de\"},{\"@type\":\"WebPage\",\"@id\":\"https:\/\/www.fanprojekt-muenster.de\/wordpress\/jetzt-noch-schnell-karten-fuer-den-sonderzug-sichern\/\",\"url\":\"https:\/\/www.fanprojekt-muenster.de\/wordpress\/jetzt-noch-schnell-karten-fuer-den-sonderzug-sichern\/\",\"name\":\"Jetzt noch schnell Karten f\u00fcr den Sonderzug sichern - Fangemeinschaft Preu\u00dfen M\u00fcnster e. V.\",\"isPartOf\":{\"@id\":\"https:\/\/www.fanprojekt-muenster.de\/wordpress\/#website\"},\"primaryImageOfPage\":{\"@id\":\"https:\/\/www.fanprojekt-muenster.de\/wordpress\/jetzt-noch-schnell-karten-fuer-den-sonderzug-sichern\/#primaryimage\"},\"image\":{\"@id\":\"https:\/\/www.fanprojekt-muenster.de\/wordpress\/jetzt-noch-schnell-karten-fuer-den-sonderzug-sichern\/#primaryimage\"},\"thumbnailUrl\":\"\",\"datePublished\":\"2019-02-16T08:19:39+00:00\",\"breadcrumb\":{\"@id\":\"https:\/\/www.fanprojekt-muenster.de\/wordpress\/jetzt-noch-schnell-karten-fuer-den-sonderzug-sichern\/#breadcrumb\"},\"inLanguage\":\"de\",\"potentialAction\":[{\"@type\":\"ReadAction\",\"target\":[\"https:\/\/www.fanprojekt-muenster.de\/wordpress\/jetzt-noch-schnell-karten-fuer-den-sonderzug-sichern\/\"]}]},{\"@type\":\"ImageObject\",\"inLanguage\":\"de\",\"@id\":\"https:\/\/www.fanprojekt-muenster.de\/wordpress\/jetzt-noch-schnell-karten-fuer-den-sonderzug-sichern\/#primaryimage\",\"url\":\"\",\"contentUrl\":\"\"},{\"@type\":\"BreadcrumbList\",\"@id\":\"https:\/\/www.fanprojekt-muenster.de\/wordpress\/jetzt-noch-schnell-karten-fuer-den-sonderzug-sichern\/#breadcrumb\",\"itemListElement\":[{\"@type\":\"ListItem\",\"position\":1,\"name\":\"Startseite\",\"item\":\"https:\/\/www.fanprojekt-muenster.de\/wordpress\/\"},{\"@type\":\"ListItem\",\"position\":2,\"name\":\"Jetzt noch schnell Karten f\u00fcr den Sonderzug sichern\"}]},{\"@type\":\"WebSite\",\"@id\":\"https:\/\/www.fanprojekt-muenster.de\/wordpress\/#website\",\"url\":\"https:\/\/www.fanprojekt-muenster.de\/wordpress\/\",\"name\":\"Fangemeinschaft Preu\u00dfen M\u00fcnster e. V.\",\"description\":\"\",\"publisher\":{\"@id\":\"https:\/\/www.fanprojekt-muenster.de\/wordpress\/#organization\"},\"potentialAction\":[{\"@type\":\"SearchAction\",\"target\":{\"@type\":\"EntryPoint\",\"urlTemplate\":\"https:\/\/www.fanprojekt-muenster.de\/wordpress\/?s={search_term_string}\"},\"query-input\":{\"@type\":\"PropertyValueSpecification\",\"valueRequired\":true,\"valueName\":\"search_term_string\"}}],\"inLanguage\":\"de\"},{\"@type\":\"Organization\",\"@id\":\"https:\/\/www.fanprojekt-muenster.de\/wordpress\/#organization\",\"name\":\"Fangemeinschaft Preu\u00dfen M\u00fcnster e. V.\",\"url\":\"https:\/\/www.fanprojekt-muenster.de\/wordpress\/\",\"logo\":{\"@type\":\"ImageObject\",\"inLanguage\":\"de\",\"@id\":\"https:\/\/www.fanprojekt-muenster.de\/wordpress\/#\/schema\/logo\/image\/\",\"url\":\"https:\/\/www.fanprojekt-muenster.de\/wordpress\/wp-content\/uploads\/2019\/07\/cropped-Website_Logo3-9.png\",\"contentUrl\":\"https:\/\/www.fanprojekt-muenster.de\/wordpress\/wp-content\/uploads\/2019\/07\/cropped-Website_Logo3-9.png\",\"width\":224,\"height\":42,\"caption\":\"Fangemeinschaft Preu\u00dfen M\u00fcnster e. V.\"},\"image\":{\"@id\":\"https:\/\/www.fanprojekt-muenster.de\/wordpress\/#\/schema\/logo\/image\/\"}},{\"@type\":\"Person\",\"@id\":\"https:\/\/www.fanprojekt-muenster.de\/wordpress\/#\/schema\/person\/907994394342a6ba0f1be4c546ed7d09\",\"name\":\"508\",\"url\":\"https:\/\/www.fanprojekt-muenster.de\/wordpress\/author\/508\/\"}]}<\/script>\n<!-- \/ Yoast SEO plugin. -->","yoast_head_json":{"title":"Jetzt noch schnell Karten f\u00fcr den Sonderzug sichern - Fangemeinschaft Preu\u00dfen M\u00fcnster e. V.","robots":{"index":"index","follow":"follow","max-snippet":"max-snippet:-1","max-image-preview":"max-image-preview:large","max-video-preview":"max-video-preview:-1"},"canonical":"https:\/\/www.fanprojekt-muenster.de\/wordpress\/jetzt-noch-schnell-karten-fuer-den-sonderzug-sichern\/","og_locale":"de_DE","og_type":"article","og_title":"Jetzt noch schnell Karten f\u00fcr den Sonderzug sichern - Fangemeinschaft Preu\u00dfen M\u00fcnster e. V.","og_description":"Beim heutigen Derby k\u00f6nnen noch Karten f\u00fcr den Sonderzug zum Ausw\u00e4rtsspiel bei TSV 1860 M\u00fcnchen erworben werden. Der Fancontainer ist daf\u00fcr ge\u00f6ffnet 12:30-13:45 &#038; 15:50-17:15 Uhr. Details zum Sonderzug. Die... Read more &raquo;","og_url":"https:\/\/www.fanprojekt-muenster.de\/wordpress\/jetzt-noch-schnell-karten-fuer-den-sonderzug-sichern\/","og_site_name":"Fangemeinschaft Preu\u00dfen M\u00fcnster e. V.","article_published_time":"2019-02-16T08:19:39+00:00","author":"508","twitter_card":"summary_large_image","twitter_misc":{"Verfasst von":"508","Gesch\u00e4tzte Lesezeit":"1\u00a0Minute"},"schema":{"@context":"https:\/\/schema.org","@graph":[{"@type":"Article","@id":"https:\/\/www.fanprojekt-muenster.de\/wordpress\/jetzt-noch-schnell-karten-fuer-den-sonderzug-sichern\/#article","isPartOf":{"@id":"https:\/\/www.fanprojekt-muenster.de\/wordpress\/jetzt-noch-schnell-karten-fuer-den-sonderzug-sichern\/"},"author":{"name":"508","@id":"https:\/\/www.fanprojekt-muenster.de\/wordpress\/#\/schema\/person\/907994394342a6ba0f1be4c546ed7d09"},"headline":"Jetzt noch schnell Karten f\u00fcr den Sonderzug sichern","datePublished":"2019-02-16T08:19:39+00:00","mainEntityOfPage":{"@id":"https:\/\/www.fanprojekt-muenster.de\/wordpress\/jetzt-noch-schnell-karten-fuer-den-sonderzug-sichern\/"},"wordCount":109,"publisher":{"@id":"https:\/\/www.fanprojekt-muenster.de\/wordpress\/#organization"},"image":{"@id":"https:\/\/www.fanprojekt-muenster.de\/wordpress\/jetzt-noch-schnell-karten-fuer-den-sonderzug-sichern\/#primaryimage"},"thumbnailUrl":"","articleSection":{"0":"Aktionen","1":"Aktuelles","3":"Ausw\u00e4rts","4":"Sonderzug nach M\u00fcnchen","5":"Spieltage"},"inLanguage":"de"},{"@type":"WebPage","@id":"https:\/\/www.fanprojekt-muenster.de\/wordpress\/jetzt-noch-schnell-karten-fuer-den-sonderzug-sichern\/","url":"https:\/\/www.fanprojekt-muenster.de\/wordpress\/jetzt-noch-schnell-karten-fuer-den-sonderzug-sichern\/","name":"Jetzt noch schnell Karten f\u00fcr den Sonderzug sichern - Fangemeinschaft Preu\u00dfen M\u00fcnster e. V.","isPartOf":{"@id":"https:\/\/www.fanprojekt-muenster.de\/wordpress\/#website"},"primaryImageOfPage":{"@id":"https:\/\/www.fanprojekt-muenster.de\/wordpress\/jetzt-noch-schnell-karten-fuer-den-sonderzug-sichern\/#primaryimage"},"image":{"@id":"https:\/\/www.fanprojekt-muenster.de\/wordpress\/jetzt-noch-schnell-karten-fuer-den-sonderzug-sichern\/#primaryimage"},"thumbnailUrl":"","datePublished":"2019-02-16T08:19:39+00:00","breadcrumb":{"@id":"https:\/\/www.fanprojekt-muenster.de\/wordpress\/jetzt-noch-schnell-karten-fuer-den-sonderzug-sichern\/#breadcrumb"},"inLanguage":"de","potentialAction":[{"@type":"ReadAction","target":["https:\/\/www.fanprojekt-muenster.de\/wordpress\/jetzt-noch-schnell-karten-fuer-den-sonderzug-sichern\/"]}]},{"@type":"ImageObject","inLanguage":"de","@id":"https:\/\/www.fanprojekt-muenster.de\/wordpress\/jetzt-noch-schnell-karten-fuer-den-sonderzug-sichern\/#primaryimage","url":"","contentUrl":""},{"@type":"BreadcrumbList","@id":"https:\/\/www.fanprojekt-muenster.de\/wordpress\/jetzt-noch-schnell-karten-fuer-den-sonderzug-sichern\/#breadcrumb","itemListElement":[{"@type":"ListItem","position":1,"name":"Startseite","item":"https:\/\/www.fanprojekt-muenster.de\/wordpress\/"},{"@type":"ListItem","position":2,"name":"Jetzt noch schnell Karten f\u00fcr den Sonderzug sichern"}]},{"@type":"WebSite","@id":"https:\/\/www.fanprojekt-muenster.de\/wordpress\/#website","url":"https:\/\/www.fanprojekt-muenster.de\/wordpress\/","name":"Fangemeinschaft Preu\u00dfen M\u00fcnster e. V.","description":"","publisher":{"@id":"https:\/\/www.fanprojekt-muenster.de\/wordpress\/#organization"},"potentialAction":[{"@type":"SearchAction","target":{"@type":"EntryPoint","urlTemplate":"https:\/\/www.fanprojekt-muenster.de\/wordpress\/?s={search_term_string}"},"query-input":{"@type":"PropertyValueSpecification","valueRequired":true,"valueName":"search_term_string"}}],"inLanguage":"de"},{"@type":"Organization","@id":"https:\/\/www.fanprojekt-muenster.de\/wordpress\/#organization","name":"Fangemeinschaft Preu\u00dfen M\u00fcnster e. V.","url":"https:\/\/www.fanprojekt-muenster.de\/wordpress\/","logo":{"@type":"ImageObject","inLanguage":"de","@id":"https:\/\/www.fanprojekt-muenster.de\/wordpress\/#\/schema\/logo\/image\/","url":"https:\/\/www.fanprojekt-muenster.de\/wordpress\/wp-content\/uploads\/2019\/07\/cropped-Website_Logo3-9.png","contentUrl":"https:\/\/www.fanprojekt-muenster.de\/wordpress\/wp-content\/uploads\/2019\/07\/cropped-Website_Logo3-9.png","width":224,"height":42,"caption":"Fangemeinschaft Preu\u00dfen M\u00fcnster e. V."},"image":{"@id":"https:\/\/www.fanprojekt-muenster.de\/wordpress\/#\/schema\/logo\/image\/"}},{"@type":"Person","@id":"https:\/\/www.fanprojekt-muenster.de\/wordpress\/#\/schema\/person\/907994394342a6ba0f1be4c546ed7d09","name":"508","url":"https:\/\/www.fanprojekt-muenster.de\/wordpress\/author\/508\/"}]}},"author_meta":{"display_name":"508","author_link":"https:\/\/www.fanprojekt-muenster.de\/wordpress\/author\/508\/"},"featured_img":null,"coauthors":[],"tax_additional":{"categories":{"linked":["<a href=\"https:\/\/www.fanprojekt-muenster.de\/wordpress\/category\/aktionen\/\" class=\"advgb-post-tax-term\">Aktionen<\/a>","<a href=\"https:\/\/www.fanprojekt-muenster.de\/wordpress\/category\/aktuelles\/\" class=\"advgb-post-tax-term\">Aktuelles<\/a>","<a href=\"https:\/\/www.fanprojekt-muenster.de\/wordpress\/category\/allgemein\/\" class=\"advgb-post-tax-term\">Allgemein<\/a>","<a href=\"https:\/\/www.fanprojekt-muenster.de\/wordpress\/category\/auswarts\/\" class=\"advgb-post-tax-term\">Ausw\u00e4rts<\/a>","<a href=\"https:\/\/www.fanprojekt-muenster.de\/wordpress\/category\/sonderzug-nach-muenchen\/\" class=\"advgb-post-tax-term\">Sonderzug nach M\u00fcnchen<\/a>","<a href=\"https:\/\/www.fanprojekt-muenster.de\/wordpress\/category\/spieltage\/\" class=\"advgb-post-tax-term\">Spieltage<\/a>"],"unlinked":["<span class=\"advgb-post-tax-term\">Aktionen<\/span>","<span class=\"advgb-post-tax-term\">Aktuelles<\/span>","<span class=\"advgb-post-tax-term\">Allgemein<\/span>","<span class=\"advgb-post-tax-term\">Ausw\u00e4rts<\/span>","<span class=\"advgb-post-tax-term\">Sonderzug nach M\u00fcnchen<\/span>","<span class=\"advgb-post-tax-term\">Spieltage<\/span>"]}},"comment_count":"0","relative_dates":{"created":"Posted 7\u00a0Jahren ago","modified":"Updated 7\u00a0Jahren ago"},"absolute_dates":{"created":"Posted on 16. Februar 2019","modified":"Updated on 16. Februar 2019"},"absolute_dates_time":{"created":"Posted on 16. Februar 2019 10:19","modified":"Updated on 16. Februar 2019 10:19"},"featured_img_caption":"","series_order":"","_links":{"self":[{"href":"https:\/\/www.fanprojekt-muenster.de\/wordpress\/wp-json\/wp\/v2\/posts\/5846","targetHints":{"allow":["GET"]}}],"collection":[{"href":"https:\/\/www.fanprojekt-muenster.de\/wordpress\/wp-json\/wp\/v2\/posts"}],"about":[{"href":"https:\/\/www.fanprojekt-muenster.de\/wordpress\/wp-json\/wp\/v2\/types\/post"}],"author":[{"embeddable":true,"href":"https:\/\/www.fanprojekt-muenster.de\/wordpress\/wp-json\/wp\/v2\/users\/6"}],"replies":[{"embeddable":true,"href":"https:\/\/www.fanprojekt-muenster.de\/wordpress\/wp-json\/wp\/v2\/comments?post=5846"}],"version-history":[{"count":0,"href":"https:\/\/www.fanprojekt-muenster.de\/wordpress\/wp-json\/wp\/v2\/posts\/5846\/revisions"}],"wp:featuredmedia":[{"embeddable":true,"href":"https:\/\/www.fanprojekt-muenster.de\/wordpress\/wp-json\/"}],"wp:attachment":[{"href":"https:\/\/www.fanprojekt-muenster.de\/wordpress\/wp-json\/wp\/v2\/media?parent=5846"}],"wp:term":[{"taxonomy":"category","embeddable":true,"href":"https:\/\/www.fanprojekt-muenster.de\/wordpress\/wp-json\/wp\/v2\/categories?post=5846"},{"taxonomy":"post_tag","embeddable":true,"href":"https:\/\/www.fanprojekt-muenster.de\/wordpress\/wp-json\/wp\/v2\/tags?post=5846"}],"curies":[{"name":"wp","href":"https:\/\/api.w.org\/{rel}","templated":true}]}}