{"id":5822,"date":"2019-02-08T20:33:53","date_gmt":"2019-02-08T18:33:53","guid":{"rendered":"http:\/\/www.fanprojekt-muenster.de\/wp\/?p=5822"},"modified":"2019-02-08T20:33:53","modified_gmt":"2019-02-08T18:33:53","slug":"dfb-priorisiert-terminierung-fuer-den-sonderzug-nach-muenchen","status":"publish","type":"post","link":"https:\/\/www.fanprojekt-muenster.de\/wordpress\/dfb-priorisiert-terminierung-fuer-den-sonderzug-nach-muenchen\/","title":{"rendered":"DFB priorisiert Terminierung f\u00fcr den Sonderzug nach M\u00fcnchen"},"content":{"rendered":"<p>Am Rande des Heimsieges gegen 1. FC Kaiserslautern hatten wir die Gelegenheit mit DFB-Vertretern zu sprechen. Es wurde uns versichert, dass unser Terminwunsch 13.04.2019 (Samstag) f\u00fcr den Sonderzug zum Ausw\u00e4rtsspiel beim TSV 1860 M\u00fcnchen mit h\u00f6chster Priorit\u00e4t behandelt wird. Hierf\u00fcr bleibt SCP-Vorstand Burkhard Br\u00fcx in Kontakt mit dem DFB.<\/p>\n<p>Sprich, wenn die ZIS (Polizei) keine Einw\u00e4nde meldet, wird unser Spiel am Samstag 13.04.2019 stattfinden und der Sonderzug fahren k\u00f6nnen. Letztendliche Gewissheit werden wir aber erst zwei Wochen vor dem Spiel bekommen, wenn der DFB die Spieltagsansetzungen ver\u00f6ffentlichen wird (eine Woche nachdem der DFL die 1. und 2. Bundesliga terminiert hat).<\/p>\n<p>Damit der Sonderzug aber tats\u00e4chlich fahren kann, m\u00fcssen sich bis zum 03.03.2019 gen\u00fcgend Mitfahrer (>400) verbindlich anmelden und den Fahrpreis bezahlen. Andernfalls m\u00fcssten wir den Zug aufgrund geringem Interesse absagen. Aktuell fehlen noch \u00fcber 100 Anmeldungen.<\/p>\n<p>Bei den Heimspielen gegen Osnabr\u00fcck (16.02.) und Aalen (02.03.) k\u00f6nnen die Karten am Fancontainer erworben werden, oder <a href=\"http:\/\/www.fanprojekt-muenster.de\/wp\/auswaertsspiele\/sonderzug-nach-muenchen\/\">online bis zum 03.03.2019<\/a>.<\/p>\n","protected":false},"excerpt":{"rendered":"<p>Am Rande des Heimsieges gegen 1. FC Kaiserslautern hatten wir die Gelegenheit mit DFB-Vertretern zu sprechen. Es wurde uns versichert, dass unser Terminwunsch 13.04.2019 (Samstag) f\u00fcr den Sonderzug zum Ausw\u00e4rtsspiel&#8230; <a class=\"read-more-link\" href=\"https:\/\/www.fanprojekt-muenster.de\/wordpress\/dfb-priorisiert-terminierung-fuer-den-sonderzug-nach-muenchen\/\">Read more &raquo;<\/a><\/p>\n","protected":false},"author":6,"featured_media":4295,"comment_status":"closed","ping_status":"closed","sticky":false,"template":"","format":"standard","meta":{"advgb_blocks_editor_width":"","advgb_blocks_columns_visual_guide":"","footnotes":""},"categories":[3],"tags":[],"class_list":["post-5822","post","type-post","status-publish","format-standard","has-post-thumbnail","hentry","category-aktuelles"],"featured_image_src":null,"author_info":{"display_name":"508","author_link":"https:\/\/www.fanprojekt-muenster.de\/wordpress\/author\/508\/"},"yoast_head":"<!-- This site is optimized with the Yoast SEO plugin v27.2 - https:\/\/yoast.com\/product\/yoast-seo-wordpress\/ -->\n<title>DFB priorisiert Terminierung f\u00fcr den Sonderzug nach M\u00fcnchen - Fangemeinschaft Preu\u00dfen M\u00fcnster e. V.<\/title>\n<meta name=\"robots\" content=\"index, follow, max-snippet:-1, max-image-preview:large, max-video-preview:-1\" \/>\n<link rel=\"canonical\" href=\"https:\/\/www.fanprojekt-muenster.de\/wordpress\/dfb-priorisiert-terminierung-fuer-den-sonderzug-nach-muenchen\/\" \/>\n<meta property=\"og:locale\" content=\"de_DE\" \/>\n<meta property=\"og:type\" content=\"article\" \/>\n<meta property=\"og:title\" content=\"DFB priorisiert Terminierung f\u00fcr den Sonderzug nach M\u00fcnchen - Fangemeinschaft Preu\u00dfen M\u00fcnster e. V.\" \/>\n<meta property=\"og:description\" content=\"Am Rande des Heimsieges gegen 1. FC Kaiserslautern hatten wir die Gelegenheit mit DFB-Vertretern zu sprechen. Es wurde uns versichert, dass unser Terminwunsch 13.04.2019 (Samstag) f\u00fcr den Sonderzug zum Ausw\u00e4rtsspiel... Read more &raquo;\" \/>\n<meta property=\"og:url\" content=\"https:\/\/www.fanprojekt-muenster.de\/wordpress\/dfb-priorisiert-terminierung-fuer-den-sonderzug-nach-muenchen\/\" \/>\n<meta property=\"og:site_name\" content=\"Fangemeinschaft Preu\u00dfen M\u00fcnster e. V.\" \/>\n<meta property=\"article:published_time\" content=\"2019-02-08T18:33:53+00:00\" \/>\n<meta name=\"author\" content=\"508\" \/>\n<meta name=\"twitter:card\" content=\"summary_large_image\" \/>\n<meta name=\"twitter:label1\" content=\"Verfasst von\" \/>\n\t<meta name=\"twitter:data1\" content=\"508\" \/>\n\t<meta name=\"twitter:label2\" content=\"Gesch\u00e4tzte Lesezeit\" \/>\n\t<meta name=\"twitter:data2\" content=\"1\u00a0Minute\" \/>\n<script type=\"application\/ld+json\" class=\"yoast-schema-graph\">{\"@context\":\"https:\/\/schema.org\",\"@graph\":[{\"@type\":\"Article\",\"@id\":\"https:\/\/www.fanprojekt-muenster.de\/wordpress\/dfb-priorisiert-terminierung-fuer-den-sonderzug-nach-muenchen\/#article\",\"isPartOf\":{\"@id\":\"https:\/\/www.fanprojekt-muenster.de\/wordpress\/dfb-priorisiert-terminierung-fuer-den-sonderzug-nach-muenchen\/\"},\"author\":{\"name\":\"508\",\"@id\":\"https:\/\/www.fanprojekt-muenster.de\/wordpress\/#\/schema\/person\/907994394342a6ba0f1be4c546ed7d09\"},\"headline\":\"DFB priorisiert Terminierung f\u00fcr den Sonderzug nach M\u00fcnchen\",\"datePublished\":\"2019-02-08T18:33:53+00:00\",\"mainEntityOfPage\":{\"@id\":\"https:\/\/www.fanprojekt-muenster.de\/wordpress\/dfb-priorisiert-terminierung-fuer-den-sonderzug-nach-muenchen\/\"},\"wordCount\":171,\"publisher\":{\"@id\":\"https:\/\/www.fanprojekt-muenster.de\/wordpress\/#organization\"},\"image\":{\"@id\":\"https:\/\/www.fanprojekt-muenster.de\/wordpress\/dfb-priorisiert-terminierung-fuer-den-sonderzug-nach-muenchen\/#primaryimage\"},\"thumbnailUrl\":\"\",\"articleSection\":[\"Aktuelles\"],\"inLanguage\":\"de\"},{\"@type\":\"WebPage\",\"@id\":\"https:\/\/www.fanprojekt-muenster.de\/wordpress\/dfb-priorisiert-terminierung-fuer-den-sonderzug-nach-muenchen\/\",\"url\":\"https:\/\/www.fanprojekt-muenster.de\/wordpress\/dfb-priorisiert-terminierung-fuer-den-sonderzug-nach-muenchen\/\",\"name\":\"DFB priorisiert Terminierung f\u00fcr den Sonderzug nach M\u00fcnchen - Fangemeinschaft Preu\u00dfen M\u00fcnster e. V.\",\"isPartOf\":{\"@id\":\"https:\/\/www.fanprojekt-muenster.de\/wordpress\/#website\"},\"primaryImageOfPage\":{\"@id\":\"https:\/\/www.fanprojekt-muenster.de\/wordpress\/dfb-priorisiert-terminierung-fuer-den-sonderzug-nach-muenchen\/#primaryimage\"},\"image\":{\"@id\":\"https:\/\/www.fanprojekt-muenster.de\/wordpress\/dfb-priorisiert-terminierung-fuer-den-sonderzug-nach-muenchen\/#primaryimage\"},\"thumbnailUrl\":\"\",\"datePublished\":\"2019-02-08T18:33:53+00:00\",\"breadcrumb\":{\"@id\":\"https:\/\/www.fanprojekt-muenster.de\/wordpress\/dfb-priorisiert-terminierung-fuer-den-sonderzug-nach-muenchen\/#breadcrumb\"},\"inLanguage\":\"de\",\"potentialAction\":[{\"@type\":\"ReadAction\",\"target\":[\"https:\/\/www.fanprojekt-muenster.de\/wordpress\/dfb-priorisiert-terminierung-fuer-den-sonderzug-nach-muenchen\/\"]}]},{\"@type\":\"ImageObject\",\"inLanguage\":\"de\",\"@id\":\"https:\/\/www.fanprojekt-muenster.de\/wordpress\/dfb-priorisiert-terminierung-fuer-den-sonderzug-nach-muenchen\/#primaryimage\",\"url\":\"\",\"contentUrl\":\"\"},{\"@type\":\"BreadcrumbList\",\"@id\":\"https:\/\/www.fanprojekt-muenster.de\/wordpress\/dfb-priorisiert-terminierung-fuer-den-sonderzug-nach-muenchen\/#breadcrumb\",\"itemListElement\":[{\"@type\":\"ListItem\",\"position\":1,\"name\":\"Startseite\",\"item\":\"https:\/\/www.fanprojekt-muenster.de\/wordpress\/\"},{\"@type\":\"ListItem\",\"position\":2,\"name\":\"DFB priorisiert Terminierung f\u00fcr den Sonderzug nach M\u00fcnchen\"}]},{\"@type\":\"WebSite\",\"@id\":\"https:\/\/www.fanprojekt-muenster.de\/wordpress\/#website\",\"url\":\"https:\/\/www.fanprojekt-muenster.de\/wordpress\/\",\"name\":\"Fangemeinschaft Preu\u00dfen M\u00fcnster e. V.\",\"description\":\"\",\"publisher\":{\"@id\":\"https:\/\/www.fanprojekt-muenster.de\/wordpress\/#organization\"},\"potentialAction\":[{\"@type\":\"SearchAction\",\"target\":{\"@type\":\"EntryPoint\",\"urlTemplate\":\"https:\/\/www.fanprojekt-muenster.de\/wordpress\/?s={search_term_string}\"},\"query-input\":{\"@type\":\"PropertyValueSpecification\",\"valueRequired\":true,\"valueName\":\"search_term_string\"}}],\"inLanguage\":\"de\"},{\"@type\":\"Organization\",\"@id\":\"https:\/\/www.fanprojekt-muenster.de\/wordpress\/#organization\",\"name\":\"Fangemeinschaft Preu\u00dfen M\u00fcnster e. V.\",\"url\":\"https:\/\/www.fanprojekt-muenster.de\/wordpress\/\",\"logo\":{\"@type\":\"ImageObject\",\"inLanguage\":\"de\",\"@id\":\"https:\/\/www.fanprojekt-muenster.de\/wordpress\/#\/schema\/logo\/image\/\",\"url\":\"https:\/\/www.fanprojekt-muenster.de\/wordpress\/wp-content\/uploads\/2019\/07\/cropped-Website_Logo3-9.png\",\"contentUrl\":\"https:\/\/www.fanprojekt-muenster.de\/wordpress\/wp-content\/uploads\/2019\/07\/cropped-Website_Logo3-9.png\",\"width\":224,\"height\":42,\"caption\":\"Fangemeinschaft Preu\u00dfen M\u00fcnster e. V.\"},\"image\":{\"@id\":\"https:\/\/www.fanprojekt-muenster.de\/wordpress\/#\/schema\/logo\/image\/\"}},{\"@type\":\"Person\",\"@id\":\"https:\/\/www.fanprojekt-muenster.de\/wordpress\/#\/schema\/person\/907994394342a6ba0f1be4c546ed7d09\",\"name\":\"508\",\"url\":\"https:\/\/www.fanprojekt-muenster.de\/wordpress\/author\/508\/\"}]}<\/script>\n<!-- \/ Yoast SEO plugin. -->","yoast_head_json":{"title":"DFB priorisiert Terminierung f\u00fcr den Sonderzug nach M\u00fcnchen - Fangemeinschaft Preu\u00dfen M\u00fcnster e. V.","robots":{"index":"index","follow":"follow","max-snippet":"max-snippet:-1","max-image-preview":"max-image-preview:large","max-video-preview":"max-video-preview:-1"},"canonical":"https:\/\/www.fanprojekt-muenster.de\/wordpress\/dfb-priorisiert-terminierung-fuer-den-sonderzug-nach-muenchen\/","og_locale":"de_DE","og_type":"article","og_title":"DFB priorisiert Terminierung f\u00fcr den Sonderzug nach M\u00fcnchen - Fangemeinschaft Preu\u00dfen M\u00fcnster e. V.","og_description":"Am Rande des Heimsieges gegen 1. FC Kaiserslautern hatten wir die Gelegenheit mit DFB-Vertretern zu sprechen. Es wurde uns versichert, dass unser Terminwunsch 13.04.2019 (Samstag) f\u00fcr den Sonderzug zum Ausw\u00e4rtsspiel... Read more &raquo;","og_url":"https:\/\/www.fanprojekt-muenster.de\/wordpress\/dfb-priorisiert-terminierung-fuer-den-sonderzug-nach-muenchen\/","og_site_name":"Fangemeinschaft Preu\u00dfen M\u00fcnster e. V.","article_published_time":"2019-02-08T18:33:53+00:00","author":"508","twitter_card":"summary_large_image","twitter_misc":{"Verfasst von":"508","Gesch\u00e4tzte Lesezeit":"1\u00a0Minute"},"schema":{"@context":"https:\/\/schema.org","@graph":[{"@type":"Article","@id":"https:\/\/www.fanprojekt-muenster.de\/wordpress\/dfb-priorisiert-terminierung-fuer-den-sonderzug-nach-muenchen\/#article","isPartOf":{"@id":"https:\/\/www.fanprojekt-muenster.de\/wordpress\/dfb-priorisiert-terminierung-fuer-den-sonderzug-nach-muenchen\/"},"author":{"name":"508","@id":"https:\/\/www.fanprojekt-muenster.de\/wordpress\/#\/schema\/person\/907994394342a6ba0f1be4c546ed7d09"},"headline":"DFB priorisiert Terminierung f\u00fcr den Sonderzug nach M\u00fcnchen","datePublished":"2019-02-08T18:33:53+00:00","mainEntityOfPage":{"@id":"https:\/\/www.fanprojekt-muenster.de\/wordpress\/dfb-priorisiert-terminierung-fuer-den-sonderzug-nach-muenchen\/"},"wordCount":171,"publisher":{"@id":"https:\/\/www.fanprojekt-muenster.de\/wordpress\/#organization"},"image":{"@id":"https:\/\/www.fanprojekt-muenster.de\/wordpress\/dfb-priorisiert-terminierung-fuer-den-sonderzug-nach-muenchen\/#primaryimage"},"thumbnailUrl":"","articleSection":["Aktuelles"],"inLanguage":"de"},{"@type":"WebPage","@id":"https:\/\/www.fanprojekt-muenster.de\/wordpress\/dfb-priorisiert-terminierung-fuer-den-sonderzug-nach-muenchen\/","url":"https:\/\/www.fanprojekt-muenster.de\/wordpress\/dfb-priorisiert-terminierung-fuer-den-sonderzug-nach-muenchen\/","name":"DFB priorisiert Terminierung f\u00fcr den Sonderzug nach M\u00fcnchen - Fangemeinschaft Preu\u00dfen M\u00fcnster e. V.","isPartOf":{"@id":"https:\/\/www.fanprojekt-muenster.de\/wordpress\/#website"},"primaryImageOfPage":{"@id":"https:\/\/www.fanprojekt-muenster.de\/wordpress\/dfb-priorisiert-terminierung-fuer-den-sonderzug-nach-muenchen\/#primaryimage"},"image":{"@id":"https:\/\/www.fanprojekt-muenster.de\/wordpress\/dfb-priorisiert-terminierung-fuer-den-sonderzug-nach-muenchen\/#primaryimage"},"thumbnailUrl":"","datePublished":"2019-02-08T18:33:53+00:00","breadcrumb":{"@id":"https:\/\/www.fanprojekt-muenster.de\/wordpress\/dfb-priorisiert-terminierung-fuer-den-sonderzug-nach-muenchen\/#breadcrumb"},"inLanguage":"de","potentialAction":[{"@type":"ReadAction","target":["https:\/\/www.fanprojekt-muenster.de\/wordpress\/dfb-priorisiert-terminierung-fuer-den-sonderzug-nach-muenchen\/"]}]},{"@type":"ImageObject","inLanguage":"de","@id":"https:\/\/www.fanprojekt-muenster.de\/wordpress\/dfb-priorisiert-terminierung-fuer-den-sonderzug-nach-muenchen\/#primaryimage","url":"","contentUrl":""},{"@type":"BreadcrumbList","@id":"https:\/\/www.fanprojekt-muenster.de\/wordpress\/dfb-priorisiert-terminierung-fuer-den-sonderzug-nach-muenchen\/#breadcrumb","itemListElement":[{"@type":"ListItem","position":1,"name":"Startseite","item":"https:\/\/www.fanprojekt-muenster.de\/wordpress\/"},{"@type":"ListItem","position":2,"name":"DFB priorisiert Terminierung f\u00fcr den Sonderzug nach M\u00fcnchen"}]},{"@type":"WebSite","@id":"https:\/\/www.fanprojekt-muenster.de\/wordpress\/#website","url":"https:\/\/www.fanprojekt-muenster.de\/wordpress\/","name":"Fangemeinschaft Preu\u00dfen M\u00fcnster e. V.","description":"","publisher":{"@id":"https:\/\/www.fanprojekt-muenster.de\/wordpress\/#organization"},"potentialAction":[{"@type":"SearchAction","target":{"@type":"EntryPoint","urlTemplate":"https:\/\/www.fanprojekt-muenster.de\/wordpress\/?s={search_term_string}"},"query-input":{"@type":"PropertyValueSpecification","valueRequired":true,"valueName":"search_term_string"}}],"inLanguage":"de"},{"@type":"Organization","@id":"https:\/\/www.fanprojekt-muenster.de\/wordpress\/#organization","name":"Fangemeinschaft Preu\u00dfen M\u00fcnster e. V.","url":"https:\/\/www.fanprojekt-muenster.de\/wordpress\/","logo":{"@type":"ImageObject","inLanguage":"de","@id":"https:\/\/www.fanprojekt-muenster.de\/wordpress\/#\/schema\/logo\/image\/","url":"https:\/\/www.fanprojekt-muenster.de\/wordpress\/wp-content\/uploads\/2019\/07\/cropped-Website_Logo3-9.png","contentUrl":"https:\/\/www.fanprojekt-muenster.de\/wordpress\/wp-content\/uploads\/2019\/07\/cropped-Website_Logo3-9.png","width":224,"height":42,"caption":"Fangemeinschaft Preu\u00dfen M\u00fcnster e. V."},"image":{"@id":"https:\/\/www.fanprojekt-muenster.de\/wordpress\/#\/schema\/logo\/image\/"}},{"@type":"Person","@id":"https:\/\/www.fanprojekt-muenster.de\/wordpress\/#\/schema\/person\/907994394342a6ba0f1be4c546ed7d09","name":"508","url":"https:\/\/www.fanprojekt-muenster.de\/wordpress\/author\/508\/"}]}},"author_meta":{"display_name":"508","author_link":"https:\/\/www.fanprojekt-muenster.de\/wordpress\/author\/508\/"},"featured_img":null,"coauthors":[],"tax_additional":{"categories":{"linked":["<a href=\"https:\/\/www.fanprojekt-muenster.de\/wordpress\/category\/aktuelles\/\" class=\"advgb-post-tax-term\">Aktuelles<\/a>"],"unlinked":["<span class=\"advgb-post-tax-term\">Aktuelles<\/span>"]}},"comment_count":"0","relative_dates":{"created":"Posted 7\u00a0Jahren ago","modified":"Updated 7\u00a0Jahren ago"},"absolute_dates":{"created":"Posted on 8. Februar 2019","modified":"Updated on 8. Februar 2019"},"absolute_dates_time":{"created":"Posted on 8. Februar 2019 20:33","modified":"Updated on 8. Februar 2019 20:33"},"featured_img_caption":"","series_order":"","_links":{"self":[{"href":"https:\/\/www.fanprojekt-muenster.de\/wordpress\/wp-json\/wp\/v2\/posts\/5822","targetHints":{"allow":["GET"]}}],"collection":[{"href":"https:\/\/www.fanprojekt-muenster.de\/wordpress\/wp-json\/wp\/v2\/posts"}],"about":[{"href":"https:\/\/www.fanprojekt-muenster.de\/wordpress\/wp-json\/wp\/v2\/types\/post"}],"author":[{"embeddable":true,"href":"https:\/\/www.fanprojekt-muenster.de\/wordpress\/wp-json\/wp\/v2\/users\/6"}],"replies":[{"embeddable":true,"href":"https:\/\/www.fanprojekt-muenster.de\/wordpress\/wp-json\/wp\/v2\/comments?post=5822"}],"version-history":[{"count":0,"href":"https:\/\/www.fanprojekt-muenster.de\/wordpress\/wp-json\/wp\/v2\/posts\/5822\/revisions"}],"wp:featuredmedia":[{"embeddable":true,"href":"https:\/\/www.fanprojekt-muenster.de\/wordpress\/wp-json\/"}],"wp:attachment":[{"href":"https:\/\/www.fanprojekt-muenster.de\/wordpress\/wp-json\/wp\/v2\/media?parent=5822"}],"wp:term":[{"taxonomy":"category","embeddable":true,"href":"https:\/\/www.fanprojekt-muenster.de\/wordpress\/wp-json\/wp\/v2\/categories?post=5822"},{"taxonomy":"post_tag","embeddable":true,"href":"https:\/\/www.fanprojekt-muenster.de\/wordpress\/wp-json\/wp\/v2\/tags?post=5822"}],"curies":[{"name":"wp","href":"https:\/\/api.w.org\/{rel}","templated":true}]}}