{"id":5817,"date":"2019-02-07T12:52:32","date_gmt":"2019-02-07T10:52:32","guid":{"rendered":"http:\/\/www.fanprojekt-muenster.de\/wp\/?p=5817"},"modified":"2019-02-07T12:52:32","modified_gmt":"2019-02-07T10:52:32","slug":"fanprojekt-spendet-1906-euro-fuer-kranke-kinder","status":"publish","type":"post","link":"https:\/\/www.fanprojekt-muenster.de\/wordpress\/fanprojekt-spendet-1906-euro-fuer-kranke-kinder\/","title":{"rendered":"Fanprojekt spendet 1906 Euro f\u00fcr kranke Kinder"},"content":{"rendered":"<div id=\"attachment_5818\" style=\"width: 600px\" class=\"wp-caption aligncenter\"><a href=\"http:\/\/www.fanprojekt-muenster.de\/wp\/wp-content\/uploads\/2019\/02\/Spenden\u00fcbergabe_Preu\u00dfenFanprojekt-590x392.jpg\"><img loading=\"lazy\" decoding=\"async\" aria-describedby=\"caption-attachment-5818\" class=\"wp-image-5818 size-full\" src=\"http:\/\/www.fanprojekt-muenster.de\/wp\/wp-content\/uploads\/2019\/02\/Spenden\u00fcbergabe_Preu\u00dfenFanprojekt-590x392.jpg\" alt=\"\" width=\"590\" height=\"392\" \/><\/a><p id=\"caption-attachment-5818\" class=\"wp-caption-text\">PD Dr. Michael B\u00f6swald, Chefarzt der Allgemeinen Kinder- und Jugendmedizin, nahm die Spende auf der ersten fertigen Station der Kinderklinik entgegen und bedankte sich bei (v.l.) Marc Andr\u00e9 D\u00fctschke, Julian Rosery und Christoph Nientiedt vom Fanprojekt. Foto: Franziskus Hospital<\/p><\/div>\n<p>Das Fanprojekt Preu\u00dfen M\u00fcnster e.V. hat 1906 Euro an das St. Franziskus-Hospital M\u00fcnster f\u00fcr die Spendenkampagne \u201eMehr Raum f\u00fcr N\u00e4he\u201c \u00fcbergeben. Zum allj\u00e4hrlichen Neujahrsempfang kamen rund 120 Mitglieder und Fans, um gemeinsam das Jahr einzul\u00e4uten. H\u00f6hepunkt war die traditionelle Tombola, die von zahlreichen Unternehmen mit attraktiven Preisen unterst\u00fctzt wurde. Den Erl\u00f6s hat das Fanprojekt um einige Euros aufgestockt, um 1906 Euro \u00fcbergeben zu k\u00f6nnen. Die Summe ist eine Anspielung auf das Preu\u00dfen-Gr\u00fcndungsjahr. \u201eWir engagieren uns jedes Jahr f\u00fcr einen guten Zweck. Dieses Mal unterst\u00fctzen wir die Kinderklinik im Franziskus Hospital, damit die kleinen Patienten hier in einer kinderfreundlichen Atmosph\u00e4re und mit der N\u00e4he der Familien gesund werden k\u00f6nnen\u201c, erkl\u00e4ren die Vertreter des Fanprojektes. PD Dr. Michael B\u00f6swald, Chefarzt der Allgemeinen Kinder- und Jugendmedizin und bekennender Anh\u00e4nger der Adlertr\u00e4ger, bedankte sich f\u00fcr die Unterst\u00fctzung: \u201eWir freuen uns sehr \u00fcber die gro\u00dfz\u00fcgige Spende des Fanprojektes. Sie tr\u00e4gt dazu bei, dass unsere Patienten schon bald die N\u00e4he und Geborgenheit bekommen, die sie zum Gesundwerden brauchen\u201c.<\/p>\n<p>Nachdem vor kurzem die erste Station der neuen Klinik f\u00fcr Kinder- und Jugendmedizin am St. Franziskus-Hospital fertiggestellt wurde, werden die Umbau- und Modernisierungsarbeiten in der neuen Kinderklinik in drei weiteren Etappen fortgesetzt: Im n\u00e4chsten Bauabschnitt stehen die neuen R\u00e4ume f\u00fcr die Fr\u00fchgeborenen und kranken Neugeborenen an. Spenden ben\u00f6tigt das St. Franziskus-Hospital daf\u00fcr auch weiterhin.<i><br \/>\n<\/i><\/p>\n<p>Weitere Informationen: <a href=\"http:\/\/www.mehr-raum-f\u00fcr-n\u00e4he.de\">www.mehr-raum-f\u00fcr-n\u00e4he.de<\/a><\/p>\n","protected":false},"excerpt":{"rendered":"<p>Das Fanprojekt Preu\u00dfen M\u00fcnster e.V. hat 1906 Euro an das St. Franziskus-Hospital M\u00fcnster f\u00fcr die Spendenkampagne \u201eMehr Raum f\u00fcr N\u00e4he\u201c \u00fcbergeben. Zum allj\u00e4hrlichen Neujahrsempfang kamen rund 120 Mitglieder und Fans,&#8230; <a class=\"read-more-link\" href=\"https:\/\/www.fanprojekt-muenster.de\/wordpress\/fanprojekt-spendet-1906-euro-fuer-kranke-kinder\/\">Read more &raquo;<\/a><\/p>\n","protected":false},"author":1,"featured_media":5818,"comment_status":"closed","ping_status":"closed","sticky":false,"template":"","format":"standard","meta":{"advgb_blocks_editor_width":"","advgb_blocks_columns_visual_guide":"","footnotes":""},"categories":[3],"tags":[],"class_list":["post-5817","post","type-post","status-publish","format-standard","has-post-thumbnail","hentry","category-aktuelles"],"featured_image_src":null,"author_info":{"display_name":"DST","author_link":"https:\/\/www.fanprojekt-muenster.de\/wordpress\/author\/dst\/"},"yoast_head":"<!-- This site is optimized with the Yoast SEO plugin v27.2 - https:\/\/yoast.com\/product\/yoast-seo-wordpress\/ -->\n<title>Fanprojekt spendet 1906 Euro f\u00fcr kranke Kinder - Fangemeinschaft Preu\u00dfen M\u00fcnster e. V.<\/title>\n<meta name=\"robots\" content=\"index, follow, max-snippet:-1, max-image-preview:large, max-video-preview:-1\" \/>\n<link rel=\"canonical\" href=\"https:\/\/www.fanprojekt-muenster.de\/wordpress\/fanprojekt-spendet-1906-euro-fuer-kranke-kinder\/\" \/>\n<meta property=\"og:locale\" content=\"de_DE\" \/>\n<meta property=\"og:type\" content=\"article\" \/>\n<meta property=\"og:title\" content=\"Fanprojekt spendet 1906 Euro f\u00fcr kranke Kinder - Fangemeinschaft Preu\u00dfen M\u00fcnster e. V.\" \/>\n<meta property=\"og:description\" content=\"Das Fanprojekt Preu\u00dfen M\u00fcnster e.V. hat 1906 Euro an das St. Franziskus-Hospital M\u00fcnster f\u00fcr die Spendenkampagne \u201eMehr Raum f\u00fcr N\u00e4he\u201c \u00fcbergeben. Zum allj\u00e4hrlichen Neujahrsempfang kamen rund 120 Mitglieder und Fans,... Read more &raquo;\" \/>\n<meta property=\"og:url\" content=\"https:\/\/www.fanprojekt-muenster.de\/wordpress\/fanprojekt-spendet-1906-euro-fuer-kranke-kinder\/\" \/>\n<meta property=\"og:site_name\" content=\"Fangemeinschaft Preu\u00dfen M\u00fcnster e. V.\" \/>\n<meta property=\"article:published_time\" content=\"2019-02-07T10:52:32+00:00\" \/>\n<meta name=\"author\" content=\"DST\" \/>\n<meta name=\"twitter:card\" content=\"summary_large_image\" \/>\n<meta name=\"twitter:label1\" content=\"Verfasst von\" \/>\n\t<meta name=\"twitter:data1\" content=\"DST\" \/>\n\t<meta name=\"twitter:label2\" content=\"Gesch\u00e4tzte Lesezeit\" \/>\n\t<meta name=\"twitter:data2\" content=\"2\u00a0Minuten\" \/>\n<script type=\"application\/ld+json\" class=\"yoast-schema-graph\">{\"@context\":\"https:\/\/schema.org\",\"@graph\":[{\"@type\":\"Article\",\"@id\":\"https:\/\/www.fanprojekt-muenster.de\/wordpress\/fanprojekt-spendet-1906-euro-fuer-kranke-kinder\/#article\",\"isPartOf\":{\"@id\":\"https:\/\/www.fanprojekt-muenster.de\/wordpress\/fanprojekt-spendet-1906-euro-fuer-kranke-kinder\/\"},\"author\":{\"name\":\"DST\",\"@id\":\"https:\/\/www.fanprojekt-muenster.de\/wordpress\/#\/schema\/person\/eed51304a869b4de494727cd2e0c8203\"},\"headline\":\"Fanprojekt spendet 1906 Euro f\u00fcr kranke Kinder\",\"datePublished\":\"2019-02-07T10:52:32+00:00\",\"mainEntityOfPage\":{\"@id\":\"https:\/\/www.fanprojekt-muenster.de\/wordpress\/fanprojekt-spendet-1906-euro-fuer-kranke-kinder\/\"},\"wordCount\":313,\"publisher\":{\"@id\":\"https:\/\/www.fanprojekt-muenster.de\/wordpress\/#organization\"},\"image\":{\"@id\":\"https:\/\/www.fanprojekt-muenster.de\/wordpress\/fanprojekt-spendet-1906-euro-fuer-kranke-kinder\/#primaryimage\"},\"thumbnailUrl\":\"\",\"articleSection\":[\"Aktuelles\"],\"inLanguage\":\"de\"},{\"@type\":\"WebPage\",\"@id\":\"https:\/\/www.fanprojekt-muenster.de\/wordpress\/fanprojekt-spendet-1906-euro-fuer-kranke-kinder\/\",\"url\":\"https:\/\/www.fanprojekt-muenster.de\/wordpress\/fanprojekt-spendet-1906-euro-fuer-kranke-kinder\/\",\"name\":\"Fanprojekt spendet 1906 Euro f\u00fcr kranke Kinder - Fangemeinschaft Preu\u00dfen M\u00fcnster e. V.\",\"isPartOf\":{\"@id\":\"https:\/\/www.fanprojekt-muenster.de\/wordpress\/#website\"},\"primaryImageOfPage\":{\"@id\":\"https:\/\/www.fanprojekt-muenster.de\/wordpress\/fanprojekt-spendet-1906-euro-fuer-kranke-kinder\/#primaryimage\"},\"image\":{\"@id\":\"https:\/\/www.fanprojekt-muenster.de\/wordpress\/fanprojekt-spendet-1906-euro-fuer-kranke-kinder\/#primaryimage\"},\"thumbnailUrl\":\"\",\"datePublished\":\"2019-02-07T10:52:32+00:00\",\"breadcrumb\":{\"@id\":\"https:\/\/www.fanprojekt-muenster.de\/wordpress\/fanprojekt-spendet-1906-euro-fuer-kranke-kinder\/#breadcrumb\"},\"inLanguage\":\"de\",\"potentialAction\":[{\"@type\":\"ReadAction\",\"target\":[\"https:\/\/www.fanprojekt-muenster.de\/wordpress\/fanprojekt-spendet-1906-euro-fuer-kranke-kinder\/\"]}]},{\"@type\":\"ImageObject\",\"inLanguage\":\"de\",\"@id\":\"https:\/\/www.fanprojekt-muenster.de\/wordpress\/fanprojekt-spendet-1906-euro-fuer-kranke-kinder\/#primaryimage\",\"url\":\"\",\"contentUrl\":\"\"},{\"@type\":\"BreadcrumbList\",\"@id\":\"https:\/\/www.fanprojekt-muenster.de\/wordpress\/fanprojekt-spendet-1906-euro-fuer-kranke-kinder\/#breadcrumb\",\"itemListElement\":[{\"@type\":\"ListItem\",\"position\":1,\"name\":\"Startseite\",\"item\":\"https:\/\/www.fanprojekt-muenster.de\/wordpress\/\"},{\"@type\":\"ListItem\",\"position\":2,\"name\":\"Fanprojekt spendet 1906 Euro f\u00fcr kranke Kinder\"}]},{\"@type\":\"WebSite\",\"@id\":\"https:\/\/www.fanprojekt-muenster.de\/wordpress\/#website\",\"url\":\"https:\/\/www.fanprojekt-muenster.de\/wordpress\/\",\"name\":\"Fangemeinschaft Preu\u00dfen M\u00fcnster e. V.\",\"description\":\"\",\"publisher\":{\"@id\":\"https:\/\/www.fanprojekt-muenster.de\/wordpress\/#organization\"},\"potentialAction\":[{\"@type\":\"SearchAction\",\"target\":{\"@type\":\"EntryPoint\",\"urlTemplate\":\"https:\/\/www.fanprojekt-muenster.de\/wordpress\/?s={search_term_string}\"},\"query-input\":{\"@type\":\"PropertyValueSpecification\",\"valueRequired\":true,\"valueName\":\"search_term_string\"}}],\"inLanguage\":\"de\"},{\"@type\":\"Organization\",\"@id\":\"https:\/\/www.fanprojekt-muenster.de\/wordpress\/#organization\",\"name\":\"Fangemeinschaft Preu\u00dfen M\u00fcnster e. V.\",\"url\":\"https:\/\/www.fanprojekt-muenster.de\/wordpress\/\",\"logo\":{\"@type\":\"ImageObject\",\"inLanguage\":\"de\",\"@id\":\"https:\/\/www.fanprojekt-muenster.de\/wordpress\/#\/schema\/logo\/image\/\",\"url\":\"https:\/\/www.fanprojekt-muenster.de\/wordpress\/wp-content\/uploads\/2019\/07\/cropped-Website_Logo3-9.png\",\"contentUrl\":\"https:\/\/www.fanprojekt-muenster.de\/wordpress\/wp-content\/uploads\/2019\/07\/cropped-Website_Logo3-9.png\",\"width\":224,\"height\":42,\"caption\":\"Fangemeinschaft Preu\u00dfen M\u00fcnster e. V.\"},\"image\":{\"@id\":\"https:\/\/www.fanprojekt-muenster.de\/wordpress\/#\/schema\/logo\/image\/\"}},{\"@type\":\"Person\",\"@id\":\"https:\/\/www.fanprojekt-muenster.de\/wordpress\/#\/schema\/person\/eed51304a869b4de494727cd2e0c8203\",\"name\":\"DST\",\"url\":\"https:\/\/www.fanprojekt-muenster.de\/wordpress\/author\/dst\/\"}]}<\/script>\n<!-- \/ Yoast SEO plugin. -->","yoast_head_json":{"title":"Fanprojekt spendet 1906 Euro f\u00fcr kranke Kinder - Fangemeinschaft Preu\u00dfen M\u00fcnster e. V.","robots":{"index":"index","follow":"follow","max-snippet":"max-snippet:-1","max-image-preview":"max-image-preview:large","max-video-preview":"max-video-preview:-1"},"canonical":"https:\/\/www.fanprojekt-muenster.de\/wordpress\/fanprojekt-spendet-1906-euro-fuer-kranke-kinder\/","og_locale":"de_DE","og_type":"article","og_title":"Fanprojekt spendet 1906 Euro f\u00fcr kranke Kinder - Fangemeinschaft Preu\u00dfen M\u00fcnster e. V.","og_description":"Das Fanprojekt Preu\u00dfen M\u00fcnster e.V. hat 1906 Euro an das St. Franziskus-Hospital M\u00fcnster f\u00fcr die Spendenkampagne \u201eMehr Raum f\u00fcr N\u00e4he\u201c \u00fcbergeben. Zum allj\u00e4hrlichen Neujahrsempfang kamen rund 120 Mitglieder und Fans,... Read more &raquo;","og_url":"https:\/\/www.fanprojekt-muenster.de\/wordpress\/fanprojekt-spendet-1906-euro-fuer-kranke-kinder\/","og_site_name":"Fangemeinschaft Preu\u00dfen M\u00fcnster e. V.","article_published_time":"2019-02-07T10:52:32+00:00","author":"DST","twitter_card":"summary_large_image","twitter_misc":{"Verfasst von":"DST","Gesch\u00e4tzte Lesezeit":"2\u00a0Minuten"},"schema":{"@context":"https:\/\/schema.org","@graph":[{"@type":"Article","@id":"https:\/\/www.fanprojekt-muenster.de\/wordpress\/fanprojekt-spendet-1906-euro-fuer-kranke-kinder\/#article","isPartOf":{"@id":"https:\/\/www.fanprojekt-muenster.de\/wordpress\/fanprojekt-spendet-1906-euro-fuer-kranke-kinder\/"},"author":{"name":"DST","@id":"https:\/\/www.fanprojekt-muenster.de\/wordpress\/#\/schema\/person\/eed51304a869b4de494727cd2e0c8203"},"headline":"Fanprojekt spendet 1906 Euro f\u00fcr kranke Kinder","datePublished":"2019-02-07T10:52:32+00:00","mainEntityOfPage":{"@id":"https:\/\/www.fanprojekt-muenster.de\/wordpress\/fanprojekt-spendet-1906-euro-fuer-kranke-kinder\/"},"wordCount":313,"publisher":{"@id":"https:\/\/www.fanprojekt-muenster.de\/wordpress\/#organization"},"image":{"@id":"https:\/\/www.fanprojekt-muenster.de\/wordpress\/fanprojekt-spendet-1906-euro-fuer-kranke-kinder\/#primaryimage"},"thumbnailUrl":"","articleSection":["Aktuelles"],"inLanguage":"de"},{"@type":"WebPage","@id":"https:\/\/www.fanprojekt-muenster.de\/wordpress\/fanprojekt-spendet-1906-euro-fuer-kranke-kinder\/","url":"https:\/\/www.fanprojekt-muenster.de\/wordpress\/fanprojekt-spendet-1906-euro-fuer-kranke-kinder\/","name":"Fanprojekt spendet 1906 Euro f\u00fcr kranke Kinder - Fangemeinschaft Preu\u00dfen M\u00fcnster e. V.","isPartOf":{"@id":"https:\/\/www.fanprojekt-muenster.de\/wordpress\/#website"},"primaryImageOfPage":{"@id":"https:\/\/www.fanprojekt-muenster.de\/wordpress\/fanprojekt-spendet-1906-euro-fuer-kranke-kinder\/#primaryimage"},"image":{"@id":"https:\/\/www.fanprojekt-muenster.de\/wordpress\/fanprojekt-spendet-1906-euro-fuer-kranke-kinder\/#primaryimage"},"thumbnailUrl":"","datePublished":"2019-02-07T10:52:32+00:00","breadcrumb":{"@id":"https:\/\/www.fanprojekt-muenster.de\/wordpress\/fanprojekt-spendet-1906-euro-fuer-kranke-kinder\/#breadcrumb"},"inLanguage":"de","potentialAction":[{"@type":"ReadAction","target":["https:\/\/www.fanprojekt-muenster.de\/wordpress\/fanprojekt-spendet-1906-euro-fuer-kranke-kinder\/"]}]},{"@type":"ImageObject","inLanguage":"de","@id":"https:\/\/www.fanprojekt-muenster.de\/wordpress\/fanprojekt-spendet-1906-euro-fuer-kranke-kinder\/#primaryimage","url":"","contentUrl":""},{"@type":"BreadcrumbList","@id":"https:\/\/www.fanprojekt-muenster.de\/wordpress\/fanprojekt-spendet-1906-euro-fuer-kranke-kinder\/#breadcrumb","itemListElement":[{"@type":"ListItem","position":1,"name":"Startseite","item":"https:\/\/www.fanprojekt-muenster.de\/wordpress\/"},{"@type":"ListItem","position":2,"name":"Fanprojekt spendet 1906 Euro f\u00fcr kranke Kinder"}]},{"@type":"WebSite","@id":"https:\/\/www.fanprojekt-muenster.de\/wordpress\/#website","url":"https:\/\/www.fanprojekt-muenster.de\/wordpress\/","name":"Fangemeinschaft Preu\u00dfen M\u00fcnster e. V.","description":"","publisher":{"@id":"https:\/\/www.fanprojekt-muenster.de\/wordpress\/#organization"},"potentialAction":[{"@type":"SearchAction","target":{"@type":"EntryPoint","urlTemplate":"https:\/\/www.fanprojekt-muenster.de\/wordpress\/?s={search_term_string}"},"query-input":{"@type":"PropertyValueSpecification","valueRequired":true,"valueName":"search_term_string"}}],"inLanguage":"de"},{"@type":"Organization","@id":"https:\/\/www.fanprojekt-muenster.de\/wordpress\/#organization","name":"Fangemeinschaft Preu\u00dfen M\u00fcnster e. V.","url":"https:\/\/www.fanprojekt-muenster.de\/wordpress\/","logo":{"@type":"ImageObject","inLanguage":"de","@id":"https:\/\/www.fanprojekt-muenster.de\/wordpress\/#\/schema\/logo\/image\/","url":"https:\/\/www.fanprojekt-muenster.de\/wordpress\/wp-content\/uploads\/2019\/07\/cropped-Website_Logo3-9.png","contentUrl":"https:\/\/www.fanprojekt-muenster.de\/wordpress\/wp-content\/uploads\/2019\/07\/cropped-Website_Logo3-9.png","width":224,"height":42,"caption":"Fangemeinschaft Preu\u00dfen M\u00fcnster e. V."},"image":{"@id":"https:\/\/www.fanprojekt-muenster.de\/wordpress\/#\/schema\/logo\/image\/"}},{"@type":"Person","@id":"https:\/\/www.fanprojekt-muenster.de\/wordpress\/#\/schema\/person\/eed51304a869b4de494727cd2e0c8203","name":"DST","url":"https:\/\/www.fanprojekt-muenster.de\/wordpress\/author\/dst\/"}]}},"author_meta":{"display_name":"DST","author_link":"https:\/\/www.fanprojekt-muenster.de\/wordpress\/author\/dst\/"},"featured_img":null,"coauthors":[],"tax_additional":{"categories":{"linked":["<a href=\"https:\/\/www.fanprojekt-muenster.de\/wordpress\/category\/aktuelles\/\" class=\"advgb-post-tax-term\">Aktuelles<\/a>"],"unlinked":["<span class=\"advgb-post-tax-term\">Aktuelles<\/span>"]}},"comment_count":"0","relative_dates":{"created":"Posted 7\u00a0Jahren ago","modified":"Updated 7\u00a0Jahren ago"},"absolute_dates":{"created":"Posted on 7. Februar 2019","modified":"Updated on 7. Februar 2019"},"absolute_dates_time":{"created":"Posted on 7. Februar 2019 12:52","modified":"Updated on 7. Februar 2019 12:52"},"featured_img_caption":"","series_order":"","_links":{"self":[{"href":"https:\/\/www.fanprojekt-muenster.de\/wordpress\/wp-json\/wp\/v2\/posts\/5817","targetHints":{"allow":["GET"]}}],"collection":[{"href":"https:\/\/www.fanprojekt-muenster.de\/wordpress\/wp-json\/wp\/v2\/posts"}],"about":[{"href":"https:\/\/www.fanprojekt-muenster.de\/wordpress\/wp-json\/wp\/v2\/types\/post"}],"author":[{"embeddable":true,"href":"https:\/\/www.fanprojekt-muenster.de\/wordpress\/wp-json\/wp\/v2\/users\/1"}],"replies":[{"embeddable":true,"href":"https:\/\/www.fanprojekt-muenster.de\/wordpress\/wp-json\/wp\/v2\/comments?post=5817"}],"version-history":[{"count":0,"href":"https:\/\/www.fanprojekt-muenster.de\/wordpress\/wp-json\/wp\/v2\/posts\/5817\/revisions"}],"wp:featuredmedia":[{"embeddable":true,"href":"https:\/\/www.fanprojekt-muenster.de\/wordpress\/wp-json\/"}],"wp:attachment":[{"href":"https:\/\/www.fanprojekt-muenster.de\/wordpress\/wp-json\/wp\/v2\/media?parent=5817"}],"wp:term":[{"taxonomy":"category","embeddable":true,"href":"https:\/\/www.fanprojekt-muenster.de\/wordpress\/wp-json\/wp\/v2\/categories?post=5817"},{"taxonomy":"post_tag","embeddable":true,"href":"https:\/\/www.fanprojekt-muenster.de\/wordpress\/wp-json\/wp\/v2\/tags?post=5817"}],"curies":[{"name":"wp","href":"https:\/\/api.w.org\/{rel}","templated":true}]}}