{"id":5812,"date":"2019-02-06T22:24:45","date_gmt":"2019-02-06T20:24:45","guid":{"rendered":"http:\/\/www.fanprojekt-muenster.de\/wp\/?p=5812"},"modified":"2019-02-06T22:24:45","modified_gmt":"2019-02-06T20:24:45","slug":"andre-feldmann-verlaesst-den-vorstand","status":"publish","type":"post","link":"https:\/\/www.fanprojekt-muenster.de\/wordpress\/andre-feldmann-verlaesst-den-vorstand\/","title":{"rendered":"Andr\u00e9 Feldmann verl\u00e4sst den Vorstand"},"content":{"rendered":"<p>Andr\u00e9 Feldmann wurde im September 2018 zum Beisitzer f\u00fcr \u00d6ffentlichkeitsarbeit gew\u00e4hlt. Nun tritt er aus freien St\u00fccken vom Vorstandsposten zur\u00fcck.<\/p>\n<p>In den letzten Wochen und Monaten hatte sich Andr\u00e9 sehr engagiert und reingehangen. Denn neben den Online-Aktivit\u00e4ten (Webseite, Facebook, Twitter, Westline) hat er auch Reparaturen und Verbesserungen am Fancontainer vorgenommen. Au\u00dferdem hat Andr\u00e9 f\u00fcr den Weihnachtsmarkt und den Neujahrsempfang voll mit angepackt.<\/p>\n<p>Wir danken Andr\u00e9 f\u00fcr seine ganze Mitarbeit im Ehrenamt!<\/p>\n<p>Nun ist der Vorstandsposten f\u00fcr \u00d6ffentlichkeitsarbeit unbesetzt.<br \/>\nUm die Aufgaben und Lasten <a href=\"http:\/\/www.fanprojekt-muenster.de\/wp\/uber-uns\/vorstand\/\">im Vorstand<\/a> auf mehrere Schultern zu verteilen, w\u00fcrden wir gerne den Posten neu besetzen.<\/p>\n<p>Melde dich bei uns wenn du mitmachen m\u00f6chtest: Fanpolitik, Fan-Veranstaltungen oder allgemeine Fanthemen (<a href=\"mailto:kontakt@fanprojekt-muenster.de\">kontakt@fanprojekt-muenster.de<\/a> oder pers\u00f6nlich am Fancontainer).<\/p>\n","protected":false},"excerpt":{"rendered":"<p>Andr\u00e9 Feldmann wurde im September 2018 zum Beisitzer f\u00fcr \u00d6ffentlichkeitsarbeit gew\u00e4hlt. Nun tritt er aus freien St\u00fccken vom Vorstandsposten zur\u00fcck. In den letzten Wochen und Monaten hatte sich Andr\u00e9 sehr&#8230; <a class=\"read-more-link\" href=\"https:\/\/www.fanprojekt-muenster.de\/wordpress\/andre-feldmann-verlaesst-den-vorstand\/\">Read more &raquo;<\/a><\/p>\n","protected":false},"author":6,"featured_media":5660,"comment_status":"closed","ping_status":"closed","sticky":false,"template":"","format":"standard","meta":{"advgb_blocks_editor_width":"","advgb_blocks_columns_visual_guide":"","footnotes":""},"categories":[3],"tags":[],"class_list":["post-5812","post","type-post","status-publish","format-standard","has-post-thumbnail","hentry","category-aktuelles"],"featured_image_src":null,"author_info":{"display_name":"508","author_link":"https:\/\/www.fanprojekt-muenster.de\/wordpress\/author\/508\/"},"yoast_head":"<!-- This site is optimized with the Yoast SEO plugin v27.2 - https:\/\/yoast.com\/product\/yoast-seo-wordpress\/ -->\n<title>Andr\u00e9 Feldmann verl\u00e4sst den Vorstand - Fangemeinschaft Preu\u00dfen M\u00fcnster e. V.<\/title>\n<meta name=\"robots\" content=\"index, follow, max-snippet:-1, max-image-preview:large, max-video-preview:-1\" \/>\n<link rel=\"canonical\" href=\"https:\/\/www.fanprojekt-muenster.de\/wordpress\/andre-feldmann-verlaesst-den-vorstand\/\" \/>\n<meta property=\"og:locale\" content=\"de_DE\" \/>\n<meta property=\"og:type\" content=\"article\" \/>\n<meta property=\"og:title\" content=\"Andr\u00e9 Feldmann verl\u00e4sst den Vorstand - Fangemeinschaft Preu\u00dfen M\u00fcnster e. V.\" \/>\n<meta property=\"og:description\" content=\"Andr\u00e9 Feldmann wurde im September 2018 zum Beisitzer f\u00fcr \u00d6ffentlichkeitsarbeit gew\u00e4hlt. Nun tritt er aus freien St\u00fccken vom Vorstandsposten zur\u00fcck. In den letzten Wochen und Monaten hatte sich Andr\u00e9 sehr... Read more &raquo;\" \/>\n<meta property=\"og:url\" content=\"https:\/\/www.fanprojekt-muenster.de\/wordpress\/andre-feldmann-verlaesst-den-vorstand\/\" \/>\n<meta property=\"og:site_name\" content=\"Fangemeinschaft Preu\u00dfen M\u00fcnster e. V.\" \/>\n<meta property=\"article:published_time\" content=\"2019-02-06T20:24:45+00:00\" \/>\n<meta name=\"author\" content=\"508\" \/>\n<meta name=\"twitter:card\" content=\"summary_large_image\" \/>\n<meta name=\"twitter:label1\" content=\"Verfasst von\" \/>\n\t<meta name=\"twitter:data1\" content=\"508\" \/>\n\t<meta name=\"twitter:label2\" content=\"Gesch\u00e4tzte Lesezeit\" \/>\n\t<meta name=\"twitter:data2\" content=\"1\u00a0Minute\" \/>\n<script type=\"application\/ld+json\" class=\"yoast-schema-graph\">{\"@context\":\"https:\/\/schema.org\",\"@graph\":[{\"@type\":\"Article\",\"@id\":\"https:\/\/www.fanprojekt-muenster.de\/wordpress\/andre-feldmann-verlaesst-den-vorstand\/#article\",\"isPartOf\":{\"@id\":\"https:\/\/www.fanprojekt-muenster.de\/wordpress\/andre-feldmann-verlaesst-den-vorstand\/\"},\"author\":{\"name\":\"508\",\"@id\":\"https:\/\/www.fanprojekt-muenster.de\/wordpress\/#\/schema\/person\/907994394342a6ba0f1be4c546ed7d09\"},\"headline\":\"Andr\u00e9 Feldmann verl\u00e4sst den Vorstand\",\"datePublished\":\"2019-02-06T20:24:45+00:00\",\"mainEntityOfPage\":{\"@id\":\"https:\/\/www.fanprojekt-muenster.de\/wordpress\/andre-feldmann-verlaesst-den-vorstand\/\"},\"wordCount\":134,\"publisher\":{\"@id\":\"https:\/\/www.fanprojekt-muenster.de\/wordpress\/#organization\"},\"image\":{\"@id\":\"https:\/\/www.fanprojekt-muenster.de\/wordpress\/andre-feldmann-verlaesst-den-vorstand\/#primaryimage\"},\"thumbnailUrl\":\"\",\"articleSection\":[\"Aktuelles\"],\"inLanguage\":\"de\"},{\"@type\":\"WebPage\",\"@id\":\"https:\/\/www.fanprojekt-muenster.de\/wordpress\/andre-feldmann-verlaesst-den-vorstand\/\",\"url\":\"https:\/\/www.fanprojekt-muenster.de\/wordpress\/andre-feldmann-verlaesst-den-vorstand\/\",\"name\":\"Andr\u00e9 Feldmann verl\u00e4sst den Vorstand - Fangemeinschaft Preu\u00dfen M\u00fcnster e. V.\",\"isPartOf\":{\"@id\":\"https:\/\/www.fanprojekt-muenster.de\/wordpress\/#website\"},\"primaryImageOfPage\":{\"@id\":\"https:\/\/www.fanprojekt-muenster.de\/wordpress\/andre-feldmann-verlaesst-den-vorstand\/#primaryimage\"},\"image\":{\"@id\":\"https:\/\/www.fanprojekt-muenster.de\/wordpress\/andre-feldmann-verlaesst-den-vorstand\/#primaryimage\"},\"thumbnailUrl\":\"\",\"datePublished\":\"2019-02-06T20:24:45+00:00\",\"breadcrumb\":{\"@id\":\"https:\/\/www.fanprojekt-muenster.de\/wordpress\/andre-feldmann-verlaesst-den-vorstand\/#breadcrumb\"},\"inLanguage\":\"de\",\"potentialAction\":[{\"@type\":\"ReadAction\",\"target\":[\"https:\/\/www.fanprojekt-muenster.de\/wordpress\/andre-feldmann-verlaesst-den-vorstand\/\"]}]},{\"@type\":\"ImageObject\",\"inLanguage\":\"de\",\"@id\":\"https:\/\/www.fanprojekt-muenster.de\/wordpress\/andre-feldmann-verlaesst-den-vorstand\/#primaryimage\",\"url\":\"\",\"contentUrl\":\"\"},{\"@type\":\"BreadcrumbList\",\"@id\":\"https:\/\/www.fanprojekt-muenster.de\/wordpress\/andre-feldmann-verlaesst-den-vorstand\/#breadcrumb\",\"itemListElement\":[{\"@type\":\"ListItem\",\"position\":1,\"name\":\"Startseite\",\"item\":\"https:\/\/www.fanprojekt-muenster.de\/wordpress\/\"},{\"@type\":\"ListItem\",\"position\":2,\"name\":\"Andr\u00e9 Feldmann verl\u00e4sst den Vorstand\"}]},{\"@type\":\"WebSite\",\"@id\":\"https:\/\/www.fanprojekt-muenster.de\/wordpress\/#website\",\"url\":\"https:\/\/www.fanprojekt-muenster.de\/wordpress\/\",\"name\":\"Fangemeinschaft Preu\u00dfen M\u00fcnster e. V.\",\"description\":\"\",\"publisher\":{\"@id\":\"https:\/\/www.fanprojekt-muenster.de\/wordpress\/#organization\"},\"potentialAction\":[{\"@type\":\"SearchAction\",\"target\":{\"@type\":\"EntryPoint\",\"urlTemplate\":\"https:\/\/www.fanprojekt-muenster.de\/wordpress\/?s={search_term_string}\"},\"query-input\":{\"@type\":\"PropertyValueSpecification\",\"valueRequired\":true,\"valueName\":\"search_term_string\"}}],\"inLanguage\":\"de\"},{\"@type\":\"Organization\",\"@id\":\"https:\/\/www.fanprojekt-muenster.de\/wordpress\/#organization\",\"name\":\"Fangemeinschaft Preu\u00dfen M\u00fcnster e. V.\",\"url\":\"https:\/\/www.fanprojekt-muenster.de\/wordpress\/\",\"logo\":{\"@type\":\"ImageObject\",\"inLanguage\":\"de\",\"@id\":\"https:\/\/www.fanprojekt-muenster.de\/wordpress\/#\/schema\/logo\/image\/\",\"url\":\"https:\/\/www.fanprojekt-muenster.de\/wordpress\/wp-content\/uploads\/2019\/07\/cropped-Website_Logo3-9.png\",\"contentUrl\":\"https:\/\/www.fanprojekt-muenster.de\/wordpress\/wp-content\/uploads\/2019\/07\/cropped-Website_Logo3-9.png\",\"width\":224,\"height\":42,\"caption\":\"Fangemeinschaft Preu\u00dfen M\u00fcnster e. V.\"},\"image\":{\"@id\":\"https:\/\/www.fanprojekt-muenster.de\/wordpress\/#\/schema\/logo\/image\/\"}},{\"@type\":\"Person\",\"@id\":\"https:\/\/www.fanprojekt-muenster.de\/wordpress\/#\/schema\/person\/907994394342a6ba0f1be4c546ed7d09\",\"name\":\"508\",\"url\":\"https:\/\/www.fanprojekt-muenster.de\/wordpress\/author\/508\/\"}]}<\/script>\n<!-- \/ Yoast SEO plugin. -->","yoast_head_json":{"title":"Andr\u00e9 Feldmann verl\u00e4sst den Vorstand - Fangemeinschaft Preu\u00dfen M\u00fcnster e. V.","robots":{"index":"index","follow":"follow","max-snippet":"max-snippet:-1","max-image-preview":"max-image-preview:large","max-video-preview":"max-video-preview:-1"},"canonical":"https:\/\/www.fanprojekt-muenster.de\/wordpress\/andre-feldmann-verlaesst-den-vorstand\/","og_locale":"de_DE","og_type":"article","og_title":"Andr\u00e9 Feldmann verl\u00e4sst den Vorstand - Fangemeinschaft Preu\u00dfen M\u00fcnster e. V.","og_description":"Andr\u00e9 Feldmann wurde im September 2018 zum Beisitzer f\u00fcr \u00d6ffentlichkeitsarbeit gew\u00e4hlt. Nun tritt er aus freien St\u00fccken vom Vorstandsposten zur\u00fcck. In den letzten Wochen und Monaten hatte sich Andr\u00e9 sehr... Read more &raquo;","og_url":"https:\/\/www.fanprojekt-muenster.de\/wordpress\/andre-feldmann-verlaesst-den-vorstand\/","og_site_name":"Fangemeinschaft Preu\u00dfen M\u00fcnster e. V.","article_published_time":"2019-02-06T20:24:45+00:00","author":"508","twitter_card":"summary_large_image","twitter_misc":{"Verfasst von":"508","Gesch\u00e4tzte Lesezeit":"1\u00a0Minute"},"schema":{"@context":"https:\/\/schema.org","@graph":[{"@type":"Article","@id":"https:\/\/www.fanprojekt-muenster.de\/wordpress\/andre-feldmann-verlaesst-den-vorstand\/#article","isPartOf":{"@id":"https:\/\/www.fanprojekt-muenster.de\/wordpress\/andre-feldmann-verlaesst-den-vorstand\/"},"author":{"name":"508","@id":"https:\/\/www.fanprojekt-muenster.de\/wordpress\/#\/schema\/person\/907994394342a6ba0f1be4c546ed7d09"},"headline":"Andr\u00e9 Feldmann verl\u00e4sst den Vorstand","datePublished":"2019-02-06T20:24:45+00:00","mainEntityOfPage":{"@id":"https:\/\/www.fanprojekt-muenster.de\/wordpress\/andre-feldmann-verlaesst-den-vorstand\/"},"wordCount":134,"publisher":{"@id":"https:\/\/www.fanprojekt-muenster.de\/wordpress\/#organization"},"image":{"@id":"https:\/\/www.fanprojekt-muenster.de\/wordpress\/andre-feldmann-verlaesst-den-vorstand\/#primaryimage"},"thumbnailUrl":"","articleSection":["Aktuelles"],"inLanguage":"de"},{"@type":"WebPage","@id":"https:\/\/www.fanprojekt-muenster.de\/wordpress\/andre-feldmann-verlaesst-den-vorstand\/","url":"https:\/\/www.fanprojekt-muenster.de\/wordpress\/andre-feldmann-verlaesst-den-vorstand\/","name":"Andr\u00e9 Feldmann verl\u00e4sst den Vorstand - Fangemeinschaft Preu\u00dfen M\u00fcnster e. V.","isPartOf":{"@id":"https:\/\/www.fanprojekt-muenster.de\/wordpress\/#website"},"primaryImageOfPage":{"@id":"https:\/\/www.fanprojekt-muenster.de\/wordpress\/andre-feldmann-verlaesst-den-vorstand\/#primaryimage"},"image":{"@id":"https:\/\/www.fanprojekt-muenster.de\/wordpress\/andre-feldmann-verlaesst-den-vorstand\/#primaryimage"},"thumbnailUrl":"","datePublished":"2019-02-06T20:24:45+00:00","breadcrumb":{"@id":"https:\/\/www.fanprojekt-muenster.de\/wordpress\/andre-feldmann-verlaesst-den-vorstand\/#breadcrumb"},"inLanguage":"de","potentialAction":[{"@type":"ReadAction","target":["https:\/\/www.fanprojekt-muenster.de\/wordpress\/andre-feldmann-verlaesst-den-vorstand\/"]}]},{"@type":"ImageObject","inLanguage":"de","@id":"https:\/\/www.fanprojekt-muenster.de\/wordpress\/andre-feldmann-verlaesst-den-vorstand\/#primaryimage","url":"","contentUrl":""},{"@type":"BreadcrumbList","@id":"https:\/\/www.fanprojekt-muenster.de\/wordpress\/andre-feldmann-verlaesst-den-vorstand\/#breadcrumb","itemListElement":[{"@type":"ListItem","position":1,"name":"Startseite","item":"https:\/\/www.fanprojekt-muenster.de\/wordpress\/"},{"@type":"ListItem","position":2,"name":"Andr\u00e9 Feldmann verl\u00e4sst den Vorstand"}]},{"@type":"WebSite","@id":"https:\/\/www.fanprojekt-muenster.de\/wordpress\/#website","url":"https:\/\/www.fanprojekt-muenster.de\/wordpress\/","name":"Fangemeinschaft Preu\u00dfen M\u00fcnster e. V.","description":"","publisher":{"@id":"https:\/\/www.fanprojekt-muenster.de\/wordpress\/#organization"},"potentialAction":[{"@type":"SearchAction","target":{"@type":"EntryPoint","urlTemplate":"https:\/\/www.fanprojekt-muenster.de\/wordpress\/?s={search_term_string}"},"query-input":{"@type":"PropertyValueSpecification","valueRequired":true,"valueName":"search_term_string"}}],"inLanguage":"de"},{"@type":"Organization","@id":"https:\/\/www.fanprojekt-muenster.de\/wordpress\/#organization","name":"Fangemeinschaft Preu\u00dfen M\u00fcnster e. V.","url":"https:\/\/www.fanprojekt-muenster.de\/wordpress\/","logo":{"@type":"ImageObject","inLanguage":"de","@id":"https:\/\/www.fanprojekt-muenster.de\/wordpress\/#\/schema\/logo\/image\/","url":"https:\/\/www.fanprojekt-muenster.de\/wordpress\/wp-content\/uploads\/2019\/07\/cropped-Website_Logo3-9.png","contentUrl":"https:\/\/www.fanprojekt-muenster.de\/wordpress\/wp-content\/uploads\/2019\/07\/cropped-Website_Logo3-9.png","width":224,"height":42,"caption":"Fangemeinschaft Preu\u00dfen M\u00fcnster e. V."},"image":{"@id":"https:\/\/www.fanprojekt-muenster.de\/wordpress\/#\/schema\/logo\/image\/"}},{"@type":"Person","@id":"https:\/\/www.fanprojekt-muenster.de\/wordpress\/#\/schema\/person\/907994394342a6ba0f1be4c546ed7d09","name":"508","url":"https:\/\/www.fanprojekt-muenster.de\/wordpress\/author\/508\/"}]}},"author_meta":{"display_name":"508","author_link":"https:\/\/www.fanprojekt-muenster.de\/wordpress\/author\/508\/"},"featured_img":null,"coauthors":[],"tax_additional":{"categories":{"linked":["<a href=\"https:\/\/www.fanprojekt-muenster.de\/wordpress\/category\/aktuelles\/\" class=\"advgb-post-tax-term\">Aktuelles<\/a>"],"unlinked":["<span class=\"advgb-post-tax-term\">Aktuelles<\/span>"]}},"comment_count":"0","relative_dates":{"created":"Posted 7\u00a0Jahren ago","modified":"Updated 7\u00a0Jahren ago"},"absolute_dates":{"created":"Posted on 6. Februar 2019","modified":"Updated on 6. Februar 2019"},"absolute_dates_time":{"created":"Posted on 6. Februar 2019 22:24","modified":"Updated on 6. Februar 2019 22:24"},"featured_img_caption":"","series_order":"","_links":{"self":[{"href":"https:\/\/www.fanprojekt-muenster.de\/wordpress\/wp-json\/wp\/v2\/posts\/5812","targetHints":{"allow":["GET"]}}],"collection":[{"href":"https:\/\/www.fanprojekt-muenster.de\/wordpress\/wp-json\/wp\/v2\/posts"}],"about":[{"href":"https:\/\/www.fanprojekt-muenster.de\/wordpress\/wp-json\/wp\/v2\/types\/post"}],"author":[{"embeddable":true,"href":"https:\/\/www.fanprojekt-muenster.de\/wordpress\/wp-json\/wp\/v2\/users\/6"}],"replies":[{"embeddable":true,"href":"https:\/\/www.fanprojekt-muenster.de\/wordpress\/wp-json\/wp\/v2\/comments?post=5812"}],"version-history":[{"count":0,"href":"https:\/\/www.fanprojekt-muenster.de\/wordpress\/wp-json\/wp\/v2\/posts\/5812\/revisions"}],"wp:featuredmedia":[{"embeddable":true,"href":"https:\/\/www.fanprojekt-muenster.de\/wordpress\/wp-json\/"}],"wp:attachment":[{"href":"https:\/\/www.fanprojekt-muenster.de\/wordpress\/wp-json\/wp\/v2\/media?parent=5812"}],"wp:term":[{"taxonomy":"category","embeddable":true,"href":"https:\/\/www.fanprojekt-muenster.de\/wordpress\/wp-json\/wp\/v2\/categories?post=5812"},{"taxonomy":"post_tag","embeddable":true,"href":"https:\/\/www.fanprojekt-muenster.de\/wordpress\/wp-json\/wp\/v2\/tags?post=5812"}],"curies":[{"name":"wp","href":"https:\/\/api.w.org\/{rel}","templated":true}]}}