{"id":5808,"date":"2019-01-31T23:27:03","date_gmt":"2019-01-31T21:27:03","guid":{"rendered":"http:\/\/www.fanprojekt-muenster.de\/wp\/?p=5808"},"modified":"2019-01-31T23:27:03","modified_gmt":"2019-01-31T21:27:03","slug":"container-oeffnung-ab-1730-uhr-gegen-kaiserslautern","status":"publish","type":"post","link":"https:\/\/www.fanprojekt-muenster.de\/wordpress\/container-oeffnung-ab-1730-uhr-gegen-kaiserslautern\/","title":{"rendered":"Container-\u00d6ffnung ab 17:30 Uhr gegen Kaiserslautern"},"content":{"rendered":"<p>Sonderzug-VVK (gegen 1860 M\u00fcnchen), eine Fan-Umfrage zum Stadionumbau und zu Fanthemen, sowie Getr\u00e4nke und Musik. Das alles l\u00e4uft rund um den Fancontainer, beim ersten Heimspiel im Kalenderjahr 2019 => Freitagabend, 01.02.2019.<\/p>\n<p>Nachdem wir heute den Bereich am Container vom Schnee befreit haben, wird er morgen definitiv \u00f6ffnen, ab 17:30 Uhr bis kurz vor Anpfiff! Nach dem Abpfiff sind wir weitere 90 Minuten nochmals am Container aktiv.<\/p>\n<p><a href=\"http:\/\/www.fanprojekt-muenster.de\/wp\/2019\/01\/30\/oeffentlicher-vorverkauf-startet-gegen-kaiserslautern\/\">Wie bereits angek\u00fcndigt, startet der \u00f6ffentliche Vorverkauf f\u00fcr den Sonderzug am 13.04.2019, f\u00fcr das Ausw\u00e4rtsspiel beim TSV 1860 M\u00fcnchen.<\/a><\/p>\n<p>Um einen ersten \u00dcberblick zum anstehenden Stadionumbau zu bekommen, wollen wir die W\u00fcnsche und Vorstellungen der Fans erfragen. Daf\u00fcr haben wir einen kurzen Fragebogen erstellt. Bei dieser Gelegenheit wollen wir auch die Meinung zu allgemeinen Fanthemen erfahren. Den Fragebogen kann man nur am Container erhalten und dort am Spieltag abgeben.<br \/>\nDies ist nur eine erste Abfrage. Eine allgemeine und offene Umfrage wird sicherlich noch durchgef\u00fchrt wenn es konkreter wird.<br \/>\nBeim Neujahrsempfang haben wir bereits 49 Antworten eingesammelt, die ebenfalls in die Bewertung einflie\u00dfen werden.<\/p>\n<p>Also kommt vorbei, es lohnt sich immer! \ud83d\ude42<\/p>\n","protected":false},"excerpt":{"rendered":"<p>Sonderzug-VVK (gegen 1860 M\u00fcnchen), eine Fan-Umfrage zum Stadionumbau und zu Fanthemen, sowie Getr\u00e4nke und Musik. Das alles l\u00e4uft rund um den Fancontainer, beim ersten Heimspiel im Kalenderjahr 2019 => Freitagabend,&#8230; <a class=\"read-more-link\" href=\"https:\/\/www.fanprojekt-muenster.de\/wordpress\/container-oeffnung-ab-1730-uhr-gegen-kaiserslautern\/\">Read more &raquo;<\/a><\/p>\n","protected":false},"author":6,"featured_media":5809,"comment_status":"closed","ping_status":"closed","sticky":false,"template":"","format":"standard","meta":{"advgb_blocks_editor_width":"","advgb_blocks_columns_visual_guide":"","footnotes":""},"categories":[2,3,1,14],"tags":[],"class_list":["post-5808","post","type-post","status-publish","format-standard","has-post-thumbnail","hentry","category-aktionen","category-aktuelles","category-allgemein","category-spieltage"],"featured_image_src":null,"author_info":{"display_name":"508","author_link":"https:\/\/www.fanprojekt-muenster.de\/wordpress\/author\/508\/"},"yoast_head":"<!-- This site is optimized with the Yoast SEO plugin v27.2 - https:\/\/yoast.com\/product\/yoast-seo-wordpress\/ -->\n<title>Container-\u00d6ffnung ab 17:30 Uhr gegen Kaiserslautern - Fangemeinschaft Preu\u00dfen M\u00fcnster e. V.<\/title>\n<meta name=\"robots\" content=\"index, follow, max-snippet:-1, max-image-preview:large, max-video-preview:-1\" \/>\n<link rel=\"canonical\" href=\"https:\/\/www.fanprojekt-muenster.de\/wordpress\/container-oeffnung-ab-1730-uhr-gegen-kaiserslautern\/\" \/>\n<meta property=\"og:locale\" content=\"de_DE\" \/>\n<meta property=\"og:type\" content=\"article\" \/>\n<meta property=\"og:title\" content=\"Container-\u00d6ffnung ab 17:30 Uhr gegen Kaiserslautern - Fangemeinschaft Preu\u00dfen M\u00fcnster e. V.\" \/>\n<meta property=\"og:description\" content=\"Sonderzug-VVK (gegen 1860 M\u00fcnchen), eine Fan-Umfrage zum Stadionumbau und zu Fanthemen, sowie Getr\u00e4nke und Musik. Das alles l\u00e4uft rund um den Fancontainer, beim ersten Heimspiel im Kalenderjahr 2019 =&gt; Freitagabend,... Read more &raquo;\" \/>\n<meta property=\"og:url\" content=\"https:\/\/www.fanprojekt-muenster.de\/wordpress\/container-oeffnung-ab-1730-uhr-gegen-kaiserslautern\/\" \/>\n<meta property=\"og:site_name\" content=\"Fangemeinschaft Preu\u00dfen M\u00fcnster e. V.\" \/>\n<meta property=\"article:published_time\" content=\"2019-01-31T21:27:03+00:00\" \/>\n<meta name=\"author\" content=\"508\" \/>\n<meta name=\"twitter:card\" content=\"summary_large_image\" \/>\n<meta name=\"twitter:label1\" content=\"Verfasst von\" \/>\n\t<meta name=\"twitter:data1\" content=\"508\" \/>\n\t<meta name=\"twitter:label2\" content=\"Gesch\u00e4tzte Lesezeit\" \/>\n\t<meta name=\"twitter:data2\" content=\"1\u00a0Minute\" \/>\n<script type=\"application\/ld+json\" class=\"yoast-schema-graph\">{\"@context\":\"https:\/\/schema.org\",\"@graph\":[{\"@type\":\"Article\",\"@id\":\"https:\/\/www.fanprojekt-muenster.de\/wordpress\/container-oeffnung-ab-1730-uhr-gegen-kaiserslautern\/#article\",\"isPartOf\":{\"@id\":\"https:\/\/www.fanprojekt-muenster.de\/wordpress\/container-oeffnung-ab-1730-uhr-gegen-kaiserslautern\/\"},\"author\":{\"name\":\"508\",\"@id\":\"https:\/\/www.fanprojekt-muenster.de\/wordpress\/#\/schema\/person\/907994394342a6ba0f1be4c546ed7d09\"},\"headline\":\"Container-\u00d6ffnung ab 17:30 Uhr gegen Kaiserslautern\",\"datePublished\":\"2019-01-31T21:27:03+00:00\",\"mainEntityOfPage\":{\"@id\":\"https:\/\/www.fanprojekt-muenster.de\/wordpress\/container-oeffnung-ab-1730-uhr-gegen-kaiserslautern\/\"},\"wordCount\":186,\"publisher\":{\"@id\":\"https:\/\/www.fanprojekt-muenster.de\/wordpress\/#organization\"},\"image\":{\"@id\":\"https:\/\/www.fanprojekt-muenster.de\/wordpress\/container-oeffnung-ab-1730-uhr-gegen-kaiserslautern\/#primaryimage\"},\"thumbnailUrl\":\"\",\"articleSection\":{\"0\":\"Aktionen\",\"1\":\"Aktuelles\",\"3\":\"Spieltage\"},\"inLanguage\":\"de\"},{\"@type\":\"WebPage\",\"@id\":\"https:\/\/www.fanprojekt-muenster.de\/wordpress\/container-oeffnung-ab-1730-uhr-gegen-kaiserslautern\/\",\"url\":\"https:\/\/www.fanprojekt-muenster.de\/wordpress\/container-oeffnung-ab-1730-uhr-gegen-kaiserslautern\/\",\"name\":\"Container-\u00d6ffnung ab 17:30 Uhr gegen Kaiserslautern - Fangemeinschaft Preu\u00dfen M\u00fcnster e. V.\",\"isPartOf\":{\"@id\":\"https:\/\/www.fanprojekt-muenster.de\/wordpress\/#website\"},\"primaryImageOfPage\":{\"@id\":\"https:\/\/www.fanprojekt-muenster.de\/wordpress\/container-oeffnung-ab-1730-uhr-gegen-kaiserslautern\/#primaryimage\"},\"image\":{\"@id\":\"https:\/\/www.fanprojekt-muenster.de\/wordpress\/container-oeffnung-ab-1730-uhr-gegen-kaiserslautern\/#primaryimage\"},\"thumbnailUrl\":\"\",\"datePublished\":\"2019-01-31T21:27:03+00:00\",\"breadcrumb\":{\"@id\":\"https:\/\/www.fanprojekt-muenster.de\/wordpress\/container-oeffnung-ab-1730-uhr-gegen-kaiserslautern\/#breadcrumb\"},\"inLanguage\":\"de\",\"potentialAction\":[{\"@type\":\"ReadAction\",\"target\":[\"https:\/\/www.fanprojekt-muenster.de\/wordpress\/container-oeffnung-ab-1730-uhr-gegen-kaiserslautern\/\"]}]},{\"@type\":\"ImageObject\",\"inLanguage\":\"de\",\"@id\":\"https:\/\/www.fanprojekt-muenster.de\/wordpress\/container-oeffnung-ab-1730-uhr-gegen-kaiserslautern\/#primaryimage\",\"url\":\"\",\"contentUrl\":\"\"},{\"@type\":\"BreadcrumbList\",\"@id\":\"https:\/\/www.fanprojekt-muenster.de\/wordpress\/container-oeffnung-ab-1730-uhr-gegen-kaiserslautern\/#breadcrumb\",\"itemListElement\":[{\"@type\":\"ListItem\",\"position\":1,\"name\":\"Startseite\",\"item\":\"https:\/\/www.fanprojekt-muenster.de\/wordpress\/\"},{\"@type\":\"ListItem\",\"position\":2,\"name\":\"Container-\u00d6ffnung ab 17:30 Uhr gegen Kaiserslautern\"}]},{\"@type\":\"WebSite\",\"@id\":\"https:\/\/www.fanprojekt-muenster.de\/wordpress\/#website\",\"url\":\"https:\/\/www.fanprojekt-muenster.de\/wordpress\/\",\"name\":\"Fangemeinschaft Preu\u00dfen M\u00fcnster e. V.\",\"description\":\"\",\"publisher\":{\"@id\":\"https:\/\/www.fanprojekt-muenster.de\/wordpress\/#organization\"},\"potentialAction\":[{\"@type\":\"SearchAction\",\"target\":{\"@type\":\"EntryPoint\",\"urlTemplate\":\"https:\/\/www.fanprojekt-muenster.de\/wordpress\/?s={search_term_string}\"},\"query-input\":{\"@type\":\"PropertyValueSpecification\",\"valueRequired\":true,\"valueName\":\"search_term_string\"}}],\"inLanguage\":\"de\"},{\"@type\":\"Organization\",\"@id\":\"https:\/\/www.fanprojekt-muenster.de\/wordpress\/#organization\",\"name\":\"Fangemeinschaft Preu\u00dfen M\u00fcnster e. V.\",\"url\":\"https:\/\/www.fanprojekt-muenster.de\/wordpress\/\",\"logo\":{\"@type\":\"ImageObject\",\"inLanguage\":\"de\",\"@id\":\"https:\/\/www.fanprojekt-muenster.de\/wordpress\/#\/schema\/logo\/image\/\",\"url\":\"https:\/\/www.fanprojekt-muenster.de\/wordpress\/wp-content\/uploads\/2019\/07\/cropped-Website_Logo3-9.png\",\"contentUrl\":\"https:\/\/www.fanprojekt-muenster.de\/wordpress\/wp-content\/uploads\/2019\/07\/cropped-Website_Logo3-9.png\",\"width\":224,\"height\":42,\"caption\":\"Fangemeinschaft Preu\u00dfen M\u00fcnster e. V.\"},\"image\":{\"@id\":\"https:\/\/www.fanprojekt-muenster.de\/wordpress\/#\/schema\/logo\/image\/\"}},{\"@type\":\"Person\",\"@id\":\"https:\/\/www.fanprojekt-muenster.de\/wordpress\/#\/schema\/person\/907994394342a6ba0f1be4c546ed7d09\",\"name\":\"508\",\"url\":\"https:\/\/www.fanprojekt-muenster.de\/wordpress\/author\/508\/\"}]}<\/script>\n<!-- \/ Yoast SEO plugin. -->","yoast_head_json":{"title":"Container-\u00d6ffnung ab 17:30 Uhr gegen Kaiserslautern - Fangemeinschaft Preu\u00dfen M\u00fcnster e. V.","robots":{"index":"index","follow":"follow","max-snippet":"max-snippet:-1","max-image-preview":"max-image-preview:large","max-video-preview":"max-video-preview:-1"},"canonical":"https:\/\/www.fanprojekt-muenster.de\/wordpress\/container-oeffnung-ab-1730-uhr-gegen-kaiserslautern\/","og_locale":"de_DE","og_type":"article","og_title":"Container-\u00d6ffnung ab 17:30 Uhr gegen Kaiserslautern - Fangemeinschaft Preu\u00dfen M\u00fcnster e. V.","og_description":"Sonderzug-VVK (gegen 1860 M\u00fcnchen), eine Fan-Umfrage zum Stadionumbau und zu Fanthemen, sowie Getr\u00e4nke und Musik. Das alles l\u00e4uft rund um den Fancontainer, beim ersten Heimspiel im Kalenderjahr 2019 => Freitagabend,... Read more &raquo;","og_url":"https:\/\/www.fanprojekt-muenster.de\/wordpress\/container-oeffnung-ab-1730-uhr-gegen-kaiserslautern\/","og_site_name":"Fangemeinschaft Preu\u00dfen M\u00fcnster e. V.","article_published_time":"2019-01-31T21:27:03+00:00","author":"508","twitter_card":"summary_large_image","twitter_misc":{"Verfasst von":"508","Gesch\u00e4tzte Lesezeit":"1\u00a0Minute"},"schema":{"@context":"https:\/\/schema.org","@graph":[{"@type":"Article","@id":"https:\/\/www.fanprojekt-muenster.de\/wordpress\/container-oeffnung-ab-1730-uhr-gegen-kaiserslautern\/#article","isPartOf":{"@id":"https:\/\/www.fanprojekt-muenster.de\/wordpress\/container-oeffnung-ab-1730-uhr-gegen-kaiserslautern\/"},"author":{"name":"508","@id":"https:\/\/www.fanprojekt-muenster.de\/wordpress\/#\/schema\/person\/907994394342a6ba0f1be4c546ed7d09"},"headline":"Container-\u00d6ffnung ab 17:30 Uhr gegen Kaiserslautern","datePublished":"2019-01-31T21:27:03+00:00","mainEntityOfPage":{"@id":"https:\/\/www.fanprojekt-muenster.de\/wordpress\/container-oeffnung-ab-1730-uhr-gegen-kaiserslautern\/"},"wordCount":186,"publisher":{"@id":"https:\/\/www.fanprojekt-muenster.de\/wordpress\/#organization"},"image":{"@id":"https:\/\/www.fanprojekt-muenster.de\/wordpress\/container-oeffnung-ab-1730-uhr-gegen-kaiserslautern\/#primaryimage"},"thumbnailUrl":"","articleSection":{"0":"Aktionen","1":"Aktuelles","3":"Spieltage"},"inLanguage":"de"},{"@type":"WebPage","@id":"https:\/\/www.fanprojekt-muenster.de\/wordpress\/container-oeffnung-ab-1730-uhr-gegen-kaiserslautern\/","url":"https:\/\/www.fanprojekt-muenster.de\/wordpress\/container-oeffnung-ab-1730-uhr-gegen-kaiserslautern\/","name":"Container-\u00d6ffnung ab 17:30 Uhr gegen Kaiserslautern - Fangemeinschaft Preu\u00dfen M\u00fcnster e. V.","isPartOf":{"@id":"https:\/\/www.fanprojekt-muenster.de\/wordpress\/#website"},"primaryImageOfPage":{"@id":"https:\/\/www.fanprojekt-muenster.de\/wordpress\/container-oeffnung-ab-1730-uhr-gegen-kaiserslautern\/#primaryimage"},"image":{"@id":"https:\/\/www.fanprojekt-muenster.de\/wordpress\/container-oeffnung-ab-1730-uhr-gegen-kaiserslautern\/#primaryimage"},"thumbnailUrl":"","datePublished":"2019-01-31T21:27:03+00:00","breadcrumb":{"@id":"https:\/\/www.fanprojekt-muenster.de\/wordpress\/container-oeffnung-ab-1730-uhr-gegen-kaiserslautern\/#breadcrumb"},"inLanguage":"de","potentialAction":[{"@type":"ReadAction","target":["https:\/\/www.fanprojekt-muenster.de\/wordpress\/container-oeffnung-ab-1730-uhr-gegen-kaiserslautern\/"]}]},{"@type":"ImageObject","inLanguage":"de","@id":"https:\/\/www.fanprojekt-muenster.de\/wordpress\/container-oeffnung-ab-1730-uhr-gegen-kaiserslautern\/#primaryimage","url":"","contentUrl":""},{"@type":"BreadcrumbList","@id":"https:\/\/www.fanprojekt-muenster.de\/wordpress\/container-oeffnung-ab-1730-uhr-gegen-kaiserslautern\/#breadcrumb","itemListElement":[{"@type":"ListItem","position":1,"name":"Startseite","item":"https:\/\/www.fanprojekt-muenster.de\/wordpress\/"},{"@type":"ListItem","position":2,"name":"Container-\u00d6ffnung ab 17:30 Uhr gegen Kaiserslautern"}]},{"@type":"WebSite","@id":"https:\/\/www.fanprojekt-muenster.de\/wordpress\/#website","url":"https:\/\/www.fanprojekt-muenster.de\/wordpress\/","name":"Fangemeinschaft Preu\u00dfen M\u00fcnster e. V.","description":"","publisher":{"@id":"https:\/\/www.fanprojekt-muenster.de\/wordpress\/#organization"},"potentialAction":[{"@type":"SearchAction","target":{"@type":"EntryPoint","urlTemplate":"https:\/\/www.fanprojekt-muenster.de\/wordpress\/?s={search_term_string}"},"query-input":{"@type":"PropertyValueSpecification","valueRequired":true,"valueName":"search_term_string"}}],"inLanguage":"de"},{"@type":"Organization","@id":"https:\/\/www.fanprojekt-muenster.de\/wordpress\/#organization","name":"Fangemeinschaft Preu\u00dfen M\u00fcnster e. V.","url":"https:\/\/www.fanprojekt-muenster.de\/wordpress\/","logo":{"@type":"ImageObject","inLanguage":"de","@id":"https:\/\/www.fanprojekt-muenster.de\/wordpress\/#\/schema\/logo\/image\/","url":"https:\/\/www.fanprojekt-muenster.de\/wordpress\/wp-content\/uploads\/2019\/07\/cropped-Website_Logo3-9.png","contentUrl":"https:\/\/www.fanprojekt-muenster.de\/wordpress\/wp-content\/uploads\/2019\/07\/cropped-Website_Logo3-9.png","width":224,"height":42,"caption":"Fangemeinschaft Preu\u00dfen M\u00fcnster e. V."},"image":{"@id":"https:\/\/www.fanprojekt-muenster.de\/wordpress\/#\/schema\/logo\/image\/"}},{"@type":"Person","@id":"https:\/\/www.fanprojekt-muenster.de\/wordpress\/#\/schema\/person\/907994394342a6ba0f1be4c546ed7d09","name":"508","url":"https:\/\/www.fanprojekt-muenster.de\/wordpress\/author\/508\/"}]}},"author_meta":{"display_name":"508","author_link":"https:\/\/www.fanprojekt-muenster.de\/wordpress\/author\/508\/"},"featured_img":null,"coauthors":[],"tax_additional":{"categories":{"linked":["<a href=\"https:\/\/www.fanprojekt-muenster.de\/wordpress\/category\/aktionen\/\" class=\"advgb-post-tax-term\">Aktionen<\/a>","<a href=\"https:\/\/www.fanprojekt-muenster.de\/wordpress\/category\/aktuelles\/\" class=\"advgb-post-tax-term\">Aktuelles<\/a>","<a href=\"https:\/\/www.fanprojekt-muenster.de\/wordpress\/category\/allgemein\/\" class=\"advgb-post-tax-term\">Allgemein<\/a>","<a href=\"https:\/\/www.fanprojekt-muenster.de\/wordpress\/category\/spieltage\/\" class=\"advgb-post-tax-term\">Spieltage<\/a>"],"unlinked":["<span class=\"advgb-post-tax-term\">Aktionen<\/span>","<span class=\"advgb-post-tax-term\">Aktuelles<\/span>","<span class=\"advgb-post-tax-term\">Allgemein<\/span>","<span class=\"advgb-post-tax-term\">Spieltage<\/span>"]}},"comment_count":"0","relative_dates":{"created":"Posted 7\u00a0Jahren ago","modified":"Updated 7\u00a0Jahren ago"},"absolute_dates":{"created":"Posted on 31. Januar 2019","modified":"Updated on 31. Januar 2019"},"absolute_dates_time":{"created":"Posted on 31. Januar 2019 23:27","modified":"Updated on 31. Januar 2019 23:27"},"featured_img_caption":"","series_order":"","_links":{"self":[{"href":"https:\/\/www.fanprojekt-muenster.de\/wordpress\/wp-json\/wp\/v2\/posts\/5808","targetHints":{"allow":["GET"]}}],"collection":[{"href":"https:\/\/www.fanprojekt-muenster.de\/wordpress\/wp-json\/wp\/v2\/posts"}],"about":[{"href":"https:\/\/www.fanprojekt-muenster.de\/wordpress\/wp-json\/wp\/v2\/types\/post"}],"author":[{"embeddable":true,"href":"https:\/\/www.fanprojekt-muenster.de\/wordpress\/wp-json\/wp\/v2\/users\/6"}],"replies":[{"embeddable":true,"href":"https:\/\/www.fanprojekt-muenster.de\/wordpress\/wp-json\/wp\/v2\/comments?post=5808"}],"version-history":[{"count":0,"href":"https:\/\/www.fanprojekt-muenster.de\/wordpress\/wp-json\/wp\/v2\/posts\/5808\/revisions"}],"wp:featuredmedia":[{"embeddable":true,"href":"https:\/\/www.fanprojekt-muenster.de\/wordpress\/wp-json\/"}],"wp:attachment":[{"href":"https:\/\/www.fanprojekt-muenster.de\/wordpress\/wp-json\/wp\/v2\/media?parent=5808"}],"wp:term":[{"taxonomy":"category","embeddable":true,"href":"https:\/\/www.fanprojekt-muenster.de\/wordpress\/wp-json\/wp\/v2\/categories?post=5808"},{"taxonomy":"post_tag","embeddable":true,"href":"https:\/\/www.fanprojekt-muenster.de\/wordpress\/wp-json\/wp\/v2\/tags?post=5808"}],"curies":[{"name":"wp","href":"https:\/\/api.w.org\/{rel}","templated":true}]}}