{"id":5803,"date":"2019-01-30T00:12:42","date_gmt":"2019-01-29T22:12:42","guid":{"rendered":"http:\/\/www.fanprojekt-muenster.de\/wp\/?p=5803"},"modified":"2019-01-30T00:12:42","modified_gmt":"2019-01-29T22:12:42","slug":"oeffentlicher-vorverkauf-startet-gegen-kaiserslautern","status":"publish","type":"post","link":"https:\/\/www.fanprojekt-muenster.de\/wordpress\/oeffentlicher-vorverkauf-startet-gegen-kaiserslautern\/","title":{"rendered":"\u00d6ffentlicher Vorverkauf startet gegen Kaiserslautern am Fancontainer!"},"content":{"rendered":"<p>Der \u00f6ffentliche Vorverkauf f\u00fcr den Sonderzug zum Ausw\u00e4rtsspiel gegen TSV 1860 M\u00fcnchen (13.04.2019) startet endlich und zwar zum Heimspiel gegen den 1. FC Kaiserslautern. Ab 17:30 Uhr \u00f6ffnet der Fancontainer bis kurz vor Anpfiff (19:00 Uhr). Nach dem Abpfiff k\u00f6nnen noch Karten bis 22:15 Uhr gesichert werden. Der Fancontainer befindet sich am Abgang hinter den Kassenh\u00e4uschen.<br \/>\nDie letzten M\u00f6glichkeiten bestehen dann bei den folgenden Heimspielen:<br \/>\nSamstag, 16.02.2019 gegen Osnabr\u00fcck: 12:30-13:45 &#038; 15:55-17:15 Uhr<br \/>\nSamstag, 02.03.2019 gegen Aalen: 12:30-13:45 &#038; 15:55-17:15 Uhr<\/p>\n<p>Der Fahrpreis, worin die Sitzplatzreservierung inbegriffen ist, betr\u00e4gt 79 EUR f\u00fcr Fanprojekt-Mitglieder, 89 EUR f\u00fcr Vollzahler.<\/p>\n<p>Der Online-Verkauf endet am 03.03.2019. Bis dahin m\u00fcssen mindestens 400 Mitfahrer gebucht und bezahlt haben, damit der Sonderzug fahren kann.<br \/>\nDas Spieltag wird zwar erst zwei Wochen vorher endg\u00fcltig vom DFB bestimmt, aber wir gehen fest davon aus, dass wir Samstag (13.04.) fahren werden.<\/p>\n<p>F\u00fcr die Anmeldung ist es wichtig, dass die Personen, die zusammensitzen m\u00f6chten, nur einen Anmeldebogen ausf\u00fcllen und gemeinsam bezahlen. Andernfalls kann das Fanprojekt nicht sicherstellen, dass die Sitzpl\u00e4tze tats\u00e4chlich nebeneinander sind.<\/p>\n<p>Weitere Informationen unter <a href=\"http:\/\/www.fanprojekt-muenster.de\/wp\/2019\/01\/23\/faq-fragen-und-antworten-zum-sonderzug-nach-muenchen\/\">FAQ: Fragen und Antworten<\/a>.<\/p>\n","protected":false},"excerpt":{"rendered":"<p>Der \u00f6ffentliche Vorverkauf f\u00fcr den Sonderzug zum Ausw\u00e4rtsspiel gegen TSV 1860 M\u00fcnchen (13.04.2019) startet endlich und zwar zum Heimspiel gegen den 1. FC Kaiserslautern. Ab 17:30 Uhr \u00f6ffnet der Fancontainer&#8230; <a class=\"read-more-link\" href=\"https:\/\/www.fanprojekt-muenster.de\/wordpress\/oeffentlicher-vorverkauf-startet-gegen-kaiserslautern\/\">Read more &raquo;<\/a><\/p>\n","protected":false},"author":6,"featured_media":5804,"comment_status":"closed","ping_status":"closed","sticky":false,"template":"","format":"standard","meta":{"advgb_blocks_editor_width":"","advgb_blocks_columns_visual_guide":"","footnotes":""},"categories":[2,3,1,4,13,16],"tags":[],"class_list":["post-5803","post","type-post","status-publish","format-standard","has-post-thumbnail","hentry","category-aktionen","category-aktuelles","category-allgemein","category-auswarts","category-sonderzug-nach-muenchen","category-veranstaltungen"],"featured_image_src":null,"author_info":{"display_name":"508","author_link":"https:\/\/www.fanprojekt-muenster.de\/wordpress\/author\/508\/"},"yoast_head":"<!-- This site is optimized with the Yoast SEO plugin v27.2 - https:\/\/yoast.com\/product\/yoast-seo-wordpress\/ -->\n<title>\u00d6ffentlicher Vorverkauf startet gegen Kaiserslautern am Fancontainer! - Fangemeinschaft Preu\u00dfen M\u00fcnster e. V.<\/title>\n<meta name=\"robots\" content=\"index, follow, max-snippet:-1, max-image-preview:large, max-video-preview:-1\" \/>\n<link rel=\"canonical\" href=\"https:\/\/www.fanprojekt-muenster.de\/wordpress\/oeffentlicher-vorverkauf-startet-gegen-kaiserslautern\/\" \/>\n<meta property=\"og:locale\" content=\"de_DE\" \/>\n<meta property=\"og:type\" content=\"article\" \/>\n<meta property=\"og:title\" content=\"\u00d6ffentlicher Vorverkauf startet gegen Kaiserslautern am Fancontainer! - Fangemeinschaft Preu\u00dfen M\u00fcnster e. V.\" \/>\n<meta property=\"og:description\" content=\"Der \u00f6ffentliche Vorverkauf f\u00fcr den Sonderzug zum Ausw\u00e4rtsspiel gegen TSV 1860 M\u00fcnchen (13.04.2019) startet endlich und zwar zum Heimspiel gegen den 1. FC Kaiserslautern. Ab 17:30 Uhr \u00f6ffnet der Fancontainer... Read more &raquo;\" \/>\n<meta property=\"og:url\" content=\"https:\/\/www.fanprojekt-muenster.de\/wordpress\/oeffentlicher-vorverkauf-startet-gegen-kaiserslautern\/\" \/>\n<meta property=\"og:site_name\" content=\"Fangemeinschaft Preu\u00dfen M\u00fcnster e. V.\" \/>\n<meta property=\"article:published_time\" content=\"2019-01-29T22:12:42+00:00\" \/>\n<meta name=\"author\" content=\"508\" \/>\n<meta name=\"twitter:card\" content=\"summary_large_image\" \/>\n<meta name=\"twitter:label1\" content=\"Verfasst von\" \/>\n\t<meta name=\"twitter:data1\" content=\"508\" \/>\n\t<meta name=\"twitter:label2\" content=\"Gesch\u00e4tzte Lesezeit\" \/>\n\t<meta name=\"twitter:data2\" content=\"1\u00a0Minute\" \/>\n<script type=\"application\/ld+json\" class=\"yoast-schema-graph\">{\"@context\":\"https:\/\/schema.org\",\"@graph\":[{\"@type\":\"Article\",\"@id\":\"https:\/\/www.fanprojekt-muenster.de\/wordpress\/oeffentlicher-vorverkauf-startet-gegen-kaiserslautern\/#article\",\"isPartOf\":{\"@id\":\"https:\/\/www.fanprojekt-muenster.de\/wordpress\/oeffentlicher-vorverkauf-startet-gegen-kaiserslautern\/\"},\"author\":{\"name\":\"508\",\"@id\":\"https:\/\/www.fanprojekt-muenster.de\/wordpress\/#\/schema\/person\/907994394342a6ba0f1be4c546ed7d09\"},\"headline\":\"\u00d6ffentlicher Vorverkauf startet gegen Kaiserslautern am Fancontainer!\",\"datePublished\":\"2019-01-29T22:12:42+00:00\",\"mainEntityOfPage\":{\"@id\":\"https:\/\/www.fanprojekt-muenster.de\/wordpress\/oeffentlicher-vorverkauf-startet-gegen-kaiserslautern\/\"},\"wordCount\":188,\"publisher\":{\"@id\":\"https:\/\/www.fanprojekt-muenster.de\/wordpress\/#organization\"},\"image\":{\"@id\":\"https:\/\/www.fanprojekt-muenster.de\/wordpress\/oeffentlicher-vorverkauf-startet-gegen-kaiserslautern\/#primaryimage\"},\"thumbnailUrl\":\"\",\"articleSection\":{\"0\":\"Aktionen\",\"1\":\"Aktuelles\",\"3\":\"Ausw\u00e4rts\",\"4\":\"Sonderzug nach M\u00fcnchen\",\"5\":\"Veranstaltungen\"},\"inLanguage\":\"de\"},{\"@type\":\"WebPage\",\"@id\":\"https:\/\/www.fanprojekt-muenster.de\/wordpress\/oeffentlicher-vorverkauf-startet-gegen-kaiserslautern\/\",\"url\":\"https:\/\/www.fanprojekt-muenster.de\/wordpress\/oeffentlicher-vorverkauf-startet-gegen-kaiserslautern\/\",\"name\":\"\u00d6ffentlicher Vorverkauf startet gegen Kaiserslautern am Fancontainer! - Fangemeinschaft Preu\u00dfen M\u00fcnster e. V.\",\"isPartOf\":{\"@id\":\"https:\/\/www.fanprojekt-muenster.de\/wordpress\/#website\"},\"primaryImageOfPage\":{\"@id\":\"https:\/\/www.fanprojekt-muenster.de\/wordpress\/oeffentlicher-vorverkauf-startet-gegen-kaiserslautern\/#primaryimage\"},\"image\":{\"@id\":\"https:\/\/www.fanprojekt-muenster.de\/wordpress\/oeffentlicher-vorverkauf-startet-gegen-kaiserslautern\/#primaryimage\"},\"thumbnailUrl\":\"\",\"datePublished\":\"2019-01-29T22:12:42+00:00\",\"breadcrumb\":{\"@id\":\"https:\/\/www.fanprojekt-muenster.de\/wordpress\/oeffentlicher-vorverkauf-startet-gegen-kaiserslautern\/#breadcrumb\"},\"inLanguage\":\"de\",\"potentialAction\":[{\"@type\":\"ReadAction\",\"target\":[\"https:\/\/www.fanprojekt-muenster.de\/wordpress\/oeffentlicher-vorverkauf-startet-gegen-kaiserslautern\/\"]}]},{\"@type\":\"ImageObject\",\"inLanguage\":\"de\",\"@id\":\"https:\/\/www.fanprojekt-muenster.de\/wordpress\/oeffentlicher-vorverkauf-startet-gegen-kaiserslautern\/#primaryimage\",\"url\":\"\",\"contentUrl\":\"\"},{\"@type\":\"BreadcrumbList\",\"@id\":\"https:\/\/www.fanprojekt-muenster.de\/wordpress\/oeffentlicher-vorverkauf-startet-gegen-kaiserslautern\/#breadcrumb\",\"itemListElement\":[{\"@type\":\"ListItem\",\"position\":1,\"name\":\"Startseite\",\"item\":\"https:\/\/www.fanprojekt-muenster.de\/wordpress\/\"},{\"@type\":\"ListItem\",\"position\":2,\"name\":\"\u00d6ffentlicher Vorverkauf startet gegen Kaiserslautern am Fancontainer!\"}]},{\"@type\":\"WebSite\",\"@id\":\"https:\/\/www.fanprojekt-muenster.de\/wordpress\/#website\",\"url\":\"https:\/\/www.fanprojekt-muenster.de\/wordpress\/\",\"name\":\"Fangemeinschaft Preu\u00dfen M\u00fcnster e. V.\",\"description\":\"\",\"publisher\":{\"@id\":\"https:\/\/www.fanprojekt-muenster.de\/wordpress\/#organization\"},\"potentialAction\":[{\"@type\":\"SearchAction\",\"target\":{\"@type\":\"EntryPoint\",\"urlTemplate\":\"https:\/\/www.fanprojekt-muenster.de\/wordpress\/?s={search_term_string}\"},\"query-input\":{\"@type\":\"PropertyValueSpecification\",\"valueRequired\":true,\"valueName\":\"search_term_string\"}}],\"inLanguage\":\"de\"},{\"@type\":\"Organization\",\"@id\":\"https:\/\/www.fanprojekt-muenster.de\/wordpress\/#organization\",\"name\":\"Fangemeinschaft Preu\u00dfen M\u00fcnster e. V.\",\"url\":\"https:\/\/www.fanprojekt-muenster.de\/wordpress\/\",\"logo\":{\"@type\":\"ImageObject\",\"inLanguage\":\"de\",\"@id\":\"https:\/\/www.fanprojekt-muenster.de\/wordpress\/#\/schema\/logo\/image\/\",\"url\":\"https:\/\/www.fanprojekt-muenster.de\/wordpress\/wp-content\/uploads\/2019\/07\/cropped-Website_Logo3-9.png\",\"contentUrl\":\"https:\/\/www.fanprojekt-muenster.de\/wordpress\/wp-content\/uploads\/2019\/07\/cropped-Website_Logo3-9.png\",\"width\":224,\"height\":42,\"caption\":\"Fangemeinschaft Preu\u00dfen M\u00fcnster e. V.\"},\"image\":{\"@id\":\"https:\/\/www.fanprojekt-muenster.de\/wordpress\/#\/schema\/logo\/image\/\"}},{\"@type\":\"Person\",\"@id\":\"https:\/\/www.fanprojekt-muenster.de\/wordpress\/#\/schema\/person\/907994394342a6ba0f1be4c546ed7d09\",\"name\":\"508\",\"url\":\"https:\/\/www.fanprojekt-muenster.de\/wordpress\/author\/508\/\"}]}<\/script>\n<!-- \/ Yoast SEO plugin. -->","yoast_head_json":{"title":"\u00d6ffentlicher Vorverkauf startet gegen Kaiserslautern am Fancontainer! - Fangemeinschaft Preu\u00dfen M\u00fcnster e. V.","robots":{"index":"index","follow":"follow","max-snippet":"max-snippet:-1","max-image-preview":"max-image-preview:large","max-video-preview":"max-video-preview:-1"},"canonical":"https:\/\/www.fanprojekt-muenster.de\/wordpress\/oeffentlicher-vorverkauf-startet-gegen-kaiserslautern\/","og_locale":"de_DE","og_type":"article","og_title":"\u00d6ffentlicher Vorverkauf startet gegen Kaiserslautern am Fancontainer! - Fangemeinschaft Preu\u00dfen M\u00fcnster e. V.","og_description":"Der \u00f6ffentliche Vorverkauf f\u00fcr den Sonderzug zum Ausw\u00e4rtsspiel gegen TSV 1860 M\u00fcnchen (13.04.2019) startet endlich und zwar zum Heimspiel gegen den 1. FC Kaiserslautern. Ab 17:30 Uhr \u00f6ffnet der Fancontainer... Read more &raquo;","og_url":"https:\/\/www.fanprojekt-muenster.de\/wordpress\/oeffentlicher-vorverkauf-startet-gegen-kaiserslautern\/","og_site_name":"Fangemeinschaft Preu\u00dfen M\u00fcnster e. V.","article_published_time":"2019-01-29T22:12:42+00:00","author":"508","twitter_card":"summary_large_image","twitter_misc":{"Verfasst von":"508","Gesch\u00e4tzte Lesezeit":"1\u00a0Minute"},"schema":{"@context":"https:\/\/schema.org","@graph":[{"@type":"Article","@id":"https:\/\/www.fanprojekt-muenster.de\/wordpress\/oeffentlicher-vorverkauf-startet-gegen-kaiserslautern\/#article","isPartOf":{"@id":"https:\/\/www.fanprojekt-muenster.de\/wordpress\/oeffentlicher-vorverkauf-startet-gegen-kaiserslautern\/"},"author":{"name":"508","@id":"https:\/\/www.fanprojekt-muenster.de\/wordpress\/#\/schema\/person\/907994394342a6ba0f1be4c546ed7d09"},"headline":"\u00d6ffentlicher Vorverkauf startet gegen Kaiserslautern am Fancontainer!","datePublished":"2019-01-29T22:12:42+00:00","mainEntityOfPage":{"@id":"https:\/\/www.fanprojekt-muenster.de\/wordpress\/oeffentlicher-vorverkauf-startet-gegen-kaiserslautern\/"},"wordCount":188,"publisher":{"@id":"https:\/\/www.fanprojekt-muenster.de\/wordpress\/#organization"},"image":{"@id":"https:\/\/www.fanprojekt-muenster.de\/wordpress\/oeffentlicher-vorverkauf-startet-gegen-kaiserslautern\/#primaryimage"},"thumbnailUrl":"","articleSection":{"0":"Aktionen","1":"Aktuelles","3":"Ausw\u00e4rts","4":"Sonderzug nach M\u00fcnchen","5":"Veranstaltungen"},"inLanguage":"de"},{"@type":"WebPage","@id":"https:\/\/www.fanprojekt-muenster.de\/wordpress\/oeffentlicher-vorverkauf-startet-gegen-kaiserslautern\/","url":"https:\/\/www.fanprojekt-muenster.de\/wordpress\/oeffentlicher-vorverkauf-startet-gegen-kaiserslautern\/","name":"\u00d6ffentlicher Vorverkauf startet gegen Kaiserslautern am Fancontainer! - Fangemeinschaft Preu\u00dfen M\u00fcnster e. V.","isPartOf":{"@id":"https:\/\/www.fanprojekt-muenster.de\/wordpress\/#website"},"primaryImageOfPage":{"@id":"https:\/\/www.fanprojekt-muenster.de\/wordpress\/oeffentlicher-vorverkauf-startet-gegen-kaiserslautern\/#primaryimage"},"image":{"@id":"https:\/\/www.fanprojekt-muenster.de\/wordpress\/oeffentlicher-vorverkauf-startet-gegen-kaiserslautern\/#primaryimage"},"thumbnailUrl":"","datePublished":"2019-01-29T22:12:42+00:00","breadcrumb":{"@id":"https:\/\/www.fanprojekt-muenster.de\/wordpress\/oeffentlicher-vorverkauf-startet-gegen-kaiserslautern\/#breadcrumb"},"inLanguage":"de","potentialAction":[{"@type":"ReadAction","target":["https:\/\/www.fanprojekt-muenster.de\/wordpress\/oeffentlicher-vorverkauf-startet-gegen-kaiserslautern\/"]}]},{"@type":"ImageObject","inLanguage":"de","@id":"https:\/\/www.fanprojekt-muenster.de\/wordpress\/oeffentlicher-vorverkauf-startet-gegen-kaiserslautern\/#primaryimage","url":"","contentUrl":""},{"@type":"BreadcrumbList","@id":"https:\/\/www.fanprojekt-muenster.de\/wordpress\/oeffentlicher-vorverkauf-startet-gegen-kaiserslautern\/#breadcrumb","itemListElement":[{"@type":"ListItem","position":1,"name":"Startseite","item":"https:\/\/www.fanprojekt-muenster.de\/wordpress\/"},{"@type":"ListItem","position":2,"name":"\u00d6ffentlicher Vorverkauf startet gegen Kaiserslautern am Fancontainer!"}]},{"@type":"WebSite","@id":"https:\/\/www.fanprojekt-muenster.de\/wordpress\/#website","url":"https:\/\/www.fanprojekt-muenster.de\/wordpress\/","name":"Fangemeinschaft Preu\u00dfen M\u00fcnster e. V.","description":"","publisher":{"@id":"https:\/\/www.fanprojekt-muenster.de\/wordpress\/#organization"},"potentialAction":[{"@type":"SearchAction","target":{"@type":"EntryPoint","urlTemplate":"https:\/\/www.fanprojekt-muenster.de\/wordpress\/?s={search_term_string}"},"query-input":{"@type":"PropertyValueSpecification","valueRequired":true,"valueName":"search_term_string"}}],"inLanguage":"de"},{"@type":"Organization","@id":"https:\/\/www.fanprojekt-muenster.de\/wordpress\/#organization","name":"Fangemeinschaft Preu\u00dfen M\u00fcnster e. V.","url":"https:\/\/www.fanprojekt-muenster.de\/wordpress\/","logo":{"@type":"ImageObject","inLanguage":"de","@id":"https:\/\/www.fanprojekt-muenster.de\/wordpress\/#\/schema\/logo\/image\/","url":"https:\/\/www.fanprojekt-muenster.de\/wordpress\/wp-content\/uploads\/2019\/07\/cropped-Website_Logo3-9.png","contentUrl":"https:\/\/www.fanprojekt-muenster.de\/wordpress\/wp-content\/uploads\/2019\/07\/cropped-Website_Logo3-9.png","width":224,"height":42,"caption":"Fangemeinschaft Preu\u00dfen M\u00fcnster e. V."},"image":{"@id":"https:\/\/www.fanprojekt-muenster.de\/wordpress\/#\/schema\/logo\/image\/"}},{"@type":"Person","@id":"https:\/\/www.fanprojekt-muenster.de\/wordpress\/#\/schema\/person\/907994394342a6ba0f1be4c546ed7d09","name":"508","url":"https:\/\/www.fanprojekt-muenster.de\/wordpress\/author\/508\/"}]}},"author_meta":{"display_name":"508","author_link":"https:\/\/www.fanprojekt-muenster.de\/wordpress\/author\/508\/"},"featured_img":null,"coauthors":[],"tax_additional":{"categories":{"linked":["<a href=\"https:\/\/www.fanprojekt-muenster.de\/wordpress\/category\/aktionen\/\" class=\"advgb-post-tax-term\">Aktionen<\/a>","<a href=\"https:\/\/www.fanprojekt-muenster.de\/wordpress\/category\/aktuelles\/\" class=\"advgb-post-tax-term\">Aktuelles<\/a>","<a href=\"https:\/\/www.fanprojekt-muenster.de\/wordpress\/category\/allgemein\/\" class=\"advgb-post-tax-term\">Allgemein<\/a>","<a href=\"https:\/\/www.fanprojekt-muenster.de\/wordpress\/category\/auswarts\/\" class=\"advgb-post-tax-term\">Ausw\u00e4rts<\/a>","<a href=\"https:\/\/www.fanprojekt-muenster.de\/wordpress\/category\/sonderzug-nach-muenchen\/\" class=\"advgb-post-tax-term\">Sonderzug nach M\u00fcnchen<\/a>","<a href=\"https:\/\/www.fanprojekt-muenster.de\/wordpress\/category\/veranstaltungen\/\" class=\"advgb-post-tax-term\">Veranstaltungen<\/a>"],"unlinked":["<span class=\"advgb-post-tax-term\">Aktionen<\/span>","<span class=\"advgb-post-tax-term\">Aktuelles<\/span>","<span class=\"advgb-post-tax-term\">Allgemein<\/span>","<span class=\"advgb-post-tax-term\">Ausw\u00e4rts<\/span>","<span class=\"advgb-post-tax-term\">Sonderzug nach M\u00fcnchen<\/span>","<span class=\"advgb-post-tax-term\">Veranstaltungen<\/span>"]}},"comment_count":"0","relative_dates":{"created":"Posted 7\u00a0Jahren ago","modified":"Updated 7\u00a0Jahren ago"},"absolute_dates":{"created":"Posted on 30. Januar 2019","modified":"Updated on 30. Januar 2019"},"absolute_dates_time":{"created":"Posted on 30. Januar 2019 0:12","modified":"Updated on 30. Januar 2019 0:12"},"featured_img_caption":"","series_order":"","_links":{"self":[{"href":"https:\/\/www.fanprojekt-muenster.de\/wordpress\/wp-json\/wp\/v2\/posts\/5803","targetHints":{"allow":["GET"]}}],"collection":[{"href":"https:\/\/www.fanprojekt-muenster.de\/wordpress\/wp-json\/wp\/v2\/posts"}],"about":[{"href":"https:\/\/www.fanprojekt-muenster.de\/wordpress\/wp-json\/wp\/v2\/types\/post"}],"author":[{"embeddable":true,"href":"https:\/\/www.fanprojekt-muenster.de\/wordpress\/wp-json\/wp\/v2\/users\/6"}],"replies":[{"embeddable":true,"href":"https:\/\/www.fanprojekt-muenster.de\/wordpress\/wp-json\/wp\/v2\/comments?post=5803"}],"version-history":[{"count":0,"href":"https:\/\/www.fanprojekt-muenster.de\/wordpress\/wp-json\/wp\/v2\/posts\/5803\/revisions"}],"wp:featuredmedia":[{"embeddable":true,"href":"https:\/\/www.fanprojekt-muenster.de\/wordpress\/wp-json\/"}],"wp:attachment":[{"href":"https:\/\/www.fanprojekt-muenster.de\/wordpress\/wp-json\/wp\/v2\/media?parent=5803"}],"wp:term":[{"taxonomy":"category","embeddable":true,"href":"https:\/\/www.fanprojekt-muenster.de\/wordpress\/wp-json\/wp\/v2\/categories?post=5803"},{"taxonomy":"post_tag","embeddable":true,"href":"https:\/\/www.fanprojekt-muenster.de\/wordpress\/wp-json\/wp\/v2\/tags?post=5803"}],"curies":[{"name":"wp","href":"https:\/\/api.w.org\/{rel}","templated":true}]}}