{"id":5799,"date":"2019-01-24T14:47:15","date_gmt":"2019-01-24T12:47:15","guid":{"rendered":"http:\/\/www.fanprojekt-muenster.de\/wp\/?p=5799"},"modified":"2019-01-24T14:47:15","modified_gmt":"2019-01-24T12:47:15","slug":"oeffentliches-treffen-04-02-2019-1906-uhr-fanport","status":"publish","type":"post","link":"https:\/\/www.fanprojekt-muenster.de\/wordpress\/oeffentliches-treffen-04-02-2019-1906-uhr-fanport\/","title":{"rendered":"\u00d6ffentliches Treffen: 04.02.2019, 19:06 Uhr, FANport"},"content":{"rendered":"<p>Das n\u00e4chste \u00f6ffentliche Treffen steht an, mit wichtigen Themen.<br \/>\nDer Vorstand des Fanprojekt Preu\u00dfen M\u00fcnster e.V. l\u00e4dt dazu<br \/>\nam <strong>Montag, 04.02.2019 <\/strong><br \/>\nab <strong>19:06 Uhr<\/strong><br \/>\nin den <strong>FANport<\/strong> ein.<\/p>\n<p>Alle Interessierte, ob Fanprojekt-Mitglieder oder nicht, sind willkommen, um \u00fcber aktuelle Fanthemen zu sprechen und diskutieren. Konkret geht es einmal um den Stadion-Umbau und die Partizipation von Fans. Und selbstverst\u00e4ndlich gibt es <a href=\"http:\/\/www.fanprojekt-muenster.de\/wp\/auswaertsspiele\/sonderzug-nach-muenchen\/\">aktuellen Informationen zum anstehenden Sonderzug nach M\u00fcnchen<\/a>. Anmeldungen k\u00f6nnen auch am Abend gemacht werden.<\/p>\n<p>Das \u00f6ffentliche Treffen nutzt der <a href=\"http:\/\/www.fanprojekt-muenster.de\/wp\/uber-uns\/vorstand\/\">Vorstand des Fanprojekt Preu\u00dfen M\u00fcnster e.V.<\/a>, um mit den Fans aktuelle Themen zu besprechen. Die Eindr\u00fccke flie\u00dfen dann in die weitere Vorstandsarbeit ein.<\/p>\n<p><a href=\"https:\/\/www.fanport-muenster.de\/kontakt.html\" rel=\"noopener noreferrer\" target=\"_blank\">Hier findest du die Anfahrt zum FANport.<\/a><\/p>\n","protected":false},"excerpt":{"rendered":"<p>Das n\u00e4chste \u00f6ffentliche Treffen steht an, mit wichtigen Themen. Der Vorstand des Fanprojekt Preu\u00dfen M\u00fcnster e.V. l\u00e4dt dazu am Montag, 04.02.2019 ab 19:06 Uhr in den FANport ein. Alle Interessierte,&#8230; <a class=\"read-more-link\" href=\"https:\/\/www.fanprojekt-muenster.de\/wordpress\/oeffentliches-treffen-04-02-2019-1906-uhr-fanport\/\">Read more &raquo;<\/a><\/p>\n","protected":false},"author":6,"featured_media":1035,"comment_status":"closed","ping_status":"closed","sticky":false,"template":"","format":"standard","meta":{"advgb_blocks_editor_width":"","advgb_blocks_columns_visual_guide":"","footnotes":""},"categories":[3,1],"tags":[],"class_list":["post-5799","post","type-post","status-publish","format-standard","has-post-thumbnail","hentry","category-aktuelles","category-allgemein"],"featured_image_src":"https:\/\/www.fanprojekt-muenster.de\/wordpress\/wp-content\/uploads\/2013\/07\/App_Bild.jpg","author_info":{"display_name":"508","author_link":"https:\/\/www.fanprojekt-muenster.de\/wordpress\/author\/508\/"},"yoast_head":"<!-- This site is optimized with the Yoast SEO plugin v27.2 - https:\/\/yoast.com\/product\/yoast-seo-wordpress\/ -->\n<title>\u00d6ffentliches Treffen: 04.02.2019, 19:06 Uhr, FANport - Fangemeinschaft Preu\u00dfen M\u00fcnster e. V.<\/title>\n<meta name=\"robots\" content=\"index, follow, max-snippet:-1, max-image-preview:large, max-video-preview:-1\" \/>\n<link rel=\"canonical\" href=\"https:\/\/www.fanprojekt-muenster.de\/wordpress\/oeffentliches-treffen-04-02-2019-1906-uhr-fanport\/\" \/>\n<meta property=\"og:locale\" content=\"de_DE\" \/>\n<meta property=\"og:type\" content=\"article\" \/>\n<meta property=\"og:title\" content=\"\u00d6ffentliches Treffen: 04.02.2019, 19:06 Uhr, FANport - Fangemeinschaft Preu\u00dfen M\u00fcnster e. V.\" \/>\n<meta property=\"og:description\" content=\"Das n\u00e4chste \u00f6ffentliche Treffen steht an, mit wichtigen Themen. Der Vorstand des Fanprojekt Preu\u00dfen M\u00fcnster e.V. l\u00e4dt dazu am Montag, 04.02.2019 ab 19:06 Uhr in den FANport ein. Alle Interessierte,... Read more &raquo;\" \/>\n<meta property=\"og:url\" content=\"https:\/\/www.fanprojekt-muenster.de\/wordpress\/oeffentliches-treffen-04-02-2019-1906-uhr-fanport\/\" \/>\n<meta property=\"og:site_name\" content=\"Fangemeinschaft Preu\u00dfen M\u00fcnster e. V.\" \/>\n<meta property=\"article:published_time\" content=\"2019-01-24T12:47:15+00:00\" \/>\n<meta property=\"og:image\" content=\"https:\/\/www.fanprojekt-muenster.de\/wordpress\/wp-content\/uploads\/2013\/07\/App_Bild.jpg\" \/>\n\t<meta property=\"og:image:width\" content=\"1000\" \/>\n\t<meta property=\"og:image:height\" content=\"1000\" \/>\n\t<meta property=\"og:image:type\" content=\"image\/jpeg\" \/>\n<meta name=\"author\" content=\"508\" \/>\n<meta name=\"twitter:card\" content=\"summary_large_image\" \/>\n<meta name=\"twitter:label1\" content=\"Verfasst von\" \/>\n\t<meta name=\"twitter:data1\" content=\"508\" \/>\n\t<meta name=\"twitter:label2\" content=\"Gesch\u00e4tzte Lesezeit\" \/>\n\t<meta name=\"twitter:data2\" content=\"1\u00a0Minute\" \/>\n<script type=\"application\/ld+json\" class=\"yoast-schema-graph\">{\"@context\":\"https:\/\/schema.org\",\"@graph\":[{\"@type\":\"Article\",\"@id\":\"https:\/\/www.fanprojekt-muenster.de\/wordpress\/oeffentliches-treffen-04-02-2019-1906-uhr-fanport\/#article\",\"isPartOf\":{\"@id\":\"https:\/\/www.fanprojekt-muenster.de\/wordpress\/oeffentliches-treffen-04-02-2019-1906-uhr-fanport\/\"},\"author\":{\"name\":\"508\",\"@id\":\"https:\/\/www.fanprojekt-muenster.de\/wordpress\/#\/schema\/person\/907994394342a6ba0f1be4c546ed7d09\"},\"headline\":\"\u00d6ffentliches Treffen: 04.02.2019, 19:06 Uhr, FANport\",\"datePublished\":\"2019-01-24T12:47:15+00:00\",\"mainEntityOfPage\":{\"@id\":\"https:\/\/www.fanprojekt-muenster.de\/wordpress\/oeffentliches-treffen-04-02-2019-1906-uhr-fanport\/\"},\"wordCount\":124,\"publisher\":{\"@id\":\"https:\/\/www.fanprojekt-muenster.de\/wordpress\/#organization\"},\"image\":{\"@id\":\"https:\/\/www.fanprojekt-muenster.de\/wordpress\/oeffentliches-treffen-04-02-2019-1906-uhr-fanport\/#primaryimage\"},\"thumbnailUrl\":\"https:\/\/www.fanprojekt-muenster.de\/wordpress\/wp-content\/uploads\/2013\/07\/App_Bild.jpg\",\"articleSection\":[\"Aktuelles\"],\"inLanguage\":\"de\"},{\"@type\":\"WebPage\",\"@id\":\"https:\/\/www.fanprojekt-muenster.de\/wordpress\/oeffentliches-treffen-04-02-2019-1906-uhr-fanport\/\",\"url\":\"https:\/\/www.fanprojekt-muenster.de\/wordpress\/oeffentliches-treffen-04-02-2019-1906-uhr-fanport\/\",\"name\":\"\u00d6ffentliches Treffen: 04.02.2019, 19:06 Uhr, FANport - Fangemeinschaft Preu\u00dfen M\u00fcnster e. V.\",\"isPartOf\":{\"@id\":\"https:\/\/www.fanprojekt-muenster.de\/wordpress\/#website\"},\"primaryImageOfPage\":{\"@id\":\"https:\/\/www.fanprojekt-muenster.de\/wordpress\/oeffentliches-treffen-04-02-2019-1906-uhr-fanport\/#primaryimage\"},\"image\":{\"@id\":\"https:\/\/www.fanprojekt-muenster.de\/wordpress\/oeffentliches-treffen-04-02-2019-1906-uhr-fanport\/#primaryimage\"},\"thumbnailUrl\":\"https:\/\/www.fanprojekt-muenster.de\/wordpress\/wp-content\/uploads\/2013\/07\/App_Bild.jpg\",\"datePublished\":\"2019-01-24T12:47:15+00:00\",\"breadcrumb\":{\"@id\":\"https:\/\/www.fanprojekt-muenster.de\/wordpress\/oeffentliches-treffen-04-02-2019-1906-uhr-fanport\/#breadcrumb\"},\"inLanguage\":\"de\",\"potentialAction\":[{\"@type\":\"ReadAction\",\"target\":[\"https:\/\/www.fanprojekt-muenster.de\/wordpress\/oeffentliches-treffen-04-02-2019-1906-uhr-fanport\/\"]}]},{\"@type\":\"ImageObject\",\"inLanguage\":\"de\",\"@id\":\"https:\/\/www.fanprojekt-muenster.de\/wordpress\/oeffentliches-treffen-04-02-2019-1906-uhr-fanport\/#primaryimage\",\"url\":\"https:\/\/www.fanprojekt-muenster.de\/wordpress\/wp-content\/uploads\/2013\/07\/App_Bild.jpg\",\"contentUrl\":\"https:\/\/www.fanprojekt-muenster.de\/wordpress\/wp-content\/uploads\/2013\/07\/App_Bild.jpg\",\"width\":1000,\"height\":1000},{\"@type\":\"BreadcrumbList\",\"@id\":\"https:\/\/www.fanprojekt-muenster.de\/wordpress\/oeffentliches-treffen-04-02-2019-1906-uhr-fanport\/#breadcrumb\",\"itemListElement\":[{\"@type\":\"ListItem\",\"position\":1,\"name\":\"Startseite\",\"item\":\"https:\/\/www.fanprojekt-muenster.de\/wordpress\/\"},{\"@type\":\"ListItem\",\"position\":2,\"name\":\"\u00d6ffentliches Treffen: 04.02.2019, 19:06 Uhr, FANport\"}]},{\"@type\":\"WebSite\",\"@id\":\"https:\/\/www.fanprojekt-muenster.de\/wordpress\/#website\",\"url\":\"https:\/\/www.fanprojekt-muenster.de\/wordpress\/\",\"name\":\"Fangemeinschaft Preu\u00dfen M\u00fcnster e. V.\",\"description\":\"\",\"publisher\":{\"@id\":\"https:\/\/www.fanprojekt-muenster.de\/wordpress\/#organization\"},\"potentialAction\":[{\"@type\":\"SearchAction\",\"target\":{\"@type\":\"EntryPoint\",\"urlTemplate\":\"https:\/\/www.fanprojekt-muenster.de\/wordpress\/?s={search_term_string}\"},\"query-input\":{\"@type\":\"PropertyValueSpecification\",\"valueRequired\":true,\"valueName\":\"search_term_string\"}}],\"inLanguage\":\"de\"},{\"@type\":\"Organization\",\"@id\":\"https:\/\/www.fanprojekt-muenster.de\/wordpress\/#organization\",\"name\":\"Fangemeinschaft Preu\u00dfen M\u00fcnster e. V.\",\"url\":\"https:\/\/www.fanprojekt-muenster.de\/wordpress\/\",\"logo\":{\"@type\":\"ImageObject\",\"inLanguage\":\"de\",\"@id\":\"https:\/\/www.fanprojekt-muenster.de\/wordpress\/#\/schema\/logo\/image\/\",\"url\":\"https:\/\/www.fanprojekt-muenster.de\/wordpress\/wp-content\/uploads\/2019\/07\/cropped-Website_Logo3-9.png\",\"contentUrl\":\"https:\/\/www.fanprojekt-muenster.de\/wordpress\/wp-content\/uploads\/2019\/07\/cropped-Website_Logo3-9.png\",\"width\":224,\"height\":42,\"caption\":\"Fangemeinschaft Preu\u00dfen M\u00fcnster e. V.\"},\"image\":{\"@id\":\"https:\/\/www.fanprojekt-muenster.de\/wordpress\/#\/schema\/logo\/image\/\"}},{\"@type\":\"Person\",\"@id\":\"https:\/\/www.fanprojekt-muenster.de\/wordpress\/#\/schema\/person\/907994394342a6ba0f1be4c546ed7d09\",\"name\":\"508\",\"url\":\"https:\/\/www.fanprojekt-muenster.de\/wordpress\/author\/508\/\"}]}<\/script>\n<!-- \/ Yoast SEO plugin. -->","yoast_head_json":{"title":"\u00d6ffentliches Treffen: 04.02.2019, 19:06 Uhr, FANport - Fangemeinschaft Preu\u00dfen M\u00fcnster e. V.","robots":{"index":"index","follow":"follow","max-snippet":"max-snippet:-1","max-image-preview":"max-image-preview:large","max-video-preview":"max-video-preview:-1"},"canonical":"https:\/\/www.fanprojekt-muenster.de\/wordpress\/oeffentliches-treffen-04-02-2019-1906-uhr-fanport\/","og_locale":"de_DE","og_type":"article","og_title":"\u00d6ffentliches Treffen: 04.02.2019, 19:06 Uhr, FANport - Fangemeinschaft Preu\u00dfen M\u00fcnster e. V.","og_description":"Das n\u00e4chste \u00f6ffentliche Treffen steht an, mit wichtigen Themen. Der Vorstand des Fanprojekt Preu\u00dfen M\u00fcnster e.V. l\u00e4dt dazu am Montag, 04.02.2019 ab 19:06 Uhr in den FANport ein. Alle Interessierte,... Read more &raquo;","og_url":"https:\/\/www.fanprojekt-muenster.de\/wordpress\/oeffentliches-treffen-04-02-2019-1906-uhr-fanport\/","og_site_name":"Fangemeinschaft Preu\u00dfen M\u00fcnster e. V.","article_published_time":"2019-01-24T12:47:15+00:00","og_image":[{"width":1000,"height":1000,"url":"https:\/\/www.fanprojekt-muenster.de\/wordpress\/wp-content\/uploads\/2013\/07\/App_Bild.jpg","type":"image\/jpeg"}],"author":"508","twitter_card":"summary_large_image","twitter_misc":{"Verfasst von":"508","Gesch\u00e4tzte Lesezeit":"1\u00a0Minute"},"schema":{"@context":"https:\/\/schema.org","@graph":[{"@type":"Article","@id":"https:\/\/www.fanprojekt-muenster.de\/wordpress\/oeffentliches-treffen-04-02-2019-1906-uhr-fanport\/#article","isPartOf":{"@id":"https:\/\/www.fanprojekt-muenster.de\/wordpress\/oeffentliches-treffen-04-02-2019-1906-uhr-fanport\/"},"author":{"name":"508","@id":"https:\/\/www.fanprojekt-muenster.de\/wordpress\/#\/schema\/person\/907994394342a6ba0f1be4c546ed7d09"},"headline":"\u00d6ffentliches Treffen: 04.02.2019, 19:06 Uhr, FANport","datePublished":"2019-01-24T12:47:15+00:00","mainEntityOfPage":{"@id":"https:\/\/www.fanprojekt-muenster.de\/wordpress\/oeffentliches-treffen-04-02-2019-1906-uhr-fanport\/"},"wordCount":124,"publisher":{"@id":"https:\/\/www.fanprojekt-muenster.de\/wordpress\/#organization"},"image":{"@id":"https:\/\/www.fanprojekt-muenster.de\/wordpress\/oeffentliches-treffen-04-02-2019-1906-uhr-fanport\/#primaryimage"},"thumbnailUrl":"https:\/\/www.fanprojekt-muenster.de\/wordpress\/wp-content\/uploads\/2013\/07\/App_Bild.jpg","articleSection":["Aktuelles"],"inLanguage":"de"},{"@type":"WebPage","@id":"https:\/\/www.fanprojekt-muenster.de\/wordpress\/oeffentliches-treffen-04-02-2019-1906-uhr-fanport\/","url":"https:\/\/www.fanprojekt-muenster.de\/wordpress\/oeffentliches-treffen-04-02-2019-1906-uhr-fanport\/","name":"\u00d6ffentliches Treffen: 04.02.2019, 19:06 Uhr, FANport - Fangemeinschaft Preu\u00dfen M\u00fcnster e. V.","isPartOf":{"@id":"https:\/\/www.fanprojekt-muenster.de\/wordpress\/#website"},"primaryImageOfPage":{"@id":"https:\/\/www.fanprojekt-muenster.de\/wordpress\/oeffentliches-treffen-04-02-2019-1906-uhr-fanport\/#primaryimage"},"image":{"@id":"https:\/\/www.fanprojekt-muenster.de\/wordpress\/oeffentliches-treffen-04-02-2019-1906-uhr-fanport\/#primaryimage"},"thumbnailUrl":"https:\/\/www.fanprojekt-muenster.de\/wordpress\/wp-content\/uploads\/2013\/07\/App_Bild.jpg","datePublished":"2019-01-24T12:47:15+00:00","breadcrumb":{"@id":"https:\/\/www.fanprojekt-muenster.de\/wordpress\/oeffentliches-treffen-04-02-2019-1906-uhr-fanport\/#breadcrumb"},"inLanguage":"de","potentialAction":[{"@type":"ReadAction","target":["https:\/\/www.fanprojekt-muenster.de\/wordpress\/oeffentliches-treffen-04-02-2019-1906-uhr-fanport\/"]}]},{"@type":"ImageObject","inLanguage":"de","@id":"https:\/\/www.fanprojekt-muenster.de\/wordpress\/oeffentliches-treffen-04-02-2019-1906-uhr-fanport\/#primaryimage","url":"https:\/\/www.fanprojekt-muenster.de\/wordpress\/wp-content\/uploads\/2013\/07\/App_Bild.jpg","contentUrl":"https:\/\/www.fanprojekt-muenster.de\/wordpress\/wp-content\/uploads\/2013\/07\/App_Bild.jpg","width":1000,"height":1000},{"@type":"BreadcrumbList","@id":"https:\/\/www.fanprojekt-muenster.de\/wordpress\/oeffentliches-treffen-04-02-2019-1906-uhr-fanport\/#breadcrumb","itemListElement":[{"@type":"ListItem","position":1,"name":"Startseite","item":"https:\/\/www.fanprojekt-muenster.de\/wordpress\/"},{"@type":"ListItem","position":2,"name":"\u00d6ffentliches Treffen: 04.02.2019, 19:06 Uhr, FANport"}]},{"@type":"WebSite","@id":"https:\/\/www.fanprojekt-muenster.de\/wordpress\/#website","url":"https:\/\/www.fanprojekt-muenster.de\/wordpress\/","name":"Fangemeinschaft Preu\u00dfen M\u00fcnster e. V.","description":"","publisher":{"@id":"https:\/\/www.fanprojekt-muenster.de\/wordpress\/#organization"},"potentialAction":[{"@type":"SearchAction","target":{"@type":"EntryPoint","urlTemplate":"https:\/\/www.fanprojekt-muenster.de\/wordpress\/?s={search_term_string}"},"query-input":{"@type":"PropertyValueSpecification","valueRequired":true,"valueName":"search_term_string"}}],"inLanguage":"de"},{"@type":"Organization","@id":"https:\/\/www.fanprojekt-muenster.de\/wordpress\/#organization","name":"Fangemeinschaft Preu\u00dfen M\u00fcnster e. V.","url":"https:\/\/www.fanprojekt-muenster.de\/wordpress\/","logo":{"@type":"ImageObject","inLanguage":"de","@id":"https:\/\/www.fanprojekt-muenster.de\/wordpress\/#\/schema\/logo\/image\/","url":"https:\/\/www.fanprojekt-muenster.de\/wordpress\/wp-content\/uploads\/2019\/07\/cropped-Website_Logo3-9.png","contentUrl":"https:\/\/www.fanprojekt-muenster.de\/wordpress\/wp-content\/uploads\/2019\/07\/cropped-Website_Logo3-9.png","width":224,"height":42,"caption":"Fangemeinschaft Preu\u00dfen M\u00fcnster e. V."},"image":{"@id":"https:\/\/www.fanprojekt-muenster.de\/wordpress\/#\/schema\/logo\/image\/"}},{"@type":"Person","@id":"https:\/\/www.fanprojekt-muenster.de\/wordpress\/#\/schema\/person\/907994394342a6ba0f1be4c546ed7d09","name":"508","url":"https:\/\/www.fanprojekt-muenster.de\/wordpress\/author\/508\/"}]}},"author_meta":{"display_name":"508","author_link":"https:\/\/www.fanprojekt-muenster.de\/wordpress\/author\/508\/"},"featured_img":"https:\/\/www.fanprojekt-muenster.de\/wordpress\/wp-content\/uploads\/2013\/07\/App_Bild-300x300.jpg","coauthors":[],"tax_additional":{"categories":{"linked":["<a href=\"https:\/\/www.fanprojekt-muenster.de\/wordpress\/category\/aktuelles\/\" class=\"advgb-post-tax-term\">Aktuelles<\/a>","<a href=\"https:\/\/www.fanprojekt-muenster.de\/wordpress\/category\/allgemein\/\" class=\"advgb-post-tax-term\">Allgemein<\/a>"],"unlinked":["<span class=\"advgb-post-tax-term\">Aktuelles<\/span>","<span class=\"advgb-post-tax-term\">Allgemein<\/span>"]}},"comment_count":"0","relative_dates":{"created":"Posted 7\u00a0Jahren ago","modified":"Updated 7\u00a0Jahren ago"},"absolute_dates":{"created":"Posted on 24. Januar 2019","modified":"Updated on 24. Januar 2019"},"absolute_dates_time":{"created":"Posted on 24. Januar 2019 14:47","modified":"Updated on 24. Januar 2019 14:47"},"featured_img_caption":"","series_order":"","_links":{"self":[{"href":"https:\/\/www.fanprojekt-muenster.de\/wordpress\/wp-json\/wp\/v2\/posts\/5799","targetHints":{"allow":["GET"]}}],"collection":[{"href":"https:\/\/www.fanprojekt-muenster.de\/wordpress\/wp-json\/wp\/v2\/posts"}],"about":[{"href":"https:\/\/www.fanprojekt-muenster.de\/wordpress\/wp-json\/wp\/v2\/types\/post"}],"author":[{"embeddable":true,"href":"https:\/\/www.fanprojekt-muenster.de\/wordpress\/wp-json\/wp\/v2\/users\/6"}],"replies":[{"embeddable":true,"href":"https:\/\/www.fanprojekt-muenster.de\/wordpress\/wp-json\/wp\/v2\/comments?post=5799"}],"version-history":[{"count":0,"href":"https:\/\/www.fanprojekt-muenster.de\/wordpress\/wp-json\/wp\/v2\/posts\/5799\/revisions"}],"wp:featuredmedia":[{"embeddable":true,"href":"https:\/\/www.fanprojekt-muenster.de\/wordpress\/wp-json\/wp\/v2\/media\/1035"}],"wp:attachment":[{"href":"https:\/\/www.fanprojekt-muenster.de\/wordpress\/wp-json\/wp\/v2\/media?parent=5799"}],"wp:term":[{"taxonomy":"category","embeddable":true,"href":"https:\/\/www.fanprojekt-muenster.de\/wordpress\/wp-json\/wp\/v2\/categories?post=5799"},{"taxonomy":"post_tag","embeddable":true,"href":"https:\/\/www.fanprojekt-muenster.de\/wordpress\/wp-json\/wp\/v2\/tags?post=5799"}],"curies":[{"name":"wp","href":"https:\/\/api.w.org\/{rel}","templated":true}]}}