{"id":5795,"date":"2019-01-23T23:18:12","date_gmt":"2019-01-23T21:18:12","guid":{"rendered":"http:\/\/www.fanprojekt-muenster.de\/wp\/?p=5795"},"modified":"2019-01-23T23:18:12","modified_gmt":"2019-01-23T21:18:12","slug":"jetzt-gehts-richtig-los-online-anmeldungen-fuer-den-sonderzug-nach-muenchen","status":"publish","type":"post","link":"https:\/\/www.fanprojekt-muenster.de\/wordpress\/jetzt-gehts-richtig-los-online-anmeldungen-fuer-den-sonderzug-nach-muenchen\/","title":{"rendered":"Jetzt geht\u2019s richtig los! &#8211; Online Anmeldungen f\u00fcr den Sonderzug nach M\u00fcnchen"},"content":{"rendered":"<p>Nachdem der Vorverkauf f\u00fcr den Sonderzug nach M\u00fcnchen (13.04.2019) beim Neujahrsempfang vor einer Woche startete, beginnt nun auch der Online-Verkauf.<\/p>\n<p>Bevor du die Anmeldung durchf\u00fchrst, sei sicher wie viele Personen du verbindlich anmelden m\u00f6chtest. Denn nur bei einer Sammel-Anmeldung (eine Anmeldung f\u00fcr mehrere Personen) k\u00f6nnen wir sicherstellen, dass du mit Freunden oder Familie zusammensitzt.<\/p>\n<p><a href=\"http:\/\/www.fanprojekt-muenster.de\/wp\/auswaertsspiele\/anmeldung-sonderzug-muenchen\/\">Hier geht\u2019s zur Online-Anmeldung!<\/a><br \/>\nTrage bitte ein, f\u00fcr wie viele Personen (\u201eAnzahl Einzel-Sitzpl\u00e4tze\u201c) oder \u201eAnzahl Abteile\u201c (1 Abteil = 6 Personen) du die verbindliche Anmeldung vornimmst.<br \/>\nDer Vor- und Nachname sowie die Emailadresse von der Kontaktperson f\u00fcr diese Anmeldung werden ben\u00f6tigt, damit wir Informationen und Neuigkeiten dorthin senden k\u00f6nnen und bei Sch\u00e4den im Abteil jemanden ansprechen k\u00f6nnen.<br \/>\nDie Nummer(n) der FP-Mitglieder sind wichtig, um die Verg\u00fcnstigungen zu erhalten.<br \/>\nBeim Wagenwunsch kannst du ausw\u00e4hlen, in welchem Bereich du im Zug gerne sitzen m\u00f6chtest.<br \/>\nVor dem Absenden muss noch best\u00e4tigt werden, dass du die Anmerkungen gelesen und akzeptiert hast, und du \u00e4lter als 18 Jahre alt bist.<\/p>\n<p>Wenn du die Online-Anmeldung abgeschickt hast, erh\u00e4ltst du eine Email mit deinen Eintragungen. Wenige Tage sp\u00e4ter (bis zu 5 Tage) erh\u00e4ltst du eine Zahlungsanweisung per Email f\u00fcr die \u00dcberweisung mit einem F\u00e4lligkeitsdatum (14 Tage). \u00dcberpr\u00fcfe auch den SPAM-Ordner, bevor die Email \u00fcbersehen wird. Denn wenn bis zum F\u00e4lligkeitsdatum kein Geldeingang erfolgt ist, wird die Anmeldung annulliert. Wenn du keine Email mit den Zahlungsbestimmungen nach 5 Tagen erhalten hast, melde dich kurz bei <a href=\"mailto:sonderzug@fanprojekt-muenster.de\">sonderzug@fanprojekt-muenster.de<\/a>.<br \/>\nNach Zahlungseingang erh\u00e4ltst du eine Best\u00e4tigungs-Email mit den Ticketnummern.<\/p>\n<p>Die tats\u00e4chlichen Fahrkarten werden ausgegeben, wenn die Mindestanzahl der Mitfahrer (400 Personen) \u00fcberschritten ist.<\/p>\n<p>Bei der Online-Anmeldung kannst du zwischen 3 Optionen w\u00e4hlen:<br \/>\n1.\tOnline-Anmeldung mit Barzahlung am Fancontainer (bis 02.03. beim Heimspiel gegen VfR Aalen).<br \/>\n2.\tOnline-Anmeldung mit \u00dcberweisung und Abholung der Gutscheine am Fancontainer (bis 02.03. beim Heimspiel gegen VfR Aalen).<br \/>\n3.\tOnline-Anmeldung mit \u00dcberweisung und Ausgabe der Fahrkarten am M\u00fcnster Hbf, rechtzeitig vor Abfahrt (ab 1 Stunde vor Abfahrt, bis 15 Minuten vor Abfahrt).<\/p>\n<p>F\u00fcr alle, die pers\u00f6nlich einen Platz im Sonderzug sichern wollen, k\u00f6nnen es am Fancontainer bei den n\u00e4chsten Heimspielen:<br \/>\nFreitag, 01.02.2019 gegen Kaiserslautern: 17:30-18:45 &#038; 20:55-22:15 Uhr<br \/>\nSamstag, 16.02.2019 gegen Osnabr\u00fcck: 12:30-13:45 &#038; 15:55-17:15 Uhr<br \/>\nSamstag, 02.03.2019 gegen Aalen: 12:30-13:45 &#038; 15:55-17:15 Uhr<\/p>\n<p>Bei der verbindlichen Anmeldung kaufst du erst einmal ein \u201eGutschein\u201c, der dich berechtigt ihn gegen die tats\u00e4chliche Fahrkarte einzutauschen, wenn sich mehr als 400 Personen angemeldet haben. Hierzu werden wir dann noch Informationen ausgeben, wenn es soweit ist.<\/p>\n<p>F\u00fcr bestimmte Fragen kannst du unsere <a href=\"http:\/\/www.fanprojekt-muenster.de\/wp\/2019\/01\/23\/faq-fragen-und-antworten-zum-sonderzug-nach-muenchen\/\">FAQ-Seite anschauen<\/a>.<br \/>\nAnsonsten schicke uns eine Email an <a href=\"mailto:sonderzug@fanprojekt-muenster.de\">sonderzug@fanprojekt-muenster.de<\/a><\/p>\n","protected":false},"excerpt":{"rendered":"<p>Nachdem der Vorverkauf f\u00fcr den Sonderzug nach M\u00fcnchen (13.04.2019) beim Neujahrsempfang vor einer Woche startete, beginnt nun auch der Online-Verkauf. Bevor du die Anmeldung durchf\u00fchrst, sei sicher wie viele Personen&#8230; <a class=\"read-more-link\" href=\"https:\/\/www.fanprojekt-muenster.de\/wordpress\/jetzt-gehts-richtig-los-online-anmeldungen-fuer-den-sonderzug-nach-muenchen\/\">Read more &raquo;<\/a><\/p>\n","protected":false},"author":6,"featured_media":4234,"comment_status":"closed","ping_status":"closed","sticky":false,"template":"","format":"standard","meta":{"advgb_blocks_editor_width":"","advgb_blocks_columns_visual_guide":"","footnotes":""},"categories":[2,3,4,13],"tags":[],"class_list":["post-5795","post","type-post","status-publish","format-standard","has-post-thumbnail","hentry","category-aktionen","category-aktuelles","category-auswarts","category-sonderzug-nach-muenchen"],"featured_image_src":null,"author_info":{"display_name":"508","author_link":"https:\/\/www.fanprojekt-muenster.de\/wordpress\/author\/508\/"},"yoast_head":"<!-- This site is optimized with the Yoast SEO plugin v27.2 - https:\/\/yoast.com\/product\/yoast-seo-wordpress\/ -->\n<title>Jetzt geht\u2019s richtig los! - Online Anmeldungen f\u00fcr den Sonderzug nach M\u00fcnchen - Fangemeinschaft Preu\u00dfen M\u00fcnster e. V.<\/title>\n<meta name=\"robots\" content=\"index, follow, max-snippet:-1, max-image-preview:large, max-video-preview:-1\" \/>\n<link rel=\"canonical\" href=\"https:\/\/www.fanprojekt-muenster.de\/wordpress\/jetzt-gehts-richtig-los-online-anmeldungen-fuer-den-sonderzug-nach-muenchen\/\" \/>\n<meta property=\"og:locale\" content=\"de_DE\" \/>\n<meta property=\"og:type\" content=\"article\" \/>\n<meta property=\"og:title\" content=\"Jetzt geht\u2019s richtig los! - Online Anmeldungen f\u00fcr den Sonderzug nach M\u00fcnchen - Fangemeinschaft Preu\u00dfen M\u00fcnster e. V.\" \/>\n<meta property=\"og:description\" content=\"Nachdem der Vorverkauf f\u00fcr den Sonderzug nach M\u00fcnchen (13.04.2019) beim Neujahrsempfang vor einer Woche startete, beginnt nun auch der Online-Verkauf. Bevor du die Anmeldung durchf\u00fchrst, sei sicher wie viele Personen... Read more &raquo;\" \/>\n<meta property=\"og:url\" content=\"https:\/\/www.fanprojekt-muenster.de\/wordpress\/jetzt-gehts-richtig-los-online-anmeldungen-fuer-den-sonderzug-nach-muenchen\/\" \/>\n<meta property=\"og:site_name\" content=\"Fangemeinschaft Preu\u00dfen M\u00fcnster e. V.\" \/>\n<meta property=\"article:published_time\" content=\"2019-01-23T21:18:12+00:00\" \/>\n<meta name=\"author\" content=\"508\" \/>\n<meta name=\"twitter:card\" content=\"summary_large_image\" \/>\n<meta name=\"twitter:label1\" content=\"Verfasst von\" \/>\n\t<meta name=\"twitter:data1\" content=\"508\" \/>\n\t<meta name=\"twitter:label2\" content=\"Gesch\u00e4tzte Lesezeit\" \/>\n\t<meta name=\"twitter:data2\" content=\"2\u00a0Minuten\" \/>\n<script type=\"application\/ld+json\" class=\"yoast-schema-graph\">{\"@context\":\"https:\/\/schema.org\",\"@graph\":[{\"@type\":\"Article\",\"@id\":\"https:\/\/www.fanprojekt-muenster.de\/wordpress\/jetzt-gehts-richtig-los-online-anmeldungen-fuer-den-sonderzug-nach-muenchen\/#article\",\"isPartOf\":{\"@id\":\"https:\/\/www.fanprojekt-muenster.de\/wordpress\/jetzt-gehts-richtig-los-online-anmeldungen-fuer-den-sonderzug-nach-muenchen\/\"},\"author\":{\"name\":\"508\",\"@id\":\"https:\/\/www.fanprojekt-muenster.de\/wordpress\/#\/schema\/person\/907994394342a6ba0f1be4c546ed7d09\"},\"headline\":\"Jetzt geht\u2019s richtig los! &#8211; Online Anmeldungen f\u00fcr den Sonderzug nach M\u00fcnchen\",\"datePublished\":\"2019-01-23T21:18:12+00:00\",\"mainEntityOfPage\":{\"@id\":\"https:\/\/www.fanprojekt-muenster.de\/wordpress\/jetzt-gehts-richtig-los-online-anmeldungen-fuer-den-sonderzug-nach-muenchen\/\"},\"wordCount\":446,\"publisher\":{\"@id\":\"https:\/\/www.fanprojekt-muenster.de\/wordpress\/#organization\"},\"image\":{\"@id\":\"https:\/\/www.fanprojekt-muenster.de\/wordpress\/jetzt-gehts-richtig-los-online-anmeldungen-fuer-den-sonderzug-nach-muenchen\/#primaryimage\"},\"thumbnailUrl\":\"\",\"articleSection\":[\"Aktionen\",\"Aktuelles\",\"Ausw\u00e4rts\",\"Sonderzug nach M\u00fcnchen\"],\"inLanguage\":\"de\"},{\"@type\":\"WebPage\",\"@id\":\"https:\/\/www.fanprojekt-muenster.de\/wordpress\/jetzt-gehts-richtig-los-online-anmeldungen-fuer-den-sonderzug-nach-muenchen\/\",\"url\":\"https:\/\/www.fanprojekt-muenster.de\/wordpress\/jetzt-gehts-richtig-los-online-anmeldungen-fuer-den-sonderzug-nach-muenchen\/\",\"name\":\"Jetzt geht\u2019s richtig los! - Online Anmeldungen f\u00fcr den Sonderzug nach M\u00fcnchen - Fangemeinschaft Preu\u00dfen M\u00fcnster e. V.\",\"isPartOf\":{\"@id\":\"https:\/\/www.fanprojekt-muenster.de\/wordpress\/#website\"},\"primaryImageOfPage\":{\"@id\":\"https:\/\/www.fanprojekt-muenster.de\/wordpress\/jetzt-gehts-richtig-los-online-anmeldungen-fuer-den-sonderzug-nach-muenchen\/#primaryimage\"},\"image\":{\"@id\":\"https:\/\/www.fanprojekt-muenster.de\/wordpress\/jetzt-gehts-richtig-los-online-anmeldungen-fuer-den-sonderzug-nach-muenchen\/#primaryimage\"},\"thumbnailUrl\":\"\",\"datePublished\":\"2019-01-23T21:18:12+00:00\",\"breadcrumb\":{\"@id\":\"https:\/\/www.fanprojekt-muenster.de\/wordpress\/jetzt-gehts-richtig-los-online-anmeldungen-fuer-den-sonderzug-nach-muenchen\/#breadcrumb\"},\"inLanguage\":\"de\",\"potentialAction\":[{\"@type\":\"ReadAction\",\"target\":[\"https:\/\/www.fanprojekt-muenster.de\/wordpress\/jetzt-gehts-richtig-los-online-anmeldungen-fuer-den-sonderzug-nach-muenchen\/\"]}]},{\"@type\":\"ImageObject\",\"inLanguage\":\"de\",\"@id\":\"https:\/\/www.fanprojekt-muenster.de\/wordpress\/jetzt-gehts-richtig-los-online-anmeldungen-fuer-den-sonderzug-nach-muenchen\/#primaryimage\",\"url\":\"\",\"contentUrl\":\"\"},{\"@type\":\"BreadcrumbList\",\"@id\":\"https:\/\/www.fanprojekt-muenster.de\/wordpress\/jetzt-gehts-richtig-los-online-anmeldungen-fuer-den-sonderzug-nach-muenchen\/#breadcrumb\",\"itemListElement\":[{\"@type\":\"ListItem\",\"position\":1,\"name\":\"Startseite\",\"item\":\"https:\/\/www.fanprojekt-muenster.de\/wordpress\/\"},{\"@type\":\"ListItem\",\"position\":2,\"name\":\"Jetzt geht\u2019s richtig los! &#8211; Online Anmeldungen f\u00fcr den Sonderzug nach M\u00fcnchen\"}]},{\"@type\":\"WebSite\",\"@id\":\"https:\/\/www.fanprojekt-muenster.de\/wordpress\/#website\",\"url\":\"https:\/\/www.fanprojekt-muenster.de\/wordpress\/\",\"name\":\"Fangemeinschaft Preu\u00dfen M\u00fcnster e. V.\",\"description\":\"\",\"publisher\":{\"@id\":\"https:\/\/www.fanprojekt-muenster.de\/wordpress\/#organization\"},\"potentialAction\":[{\"@type\":\"SearchAction\",\"target\":{\"@type\":\"EntryPoint\",\"urlTemplate\":\"https:\/\/www.fanprojekt-muenster.de\/wordpress\/?s={search_term_string}\"},\"query-input\":{\"@type\":\"PropertyValueSpecification\",\"valueRequired\":true,\"valueName\":\"search_term_string\"}}],\"inLanguage\":\"de\"},{\"@type\":\"Organization\",\"@id\":\"https:\/\/www.fanprojekt-muenster.de\/wordpress\/#organization\",\"name\":\"Fangemeinschaft Preu\u00dfen M\u00fcnster e. V.\",\"url\":\"https:\/\/www.fanprojekt-muenster.de\/wordpress\/\",\"logo\":{\"@type\":\"ImageObject\",\"inLanguage\":\"de\",\"@id\":\"https:\/\/www.fanprojekt-muenster.de\/wordpress\/#\/schema\/logo\/image\/\",\"url\":\"https:\/\/www.fanprojekt-muenster.de\/wordpress\/wp-content\/uploads\/2019\/07\/cropped-Website_Logo3-9.png\",\"contentUrl\":\"https:\/\/www.fanprojekt-muenster.de\/wordpress\/wp-content\/uploads\/2019\/07\/cropped-Website_Logo3-9.png\",\"width\":224,\"height\":42,\"caption\":\"Fangemeinschaft Preu\u00dfen M\u00fcnster e. V.\"},\"image\":{\"@id\":\"https:\/\/www.fanprojekt-muenster.de\/wordpress\/#\/schema\/logo\/image\/\"}},{\"@type\":\"Person\",\"@id\":\"https:\/\/www.fanprojekt-muenster.de\/wordpress\/#\/schema\/person\/907994394342a6ba0f1be4c546ed7d09\",\"name\":\"508\",\"url\":\"https:\/\/www.fanprojekt-muenster.de\/wordpress\/author\/508\/\"}]}<\/script>\n<!-- \/ Yoast SEO plugin. -->","yoast_head_json":{"title":"Jetzt geht\u2019s richtig los! - Online Anmeldungen f\u00fcr den Sonderzug nach M\u00fcnchen - Fangemeinschaft Preu\u00dfen M\u00fcnster e. V.","robots":{"index":"index","follow":"follow","max-snippet":"max-snippet:-1","max-image-preview":"max-image-preview:large","max-video-preview":"max-video-preview:-1"},"canonical":"https:\/\/www.fanprojekt-muenster.de\/wordpress\/jetzt-gehts-richtig-los-online-anmeldungen-fuer-den-sonderzug-nach-muenchen\/","og_locale":"de_DE","og_type":"article","og_title":"Jetzt geht\u2019s richtig los! - Online Anmeldungen f\u00fcr den Sonderzug nach M\u00fcnchen - Fangemeinschaft Preu\u00dfen M\u00fcnster e. V.","og_description":"Nachdem der Vorverkauf f\u00fcr den Sonderzug nach M\u00fcnchen (13.04.2019) beim Neujahrsempfang vor einer Woche startete, beginnt nun auch der Online-Verkauf. Bevor du die Anmeldung durchf\u00fchrst, sei sicher wie viele Personen... Read more &raquo;","og_url":"https:\/\/www.fanprojekt-muenster.de\/wordpress\/jetzt-gehts-richtig-los-online-anmeldungen-fuer-den-sonderzug-nach-muenchen\/","og_site_name":"Fangemeinschaft Preu\u00dfen M\u00fcnster e. V.","article_published_time":"2019-01-23T21:18:12+00:00","author":"508","twitter_card":"summary_large_image","twitter_misc":{"Verfasst von":"508","Gesch\u00e4tzte Lesezeit":"2\u00a0Minuten"},"schema":{"@context":"https:\/\/schema.org","@graph":[{"@type":"Article","@id":"https:\/\/www.fanprojekt-muenster.de\/wordpress\/jetzt-gehts-richtig-los-online-anmeldungen-fuer-den-sonderzug-nach-muenchen\/#article","isPartOf":{"@id":"https:\/\/www.fanprojekt-muenster.de\/wordpress\/jetzt-gehts-richtig-los-online-anmeldungen-fuer-den-sonderzug-nach-muenchen\/"},"author":{"name":"508","@id":"https:\/\/www.fanprojekt-muenster.de\/wordpress\/#\/schema\/person\/907994394342a6ba0f1be4c546ed7d09"},"headline":"Jetzt geht\u2019s richtig los! &#8211; Online Anmeldungen f\u00fcr den Sonderzug nach M\u00fcnchen","datePublished":"2019-01-23T21:18:12+00:00","mainEntityOfPage":{"@id":"https:\/\/www.fanprojekt-muenster.de\/wordpress\/jetzt-gehts-richtig-los-online-anmeldungen-fuer-den-sonderzug-nach-muenchen\/"},"wordCount":446,"publisher":{"@id":"https:\/\/www.fanprojekt-muenster.de\/wordpress\/#organization"},"image":{"@id":"https:\/\/www.fanprojekt-muenster.de\/wordpress\/jetzt-gehts-richtig-los-online-anmeldungen-fuer-den-sonderzug-nach-muenchen\/#primaryimage"},"thumbnailUrl":"","articleSection":["Aktionen","Aktuelles","Ausw\u00e4rts","Sonderzug nach M\u00fcnchen"],"inLanguage":"de"},{"@type":"WebPage","@id":"https:\/\/www.fanprojekt-muenster.de\/wordpress\/jetzt-gehts-richtig-los-online-anmeldungen-fuer-den-sonderzug-nach-muenchen\/","url":"https:\/\/www.fanprojekt-muenster.de\/wordpress\/jetzt-gehts-richtig-los-online-anmeldungen-fuer-den-sonderzug-nach-muenchen\/","name":"Jetzt geht\u2019s richtig los! - Online Anmeldungen f\u00fcr den Sonderzug nach M\u00fcnchen - Fangemeinschaft Preu\u00dfen M\u00fcnster e. V.","isPartOf":{"@id":"https:\/\/www.fanprojekt-muenster.de\/wordpress\/#website"},"primaryImageOfPage":{"@id":"https:\/\/www.fanprojekt-muenster.de\/wordpress\/jetzt-gehts-richtig-los-online-anmeldungen-fuer-den-sonderzug-nach-muenchen\/#primaryimage"},"image":{"@id":"https:\/\/www.fanprojekt-muenster.de\/wordpress\/jetzt-gehts-richtig-los-online-anmeldungen-fuer-den-sonderzug-nach-muenchen\/#primaryimage"},"thumbnailUrl":"","datePublished":"2019-01-23T21:18:12+00:00","breadcrumb":{"@id":"https:\/\/www.fanprojekt-muenster.de\/wordpress\/jetzt-gehts-richtig-los-online-anmeldungen-fuer-den-sonderzug-nach-muenchen\/#breadcrumb"},"inLanguage":"de","potentialAction":[{"@type":"ReadAction","target":["https:\/\/www.fanprojekt-muenster.de\/wordpress\/jetzt-gehts-richtig-los-online-anmeldungen-fuer-den-sonderzug-nach-muenchen\/"]}]},{"@type":"ImageObject","inLanguage":"de","@id":"https:\/\/www.fanprojekt-muenster.de\/wordpress\/jetzt-gehts-richtig-los-online-anmeldungen-fuer-den-sonderzug-nach-muenchen\/#primaryimage","url":"","contentUrl":""},{"@type":"BreadcrumbList","@id":"https:\/\/www.fanprojekt-muenster.de\/wordpress\/jetzt-gehts-richtig-los-online-anmeldungen-fuer-den-sonderzug-nach-muenchen\/#breadcrumb","itemListElement":[{"@type":"ListItem","position":1,"name":"Startseite","item":"https:\/\/www.fanprojekt-muenster.de\/wordpress\/"},{"@type":"ListItem","position":2,"name":"Jetzt geht\u2019s richtig los! &#8211; Online Anmeldungen f\u00fcr den Sonderzug nach M\u00fcnchen"}]},{"@type":"WebSite","@id":"https:\/\/www.fanprojekt-muenster.de\/wordpress\/#website","url":"https:\/\/www.fanprojekt-muenster.de\/wordpress\/","name":"Fangemeinschaft Preu\u00dfen M\u00fcnster e. V.","description":"","publisher":{"@id":"https:\/\/www.fanprojekt-muenster.de\/wordpress\/#organization"},"potentialAction":[{"@type":"SearchAction","target":{"@type":"EntryPoint","urlTemplate":"https:\/\/www.fanprojekt-muenster.de\/wordpress\/?s={search_term_string}"},"query-input":{"@type":"PropertyValueSpecification","valueRequired":true,"valueName":"search_term_string"}}],"inLanguage":"de"},{"@type":"Organization","@id":"https:\/\/www.fanprojekt-muenster.de\/wordpress\/#organization","name":"Fangemeinschaft Preu\u00dfen M\u00fcnster e. V.","url":"https:\/\/www.fanprojekt-muenster.de\/wordpress\/","logo":{"@type":"ImageObject","inLanguage":"de","@id":"https:\/\/www.fanprojekt-muenster.de\/wordpress\/#\/schema\/logo\/image\/","url":"https:\/\/www.fanprojekt-muenster.de\/wordpress\/wp-content\/uploads\/2019\/07\/cropped-Website_Logo3-9.png","contentUrl":"https:\/\/www.fanprojekt-muenster.de\/wordpress\/wp-content\/uploads\/2019\/07\/cropped-Website_Logo3-9.png","width":224,"height":42,"caption":"Fangemeinschaft Preu\u00dfen M\u00fcnster e. V."},"image":{"@id":"https:\/\/www.fanprojekt-muenster.de\/wordpress\/#\/schema\/logo\/image\/"}},{"@type":"Person","@id":"https:\/\/www.fanprojekt-muenster.de\/wordpress\/#\/schema\/person\/907994394342a6ba0f1be4c546ed7d09","name":"508","url":"https:\/\/www.fanprojekt-muenster.de\/wordpress\/author\/508\/"}]}},"author_meta":{"display_name":"508","author_link":"https:\/\/www.fanprojekt-muenster.de\/wordpress\/author\/508\/"},"featured_img":null,"coauthors":[],"tax_additional":{"categories":{"linked":["<a href=\"https:\/\/www.fanprojekt-muenster.de\/wordpress\/category\/aktionen\/\" class=\"advgb-post-tax-term\">Aktionen<\/a>","<a href=\"https:\/\/www.fanprojekt-muenster.de\/wordpress\/category\/aktuelles\/\" class=\"advgb-post-tax-term\">Aktuelles<\/a>","<a href=\"https:\/\/www.fanprojekt-muenster.de\/wordpress\/category\/auswarts\/\" class=\"advgb-post-tax-term\">Ausw\u00e4rts<\/a>","<a href=\"https:\/\/www.fanprojekt-muenster.de\/wordpress\/category\/sonderzug-nach-muenchen\/\" class=\"advgb-post-tax-term\">Sonderzug nach M\u00fcnchen<\/a>"],"unlinked":["<span class=\"advgb-post-tax-term\">Aktionen<\/span>","<span class=\"advgb-post-tax-term\">Aktuelles<\/span>","<span class=\"advgb-post-tax-term\">Ausw\u00e4rts<\/span>","<span class=\"advgb-post-tax-term\">Sonderzug nach M\u00fcnchen<\/span>"]}},"comment_count":"0","relative_dates":{"created":"Posted 7\u00a0Jahren ago","modified":"Updated 7\u00a0Jahren ago"},"absolute_dates":{"created":"Posted on 23. Januar 2019","modified":"Updated on 23. Januar 2019"},"absolute_dates_time":{"created":"Posted on 23. Januar 2019 23:18","modified":"Updated on 23. Januar 2019 23:18"},"featured_img_caption":"","series_order":"","_links":{"self":[{"href":"https:\/\/www.fanprojekt-muenster.de\/wordpress\/wp-json\/wp\/v2\/posts\/5795","targetHints":{"allow":["GET"]}}],"collection":[{"href":"https:\/\/www.fanprojekt-muenster.de\/wordpress\/wp-json\/wp\/v2\/posts"}],"about":[{"href":"https:\/\/www.fanprojekt-muenster.de\/wordpress\/wp-json\/wp\/v2\/types\/post"}],"author":[{"embeddable":true,"href":"https:\/\/www.fanprojekt-muenster.de\/wordpress\/wp-json\/wp\/v2\/users\/6"}],"replies":[{"embeddable":true,"href":"https:\/\/www.fanprojekt-muenster.de\/wordpress\/wp-json\/wp\/v2\/comments?post=5795"}],"version-history":[{"count":0,"href":"https:\/\/www.fanprojekt-muenster.de\/wordpress\/wp-json\/wp\/v2\/posts\/5795\/revisions"}],"wp:featuredmedia":[{"embeddable":true,"href":"https:\/\/www.fanprojekt-muenster.de\/wordpress\/wp-json\/"}],"wp:attachment":[{"href":"https:\/\/www.fanprojekt-muenster.de\/wordpress\/wp-json\/wp\/v2\/media?parent=5795"}],"wp:term":[{"taxonomy":"category","embeddable":true,"href":"https:\/\/www.fanprojekt-muenster.de\/wordpress\/wp-json\/wp\/v2\/categories?post=5795"},{"taxonomy":"post_tag","embeddable":true,"href":"https:\/\/www.fanprojekt-muenster.de\/wordpress\/wp-json\/wp\/v2\/tags?post=5795"}],"curies":[{"name":"wp","href":"https:\/\/api.w.org\/{rel}","templated":true}]}}