{"id":5778,"date":"2019-01-23T22:48:11","date_gmt":"2019-01-23T20:48:11","guid":{"rendered":"http:\/\/www.fanprojekt-muenster.de\/wp\/?p=5778"},"modified":"2019-01-23T22:48:11","modified_gmt":"2019-01-23T20:48:11","slug":"faq-fragen-und-antworten-zum-sonderzug-nach-muenchen","status":"publish","type":"post","link":"https:\/\/www.fanprojekt-muenster.de\/wordpress\/faq-fragen-und-antworten-zum-sonderzug-nach-muenchen\/","title":{"rendered":"FAQ: Fragen und Antworten zum Sonderzug nach M\u00fcnchen"},"content":{"rendered":"<p><strong>Wann soll der Sonderzug nach M\u00fcnchen fahren?<\/strong><br \/>\nDas Ausw\u00e4rtsspiel gegen 1860 M\u00fcnchen findet am 33. Spieltag, am Wochenende 12.-15.04.2019 statt. Wenn der DFB das Spiel auf den Samstag terminiert, dann f\u00e4hrt der Sonderzug am 13.04.2019. <\/p>\n<p><strong>Wann wird der DFB das Spiel terminieren?<\/strong><br \/>\nNach unseren Informationen terminiert der DFB die letzten Spieltage 33-38 in der Kalenderwoche 13, also nur 2 Wochen vor dem 13.04.2019.<\/p>\n<p><strong>Was ist, wenn das Spiel nicht am Samstag (13.04.) stattfindet?<\/strong><br \/>\nWir versuchen mit dem Verein und beim DFB, dass das Spiel tats\u00e4chlich am 13.04.2019 terminiert wird. Falls es doch an einem anderen Tag stattfindet, wird der Sonderzug abgesagt.<\/p>\n<p><strong>Was ist, wenn der Sonderzug abgesagt wird?<\/strong><br \/>\nDann bekommst du selbstverst\u00e4ndlich die bezahlte Summe im vollen Umfang zur\u00fcck. Dies wird dann an den Heimspieltagen am Fancontainer durchgef\u00fchrt. Dazu sind die \u201eGutschein\u201c-Karten notwendig. Also bitte niemals die Gutscheine wegwerfen!<br \/>\nBei Online-Buchungen wird der \u00fcberwiesene Betrag automatisch r\u00fcckabgewickelt.<br \/>\n\u00dcber den genauen Ablauf w\u00fcrden wir bei einer Absage aber noch einmal informieren.<\/p>\n<p><strong>Gibt es eine Mindestanzahl an Anmeldungen, damit der Sonderzug fahren kann?<\/strong><br \/>\nEs sollten sich \u00fcber 400 Fans anmelden, damit der Sonderzug nicht aufgrund zu geringer Nachfrage abgesagt werden muss. <\/p>\n<p><strong>Wie lange wird der Zug unterwegs sein?<\/strong><br \/>\nBisher ist der Zug noch nicht im Bahnbetrieb eingeplant. Als groben Richtwert wird der Zug etwa 10 Stunden pro Strecke unterwegs sein.<\/p>\n<p><strong>Wann f\u00e4hrt der Zug in M\u00fcnster ab und wann kommt er wieder zur\u00fcck?<\/strong><br \/>\nDer Sonderzug wird ab M\u00fcnster Hbf abfahren, das Gleis wird einige Tage vorher bekannt gegeben.<br \/>\nWeil der Zug noch nicht im Bahnbetrieb eingeplant ist, kann eine Abfahrtszeit oder Ankunftszeit noch nicht bestimmt werden. Die gesamte Tour wird sicherlich \u00fcber 24 Stunden dauern.<br \/>\nDie genauen Zeiten und das Gleis werden wir dann einige Tage vor der Abfahrt bekannt geben.<\/p>\n<p><strong>Habe ich einen festen Sitzplatz?<\/strong><br \/>\nJa. Jede angemeldet Person und bezahlte Karte wird einem Sitzplatz zugeordnet. Sprich, es gibt keine \u00dcberbuchungen und niemand muss zwangsm\u00e4\u00dfig in den G\u00e4ngen stehen. Eine Mitfahrt ohne festen Sitzplatz ist nicht m\u00f6glich.<br \/>\n<a href=\"http:\/\/www.fanprojekt-muenster.de\/wp\/wp-content\/uploads\/2019\/02\/Aushang_Sitzwagen.pdf\">Der Sonderzug ist ausschlie\u00dflich mit Sitzer-Abteilen ausgestattet, mit jeweils 6 Sitzpl\u00e4tzen. Ein Waggon hat ca. 11 Abteile.<\/a><\/p>\n<p><strong>Wie viele Toiletten gibt es?<\/strong><br \/>\nJeder Waggon hat zwei Toiletten, jeweils an beiden Enden eine.<\/p>\n<p><strong>Gibt es wieder einen Partywagen?<\/strong><br \/>\nEs werden wieder <a href=\"http:\/\/www.fanprojekt-muenster.de\/wp\/wp-content\/uploads\/2019\/02\/Aushang_Partywagen.pdf\">zwei Partywagen mit DJs dabei<\/a> sein, jeweils in der Mitte des Zuges.<\/p>\n<p><strong>Darf ich eigene Speisen und Getr\u00e4nke mitbringen?<\/strong><br \/>\nSelbstverst\u00e4ndlich darfst du selbst Essen und Trinken mitnehmen. Jedoch m\u00fcssen diese im eigenen Abteil verzehrt werden, aber d\u00fcrfen nicht in die Partywagen mitgenommen werden.<br \/>\nIn den Partywagen gibt es Getr\u00e4nke und Speisen zu kaufen. Die Getr\u00e4nke- und Speisekarte wird einige Tage vor der Abfahrt von uns ver\u00f6ffentlicht.<\/p>\n<p><strong>Wo darf ich w\u00e4hrend der Fahrt rauchen?<\/strong><br \/>\nIn den Sitzwagen besteht absolutes Rauchverbot, auch auf den Toiletten. Einer der Partywagen wird aber f\u00fcr Raucher freigegeben.<\/p>\n<p><strong>Was passiert bei Sch\u00e4den oder Verst\u00f6\u00dfen?<\/strong><br \/>\nWer gegen die <a href=\"http:\/\/www.fanprojekt-muenster.de\/wp\/wp-content\/uploads\/2019\/02\/Aushang_Hausordnung.pdf\">Hausordnung<\/a> verst\u00f6\u00dft kann des Zuges verwiesen werden. Bei Eingriff in den Bahnbetrieb (z.B. Notbremse ziehen oder Gegenst\u00e4nde aus dem Fenster werfen) wird die Bundespolizei ermitteln und es kann passieren, dass der Sonderzug nicht mehr weiterf\u00e4hrt.<br \/>\nJegliche Sch\u00e4den in den Abteilen werden den Personen weiterbelastet, die ihren Sitzplatz dort haben. Bei gr\u00f6\u00dferen Besch\u00e4digungen und Unkosten, die das Fanprojekt tragen muss, wird es keinen weiteren Sonderzug in naher Zukunft mehr geben.<\/p>\n<p><strong>Wie kann ich mich f\u00fcr den Sonderzug nach M\u00fcnchen (13.04.2019) anmelden?<\/strong><br \/>\nBei den n\u00e4chsten Heimspielen kannst du dich am Fancontainer f\u00fcr den Sonderzug anmelden. Hierzu musst du vorher den Anmeldebogen ausgef\u00fcllt haben, den du dir <a href=\"http:\/\/www.fanprojekt-muenster.de\/wp\/wp-content\/uploads\/2019\/01\/Anmeldung-Sonderzug-Muenchen.pdf\">hier schon ausdrucken<\/a> kannst oder vor der Anmeldung als Ausdruck von uns erh\u00e4ltst. Wenn du mit Freunden oder Familie zusammensitzen m\u00f6chtest, meldet euch bitte nur mit einem Anmeldebogen an. Andernfalls k\u00f6nnen wir nicht sicherstellen, dass ihr tats\u00e4chlich zusammensitzt.<br \/>\nDer Fahrpreis kann nur in bar bezahlt werden, falls m\u00f6glich passend.<br \/>\nDu bekommst f\u00fcr jede angemeldete Person einen Gutschein. Wenn der Zug die Mindestanzahl an Mitfahrern \u00fcberschreitet, kann der Gutschein w\u00e4hrend den anstehenden Heimspielen in eine Fahrkarte getauscht werden.<\/p>\n<p>F\u00fcr Online-Anmeldungen musst du das <a href=\"http:\/\/www.fanprojekt-muenster.de\/wp\/auswaertsspiele\/anmeldung-sonderzug-muenchen\/\">Online-Formular ausf\u00fcllen<\/a>. Auch bei der Online-Anmeldung solltest du nur eine Anmeldung absenden, f\u00fcr dich und deine Freunde oder Familie, damit ihr auch zusammensitzt. Die Bezahlung kann dann nachtr\u00e4glich am Fancontainer (bei einem Heimspiel) oder per \u00dcberweisung stattfinden, wozu du genauere Instruktionen per Email erh\u00e4ltst. Wenn die Email nicht ankommt, \u00fcberpr\u00fcfe bitte auch deinen SPAM-Ordner. Falls du nach 5 Tagen keine Email zu den Bezahlbestimmungen erh\u00e4ltst, melde dich bei <a href=\"mailto:sonderzug@fanprojekt-muenster.de\">sonderzug@fanprojekt-muenster.de<\/a>.<br \/>\nNach dem Zahlungseingang per \u00dcberweisung senden wir dir eine Best\u00e4tigungs-Email mit Ticketnummer zu. Einen Gutschein kannst du am Fancontainer erhalten, wenn du dort direkt bezahlst oder bereits \u00fcberwiesen hast (bitte zeige dazu die Email mit der Zahlungsbest\u00e4tigung).<\/p>\n<p><strong>Wie kann ich sicherstellen, dass ich mit Freunden\/Familie zusammensitze?<\/strong><br \/>\nMeldet euch dann zusammen an, nur mit einem Anmeldebogen. Im Nachhinein k\u00f6nnen wir keine Sitzw\u00fcnsche mehr annehmen.<\/p>\n<p><strong>Wie f\u00fclle ich den Anmeldebogen aus?<\/strong><br \/>\nTrage bitte die Anzahl der Personen ein, die gleichzeitig angemeldet werden (\u201eAnzahl der Sitzpl\u00e4tze\u201c). Wenn ihr 6 Personen seid, k\u00f6nnt ihr ein eigenes Abteil buchen (\u201eAnzahl Abteile\u201c).<br \/>\nF\u00fcr jede Anmeldung (auch bei mehreren Personen) muss eine Kontaktperson benannt werden, wozu wir den Nachnamen und Vornamen sowie die Emailadresse ben\u00f6tigen. Diese Person erh\u00e4lt alle Neuigkeiten zum Sonderzug und wird kontaktiert, falls es Besch\u00e4digungen in dem Abteil festgestellt werden.<br \/>\nF\u00fcr den FP-Preis m\u00fcssen die Fanprojekt-Mitgliedsnummern eingetragen werden (\u201eNummern FP-Mitglieder\u201c).<br \/>\nBitte w\u00e4hle einen Bereich als Wagenwunsch aus, wo du bzw. ihr gerne sitzen m\u00f6chtet.<br \/>\nMit der Unterschrift best\u00e4tigt die Kontaktperson, dass die Reservierungsbest\u00e4tigung (\u201eGutschein\u201c) noch in eine Fahrkarte getauscht werden muss und f\u00fcr Sch\u00e4den haftbar gemacht werden kann.<br \/>\nAlle Daten werden gel\u00f6scht, wenn sie nicht mehr ben\u00f6tigt werden (nach Endabrechnung des Zuges oder R\u00fcckzahlung bei Absage).<\/p>\n<p><strong>Bis wann l\u00e4uft der Vorverkauf?<\/strong><br \/>\nDas Heimspiel gegen VfR Aalen (Samstag, 02.03.2019) ist die letzte M\u00f6glichkeit, um sich f\u00fcr den Sonderzug anzumelden (online bis 03.03.). Bis dahin muss die Mindestanzahl f\u00fcr den Sonderzug erreicht sein.<br \/>\nVorverkauf am Fancontainer:<br \/>\nFreitag, 01.02.2019 gegen Kaiserslautern: 17:30-18:45 &#038; 20:55-22:15 Uhr<br \/>\nSamstag, 16.02.2019 gegen Osnabr\u00fcck: 12:30-13:45 &#038; 15:55-17:15 Uhr<br \/>\nSamstag, 02.03.2019 gegen Aalen: 12:30-13:45 &#038; 15:55-17:15 Uhr<\/p>\n<p><strong>Warum werden nur Gutscheine ausgegeben?<\/strong><br \/>\nDas Zugunternehmen hat mehrere Anfragen f\u00fcr Z\u00fcge an dem Wochenende und kann uns aktuell noch nicht die genaue Kapazit\u00e4t f\u00fcr die Sitzwagen nennen. Wenn wir Klarheit haben, k\u00f6nnen wir die Sitzpl\u00e4tze zuordnen und werden mit dem Umtausch der Gutscheine f\u00fcr die tats\u00e4chlichen Fahrkarten starten.<br \/>\nGenaue Informationen werden wir bei Zeiten mitteilen.<\/p>\n<p><strong>Wie tausche ich den Gutschein in meine Fahrkarte um?<\/strong><br \/>\nWenn die Sitzplatz-Kapazit\u00e4ten vom Zugunternehmen bekannt sind, stehen die Sitzpl\u00e4tze fest. Damit k\u00f6nnen die Fahrkarten fertig gestellt werden und m\u00fcssen gegen den Gutschein umgetauscht werden.<br \/>\nOnline-Anmeldungen, die \u00fcberwiesen wurden, k\u00f6nnen mit der Zahlungsbest\u00e4tigung (Email) die Fahrkarte erhalten.<br \/>\nGenauere Informationen erh\u00e4ltst du einige Wochen vor der Abfahrt.<\/p>\n<p><strong>Ich habe eine Karte f\u00fcr den Sonderzug gekauft, kann aber doch nicht mitfahren. Darf ich meine Anmeldung zur\u00fcckziehen?<\/strong><br \/>\nWenn du deine Fahrkarte bzw. den Gutschein gekauft hast und der Sonderzug tats\u00e4chlich fahren wird, kannst du vom Kauf nicht mehr zur\u00fccktreten. Sicherlich darfst du deine Fahrkarte an eine andere Person zum Einkaufspreis weiterverkaufen. Damit m\u00f6gliche Sch\u00e4den w\u00e4hrend der Fahrt nicht auf dich zur\u00fcckfallen, melde uns bitte den K\u00e4ufer mit einer g\u00fcltigen Emailadresse an <a href=\"mailto:sonderzug@fanprojekt-muenster.de\">sonderzug@fanprojekt-muenster.de<\/a>.<br \/>\nWenn ein Ticket \u00fcber den Einkaufspreis weiterverkauft wird, wird dieses Ticket ung\u00fcltig und der Inhaber von der Zugfahrt ausgeschlossen.<\/p>\n<p><strong>Wie teuer ist der Fahrpreis?<\/strong><br \/>\nFanprojekt-Mitglieder zahlen 79 EUR, alle anderen 89 EUR.<br \/>\nBitte weise dich als Fanprojekt-Mitglied aus (mit deinem Mitgliedsausweis), damit der g\u00fcnstigere Preis gestattet werden kann.<\/p>\n<p><strong>Ist im Fahrpreis auch der Zutritt ins Stadion inbegriffen?<\/strong><br \/>\nDu zahlst nur den Weg im Sonderzug von M\u00fcnster nach M\u00fcnchen und zur\u00fcck. Eine Eintrittskarte f\u00fcr das Spiel musst du selbst besorgen. Der Verein wird versuchen ein entsprechend hohes Kartenkontingent f\u00fcr uns Preu\u00dfenfans zu organisieren und es im Vorverkauf (wenige Wochen vor dem Spiel) anzubieten.<\/p>\n<p><strong>Wie ist der Transfer in M\u00fcnchen zwischen Bahnhof und Gr\u00fcnwalderstadion?<\/strong><br \/>\nSehr wahrscheinlich werden wir am M\u00fcnchener Hbf ankommen. Wenn du eine Eintrittskarte hast, ist darin keine kostenlose \u00d6PNV-Nutzung inbegriffen. Sprich, wenn du eigenst\u00e4ndig zum Stadion mit Bus oder Bahn fahren m\u00f6chtest, musst du daf\u00fcr eine Fahrkarte des MVV (M\u00fcnchner Verkehrs- und Tarifverbund) erwerben. Die Entfernung ist 4,3 km, zu Fu\u00df sind es ca. 1 Stunde.<br \/>\nWir pr\u00fcfen aber noch, ob wir einen organisierten Transfer anbieten k\u00f6nnen. Informationen hierzu werden wir aber noch vor Abfahrt ver\u00f6ffentlichen.<\/p>\n<p><strong>Wo bekomme ich meinen FP-Mitgliedsausweis?<\/strong><br \/>\nBei jedem Heimspiel am Fancontainer kannst du deinen Ausweis als Fanprojekt-Mitglied erhalten. Sprich uns einfach an.<\/p>\n<p><strong>Wo ist der Fancontainer?<\/strong><br \/>\nHinter den Kassenh\u00e4uschen befindet sich einen Abgang, der direkt zum Fancontainer und FANport f\u00fchrt. Du erreichst den Fancontainer nur au\u00dferhalb des Stadions. Wenn du schon im Stadion bist, kannst du nicht mehr zu uns kommen, erst wieder nach Abpfiff, wenn du das Stadion verl\u00e4sst.<\/p>\n<p><strong>Was sind die \u00d6ffnungszeiten des Fancontainers?<\/strong><br \/>\nDer Fancontainer ist bei Heimspielen immer ab 90 Minuten vor Anpfiff ge\u00f6ffnet, schlie\u00dft dann kurz vor dem Ansto\u00df und \u00f6ffnet nach Abpfiff wieder bis zu weiteren 90 Minuten.<\/p>\n<p><strong>Was ist das Fanprojekt Preu\u00dfen M\u00fcnster?<\/strong><br \/>\nWir sind ein e.V. (eingetragener Verein) mit einem Vorstand, der von den Mitgliedern gew\u00e4hlt ist. Das Fanprojekt setzt sich politisch und mit Aktionen f\u00fcr die Interessen von Preu\u00dfenfans ein.<br \/>\nJede Person, die sich im Fanprojekt engagiert macht es ehrenamtlich. Habe deshalb bitte Verst\u00e4ndnis, wenn sich die Abwicklung etwas verz\u00f6gert oder nicht jeder Wunsch erf\u00fcllt werden kann.<\/p>\n<p><strong>Ich m\u00f6chte mich auch beim Fanprojekt engagieren, wo kann ich mich melden?<\/strong><br \/>\nSprich uns vom <a href=\"http:\/\/www.fanprojekt-muenster.de\/wp\/uber-uns\/vorstand\/\">Vorstand <\/a>direkt bei den Preu\u00dfenspielen an (am Fancontainer oder im Stadion), oder schicke uns kurz eine Email an <a href=\"mailto:kontakt@fanprojekt-muenster.de\">kontakt@fanprojekt-muenster.de<\/a>.<\/p>\n","protected":false},"excerpt":{"rendered":"<p>Wann soll der Sonderzug nach M\u00fcnchen fahren? Das Ausw\u00e4rtsspiel gegen 1860 M\u00fcnchen findet am 33. Spieltag, am Wochenende 12.-15.04.2019 statt. Wenn der DFB das Spiel auf den Samstag terminiert, dann&#8230; <a class=\"read-more-link\" href=\"https:\/\/www.fanprojekt-muenster.de\/wordpress\/faq-fragen-und-antworten-zum-sonderzug-nach-muenchen\/\">Read more &raquo;<\/a><\/p>\n","protected":false},"author":6,"featured_media":5794,"comment_status":"closed","ping_status":"closed","sticky":false,"template":"","format":"standard","meta":{"advgb_blocks_editor_width":"","advgb_blocks_columns_visual_guide":"","footnotes":""},"categories":[2,3,4,13],"tags":[],"class_list":["post-5778","post","type-post","status-publish","format-standard","has-post-thumbnail","hentry","category-aktionen","category-aktuelles","category-auswarts","category-sonderzug-nach-muenchen"],"featured_image_src":null,"author_info":{"display_name":"508","author_link":"https:\/\/www.fanprojekt-muenster.de\/wordpress\/author\/508\/"},"yoast_head":"<!-- This site is optimized with the Yoast SEO plugin v27.2 - https:\/\/yoast.com\/product\/yoast-seo-wordpress\/ -->\n<title>FAQ: Fragen und Antworten zum Sonderzug nach M\u00fcnchen - Fangemeinschaft Preu\u00dfen M\u00fcnster e. V.<\/title>\n<meta name=\"robots\" content=\"index, follow, max-snippet:-1, max-image-preview:large, max-video-preview:-1\" \/>\n<link rel=\"canonical\" href=\"https:\/\/www.fanprojekt-muenster.de\/wordpress\/faq-fragen-und-antworten-zum-sonderzug-nach-muenchen\/\" \/>\n<meta property=\"og:locale\" content=\"de_DE\" \/>\n<meta property=\"og:type\" content=\"article\" \/>\n<meta property=\"og:title\" content=\"FAQ: Fragen und Antworten zum Sonderzug nach M\u00fcnchen - Fangemeinschaft Preu\u00dfen M\u00fcnster e. V.\" \/>\n<meta property=\"og:description\" content=\"Wann soll der Sonderzug nach M\u00fcnchen fahren? Das Ausw\u00e4rtsspiel gegen 1860 M\u00fcnchen findet am 33. Spieltag, am Wochenende 12.-15.04.2019 statt. Wenn der DFB das Spiel auf den Samstag terminiert, dann... Read more &raquo;\" \/>\n<meta property=\"og:url\" content=\"https:\/\/www.fanprojekt-muenster.de\/wordpress\/faq-fragen-und-antworten-zum-sonderzug-nach-muenchen\/\" \/>\n<meta property=\"og:site_name\" content=\"Fangemeinschaft Preu\u00dfen M\u00fcnster e. V.\" \/>\n<meta property=\"article:published_time\" content=\"2019-01-23T20:48:11+00:00\" \/>\n<meta name=\"author\" content=\"508\" \/>\n<meta name=\"twitter:card\" content=\"summary_large_image\" \/>\n<meta name=\"twitter:label1\" content=\"Verfasst von\" \/>\n\t<meta name=\"twitter:data1\" content=\"508\" \/>\n\t<meta name=\"twitter:label2\" content=\"Gesch\u00e4tzte Lesezeit\" \/>\n\t<meta name=\"twitter:data2\" content=\"8\u00a0Minuten\" \/>\n<script type=\"application\/ld+json\" class=\"yoast-schema-graph\">{\"@context\":\"https:\/\/schema.org\",\"@graph\":[{\"@type\":\"Article\",\"@id\":\"https:\/\/www.fanprojekt-muenster.de\/wordpress\/faq-fragen-und-antworten-zum-sonderzug-nach-muenchen\/#article\",\"isPartOf\":{\"@id\":\"https:\/\/www.fanprojekt-muenster.de\/wordpress\/faq-fragen-und-antworten-zum-sonderzug-nach-muenchen\/\"},\"author\":{\"name\":\"508\",\"@id\":\"https:\/\/www.fanprojekt-muenster.de\/wordpress\/#\/schema\/person\/907994394342a6ba0f1be4c546ed7d09\"},\"headline\":\"FAQ: Fragen und Antworten zum Sonderzug nach M\u00fcnchen\",\"datePublished\":\"2019-01-23T20:48:11+00:00\",\"mainEntityOfPage\":{\"@id\":\"https:\/\/www.fanprojekt-muenster.de\/wordpress\/faq-fragen-und-antworten-zum-sonderzug-nach-muenchen\/\"},\"wordCount\":1685,\"publisher\":{\"@id\":\"https:\/\/www.fanprojekt-muenster.de\/wordpress\/#organization\"},\"image\":{\"@id\":\"https:\/\/www.fanprojekt-muenster.de\/wordpress\/faq-fragen-und-antworten-zum-sonderzug-nach-muenchen\/#primaryimage\"},\"thumbnailUrl\":\"\",\"articleSection\":[\"Aktionen\",\"Aktuelles\",\"Ausw\u00e4rts\",\"Sonderzug nach M\u00fcnchen\"],\"inLanguage\":\"de\"},{\"@type\":\"WebPage\",\"@id\":\"https:\/\/www.fanprojekt-muenster.de\/wordpress\/faq-fragen-und-antworten-zum-sonderzug-nach-muenchen\/\",\"url\":\"https:\/\/www.fanprojekt-muenster.de\/wordpress\/faq-fragen-und-antworten-zum-sonderzug-nach-muenchen\/\",\"name\":\"FAQ: Fragen und Antworten zum Sonderzug nach M\u00fcnchen - Fangemeinschaft Preu\u00dfen M\u00fcnster e. V.\",\"isPartOf\":{\"@id\":\"https:\/\/www.fanprojekt-muenster.de\/wordpress\/#website\"},\"primaryImageOfPage\":{\"@id\":\"https:\/\/www.fanprojekt-muenster.de\/wordpress\/faq-fragen-und-antworten-zum-sonderzug-nach-muenchen\/#primaryimage\"},\"image\":{\"@id\":\"https:\/\/www.fanprojekt-muenster.de\/wordpress\/faq-fragen-und-antworten-zum-sonderzug-nach-muenchen\/#primaryimage\"},\"thumbnailUrl\":\"\",\"datePublished\":\"2019-01-23T20:48:11+00:00\",\"breadcrumb\":{\"@id\":\"https:\/\/www.fanprojekt-muenster.de\/wordpress\/faq-fragen-und-antworten-zum-sonderzug-nach-muenchen\/#breadcrumb\"},\"inLanguage\":\"de\",\"potentialAction\":[{\"@type\":\"ReadAction\",\"target\":[\"https:\/\/www.fanprojekt-muenster.de\/wordpress\/faq-fragen-und-antworten-zum-sonderzug-nach-muenchen\/\"]}]},{\"@type\":\"ImageObject\",\"inLanguage\":\"de\",\"@id\":\"https:\/\/www.fanprojekt-muenster.de\/wordpress\/faq-fragen-und-antworten-zum-sonderzug-nach-muenchen\/#primaryimage\",\"url\":\"\",\"contentUrl\":\"\"},{\"@type\":\"BreadcrumbList\",\"@id\":\"https:\/\/www.fanprojekt-muenster.de\/wordpress\/faq-fragen-und-antworten-zum-sonderzug-nach-muenchen\/#breadcrumb\",\"itemListElement\":[{\"@type\":\"ListItem\",\"position\":1,\"name\":\"Startseite\",\"item\":\"https:\/\/www.fanprojekt-muenster.de\/wordpress\/\"},{\"@type\":\"ListItem\",\"position\":2,\"name\":\"FAQ: Fragen und Antworten zum Sonderzug nach M\u00fcnchen\"}]},{\"@type\":\"WebSite\",\"@id\":\"https:\/\/www.fanprojekt-muenster.de\/wordpress\/#website\",\"url\":\"https:\/\/www.fanprojekt-muenster.de\/wordpress\/\",\"name\":\"Fangemeinschaft Preu\u00dfen M\u00fcnster e. V.\",\"description\":\"\",\"publisher\":{\"@id\":\"https:\/\/www.fanprojekt-muenster.de\/wordpress\/#organization\"},\"potentialAction\":[{\"@type\":\"SearchAction\",\"target\":{\"@type\":\"EntryPoint\",\"urlTemplate\":\"https:\/\/www.fanprojekt-muenster.de\/wordpress\/?s={search_term_string}\"},\"query-input\":{\"@type\":\"PropertyValueSpecification\",\"valueRequired\":true,\"valueName\":\"search_term_string\"}}],\"inLanguage\":\"de\"},{\"@type\":\"Organization\",\"@id\":\"https:\/\/www.fanprojekt-muenster.de\/wordpress\/#organization\",\"name\":\"Fangemeinschaft Preu\u00dfen M\u00fcnster e. V.\",\"url\":\"https:\/\/www.fanprojekt-muenster.de\/wordpress\/\",\"logo\":{\"@type\":\"ImageObject\",\"inLanguage\":\"de\",\"@id\":\"https:\/\/www.fanprojekt-muenster.de\/wordpress\/#\/schema\/logo\/image\/\",\"url\":\"https:\/\/www.fanprojekt-muenster.de\/wordpress\/wp-content\/uploads\/2019\/07\/cropped-Website_Logo3-9.png\",\"contentUrl\":\"https:\/\/www.fanprojekt-muenster.de\/wordpress\/wp-content\/uploads\/2019\/07\/cropped-Website_Logo3-9.png\",\"width\":224,\"height\":42,\"caption\":\"Fangemeinschaft Preu\u00dfen M\u00fcnster e. V.\"},\"image\":{\"@id\":\"https:\/\/www.fanprojekt-muenster.de\/wordpress\/#\/schema\/logo\/image\/\"}},{\"@type\":\"Person\",\"@id\":\"https:\/\/www.fanprojekt-muenster.de\/wordpress\/#\/schema\/person\/907994394342a6ba0f1be4c546ed7d09\",\"name\":\"508\",\"url\":\"https:\/\/www.fanprojekt-muenster.de\/wordpress\/author\/508\/\"}]}<\/script>\n<!-- \/ Yoast SEO plugin. -->","yoast_head_json":{"title":"FAQ: Fragen und Antworten zum Sonderzug nach M\u00fcnchen - Fangemeinschaft Preu\u00dfen M\u00fcnster e. V.","robots":{"index":"index","follow":"follow","max-snippet":"max-snippet:-1","max-image-preview":"max-image-preview:large","max-video-preview":"max-video-preview:-1"},"canonical":"https:\/\/www.fanprojekt-muenster.de\/wordpress\/faq-fragen-und-antworten-zum-sonderzug-nach-muenchen\/","og_locale":"de_DE","og_type":"article","og_title":"FAQ: Fragen und Antworten zum Sonderzug nach M\u00fcnchen - Fangemeinschaft Preu\u00dfen M\u00fcnster e. V.","og_description":"Wann soll der Sonderzug nach M\u00fcnchen fahren? Das Ausw\u00e4rtsspiel gegen 1860 M\u00fcnchen findet am 33. Spieltag, am Wochenende 12.-15.04.2019 statt. Wenn der DFB das Spiel auf den Samstag terminiert, dann... Read more &raquo;","og_url":"https:\/\/www.fanprojekt-muenster.de\/wordpress\/faq-fragen-und-antworten-zum-sonderzug-nach-muenchen\/","og_site_name":"Fangemeinschaft Preu\u00dfen M\u00fcnster e. V.","article_published_time":"2019-01-23T20:48:11+00:00","author":"508","twitter_card":"summary_large_image","twitter_misc":{"Verfasst von":"508","Gesch\u00e4tzte Lesezeit":"8\u00a0Minuten"},"schema":{"@context":"https:\/\/schema.org","@graph":[{"@type":"Article","@id":"https:\/\/www.fanprojekt-muenster.de\/wordpress\/faq-fragen-und-antworten-zum-sonderzug-nach-muenchen\/#article","isPartOf":{"@id":"https:\/\/www.fanprojekt-muenster.de\/wordpress\/faq-fragen-und-antworten-zum-sonderzug-nach-muenchen\/"},"author":{"name":"508","@id":"https:\/\/www.fanprojekt-muenster.de\/wordpress\/#\/schema\/person\/907994394342a6ba0f1be4c546ed7d09"},"headline":"FAQ: Fragen und Antworten zum Sonderzug nach M\u00fcnchen","datePublished":"2019-01-23T20:48:11+00:00","mainEntityOfPage":{"@id":"https:\/\/www.fanprojekt-muenster.de\/wordpress\/faq-fragen-und-antworten-zum-sonderzug-nach-muenchen\/"},"wordCount":1685,"publisher":{"@id":"https:\/\/www.fanprojekt-muenster.de\/wordpress\/#organization"},"image":{"@id":"https:\/\/www.fanprojekt-muenster.de\/wordpress\/faq-fragen-und-antworten-zum-sonderzug-nach-muenchen\/#primaryimage"},"thumbnailUrl":"","articleSection":["Aktionen","Aktuelles","Ausw\u00e4rts","Sonderzug nach M\u00fcnchen"],"inLanguage":"de"},{"@type":"WebPage","@id":"https:\/\/www.fanprojekt-muenster.de\/wordpress\/faq-fragen-und-antworten-zum-sonderzug-nach-muenchen\/","url":"https:\/\/www.fanprojekt-muenster.de\/wordpress\/faq-fragen-und-antworten-zum-sonderzug-nach-muenchen\/","name":"FAQ: Fragen und Antworten zum Sonderzug nach M\u00fcnchen - Fangemeinschaft Preu\u00dfen M\u00fcnster e. V.","isPartOf":{"@id":"https:\/\/www.fanprojekt-muenster.de\/wordpress\/#website"},"primaryImageOfPage":{"@id":"https:\/\/www.fanprojekt-muenster.de\/wordpress\/faq-fragen-und-antworten-zum-sonderzug-nach-muenchen\/#primaryimage"},"image":{"@id":"https:\/\/www.fanprojekt-muenster.de\/wordpress\/faq-fragen-und-antworten-zum-sonderzug-nach-muenchen\/#primaryimage"},"thumbnailUrl":"","datePublished":"2019-01-23T20:48:11+00:00","breadcrumb":{"@id":"https:\/\/www.fanprojekt-muenster.de\/wordpress\/faq-fragen-und-antworten-zum-sonderzug-nach-muenchen\/#breadcrumb"},"inLanguage":"de","potentialAction":[{"@type":"ReadAction","target":["https:\/\/www.fanprojekt-muenster.de\/wordpress\/faq-fragen-und-antworten-zum-sonderzug-nach-muenchen\/"]}]},{"@type":"ImageObject","inLanguage":"de","@id":"https:\/\/www.fanprojekt-muenster.de\/wordpress\/faq-fragen-und-antworten-zum-sonderzug-nach-muenchen\/#primaryimage","url":"","contentUrl":""},{"@type":"BreadcrumbList","@id":"https:\/\/www.fanprojekt-muenster.de\/wordpress\/faq-fragen-und-antworten-zum-sonderzug-nach-muenchen\/#breadcrumb","itemListElement":[{"@type":"ListItem","position":1,"name":"Startseite","item":"https:\/\/www.fanprojekt-muenster.de\/wordpress\/"},{"@type":"ListItem","position":2,"name":"FAQ: Fragen und Antworten zum Sonderzug nach M\u00fcnchen"}]},{"@type":"WebSite","@id":"https:\/\/www.fanprojekt-muenster.de\/wordpress\/#website","url":"https:\/\/www.fanprojekt-muenster.de\/wordpress\/","name":"Fangemeinschaft Preu\u00dfen M\u00fcnster e. V.","description":"","publisher":{"@id":"https:\/\/www.fanprojekt-muenster.de\/wordpress\/#organization"},"potentialAction":[{"@type":"SearchAction","target":{"@type":"EntryPoint","urlTemplate":"https:\/\/www.fanprojekt-muenster.de\/wordpress\/?s={search_term_string}"},"query-input":{"@type":"PropertyValueSpecification","valueRequired":true,"valueName":"search_term_string"}}],"inLanguage":"de"},{"@type":"Organization","@id":"https:\/\/www.fanprojekt-muenster.de\/wordpress\/#organization","name":"Fangemeinschaft Preu\u00dfen M\u00fcnster e. V.","url":"https:\/\/www.fanprojekt-muenster.de\/wordpress\/","logo":{"@type":"ImageObject","inLanguage":"de","@id":"https:\/\/www.fanprojekt-muenster.de\/wordpress\/#\/schema\/logo\/image\/","url":"https:\/\/www.fanprojekt-muenster.de\/wordpress\/wp-content\/uploads\/2019\/07\/cropped-Website_Logo3-9.png","contentUrl":"https:\/\/www.fanprojekt-muenster.de\/wordpress\/wp-content\/uploads\/2019\/07\/cropped-Website_Logo3-9.png","width":224,"height":42,"caption":"Fangemeinschaft Preu\u00dfen M\u00fcnster e. V."},"image":{"@id":"https:\/\/www.fanprojekt-muenster.de\/wordpress\/#\/schema\/logo\/image\/"}},{"@type":"Person","@id":"https:\/\/www.fanprojekt-muenster.de\/wordpress\/#\/schema\/person\/907994394342a6ba0f1be4c546ed7d09","name":"508","url":"https:\/\/www.fanprojekt-muenster.de\/wordpress\/author\/508\/"}]}},"author_meta":{"display_name":"508","author_link":"https:\/\/www.fanprojekt-muenster.de\/wordpress\/author\/508\/"},"featured_img":null,"coauthors":[],"tax_additional":{"categories":{"linked":["<a href=\"https:\/\/www.fanprojekt-muenster.de\/wordpress\/category\/aktionen\/\" class=\"advgb-post-tax-term\">Aktionen<\/a>","<a href=\"https:\/\/www.fanprojekt-muenster.de\/wordpress\/category\/aktuelles\/\" class=\"advgb-post-tax-term\">Aktuelles<\/a>","<a href=\"https:\/\/www.fanprojekt-muenster.de\/wordpress\/category\/auswarts\/\" class=\"advgb-post-tax-term\">Ausw\u00e4rts<\/a>","<a href=\"https:\/\/www.fanprojekt-muenster.de\/wordpress\/category\/sonderzug-nach-muenchen\/\" class=\"advgb-post-tax-term\">Sonderzug nach M\u00fcnchen<\/a>"],"unlinked":["<span class=\"advgb-post-tax-term\">Aktionen<\/span>","<span class=\"advgb-post-tax-term\">Aktuelles<\/span>","<span class=\"advgb-post-tax-term\">Ausw\u00e4rts<\/span>","<span class=\"advgb-post-tax-term\">Sonderzug nach M\u00fcnchen<\/span>"]}},"comment_count":"0","relative_dates":{"created":"Posted 7\u00a0Jahren ago","modified":"Updated 7\u00a0Jahren ago"},"absolute_dates":{"created":"Posted on 23. Januar 2019","modified":"Updated on 23. Januar 2019"},"absolute_dates_time":{"created":"Posted on 23. Januar 2019 22:48","modified":"Updated on 23. Januar 2019 22:48"},"featured_img_caption":"","series_order":"","_links":{"self":[{"href":"https:\/\/www.fanprojekt-muenster.de\/wordpress\/wp-json\/wp\/v2\/posts\/5778","targetHints":{"allow":["GET"]}}],"collection":[{"href":"https:\/\/www.fanprojekt-muenster.de\/wordpress\/wp-json\/wp\/v2\/posts"}],"about":[{"href":"https:\/\/www.fanprojekt-muenster.de\/wordpress\/wp-json\/wp\/v2\/types\/post"}],"author":[{"embeddable":true,"href":"https:\/\/www.fanprojekt-muenster.de\/wordpress\/wp-json\/wp\/v2\/users\/6"}],"replies":[{"embeddable":true,"href":"https:\/\/www.fanprojekt-muenster.de\/wordpress\/wp-json\/wp\/v2\/comments?post=5778"}],"version-history":[{"count":0,"href":"https:\/\/www.fanprojekt-muenster.de\/wordpress\/wp-json\/wp\/v2\/posts\/5778\/revisions"}],"wp:featuredmedia":[{"embeddable":true,"href":"https:\/\/www.fanprojekt-muenster.de\/wordpress\/wp-json\/"}],"wp:attachment":[{"href":"https:\/\/www.fanprojekt-muenster.de\/wordpress\/wp-json\/wp\/v2\/media?parent=5778"}],"wp:term":[{"taxonomy":"category","embeddable":true,"href":"https:\/\/www.fanprojekt-muenster.de\/wordpress\/wp-json\/wp\/v2\/categories?post=5778"},{"taxonomy":"post_tag","embeddable":true,"href":"https:\/\/www.fanprojekt-muenster.de\/wordpress\/wp-json\/wp\/v2\/tags?post=5778"}],"curies":[{"name":"wp","href":"https:\/\/api.w.org\/{rel}","templated":true}]}}