{"id":5719,"date":"2019-01-11T23:27:58","date_gmt":"2019-01-11T21:27:58","guid":{"rendered":"http:\/\/www.fanprojekt-muenster.de\/wp\/?p=5719"},"modified":"2019-01-11T23:27:58","modified_gmt":"2019-01-11T21:27:58","slug":"sonderzug-nach-muenchen","status":"publish","type":"post","link":"https:\/\/www.fanprojekt-muenster.de\/wordpress\/sonderzug-nach-muenchen\/","title":{"rendered":"Sonderzug nach M\u00fcnchen"},"content":{"rendered":"<p>Am 13.04.19 (*) rollt ein Sonderzug von Fans f\u00fcr Fans zum Ausw\u00e4rtsspiel gegen 1860 M\u00fcnchen. Die organisatorischen Dinge sind gr\u00f6\u00dftenteils in trockenen T\u00fcchern, es kann losgehen!<\/p>\n<p>Holen wir uns den Ausw\u00e4rts-Dreier und feiern gemeinsam an Bord des Sonderzugs im Partywagen mit 2 Theken und DJs. Neben dem Partywagen gibt es nat\u00fcrlich auch gem\u00fctliche Sitzplatz-Wagen mit 11 Abteilen f\u00fcr je 6 Personen und 2 Toiletten jeweils am Wagenende. Was f\u00fcr ein Luxus!!<\/p>\n<p>Weil die Fahrt ausschlie\u00dflich von Fans organisiert wird und somit kostendeckend finanziert werden muss, liegt der Fahrpreis bei 79 EUR pro Person f\u00fcr Mitglieder des Fanprojekts und 89 Euro f\u00fcr Nichtmitglieder. Erm\u00e4\u00dfigungen sind leider nicht vorgesehen.<\/p>\n<p>Damit Du in Deinem bekannten Preu\u00dfen-Umfeld reisen kannst, bieten wir spezielle Wagen f\u00fcr einzelne Fangruppen an. Auf der Anmeldung gibst Du ganz einfach an, in welchem Bereich des Zuges Du Deinen Sitzplatz haben m\u00f6chtest. Kreuze an, ob Du mit Leuten der Gegengerade, der Ostkurve, dem A-Block, der Trib\u00fcne, der Gegengerade oder anderweitig im Wagen mitfahren m\u00f6chtest. In der Mitte des Zuges werden sich dann die Partywagen befinden, in denen die fette Sause steigt.<\/p>\n<p>Dar\u00fcber hinaus hast Du auch die M\u00f6glichkeit, f\u00fcr Dich und Deine Kumpels ein ganzes Abteil mit 6 Sitzpl\u00e4tzen zu buchen. Dadurch habt Ihr die Garantie, dass Ihr zusammen sitzt. Bei dem Kauf von Einzeltickets ber\u00fccksichtigen wir so gut es geht den gew\u00fcnschten Wagen, spezielle dar\u00fcber hinaus gehende Platzw\u00fcnsche k\u00f6nnen wir jedoch nicht zusagen.<\/p>\n<p>Beim der Anmeldung bzw. nach Bezahlung erhaltet Ihr eine Buchungsbest\u00e4tigung, die in den Wochen vor der eigentlichen Fahrt gegen die Eintrittkarte mit dem best\u00e4tigten Sitzplatz getauscht werden muss.<\/p>\n<p>Die Eintrittskarten k\u00f6nnen erstmals beim Neujahrsempfang des Fanprojekts am 12.01.19 erworben werden. Anschlie\u00dfend werdet Ihr die Karten auch im Stadion und per Email bestellen k\u00f6nnen. Genaueres dazu in K\u00fcrze.<\/p>\n<p>Verhalten im Zug<\/p>\n<p>Ein weiteres wichtiges Thema ist das Verhalten im Zug. Wie oben bereits geschrieben, organisieren wir Fans den Sonderzug auf eigene Faust. Das bedeutet nat\u00fcrlich auch, dass wir f\u00fcr alle Sch\u00e4den an dem Zug haften m\u00fcssen. Wir werden dies nat\u00fcrlich an den bzw. die Verursacher weitergeben.<\/p>\n<p>Pro Wagen sind zwei Ordner vorgeschrieben. Bitte respektiert die Ordner und befolgt deren Anweisungen.<\/p>\n<p>Im Interesse von uns allen bitten wir Euch, sich ordentlich zu benehmen und die Hausordnung zu beachten, ansonsten wird das der letzte Sonderzug f\u00fcr die Preu\u00dfenfans gewesen sein. Wovon wir nat\u00fcrlich nicht ausgehen.<\/p>\n<p>Helft mit, dass dieser Sonderzug f\u00fcr alle ein unvergessliches Erlebnis wird! Lasst Euch die rollende Fanparty nicht entgehen und greift jetzt schnell zu! F\u00fcr eine legend\u00e4re schwarz-wei\u00df-gr\u00fcne Ausw\u00e4rtsinvasion mit allen Preu\u00dfenfans!<\/p>\n<p>Weitere Details zum Ablauf folgen in den kommenden Wochen und Monaten auf der Homepage des Fanprojekts.<\/p>\n<p>(*) Die Reise erfolgt vorbehaltlich der passenden Terminierung des Spiels durch den DFB. Sollten das Spiel nicht an dem genannten Datum stattfinden oder muss der Zug aus anderweitigen Gr\u00fcnden abgesagt werden, wird der Fahrtpreis erstattet.<\/p>\n<p>Noch ein Hinweis: bei der Tombola des morgigen Neujahrsemfangs habt Ihr die M\u00f6glichkeit etliche tolle Preise zu gewinnen &#8211; darunter auch einen im Zusammenhang mit dieser Reise!<\/p>\n","protected":false},"excerpt":{"rendered":"<p>Am 13.04.19 (*) rollt ein Sonderzug von Fans f\u00fcr Fans zum Ausw\u00e4rtsspiel gegen 1860 M\u00fcnchen. Die organisatorischen Dinge sind gr\u00f6\u00dftenteils in trockenen T\u00fcchern, es kann losgehen! Holen wir uns den&#8230; <a class=\"read-more-link\" href=\"https:\/\/www.fanprojekt-muenster.de\/wordpress\/sonderzug-nach-muenchen\/\">Read more &raquo;<\/a><\/p>\n","protected":false},"author":3,"featured_media":5706,"comment_status":"closed","ping_status":"closed","sticky":false,"template":"","format":"standard","meta":{"advgb_blocks_editor_width":"","advgb_blocks_columns_visual_guide":"","footnotes":""},"categories":[3],"tags":[],"class_list":["post-5719","post","type-post","status-publish","format-standard","has-post-thumbnail","hentry","category-aktuelles"],"featured_image_src":null,"author_info":{"display_name":"Andr\u00e9 Feldmann","author_link":"https:\/\/www.fanprojekt-muenster.de\/wordpress\/author\/andrefeldmann\/"},"yoast_head":"<!-- This site is optimized with the Yoast SEO plugin v27.2 - https:\/\/yoast.com\/product\/yoast-seo-wordpress\/ -->\n<title>Sonderzug nach M\u00fcnchen - Fangemeinschaft Preu\u00dfen M\u00fcnster e. V.<\/title>\n<meta name=\"robots\" content=\"index, follow, max-snippet:-1, max-image-preview:large, max-video-preview:-1\" \/>\n<link rel=\"canonical\" href=\"https:\/\/www.fanprojekt-muenster.de\/wordpress\/sonderzug-nach-muenchen\/\" \/>\n<meta property=\"og:locale\" content=\"de_DE\" \/>\n<meta property=\"og:type\" content=\"article\" \/>\n<meta property=\"og:title\" content=\"Sonderzug nach M\u00fcnchen - Fangemeinschaft Preu\u00dfen M\u00fcnster e. V.\" \/>\n<meta property=\"og:description\" content=\"Am 13.04.19 (*) rollt ein Sonderzug von Fans f\u00fcr Fans zum Ausw\u00e4rtsspiel gegen 1860 M\u00fcnchen. Die organisatorischen Dinge sind gr\u00f6\u00dftenteils in trockenen T\u00fcchern, es kann losgehen! Holen wir uns den... Read more &raquo;\" \/>\n<meta property=\"og:url\" content=\"https:\/\/www.fanprojekt-muenster.de\/wordpress\/sonderzug-nach-muenchen\/\" \/>\n<meta property=\"og:site_name\" content=\"Fangemeinschaft Preu\u00dfen M\u00fcnster e. V.\" \/>\n<meta property=\"article:published_time\" content=\"2019-01-11T21:27:58+00:00\" \/>\n<meta name=\"author\" content=\"Andr\u00e9 Feldmann\" \/>\n<meta name=\"twitter:card\" content=\"summary_large_image\" \/>\n<meta name=\"twitter:label1\" content=\"Verfasst von\" \/>\n\t<meta name=\"twitter:data1\" content=\"Andr\u00e9 Feldmann\" \/>\n\t<meta name=\"twitter:label2\" content=\"Gesch\u00e4tzte Lesezeit\" \/>\n\t<meta name=\"twitter:data2\" content=\"3\u00a0Minuten\" \/>\n<script type=\"application\/ld+json\" class=\"yoast-schema-graph\">{\"@context\":\"https:\/\/schema.org\",\"@graph\":[{\"@type\":\"Article\",\"@id\":\"https:\/\/www.fanprojekt-muenster.de\/wordpress\/sonderzug-nach-muenchen\/#article\",\"isPartOf\":{\"@id\":\"https:\/\/www.fanprojekt-muenster.de\/wordpress\/sonderzug-nach-muenchen\/\"},\"author\":{\"name\":\"Andr\u00e9 Feldmann\",\"@id\":\"https:\/\/www.fanprojekt-muenster.de\/wordpress\/#\/schema\/person\/3daf258cdb8989ffe1ec0fb58ab8d7d2\"},\"headline\":\"Sonderzug nach M\u00fcnchen\",\"datePublished\":\"2019-01-11T21:27:58+00:00\",\"mainEntityOfPage\":{\"@id\":\"https:\/\/www.fanprojekt-muenster.de\/wordpress\/sonderzug-nach-muenchen\/\"},\"wordCount\":537,\"publisher\":{\"@id\":\"https:\/\/www.fanprojekt-muenster.de\/wordpress\/#organization\"},\"image\":{\"@id\":\"https:\/\/www.fanprojekt-muenster.de\/wordpress\/sonderzug-nach-muenchen\/#primaryimage\"},\"thumbnailUrl\":\"\",\"articleSection\":[\"Aktuelles\"],\"inLanguage\":\"de\"},{\"@type\":\"WebPage\",\"@id\":\"https:\/\/www.fanprojekt-muenster.de\/wordpress\/sonderzug-nach-muenchen\/\",\"url\":\"https:\/\/www.fanprojekt-muenster.de\/wordpress\/sonderzug-nach-muenchen\/\",\"name\":\"Sonderzug nach M\u00fcnchen - Fangemeinschaft Preu\u00dfen M\u00fcnster e. V.\",\"isPartOf\":{\"@id\":\"https:\/\/www.fanprojekt-muenster.de\/wordpress\/#website\"},\"primaryImageOfPage\":{\"@id\":\"https:\/\/www.fanprojekt-muenster.de\/wordpress\/sonderzug-nach-muenchen\/#primaryimage\"},\"image\":{\"@id\":\"https:\/\/www.fanprojekt-muenster.de\/wordpress\/sonderzug-nach-muenchen\/#primaryimage\"},\"thumbnailUrl\":\"\",\"datePublished\":\"2019-01-11T21:27:58+00:00\",\"breadcrumb\":{\"@id\":\"https:\/\/www.fanprojekt-muenster.de\/wordpress\/sonderzug-nach-muenchen\/#breadcrumb\"},\"inLanguage\":\"de\",\"potentialAction\":[{\"@type\":\"ReadAction\",\"target\":[\"https:\/\/www.fanprojekt-muenster.de\/wordpress\/sonderzug-nach-muenchen\/\"]}]},{\"@type\":\"ImageObject\",\"inLanguage\":\"de\",\"@id\":\"https:\/\/www.fanprojekt-muenster.de\/wordpress\/sonderzug-nach-muenchen\/#primaryimage\",\"url\":\"\",\"contentUrl\":\"\"},{\"@type\":\"BreadcrumbList\",\"@id\":\"https:\/\/www.fanprojekt-muenster.de\/wordpress\/sonderzug-nach-muenchen\/#breadcrumb\",\"itemListElement\":[{\"@type\":\"ListItem\",\"position\":1,\"name\":\"Startseite\",\"item\":\"https:\/\/www.fanprojekt-muenster.de\/wordpress\/\"},{\"@type\":\"ListItem\",\"position\":2,\"name\":\"Sonderzug nach M\u00fcnchen\"}]},{\"@type\":\"WebSite\",\"@id\":\"https:\/\/www.fanprojekt-muenster.de\/wordpress\/#website\",\"url\":\"https:\/\/www.fanprojekt-muenster.de\/wordpress\/\",\"name\":\"Fangemeinschaft Preu\u00dfen M\u00fcnster e. V.\",\"description\":\"\",\"publisher\":{\"@id\":\"https:\/\/www.fanprojekt-muenster.de\/wordpress\/#organization\"},\"potentialAction\":[{\"@type\":\"SearchAction\",\"target\":{\"@type\":\"EntryPoint\",\"urlTemplate\":\"https:\/\/www.fanprojekt-muenster.de\/wordpress\/?s={search_term_string}\"},\"query-input\":{\"@type\":\"PropertyValueSpecification\",\"valueRequired\":true,\"valueName\":\"search_term_string\"}}],\"inLanguage\":\"de\"},{\"@type\":\"Organization\",\"@id\":\"https:\/\/www.fanprojekt-muenster.de\/wordpress\/#organization\",\"name\":\"Fangemeinschaft Preu\u00dfen M\u00fcnster e. V.\",\"url\":\"https:\/\/www.fanprojekt-muenster.de\/wordpress\/\",\"logo\":{\"@type\":\"ImageObject\",\"inLanguage\":\"de\",\"@id\":\"https:\/\/www.fanprojekt-muenster.de\/wordpress\/#\/schema\/logo\/image\/\",\"url\":\"https:\/\/www.fanprojekt-muenster.de\/wordpress\/wp-content\/uploads\/2019\/07\/cropped-Website_Logo3-9.png\",\"contentUrl\":\"https:\/\/www.fanprojekt-muenster.de\/wordpress\/wp-content\/uploads\/2019\/07\/cropped-Website_Logo3-9.png\",\"width\":224,\"height\":42,\"caption\":\"Fangemeinschaft Preu\u00dfen M\u00fcnster e. V.\"},\"image\":{\"@id\":\"https:\/\/www.fanprojekt-muenster.de\/wordpress\/#\/schema\/logo\/image\/\"}},{\"@type\":\"Person\",\"@id\":\"https:\/\/www.fanprojekt-muenster.de\/wordpress\/#\/schema\/person\/3daf258cdb8989ffe1ec0fb58ab8d7d2\",\"name\":\"Andr\u00e9 Feldmann\",\"url\":\"https:\/\/www.fanprojekt-muenster.de\/wordpress\/author\/andrefeldmann\/\"}]}<\/script>\n<!-- \/ Yoast SEO plugin. -->","yoast_head_json":{"title":"Sonderzug nach M\u00fcnchen - Fangemeinschaft Preu\u00dfen M\u00fcnster e. V.","robots":{"index":"index","follow":"follow","max-snippet":"max-snippet:-1","max-image-preview":"max-image-preview:large","max-video-preview":"max-video-preview:-1"},"canonical":"https:\/\/www.fanprojekt-muenster.de\/wordpress\/sonderzug-nach-muenchen\/","og_locale":"de_DE","og_type":"article","og_title":"Sonderzug nach M\u00fcnchen - Fangemeinschaft Preu\u00dfen M\u00fcnster e. V.","og_description":"Am 13.04.19 (*) rollt ein Sonderzug von Fans f\u00fcr Fans zum Ausw\u00e4rtsspiel gegen 1860 M\u00fcnchen. Die organisatorischen Dinge sind gr\u00f6\u00dftenteils in trockenen T\u00fcchern, es kann losgehen! Holen wir uns den... Read more &raquo;","og_url":"https:\/\/www.fanprojekt-muenster.de\/wordpress\/sonderzug-nach-muenchen\/","og_site_name":"Fangemeinschaft Preu\u00dfen M\u00fcnster e. V.","article_published_time":"2019-01-11T21:27:58+00:00","author":"Andr\u00e9 Feldmann","twitter_card":"summary_large_image","twitter_misc":{"Verfasst von":"Andr\u00e9 Feldmann","Gesch\u00e4tzte Lesezeit":"3\u00a0Minuten"},"schema":{"@context":"https:\/\/schema.org","@graph":[{"@type":"Article","@id":"https:\/\/www.fanprojekt-muenster.de\/wordpress\/sonderzug-nach-muenchen\/#article","isPartOf":{"@id":"https:\/\/www.fanprojekt-muenster.de\/wordpress\/sonderzug-nach-muenchen\/"},"author":{"name":"Andr\u00e9 Feldmann","@id":"https:\/\/www.fanprojekt-muenster.de\/wordpress\/#\/schema\/person\/3daf258cdb8989ffe1ec0fb58ab8d7d2"},"headline":"Sonderzug nach M\u00fcnchen","datePublished":"2019-01-11T21:27:58+00:00","mainEntityOfPage":{"@id":"https:\/\/www.fanprojekt-muenster.de\/wordpress\/sonderzug-nach-muenchen\/"},"wordCount":537,"publisher":{"@id":"https:\/\/www.fanprojekt-muenster.de\/wordpress\/#organization"},"image":{"@id":"https:\/\/www.fanprojekt-muenster.de\/wordpress\/sonderzug-nach-muenchen\/#primaryimage"},"thumbnailUrl":"","articleSection":["Aktuelles"],"inLanguage":"de"},{"@type":"WebPage","@id":"https:\/\/www.fanprojekt-muenster.de\/wordpress\/sonderzug-nach-muenchen\/","url":"https:\/\/www.fanprojekt-muenster.de\/wordpress\/sonderzug-nach-muenchen\/","name":"Sonderzug nach M\u00fcnchen - Fangemeinschaft Preu\u00dfen M\u00fcnster e. V.","isPartOf":{"@id":"https:\/\/www.fanprojekt-muenster.de\/wordpress\/#website"},"primaryImageOfPage":{"@id":"https:\/\/www.fanprojekt-muenster.de\/wordpress\/sonderzug-nach-muenchen\/#primaryimage"},"image":{"@id":"https:\/\/www.fanprojekt-muenster.de\/wordpress\/sonderzug-nach-muenchen\/#primaryimage"},"thumbnailUrl":"","datePublished":"2019-01-11T21:27:58+00:00","breadcrumb":{"@id":"https:\/\/www.fanprojekt-muenster.de\/wordpress\/sonderzug-nach-muenchen\/#breadcrumb"},"inLanguage":"de","potentialAction":[{"@type":"ReadAction","target":["https:\/\/www.fanprojekt-muenster.de\/wordpress\/sonderzug-nach-muenchen\/"]}]},{"@type":"ImageObject","inLanguage":"de","@id":"https:\/\/www.fanprojekt-muenster.de\/wordpress\/sonderzug-nach-muenchen\/#primaryimage","url":"","contentUrl":""},{"@type":"BreadcrumbList","@id":"https:\/\/www.fanprojekt-muenster.de\/wordpress\/sonderzug-nach-muenchen\/#breadcrumb","itemListElement":[{"@type":"ListItem","position":1,"name":"Startseite","item":"https:\/\/www.fanprojekt-muenster.de\/wordpress\/"},{"@type":"ListItem","position":2,"name":"Sonderzug nach M\u00fcnchen"}]},{"@type":"WebSite","@id":"https:\/\/www.fanprojekt-muenster.de\/wordpress\/#website","url":"https:\/\/www.fanprojekt-muenster.de\/wordpress\/","name":"Fangemeinschaft Preu\u00dfen M\u00fcnster e. V.","description":"","publisher":{"@id":"https:\/\/www.fanprojekt-muenster.de\/wordpress\/#organization"},"potentialAction":[{"@type":"SearchAction","target":{"@type":"EntryPoint","urlTemplate":"https:\/\/www.fanprojekt-muenster.de\/wordpress\/?s={search_term_string}"},"query-input":{"@type":"PropertyValueSpecification","valueRequired":true,"valueName":"search_term_string"}}],"inLanguage":"de"},{"@type":"Organization","@id":"https:\/\/www.fanprojekt-muenster.de\/wordpress\/#organization","name":"Fangemeinschaft Preu\u00dfen M\u00fcnster e. V.","url":"https:\/\/www.fanprojekt-muenster.de\/wordpress\/","logo":{"@type":"ImageObject","inLanguage":"de","@id":"https:\/\/www.fanprojekt-muenster.de\/wordpress\/#\/schema\/logo\/image\/","url":"https:\/\/www.fanprojekt-muenster.de\/wordpress\/wp-content\/uploads\/2019\/07\/cropped-Website_Logo3-9.png","contentUrl":"https:\/\/www.fanprojekt-muenster.de\/wordpress\/wp-content\/uploads\/2019\/07\/cropped-Website_Logo3-9.png","width":224,"height":42,"caption":"Fangemeinschaft Preu\u00dfen M\u00fcnster e. V."},"image":{"@id":"https:\/\/www.fanprojekt-muenster.de\/wordpress\/#\/schema\/logo\/image\/"}},{"@type":"Person","@id":"https:\/\/www.fanprojekt-muenster.de\/wordpress\/#\/schema\/person\/3daf258cdb8989ffe1ec0fb58ab8d7d2","name":"Andr\u00e9 Feldmann","url":"https:\/\/www.fanprojekt-muenster.de\/wordpress\/author\/andrefeldmann\/"}]}},"author_meta":{"display_name":"Andr\u00e9 Feldmann","author_link":"https:\/\/www.fanprojekt-muenster.de\/wordpress\/author\/andrefeldmann\/"},"featured_img":null,"coauthors":[],"tax_additional":{"categories":{"linked":["<a href=\"https:\/\/www.fanprojekt-muenster.de\/wordpress\/category\/aktuelles\/\" class=\"advgb-post-tax-term\">Aktuelles<\/a>"],"unlinked":["<span class=\"advgb-post-tax-term\">Aktuelles<\/span>"]}},"comment_count":"0","relative_dates":{"created":"Posted 7\u00a0Jahren ago","modified":"Updated 7\u00a0Jahren ago"},"absolute_dates":{"created":"Posted on 11. Januar 2019","modified":"Updated on 11. Januar 2019"},"absolute_dates_time":{"created":"Posted on 11. Januar 2019 23:27","modified":"Updated on 11. Januar 2019 23:27"},"featured_img_caption":"","series_order":"","_links":{"self":[{"href":"https:\/\/www.fanprojekt-muenster.de\/wordpress\/wp-json\/wp\/v2\/posts\/5719","targetHints":{"allow":["GET"]}}],"collection":[{"href":"https:\/\/www.fanprojekt-muenster.de\/wordpress\/wp-json\/wp\/v2\/posts"}],"about":[{"href":"https:\/\/www.fanprojekt-muenster.de\/wordpress\/wp-json\/wp\/v2\/types\/post"}],"author":[{"embeddable":true,"href":"https:\/\/www.fanprojekt-muenster.de\/wordpress\/wp-json\/wp\/v2\/users\/3"}],"replies":[{"embeddable":true,"href":"https:\/\/www.fanprojekt-muenster.de\/wordpress\/wp-json\/wp\/v2\/comments?post=5719"}],"version-history":[{"count":0,"href":"https:\/\/www.fanprojekt-muenster.de\/wordpress\/wp-json\/wp\/v2\/posts\/5719\/revisions"}],"wp:featuredmedia":[{"embeddable":true,"href":"https:\/\/www.fanprojekt-muenster.de\/wordpress\/wp-json\/"}],"wp:attachment":[{"href":"https:\/\/www.fanprojekt-muenster.de\/wordpress\/wp-json\/wp\/v2\/media?parent=5719"}],"wp:term":[{"taxonomy":"category","embeddable":true,"href":"https:\/\/www.fanprojekt-muenster.de\/wordpress\/wp-json\/wp\/v2\/categories?post=5719"},{"taxonomy":"post_tag","embeddable":true,"href":"https:\/\/www.fanprojekt-muenster.de\/wordpress\/wp-json\/wp\/v2\/tags?post=5719"}],"curies":[{"name":"wp","href":"https:\/\/api.w.org\/{rel}","templated":true}]}}