{"id":5717,"date":"2019-01-09T15:35:49","date_gmt":"2019-01-09T13:35:49","guid":{"rendered":"http:\/\/www.fanprojekt-muenster.de\/wp\/?p=5717"},"modified":"2019-01-09T15:35:49","modified_gmt":"2019-01-09T13:35:49","slug":"hinweis-neujahrsempfang","status":"publish","type":"post","link":"https:\/\/www.fanprojekt-muenster.de\/wordpress\/hinweis-neujahrsempfang\/","title":{"rendered":"Hinweis Neujahrsempfang"},"content":{"rendered":"<p>Wir m\u00f6chten nochmals auf unseren Neujahrsempfang am 12.01.19 um 19:06 Uhr im VIP-Bereich der Haupttrib\u00fcne des Preu\u00dfenstadions hinweisen. Eintrittskarten k\u00f6nnen noch an der Abendkasse f\u00fcr 10 Euro (Mitglieder Fanprojekt) bzw. 15 Euro (Nichtmitglieder) erworben werden.<\/p>\n<p>Gastronomisch haben wir eine Umstellung vorgenommen: in diesem Jahr beschr\u00e4nken wir uns beim im Preis enthaltenen Essen nicht nur auf Gr\u00fcnkohl, sondern bieten ein Buffet mit mehr Auswahl an.<\/p>\n<p>Anschlie\u00dfend veranstalten wir das Fu\u00dfballquiz und die beliebte Tombola. Der Erl\u00f6\u00df der Tombola wird, wie immer, gespendet. Die Veranstaltung bleibt bis 1 Uhr ge\u00f6ffnet, da ein Umzug ins Fanport dieses Mal logistisch nicht m\u00f6glich ist. Auch findet am Folgetag um 11 Uhr die JHV des SC Preu\u00dfen 06 e.V. M\u00fcnster statt.<\/p>\n<p>Auf dem Neujahrsempfang werden auch den Vorverkauf f\u00fcr den Sonderzug nach M\u00fcnchen starten. Karten f\u00fcr Mitglieder kosten 79 Euro und f\u00fcr Nichtmitglieder 89 Euro. Sofern alles klappt und der DFB mitspielt, findet die Fahrt am 13.04.19 statt. Aus organisatorischen Gr\u00fcnden beginnt der Kartenvorverkauf bereits jetzt.<\/p>\n","protected":false},"excerpt":{"rendered":"<p>Wir m\u00f6chten nochmals auf unseren Neujahrsempfang am 12.01.19 um 19:06 Uhr im VIP-Bereich der Haupttrib\u00fcne des Preu\u00dfenstadions hinweisen. Eintrittskarten k\u00f6nnen noch an der Abendkasse f\u00fcr 10 Euro (Mitglieder Fanprojekt) bzw&#8230;. <a class=\"read-more-link\" href=\"https:\/\/www.fanprojekt-muenster.de\/wordpress\/hinweis-neujahrsempfang\/\">Read more &raquo;<\/a><\/p>\n","protected":false},"author":3,"featured_media":5083,"comment_status":"closed","ping_status":"closed","sticky":false,"template":"","format":"standard","meta":{"advgb_blocks_editor_width":"","advgb_blocks_columns_visual_guide":"","footnotes":""},"categories":[3],"tags":[],"class_list":["post-5717","post","type-post","status-publish","format-standard","has-post-thumbnail","hentry","category-aktuelles"],"featured_image_src":null,"author_info":{"display_name":"Andr\u00e9 Feldmann","author_link":"https:\/\/www.fanprojekt-muenster.de\/wordpress\/author\/andrefeldmann\/"},"yoast_head":"<!-- This site is optimized with the Yoast SEO plugin v27.2 - https:\/\/yoast.com\/product\/yoast-seo-wordpress\/ -->\n<title>Hinweis Neujahrsempfang - Fangemeinschaft Preu\u00dfen M\u00fcnster e. V.<\/title>\n<meta name=\"robots\" content=\"index, follow, max-snippet:-1, max-image-preview:large, max-video-preview:-1\" \/>\n<link rel=\"canonical\" href=\"https:\/\/www.fanprojekt-muenster.de\/wordpress\/hinweis-neujahrsempfang\/\" \/>\n<meta property=\"og:locale\" content=\"de_DE\" \/>\n<meta property=\"og:type\" content=\"article\" \/>\n<meta property=\"og:title\" content=\"Hinweis Neujahrsempfang - Fangemeinschaft Preu\u00dfen M\u00fcnster e. V.\" \/>\n<meta property=\"og:description\" content=\"Wir m\u00f6chten nochmals auf unseren Neujahrsempfang am 12.01.19 um 19:06 Uhr im VIP-Bereich der Haupttrib\u00fcne des Preu\u00dfenstadions hinweisen. Eintrittskarten k\u00f6nnen noch an der Abendkasse f\u00fcr 10 Euro (Mitglieder Fanprojekt) bzw.... Read more &raquo;\" \/>\n<meta property=\"og:url\" content=\"https:\/\/www.fanprojekt-muenster.de\/wordpress\/hinweis-neujahrsempfang\/\" \/>\n<meta property=\"og:site_name\" content=\"Fangemeinschaft Preu\u00dfen M\u00fcnster e. V.\" \/>\n<meta property=\"article:published_time\" content=\"2019-01-09T13:35:49+00:00\" \/>\n<meta name=\"author\" content=\"Andr\u00e9 Feldmann\" \/>\n<meta name=\"twitter:card\" content=\"summary_large_image\" \/>\n<meta name=\"twitter:label1\" content=\"Verfasst von\" \/>\n\t<meta name=\"twitter:data1\" content=\"Andr\u00e9 Feldmann\" \/>\n\t<meta name=\"twitter:label2\" content=\"Gesch\u00e4tzte Lesezeit\" \/>\n\t<meta name=\"twitter:data2\" content=\"1\u00a0Minute\" \/>\n<script type=\"application\/ld+json\" class=\"yoast-schema-graph\">{\"@context\":\"https:\/\/schema.org\",\"@graph\":[{\"@type\":\"Article\",\"@id\":\"https:\/\/www.fanprojekt-muenster.de\/wordpress\/hinweis-neujahrsempfang\/#article\",\"isPartOf\":{\"@id\":\"https:\/\/www.fanprojekt-muenster.de\/wordpress\/hinweis-neujahrsempfang\/\"},\"author\":{\"name\":\"Andr\u00e9 Feldmann\",\"@id\":\"https:\/\/www.fanprojekt-muenster.de\/wordpress\/#\/schema\/person\/3daf258cdb8989ffe1ec0fb58ab8d7d2\"},\"headline\":\"Hinweis Neujahrsempfang\",\"datePublished\":\"2019-01-09T13:35:49+00:00\",\"mainEntityOfPage\":{\"@id\":\"https:\/\/www.fanprojekt-muenster.de\/wordpress\/hinweis-neujahrsempfang\/\"},\"wordCount\":171,\"publisher\":{\"@id\":\"https:\/\/www.fanprojekt-muenster.de\/wordpress\/#organization\"},\"image\":{\"@id\":\"https:\/\/www.fanprojekt-muenster.de\/wordpress\/hinweis-neujahrsempfang\/#primaryimage\"},\"thumbnailUrl\":\"\",\"articleSection\":[\"Aktuelles\"],\"inLanguage\":\"de\"},{\"@type\":\"WebPage\",\"@id\":\"https:\/\/www.fanprojekt-muenster.de\/wordpress\/hinweis-neujahrsempfang\/\",\"url\":\"https:\/\/www.fanprojekt-muenster.de\/wordpress\/hinweis-neujahrsempfang\/\",\"name\":\"Hinweis Neujahrsempfang - Fangemeinschaft Preu\u00dfen M\u00fcnster e. V.\",\"isPartOf\":{\"@id\":\"https:\/\/www.fanprojekt-muenster.de\/wordpress\/#website\"},\"primaryImageOfPage\":{\"@id\":\"https:\/\/www.fanprojekt-muenster.de\/wordpress\/hinweis-neujahrsempfang\/#primaryimage\"},\"image\":{\"@id\":\"https:\/\/www.fanprojekt-muenster.de\/wordpress\/hinweis-neujahrsempfang\/#primaryimage\"},\"thumbnailUrl\":\"\",\"datePublished\":\"2019-01-09T13:35:49+00:00\",\"breadcrumb\":{\"@id\":\"https:\/\/www.fanprojekt-muenster.de\/wordpress\/hinweis-neujahrsempfang\/#breadcrumb\"},\"inLanguage\":\"de\",\"potentialAction\":[{\"@type\":\"ReadAction\",\"target\":[\"https:\/\/www.fanprojekt-muenster.de\/wordpress\/hinweis-neujahrsempfang\/\"]}]},{\"@type\":\"ImageObject\",\"inLanguage\":\"de\",\"@id\":\"https:\/\/www.fanprojekt-muenster.de\/wordpress\/hinweis-neujahrsempfang\/#primaryimage\",\"url\":\"\",\"contentUrl\":\"\"},{\"@type\":\"BreadcrumbList\",\"@id\":\"https:\/\/www.fanprojekt-muenster.de\/wordpress\/hinweis-neujahrsempfang\/#breadcrumb\",\"itemListElement\":[{\"@type\":\"ListItem\",\"position\":1,\"name\":\"Startseite\",\"item\":\"https:\/\/www.fanprojekt-muenster.de\/wordpress\/\"},{\"@type\":\"ListItem\",\"position\":2,\"name\":\"Hinweis Neujahrsempfang\"}]},{\"@type\":\"WebSite\",\"@id\":\"https:\/\/www.fanprojekt-muenster.de\/wordpress\/#website\",\"url\":\"https:\/\/www.fanprojekt-muenster.de\/wordpress\/\",\"name\":\"Fangemeinschaft Preu\u00dfen M\u00fcnster e. V.\",\"description\":\"\",\"publisher\":{\"@id\":\"https:\/\/www.fanprojekt-muenster.de\/wordpress\/#organization\"},\"potentialAction\":[{\"@type\":\"SearchAction\",\"target\":{\"@type\":\"EntryPoint\",\"urlTemplate\":\"https:\/\/www.fanprojekt-muenster.de\/wordpress\/?s={search_term_string}\"},\"query-input\":{\"@type\":\"PropertyValueSpecification\",\"valueRequired\":true,\"valueName\":\"search_term_string\"}}],\"inLanguage\":\"de\"},{\"@type\":\"Organization\",\"@id\":\"https:\/\/www.fanprojekt-muenster.de\/wordpress\/#organization\",\"name\":\"Fangemeinschaft Preu\u00dfen M\u00fcnster e. V.\",\"url\":\"https:\/\/www.fanprojekt-muenster.de\/wordpress\/\",\"logo\":{\"@type\":\"ImageObject\",\"inLanguage\":\"de\",\"@id\":\"https:\/\/www.fanprojekt-muenster.de\/wordpress\/#\/schema\/logo\/image\/\",\"url\":\"https:\/\/www.fanprojekt-muenster.de\/wordpress\/wp-content\/uploads\/2019\/07\/cropped-Website_Logo3-9.png\",\"contentUrl\":\"https:\/\/www.fanprojekt-muenster.de\/wordpress\/wp-content\/uploads\/2019\/07\/cropped-Website_Logo3-9.png\",\"width\":224,\"height\":42,\"caption\":\"Fangemeinschaft Preu\u00dfen M\u00fcnster e. V.\"},\"image\":{\"@id\":\"https:\/\/www.fanprojekt-muenster.de\/wordpress\/#\/schema\/logo\/image\/\"}},{\"@type\":\"Person\",\"@id\":\"https:\/\/www.fanprojekt-muenster.de\/wordpress\/#\/schema\/person\/3daf258cdb8989ffe1ec0fb58ab8d7d2\",\"name\":\"Andr\u00e9 Feldmann\",\"url\":\"https:\/\/www.fanprojekt-muenster.de\/wordpress\/author\/andrefeldmann\/\"}]}<\/script>\n<!-- \/ Yoast SEO plugin. -->","yoast_head_json":{"title":"Hinweis Neujahrsempfang - Fangemeinschaft Preu\u00dfen M\u00fcnster e. V.","robots":{"index":"index","follow":"follow","max-snippet":"max-snippet:-1","max-image-preview":"max-image-preview:large","max-video-preview":"max-video-preview:-1"},"canonical":"https:\/\/www.fanprojekt-muenster.de\/wordpress\/hinweis-neujahrsempfang\/","og_locale":"de_DE","og_type":"article","og_title":"Hinweis Neujahrsempfang - Fangemeinschaft Preu\u00dfen M\u00fcnster e. V.","og_description":"Wir m\u00f6chten nochmals auf unseren Neujahrsempfang am 12.01.19 um 19:06 Uhr im VIP-Bereich der Haupttrib\u00fcne des Preu\u00dfenstadions hinweisen. Eintrittskarten k\u00f6nnen noch an der Abendkasse f\u00fcr 10 Euro (Mitglieder Fanprojekt) bzw.... Read more &raquo;","og_url":"https:\/\/www.fanprojekt-muenster.de\/wordpress\/hinweis-neujahrsempfang\/","og_site_name":"Fangemeinschaft Preu\u00dfen M\u00fcnster e. V.","article_published_time":"2019-01-09T13:35:49+00:00","author":"Andr\u00e9 Feldmann","twitter_card":"summary_large_image","twitter_misc":{"Verfasst von":"Andr\u00e9 Feldmann","Gesch\u00e4tzte Lesezeit":"1\u00a0Minute"},"schema":{"@context":"https:\/\/schema.org","@graph":[{"@type":"Article","@id":"https:\/\/www.fanprojekt-muenster.de\/wordpress\/hinweis-neujahrsempfang\/#article","isPartOf":{"@id":"https:\/\/www.fanprojekt-muenster.de\/wordpress\/hinweis-neujahrsempfang\/"},"author":{"name":"Andr\u00e9 Feldmann","@id":"https:\/\/www.fanprojekt-muenster.de\/wordpress\/#\/schema\/person\/3daf258cdb8989ffe1ec0fb58ab8d7d2"},"headline":"Hinweis Neujahrsempfang","datePublished":"2019-01-09T13:35:49+00:00","mainEntityOfPage":{"@id":"https:\/\/www.fanprojekt-muenster.de\/wordpress\/hinweis-neujahrsempfang\/"},"wordCount":171,"publisher":{"@id":"https:\/\/www.fanprojekt-muenster.de\/wordpress\/#organization"},"image":{"@id":"https:\/\/www.fanprojekt-muenster.de\/wordpress\/hinweis-neujahrsempfang\/#primaryimage"},"thumbnailUrl":"","articleSection":["Aktuelles"],"inLanguage":"de"},{"@type":"WebPage","@id":"https:\/\/www.fanprojekt-muenster.de\/wordpress\/hinweis-neujahrsempfang\/","url":"https:\/\/www.fanprojekt-muenster.de\/wordpress\/hinweis-neujahrsempfang\/","name":"Hinweis Neujahrsempfang - Fangemeinschaft Preu\u00dfen M\u00fcnster e. V.","isPartOf":{"@id":"https:\/\/www.fanprojekt-muenster.de\/wordpress\/#website"},"primaryImageOfPage":{"@id":"https:\/\/www.fanprojekt-muenster.de\/wordpress\/hinweis-neujahrsempfang\/#primaryimage"},"image":{"@id":"https:\/\/www.fanprojekt-muenster.de\/wordpress\/hinweis-neujahrsempfang\/#primaryimage"},"thumbnailUrl":"","datePublished":"2019-01-09T13:35:49+00:00","breadcrumb":{"@id":"https:\/\/www.fanprojekt-muenster.de\/wordpress\/hinweis-neujahrsempfang\/#breadcrumb"},"inLanguage":"de","potentialAction":[{"@type":"ReadAction","target":["https:\/\/www.fanprojekt-muenster.de\/wordpress\/hinweis-neujahrsempfang\/"]}]},{"@type":"ImageObject","inLanguage":"de","@id":"https:\/\/www.fanprojekt-muenster.de\/wordpress\/hinweis-neujahrsempfang\/#primaryimage","url":"","contentUrl":""},{"@type":"BreadcrumbList","@id":"https:\/\/www.fanprojekt-muenster.de\/wordpress\/hinweis-neujahrsempfang\/#breadcrumb","itemListElement":[{"@type":"ListItem","position":1,"name":"Startseite","item":"https:\/\/www.fanprojekt-muenster.de\/wordpress\/"},{"@type":"ListItem","position":2,"name":"Hinweis Neujahrsempfang"}]},{"@type":"WebSite","@id":"https:\/\/www.fanprojekt-muenster.de\/wordpress\/#website","url":"https:\/\/www.fanprojekt-muenster.de\/wordpress\/","name":"Fangemeinschaft Preu\u00dfen M\u00fcnster e. V.","description":"","publisher":{"@id":"https:\/\/www.fanprojekt-muenster.de\/wordpress\/#organization"},"potentialAction":[{"@type":"SearchAction","target":{"@type":"EntryPoint","urlTemplate":"https:\/\/www.fanprojekt-muenster.de\/wordpress\/?s={search_term_string}"},"query-input":{"@type":"PropertyValueSpecification","valueRequired":true,"valueName":"search_term_string"}}],"inLanguage":"de"},{"@type":"Organization","@id":"https:\/\/www.fanprojekt-muenster.de\/wordpress\/#organization","name":"Fangemeinschaft Preu\u00dfen M\u00fcnster e. V.","url":"https:\/\/www.fanprojekt-muenster.de\/wordpress\/","logo":{"@type":"ImageObject","inLanguage":"de","@id":"https:\/\/www.fanprojekt-muenster.de\/wordpress\/#\/schema\/logo\/image\/","url":"https:\/\/www.fanprojekt-muenster.de\/wordpress\/wp-content\/uploads\/2019\/07\/cropped-Website_Logo3-9.png","contentUrl":"https:\/\/www.fanprojekt-muenster.de\/wordpress\/wp-content\/uploads\/2019\/07\/cropped-Website_Logo3-9.png","width":224,"height":42,"caption":"Fangemeinschaft Preu\u00dfen M\u00fcnster e. V."},"image":{"@id":"https:\/\/www.fanprojekt-muenster.de\/wordpress\/#\/schema\/logo\/image\/"}},{"@type":"Person","@id":"https:\/\/www.fanprojekt-muenster.de\/wordpress\/#\/schema\/person\/3daf258cdb8989ffe1ec0fb58ab8d7d2","name":"Andr\u00e9 Feldmann","url":"https:\/\/www.fanprojekt-muenster.de\/wordpress\/author\/andrefeldmann\/"}]}},"author_meta":{"display_name":"Andr\u00e9 Feldmann","author_link":"https:\/\/www.fanprojekt-muenster.de\/wordpress\/author\/andrefeldmann\/"},"featured_img":null,"coauthors":[],"tax_additional":{"categories":{"linked":["<a href=\"https:\/\/www.fanprojekt-muenster.de\/wordpress\/category\/aktuelles\/\" class=\"advgb-post-tax-term\">Aktuelles<\/a>"],"unlinked":["<span class=\"advgb-post-tax-term\">Aktuelles<\/span>"]}},"comment_count":"0","relative_dates":{"created":"Posted 7\u00a0Jahren ago","modified":"Updated 7\u00a0Jahren ago"},"absolute_dates":{"created":"Posted on 9. Januar 2019","modified":"Updated on 9. Januar 2019"},"absolute_dates_time":{"created":"Posted on 9. Januar 2019 15:35","modified":"Updated on 9. Januar 2019 15:35"},"featured_img_caption":"","series_order":"","_links":{"self":[{"href":"https:\/\/www.fanprojekt-muenster.de\/wordpress\/wp-json\/wp\/v2\/posts\/5717","targetHints":{"allow":["GET"]}}],"collection":[{"href":"https:\/\/www.fanprojekt-muenster.de\/wordpress\/wp-json\/wp\/v2\/posts"}],"about":[{"href":"https:\/\/www.fanprojekt-muenster.de\/wordpress\/wp-json\/wp\/v2\/types\/post"}],"author":[{"embeddable":true,"href":"https:\/\/www.fanprojekt-muenster.de\/wordpress\/wp-json\/wp\/v2\/users\/3"}],"replies":[{"embeddable":true,"href":"https:\/\/www.fanprojekt-muenster.de\/wordpress\/wp-json\/wp\/v2\/comments?post=5717"}],"version-history":[{"count":0,"href":"https:\/\/www.fanprojekt-muenster.de\/wordpress\/wp-json\/wp\/v2\/posts\/5717\/revisions"}],"wp:featuredmedia":[{"embeddable":true,"href":"https:\/\/www.fanprojekt-muenster.de\/wordpress\/wp-json\/"}],"wp:attachment":[{"href":"https:\/\/www.fanprojekt-muenster.de\/wordpress\/wp-json\/wp\/v2\/media?parent=5717"}],"wp:term":[{"taxonomy":"category","embeddable":true,"href":"https:\/\/www.fanprojekt-muenster.de\/wordpress\/wp-json\/wp\/v2\/categories?post=5717"},{"taxonomy":"post_tag","embeddable":true,"href":"https:\/\/www.fanprojekt-muenster.de\/wordpress\/wp-json\/wp\/v2\/tags?post=5717"}],"curies":[{"name":"wp","href":"https:\/\/api.w.org\/{rel}","templated":true}]}}