{"id":5684,"date":"2018-11-30T12:30:05","date_gmt":"2018-11-30T10:30:05","guid":{"rendered":"http:\/\/www.fanprojekt-muenster.de\/wp\/?p=5684"},"modified":"2018-11-30T12:30:05","modified_gmt":"2018-11-30T10:30:05","slug":"leserbriefe","status":"publish","type":"post","link":"https:\/\/www.fanprojekt-muenster.de\/wordpress\/leserbriefe\/","title":{"rendered":"Leserbriefe"},"content":{"rendered":"<p>In den vergangenen zwei Wochen hat der Vorstand des Fanprojekts durch Benny Sicking und Dirk Stiller zwei Leserbriefe als Antwort auf die am 14.11. durch Herrn Franke und Herrn Busse geschiebenen Leserbriefe verfasst. F\u00fcr alle, die die Westf\u00e4lischen Nachrichten nicht abbonniert haben und um auch den vollst\u00e4ndigen Wortlaut nicht vorzuenthalten, haben wir uns entschlossen, die Leserbriefe nachfolgend noch einmal zu ver\u00f6ffentlichen.<\/p>\n<p style=\"padding-left: 30px;\">Sehr geehrte Damen und Herren,<\/p>\n<p style=\"padding-left: 30px;\">als Reaktion auf die Leserbriefe vom gestrigen 14.11. \u00fcber den SC Preu\u00dfen M\u00fcnster, \u00fcbersende ich Ihnen meine Darstellung, um die Diskussion wieder zu versachlichen:<\/p>\n<p style=\"padding-left: 30px;\">Weil sich Hartwig Franke und Jochen Georg Busse in ihren Leserbriefen vom 14.11.2018 \u00fcber den SC Preu\u00dfen M\u00fcnster und seine Fans in einer anma\u00dfenden und polemischen Art ge\u00e4u\u00dfert haben, m\u00f6chte ich eine Richtigstellung und Korrektur vornehmen.<\/p>\n<p style=\"padding-left: 30px;\">Der SC Preu\u00dfen M\u00fcnster ist sicherlich ein Verein, \u00fcber den man sich sachlich streiten kann und zu dem es viele Meinungen gibt. Zehntausende, wenn nicht sogar Hunderttausende verfolgen die Fu\u00dfballspiele der Preu\u00dfen in der 3. Liga als Fans, Sympathisanten und Interessierte. Jede Woche berichtet die Sportschau bundesweit in der ARD \u00fcber Sieg, Unentschieden oder Niederlage.<\/p>\n<p style=\"padding-left: 30px;\">Ich als Ahauser bin stolz auf unseren SC Preu\u00dfen M\u00fcnster, der f\u00fcr mich und viele andere auch identifikationsstiftend f\u00fcr M\u00fcnster und das M\u00fcnsterland ist.<\/p>\n<p style=\"padding-left: 30px;\">Gerne werden wir Preu\u00dfenfans von Au\u00dfenstehenden ins schlechte Licht ger\u00fcckt. Ich m\u00f6chte aber ganz deutlich herausstellen, dass die Preu\u00dfenfans f\u00fcr Fairness, Weltoffenheit, Vielfalt und Toleranz stehen. Im Stadion leben wir es zwischen Jung und Alt und feuern gemeinsam Woche f\u00fcr Woche unsere Preu\u00dfen an.<\/p>\n<p style=\"padding-left: 30px;\">Aber auch hier kann es mal aus den unterschiedlichsten Gr\u00fcnden zu Gewalt kommen. Jedoch geschieht dies so selten und gering, dass ein Besuch auf den vielen Volksfesten im M\u00fcnsterland rein statistisch gef\u00e4hrlicher ist als bei einem Fu\u00dfballspiel von Preu\u00dfen M\u00fcnster. In diesem Kalenderjahr gab es zum Beispiel keinerlei Zwischenf\u00e4lle.<\/p>\n<p style=\"padding-left: 30px;\">Auch die offiziellen Zahlen der bundesweiten Polizeien belegen dies. Denn laut der Zentralen Informationsstelle Sporteins\u00e4tze (ZIS) kam es in den ersten drei Ligen 2017\/18 pro Spiel zu 0,01% Verletzungen durch Gewalt. Bei \u00fcber 21 Mio. Zuschauern w\u00e4hrend der vergangenen Saison liegt die Zahl der Verletzten somit im Promillebereich.<\/p>\n<p style=\"padding-left: 30px;\">Ich m\u00f6chte Gewalt und Verletzungen nicht verherrlichen oder kleinreden. Aber ich m\u00f6chte die Zahlen in den richtigen und sachlichen Kontext r\u00fccken.<\/p>\n<p style=\"padding-left: 30px;\">Lasst uns gerne offene und fair diskutieren.<\/p>\n<p style=\"padding-left: 30px;\">Benny Sicking<\/p>\n<p style=\"padding-left: 30px;\">Vorsitzender Fanprojekt Preu\u00dfen M\u00fcnster e.V.<\/p>\n<p>&nbsp;<\/p>\n<hr \/>\n<p>&nbsp;<\/p>\n<p style=\"padding-left: 30px;\">Leider h\u00f6rt man in der letzten Zeit des \u00d6fteren davon, dass die Fans des SC Preu\u00dfen M\u00fcnster sich nicht benehmen w\u00fcrden, am Mittwoch dem 14.11.2018 hie\u00df es in einem Leserbrief gar \u201emarodierende Ultras\u201c. In den vergangenen Jahren gab es kaum noch gr\u00f6\u00dfere Zwischenf\u00e4lle, im laufenden Jahr nicht einen einzigen.<\/p>\n<p style=\"padding-left: 30px;\">Besch\u00e4ftigt man sich etwas mehr mit dem Thema, dann sieht man viel mehr im Stadion und bei den Spielen: Familien, Freunde die Spa\u00df dabei haben ein Spiel zu sehen, Besucher aus anderen St\u00e4dten die gerne mal ein Spiel ihrer Mannschaft bei uns in M\u00fcnster sehen wollen oder Leute die Verwandtschaft mit zu Spielen mitnehmen.<\/p>\n<p style=\"padding-left: 30px;\">Ich bitte alle, die eine andere Meinung zum Stadionbesuch haben, kommen Sie einmal selbst ins Stadion. Machen Sie sich einen aktuellen Eindruck vom miteinander und von der Offenheit der Fans. Denn egal ob auf der Haupttrib\u00fcne, der Ostkurve oder der Gegengerade, die Fans sind offen und tolerant allen gegen\u00fcber. Ich kann hier auch von meinen Eltern berichten. Sie kommen gerne ins Stadion und freuen sich jedes Mal mit immer anderen Personen in Kontakt zu kommen und mit ihnen gemeinsam das Spiel anzuschauen.<\/p>\n<p style=\"padding-left: 30px;\">Wenn Sie \u00fcber den SCP reden, seien Sie fair und berichten Sie nicht von alten Geschichten, die genau das sind: Geschichte!<\/p>\n<p style=\"padding-left: 30px;\">Danke!<\/p>\n<p style=\"padding-left: 30px;\">Dirk Stiller<\/p>\n<p style=\"padding-left: 30px;\">2. Vorsitzender Fanprojekt Preu\u00dfen M\u00fcnster e.V.<\/p>\n<p style=\"padding-left: 30px;\">\n","protected":false},"excerpt":{"rendered":"<p>In den vergangenen zwei Wochen hat der Vorstand des Fanprojekts durch Benny Sicking und Dirk Stiller zwei Leserbriefe als Antwort auf die am 14.11. durch Herrn Franke und Herrn Busse&#8230; <a class=\"read-more-link\" href=\"https:\/\/www.fanprojekt-muenster.de\/wordpress\/leserbriefe\/\">Read more &raquo;<\/a><\/p>\n","protected":false},"author":3,"featured_media":5685,"comment_status":"closed","ping_status":"closed","sticky":false,"template":"","format":"standard","meta":{"advgb_blocks_editor_width":"","advgb_blocks_columns_visual_guide":"","footnotes":""},"categories":[3],"tags":[],"class_list":["post-5684","post","type-post","status-publish","format-standard","has-post-thumbnail","hentry","category-aktuelles"],"featured_image_src":null,"author_info":{"display_name":"Andr\u00e9 Feldmann","author_link":"https:\/\/www.fanprojekt-muenster.de\/wordpress\/author\/andrefeldmann\/"},"yoast_head":"<!-- This site is optimized with the Yoast SEO plugin v27.2 - https:\/\/yoast.com\/product\/yoast-seo-wordpress\/ -->\n<title>Leserbriefe - Fangemeinschaft Preu\u00dfen M\u00fcnster e. V.<\/title>\n<meta name=\"robots\" content=\"index, follow, max-snippet:-1, max-image-preview:large, max-video-preview:-1\" \/>\n<link rel=\"canonical\" href=\"https:\/\/www.fanprojekt-muenster.de\/wordpress\/leserbriefe\/\" \/>\n<meta property=\"og:locale\" content=\"de_DE\" \/>\n<meta property=\"og:type\" content=\"article\" \/>\n<meta property=\"og:title\" content=\"Leserbriefe - Fangemeinschaft Preu\u00dfen M\u00fcnster e. V.\" \/>\n<meta property=\"og:description\" content=\"In den vergangenen zwei Wochen hat der Vorstand des Fanprojekts durch Benny Sicking und Dirk Stiller zwei Leserbriefe als Antwort auf die am 14.11. durch Herrn Franke und Herrn Busse... Read more &raquo;\" \/>\n<meta property=\"og:url\" content=\"https:\/\/www.fanprojekt-muenster.de\/wordpress\/leserbriefe\/\" \/>\n<meta property=\"og:site_name\" content=\"Fangemeinschaft Preu\u00dfen M\u00fcnster e. V.\" \/>\n<meta property=\"article:published_time\" content=\"2018-11-30T10:30:05+00:00\" \/>\n<meta name=\"author\" content=\"Andr\u00e9 Feldmann\" \/>\n<meta name=\"twitter:card\" content=\"summary_large_image\" \/>\n<meta name=\"twitter:label1\" content=\"Verfasst von\" \/>\n\t<meta name=\"twitter:data1\" content=\"Andr\u00e9 Feldmann\" \/>\n\t<meta name=\"twitter:label2\" content=\"Gesch\u00e4tzte Lesezeit\" \/>\n\t<meta name=\"twitter:data2\" content=\"3\u00a0Minuten\" \/>\n<script type=\"application\/ld+json\" class=\"yoast-schema-graph\">{\"@context\":\"https:\/\/schema.org\",\"@graph\":[{\"@type\":\"Article\",\"@id\":\"https:\/\/www.fanprojekt-muenster.de\/wordpress\/leserbriefe\/#article\",\"isPartOf\":{\"@id\":\"https:\/\/www.fanprojekt-muenster.de\/wordpress\/leserbriefe\/\"},\"author\":{\"name\":\"Andr\u00e9 Feldmann\",\"@id\":\"https:\/\/www.fanprojekt-muenster.de\/wordpress\/#\/schema\/person\/3daf258cdb8989ffe1ec0fb58ab8d7d2\"},\"headline\":\"Leserbriefe\",\"datePublished\":\"2018-11-30T10:30:05+00:00\",\"mainEntityOfPage\":{\"@id\":\"https:\/\/www.fanprojekt-muenster.de\/wordpress\/leserbriefe\/\"},\"wordCount\":649,\"publisher\":{\"@id\":\"https:\/\/www.fanprojekt-muenster.de\/wordpress\/#organization\"},\"image\":{\"@id\":\"https:\/\/www.fanprojekt-muenster.de\/wordpress\/leserbriefe\/#primaryimage\"},\"thumbnailUrl\":\"\",\"articleSection\":[\"Aktuelles\"],\"inLanguage\":\"de\"},{\"@type\":\"WebPage\",\"@id\":\"https:\/\/www.fanprojekt-muenster.de\/wordpress\/leserbriefe\/\",\"url\":\"https:\/\/www.fanprojekt-muenster.de\/wordpress\/leserbriefe\/\",\"name\":\"Leserbriefe - Fangemeinschaft Preu\u00dfen M\u00fcnster e. V.\",\"isPartOf\":{\"@id\":\"https:\/\/www.fanprojekt-muenster.de\/wordpress\/#website\"},\"primaryImageOfPage\":{\"@id\":\"https:\/\/www.fanprojekt-muenster.de\/wordpress\/leserbriefe\/#primaryimage\"},\"image\":{\"@id\":\"https:\/\/www.fanprojekt-muenster.de\/wordpress\/leserbriefe\/#primaryimage\"},\"thumbnailUrl\":\"\",\"datePublished\":\"2018-11-30T10:30:05+00:00\",\"breadcrumb\":{\"@id\":\"https:\/\/www.fanprojekt-muenster.de\/wordpress\/leserbriefe\/#breadcrumb\"},\"inLanguage\":\"de\",\"potentialAction\":[{\"@type\":\"ReadAction\",\"target\":[\"https:\/\/www.fanprojekt-muenster.de\/wordpress\/leserbriefe\/\"]}]},{\"@type\":\"ImageObject\",\"inLanguage\":\"de\",\"@id\":\"https:\/\/www.fanprojekt-muenster.de\/wordpress\/leserbriefe\/#primaryimage\",\"url\":\"\",\"contentUrl\":\"\"},{\"@type\":\"BreadcrumbList\",\"@id\":\"https:\/\/www.fanprojekt-muenster.de\/wordpress\/leserbriefe\/#breadcrumb\",\"itemListElement\":[{\"@type\":\"ListItem\",\"position\":1,\"name\":\"Startseite\",\"item\":\"https:\/\/www.fanprojekt-muenster.de\/wordpress\/\"},{\"@type\":\"ListItem\",\"position\":2,\"name\":\"Leserbriefe\"}]},{\"@type\":\"WebSite\",\"@id\":\"https:\/\/www.fanprojekt-muenster.de\/wordpress\/#website\",\"url\":\"https:\/\/www.fanprojekt-muenster.de\/wordpress\/\",\"name\":\"Fangemeinschaft Preu\u00dfen M\u00fcnster e. V.\",\"description\":\"\",\"publisher\":{\"@id\":\"https:\/\/www.fanprojekt-muenster.de\/wordpress\/#organization\"},\"potentialAction\":[{\"@type\":\"SearchAction\",\"target\":{\"@type\":\"EntryPoint\",\"urlTemplate\":\"https:\/\/www.fanprojekt-muenster.de\/wordpress\/?s={search_term_string}\"},\"query-input\":{\"@type\":\"PropertyValueSpecification\",\"valueRequired\":true,\"valueName\":\"search_term_string\"}}],\"inLanguage\":\"de\"},{\"@type\":\"Organization\",\"@id\":\"https:\/\/www.fanprojekt-muenster.de\/wordpress\/#organization\",\"name\":\"Fangemeinschaft Preu\u00dfen M\u00fcnster e. V.\",\"url\":\"https:\/\/www.fanprojekt-muenster.de\/wordpress\/\",\"logo\":{\"@type\":\"ImageObject\",\"inLanguage\":\"de\",\"@id\":\"https:\/\/www.fanprojekt-muenster.de\/wordpress\/#\/schema\/logo\/image\/\",\"url\":\"https:\/\/www.fanprojekt-muenster.de\/wordpress\/wp-content\/uploads\/2019\/07\/cropped-Website_Logo3-9.png\",\"contentUrl\":\"https:\/\/www.fanprojekt-muenster.de\/wordpress\/wp-content\/uploads\/2019\/07\/cropped-Website_Logo3-9.png\",\"width\":224,\"height\":42,\"caption\":\"Fangemeinschaft Preu\u00dfen M\u00fcnster e. V.\"},\"image\":{\"@id\":\"https:\/\/www.fanprojekt-muenster.de\/wordpress\/#\/schema\/logo\/image\/\"}},{\"@type\":\"Person\",\"@id\":\"https:\/\/www.fanprojekt-muenster.de\/wordpress\/#\/schema\/person\/3daf258cdb8989ffe1ec0fb58ab8d7d2\",\"name\":\"Andr\u00e9 Feldmann\",\"url\":\"https:\/\/www.fanprojekt-muenster.de\/wordpress\/author\/andrefeldmann\/\"}]}<\/script>\n<!-- \/ Yoast SEO plugin. -->","yoast_head_json":{"title":"Leserbriefe - Fangemeinschaft Preu\u00dfen M\u00fcnster e. V.","robots":{"index":"index","follow":"follow","max-snippet":"max-snippet:-1","max-image-preview":"max-image-preview:large","max-video-preview":"max-video-preview:-1"},"canonical":"https:\/\/www.fanprojekt-muenster.de\/wordpress\/leserbriefe\/","og_locale":"de_DE","og_type":"article","og_title":"Leserbriefe - Fangemeinschaft Preu\u00dfen M\u00fcnster e. V.","og_description":"In den vergangenen zwei Wochen hat der Vorstand des Fanprojekts durch Benny Sicking und Dirk Stiller zwei Leserbriefe als Antwort auf die am 14.11. durch Herrn Franke und Herrn Busse... Read more &raquo;","og_url":"https:\/\/www.fanprojekt-muenster.de\/wordpress\/leserbriefe\/","og_site_name":"Fangemeinschaft Preu\u00dfen M\u00fcnster e. V.","article_published_time":"2018-11-30T10:30:05+00:00","author":"Andr\u00e9 Feldmann","twitter_card":"summary_large_image","twitter_misc":{"Verfasst von":"Andr\u00e9 Feldmann","Gesch\u00e4tzte Lesezeit":"3\u00a0Minuten"},"schema":{"@context":"https:\/\/schema.org","@graph":[{"@type":"Article","@id":"https:\/\/www.fanprojekt-muenster.de\/wordpress\/leserbriefe\/#article","isPartOf":{"@id":"https:\/\/www.fanprojekt-muenster.de\/wordpress\/leserbriefe\/"},"author":{"name":"Andr\u00e9 Feldmann","@id":"https:\/\/www.fanprojekt-muenster.de\/wordpress\/#\/schema\/person\/3daf258cdb8989ffe1ec0fb58ab8d7d2"},"headline":"Leserbriefe","datePublished":"2018-11-30T10:30:05+00:00","mainEntityOfPage":{"@id":"https:\/\/www.fanprojekt-muenster.de\/wordpress\/leserbriefe\/"},"wordCount":649,"publisher":{"@id":"https:\/\/www.fanprojekt-muenster.de\/wordpress\/#organization"},"image":{"@id":"https:\/\/www.fanprojekt-muenster.de\/wordpress\/leserbriefe\/#primaryimage"},"thumbnailUrl":"","articleSection":["Aktuelles"],"inLanguage":"de"},{"@type":"WebPage","@id":"https:\/\/www.fanprojekt-muenster.de\/wordpress\/leserbriefe\/","url":"https:\/\/www.fanprojekt-muenster.de\/wordpress\/leserbriefe\/","name":"Leserbriefe - Fangemeinschaft Preu\u00dfen M\u00fcnster e. V.","isPartOf":{"@id":"https:\/\/www.fanprojekt-muenster.de\/wordpress\/#website"},"primaryImageOfPage":{"@id":"https:\/\/www.fanprojekt-muenster.de\/wordpress\/leserbriefe\/#primaryimage"},"image":{"@id":"https:\/\/www.fanprojekt-muenster.de\/wordpress\/leserbriefe\/#primaryimage"},"thumbnailUrl":"","datePublished":"2018-11-30T10:30:05+00:00","breadcrumb":{"@id":"https:\/\/www.fanprojekt-muenster.de\/wordpress\/leserbriefe\/#breadcrumb"},"inLanguage":"de","potentialAction":[{"@type":"ReadAction","target":["https:\/\/www.fanprojekt-muenster.de\/wordpress\/leserbriefe\/"]}]},{"@type":"ImageObject","inLanguage":"de","@id":"https:\/\/www.fanprojekt-muenster.de\/wordpress\/leserbriefe\/#primaryimage","url":"","contentUrl":""},{"@type":"BreadcrumbList","@id":"https:\/\/www.fanprojekt-muenster.de\/wordpress\/leserbriefe\/#breadcrumb","itemListElement":[{"@type":"ListItem","position":1,"name":"Startseite","item":"https:\/\/www.fanprojekt-muenster.de\/wordpress\/"},{"@type":"ListItem","position":2,"name":"Leserbriefe"}]},{"@type":"WebSite","@id":"https:\/\/www.fanprojekt-muenster.de\/wordpress\/#website","url":"https:\/\/www.fanprojekt-muenster.de\/wordpress\/","name":"Fangemeinschaft Preu\u00dfen M\u00fcnster e. V.","description":"","publisher":{"@id":"https:\/\/www.fanprojekt-muenster.de\/wordpress\/#organization"},"potentialAction":[{"@type":"SearchAction","target":{"@type":"EntryPoint","urlTemplate":"https:\/\/www.fanprojekt-muenster.de\/wordpress\/?s={search_term_string}"},"query-input":{"@type":"PropertyValueSpecification","valueRequired":true,"valueName":"search_term_string"}}],"inLanguage":"de"},{"@type":"Organization","@id":"https:\/\/www.fanprojekt-muenster.de\/wordpress\/#organization","name":"Fangemeinschaft Preu\u00dfen M\u00fcnster e. V.","url":"https:\/\/www.fanprojekt-muenster.de\/wordpress\/","logo":{"@type":"ImageObject","inLanguage":"de","@id":"https:\/\/www.fanprojekt-muenster.de\/wordpress\/#\/schema\/logo\/image\/","url":"https:\/\/www.fanprojekt-muenster.de\/wordpress\/wp-content\/uploads\/2019\/07\/cropped-Website_Logo3-9.png","contentUrl":"https:\/\/www.fanprojekt-muenster.de\/wordpress\/wp-content\/uploads\/2019\/07\/cropped-Website_Logo3-9.png","width":224,"height":42,"caption":"Fangemeinschaft Preu\u00dfen M\u00fcnster e. V."},"image":{"@id":"https:\/\/www.fanprojekt-muenster.de\/wordpress\/#\/schema\/logo\/image\/"}},{"@type":"Person","@id":"https:\/\/www.fanprojekt-muenster.de\/wordpress\/#\/schema\/person\/3daf258cdb8989ffe1ec0fb58ab8d7d2","name":"Andr\u00e9 Feldmann","url":"https:\/\/www.fanprojekt-muenster.de\/wordpress\/author\/andrefeldmann\/"}]}},"author_meta":{"display_name":"Andr\u00e9 Feldmann","author_link":"https:\/\/www.fanprojekt-muenster.de\/wordpress\/author\/andrefeldmann\/"},"featured_img":null,"coauthors":[],"tax_additional":{"categories":{"linked":["<a href=\"https:\/\/www.fanprojekt-muenster.de\/wordpress\/category\/aktuelles\/\" class=\"advgb-post-tax-term\">Aktuelles<\/a>"],"unlinked":["<span class=\"advgb-post-tax-term\">Aktuelles<\/span>"]}},"comment_count":"0","relative_dates":{"created":"Posted 7\u00a0Jahren ago","modified":"Updated 7\u00a0Jahren ago"},"absolute_dates":{"created":"Posted on 30. November 2018","modified":"Updated on 30. November 2018"},"absolute_dates_time":{"created":"Posted on 30. November 2018 12:30","modified":"Updated on 30. November 2018 12:30"},"featured_img_caption":"","series_order":"","_links":{"self":[{"href":"https:\/\/www.fanprojekt-muenster.de\/wordpress\/wp-json\/wp\/v2\/posts\/5684","targetHints":{"allow":["GET"]}}],"collection":[{"href":"https:\/\/www.fanprojekt-muenster.de\/wordpress\/wp-json\/wp\/v2\/posts"}],"about":[{"href":"https:\/\/www.fanprojekt-muenster.de\/wordpress\/wp-json\/wp\/v2\/types\/post"}],"author":[{"embeddable":true,"href":"https:\/\/www.fanprojekt-muenster.de\/wordpress\/wp-json\/wp\/v2\/users\/3"}],"replies":[{"embeddable":true,"href":"https:\/\/www.fanprojekt-muenster.de\/wordpress\/wp-json\/wp\/v2\/comments?post=5684"}],"version-history":[{"count":0,"href":"https:\/\/www.fanprojekt-muenster.de\/wordpress\/wp-json\/wp\/v2\/posts\/5684\/revisions"}],"wp:featuredmedia":[{"embeddable":true,"href":"https:\/\/www.fanprojekt-muenster.de\/wordpress\/wp-json\/"}],"wp:attachment":[{"href":"https:\/\/www.fanprojekt-muenster.de\/wordpress\/wp-json\/wp\/v2\/media?parent=5684"}],"wp:term":[{"taxonomy":"category","embeddable":true,"href":"https:\/\/www.fanprojekt-muenster.de\/wordpress\/wp-json\/wp\/v2\/categories?post=5684"},{"taxonomy":"post_tag","embeddable":true,"href":"https:\/\/www.fanprojekt-muenster.de\/wordpress\/wp-json\/wp\/v2\/tags?post=5684"}],"curies":[{"name":"wp","href":"https:\/\/api.w.org\/{rel}","templated":true}]}}