{"id":5669,"date":"2018-11-17T13:43:46","date_gmt":"2018-11-17T11:43:46","guid":{"rendered":"http:\/\/www.fanprojekt-muenster.de\/wp\/?p=5669"},"modified":"2018-11-17T13:43:46","modified_gmt":"2018-11-17T11:43:46","slug":"whatsapp-newsgruppe","status":"publish","type":"post","link":"https:\/\/www.fanprojekt-muenster.de\/wordpress\/whatsapp-newsgruppe\/","title":{"rendered":"Whatsapp-Newsgruppe"},"content":{"rendered":"<p>Heute haben wir mal eine Ank\u00fcndigung in eigener Sache.<\/p>\n<p>Seit Neuestem gibt es eine Fanprojekt-Newsgruppe bei Whatsapp. Sinn und Zweck der Newsgruppe ist es, die Kan\u00e4le des Fanprojekts zu erweitern. Bisher gab es News und Ank\u00fcndigungen auf der Homepage, bei Facebook und Twitter. Im Zuge der bessere Kommunikation f\u00fchren wir nun die Whatsapp-Gruppe ein. Dadurch verpasst kein Mitglied der Gruppe mehr eine Ank\u00fcndigung.<\/p>\n<p>Auch Ihr habt Lust beizutreten? Dann nur zu, hier ist der Einladungslink. Dieser kann nur per Mobiltelefon mit Whatsapp-Client oder Browser mit WhatsApp Web ge\u00f6ffnet werden.<\/p>\n<p><a href=\"https:\/\/chat.whatsapp.com\/GKGyCfW1IPWENN8DZIWrYM\">https:\/\/chat.whatsapp.com\/GKGyCfW1IPWENN8DZIWrYM<\/a><\/p>\n<p>Noch ein Hinweis: in der Newsgruppe kann nicht geschrieben werden, sie dient lediglich der Ver\u00f6ffentlichung von News und Ank\u00fcndigungen vom FanProjekt. Desweiteren ist die eigene Handynummer bei Eintritt in die Gruppe automatisch f\u00fcr alle anderen Gruppenteilnehmer ersichtlich.<\/p>\n","protected":false},"excerpt":{"rendered":"<p>Heute haben wir mal eine Ank\u00fcndigung in eigener Sache. Seit Neuestem gibt es eine Fanprojekt-Newsgruppe bei Whatsapp. Sinn und Zweck der Newsgruppe ist es, die Kan\u00e4le des Fanprojekts zu erweitern&#8230;. <a class=\"read-more-link\" href=\"https:\/\/www.fanprojekt-muenster.de\/wordpress\/whatsapp-newsgruppe\/\">Read more &raquo;<\/a><\/p>\n","protected":false},"author":3,"featured_media":5670,"comment_status":"closed","ping_status":"closed","sticky":false,"template":"","format":"standard","meta":{"advgb_blocks_editor_width":"","advgb_blocks_columns_visual_guide":"","footnotes":""},"categories":[3],"tags":[],"class_list":["post-5669","post","type-post","status-publish","format-standard","has-post-thumbnail","hentry","category-aktuelles"],"featured_image_src":null,"author_info":{"display_name":"Andr\u00e9 Feldmann","author_link":"https:\/\/www.fanprojekt-muenster.de\/wordpress\/author\/andrefeldmann\/"},"yoast_head":"<!-- This site is optimized with the Yoast SEO plugin v27.2 - https:\/\/yoast.com\/product\/yoast-seo-wordpress\/ -->\n<title>Whatsapp-Newsgruppe - Fangemeinschaft Preu\u00dfen M\u00fcnster e. V.<\/title>\n<meta name=\"robots\" content=\"index, follow, max-snippet:-1, max-image-preview:large, max-video-preview:-1\" \/>\n<link rel=\"canonical\" href=\"https:\/\/www.fanprojekt-muenster.de\/wordpress\/whatsapp-newsgruppe\/\" \/>\n<meta property=\"og:locale\" content=\"de_DE\" \/>\n<meta property=\"og:type\" content=\"article\" \/>\n<meta property=\"og:title\" content=\"Whatsapp-Newsgruppe - Fangemeinschaft Preu\u00dfen M\u00fcnster e. V.\" \/>\n<meta property=\"og:description\" content=\"Heute haben wir mal eine Ank\u00fcndigung in eigener Sache. Seit Neuestem gibt es eine Fanprojekt-Newsgruppe bei Whatsapp. Sinn und Zweck der Newsgruppe ist es, die Kan\u00e4le des Fanprojekts zu erweitern.... Read more &raquo;\" \/>\n<meta property=\"og:url\" content=\"https:\/\/www.fanprojekt-muenster.de\/wordpress\/whatsapp-newsgruppe\/\" \/>\n<meta property=\"og:site_name\" content=\"Fangemeinschaft Preu\u00dfen M\u00fcnster e. V.\" \/>\n<meta property=\"article:published_time\" content=\"2018-11-17T11:43:46+00:00\" \/>\n<meta name=\"author\" content=\"Andr\u00e9 Feldmann\" \/>\n<meta name=\"twitter:card\" content=\"summary_large_image\" \/>\n<meta name=\"twitter:label1\" content=\"Verfasst von\" \/>\n\t<meta name=\"twitter:data1\" content=\"Andr\u00e9 Feldmann\" \/>\n\t<meta name=\"twitter:label2\" content=\"Gesch\u00e4tzte Lesezeit\" \/>\n\t<meta name=\"twitter:data2\" content=\"1\u00a0Minute\" \/>\n<script type=\"application\/ld+json\" class=\"yoast-schema-graph\">{\"@context\":\"https:\/\/schema.org\",\"@graph\":[{\"@type\":\"Article\",\"@id\":\"https:\/\/www.fanprojekt-muenster.de\/wordpress\/whatsapp-newsgruppe\/#article\",\"isPartOf\":{\"@id\":\"https:\/\/www.fanprojekt-muenster.de\/wordpress\/whatsapp-newsgruppe\/\"},\"author\":{\"name\":\"Andr\u00e9 Feldmann\",\"@id\":\"https:\/\/www.fanprojekt-muenster.de\/wordpress\/#\/schema\/person\/3daf258cdb8989ffe1ec0fb58ab8d7d2\"},\"headline\":\"Whatsapp-Newsgruppe\",\"datePublished\":\"2018-11-17T11:43:46+00:00\",\"mainEntityOfPage\":{\"@id\":\"https:\/\/www.fanprojekt-muenster.de\/wordpress\/whatsapp-newsgruppe\/\"},\"wordCount\":143,\"publisher\":{\"@id\":\"https:\/\/www.fanprojekt-muenster.de\/wordpress\/#organization\"},\"image\":{\"@id\":\"https:\/\/www.fanprojekt-muenster.de\/wordpress\/whatsapp-newsgruppe\/#primaryimage\"},\"thumbnailUrl\":\"\",\"articleSection\":[\"Aktuelles\"],\"inLanguage\":\"de\"},{\"@type\":\"WebPage\",\"@id\":\"https:\/\/www.fanprojekt-muenster.de\/wordpress\/whatsapp-newsgruppe\/\",\"url\":\"https:\/\/www.fanprojekt-muenster.de\/wordpress\/whatsapp-newsgruppe\/\",\"name\":\"Whatsapp-Newsgruppe - Fangemeinschaft Preu\u00dfen M\u00fcnster e. V.\",\"isPartOf\":{\"@id\":\"https:\/\/www.fanprojekt-muenster.de\/wordpress\/#website\"},\"primaryImageOfPage\":{\"@id\":\"https:\/\/www.fanprojekt-muenster.de\/wordpress\/whatsapp-newsgruppe\/#primaryimage\"},\"image\":{\"@id\":\"https:\/\/www.fanprojekt-muenster.de\/wordpress\/whatsapp-newsgruppe\/#primaryimage\"},\"thumbnailUrl\":\"\",\"datePublished\":\"2018-11-17T11:43:46+00:00\",\"breadcrumb\":{\"@id\":\"https:\/\/www.fanprojekt-muenster.de\/wordpress\/whatsapp-newsgruppe\/#breadcrumb\"},\"inLanguage\":\"de\",\"potentialAction\":[{\"@type\":\"ReadAction\",\"target\":[\"https:\/\/www.fanprojekt-muenster.de\/wordpress\/whatsapp-newsgruppe\/\"]}]},{\"@type\":\"ImageObject\",\"inLanguage\":\"de\",\"@id\":\"https:\/\/www.fanprojekt-muenster.de\/wordpress\/whatsapp-newsgruppe\/#primaryimage\",\"url\":\"\",\"contentUrl\":\"\"},{\"@type\":\"BreadcrumbList\",\"@id\":\"https:\/\/www.fanprojekt-muenster.de\/wordpress\/whatsapp-newsgruppe\/#breadcrumb\",\"itemListElement\":[{\"@type\":\"ListItem\",\"position\":1,\"name\":\"Startseite\",\"item\":\"https:\/\/www.fanprojekt-muenster.de\/wordpress\/\"},{\"@type\":\"ListItem\",\"position\":2,\"name\":\"Whatsapp-Newsgruppe\"}]},{\"@type\":\"WebSite\",\"@id\":\"https:\/\/www.fanprojekt-muenster.de\/wordpress\/#website\",\"url\":\"https:\/\/www.fanprojekt-muenster.de\/wordpress\/\",\"name\":\"Fangemeinschaft Preu\u00dfen M\u00fcnster e. V.\",\"description\":\"\",\"publisher\":{\"@id\":\"https:\/\/www.fanprojekt-muenster.de\/wordpress\/#organization\"},\"potentialAction\":[{\"@type\":\"SearchAction\",\"target\":{\"@type\":\"EntryPoint\",\"urlTemplate\":\"https:\/\/www.fanprojekt-muenster.de\/wordpress\/?s={search_term_string}\"},\"query-input\":{\"@type\":\"PropertyValueSpecification\",\"valueRequired\":true,\"valueName\":\"search_term_string\"}}],\"inLanguage\":\"de\"},{\"@type\":\"Organization\",\"@id\":\"https:\/\/www.fanprojekt-muenster.de\/wordpress\/#organization\",\"name\":\"Fangemeinschaft Preu\u00dfen M\u00fcnster e. V.\",\"url\":\"https:\/\/www.fanprojekt-muenster.de\/wordpress\/\",\"logo\":{\"@type\":\"ImageObject\",\"inLanguage\":\"de\",\"@id\":\"https:\/\/www.fanprojekt-muenster.de\/wordpress\/#\/schema\/logo\/image\/\",\"url\":\"https:\/\/www.fanprojekt-muenster.de\/wordpress\/wp-content\/uploads\/2019\/07\/cropped-Website_Logo3-9.png\",\"contentUrl\":\"https:\/\/www.fanprojekt-muenster.de\/wordpress\/wp-content\/uploads\/2019\/07\/cropped-Website_Logo3-9.png\",\"width\":224,\"height\":42,\"caption\":\"Fangemeinschaft Preu\u00dfen M\u00fcnster e. V.\"},\"image\":{\"@id\":\"https:\/\/www.fanprojekt-muenster.de\/wordpress\/#\/schema\/logo\/image\/\"}},{\"@type\":\"Person\",\"@id\":\"https:\/\/www.fanprojekt-muenster.de\/wordpress\/#\/schema\/person\/3daf258cdb8989ffe1ec0fb58ab8d7d2\",\"name\":\"Andr\u00e9 Feldmann\",\"url\":\"https:\/\/www.fanprojekt-muenster.de\/wordpress\/author\/andrefeldmann\/\"}]}<\/script>\n<!-- \/ Yoast SEO plugin. -->","yoast_head_json":{"title":"Whatsapp-Newsgruppe - Fangemeinschaft Preu\u00dfen M\u00fcnster e. V.","robots":{"index":"index","follow":"follow","max-snippet":"max-snippet:-1","max-image-preview":"max-image-preview:large","max-video-preview":"max-video-preview:-1"},"canonical":"https:\/\/www.fanprojekt-muenster.de\/wordpress\/whatsapp-newsgruppe\/","og_locale":"de_DE","og_type":"article","og_title":"Whatsapp-Newsgruppe - Fangemeinschaft Preu\u00dfen M\u00fcnster e. V.","og_description":"Heute haben wir mal eine Ank\u00fcndigung in eigener Sache. Seit Neuestem gibt es eine Fanprojekt-Newsgruppe bei Whatsapp. Sinn und Zweck der Newsgruppe ist es, die Kan\u00e4le des Fanprojekts zu erweitern.... Read more &raquo;","og_url":"https:\/\/www.fanprojekt-muenster.de\/wordpress\/whatsapp-newsgruppe\/","og_site_name":"Fangemeinschaft Preu\u00dfen M\u00fcnster e. V.","article_published_time":"2018-11-17T11:43:46+00:00","author":"Andr\u00e9 Feldmann","twitter_card":"summary_large_image","twitter_misc":{"Verfasst von":"Andr\u00e9 Feldmann","Gesch\u00e4tzte Lesezeit":"1\u00a0Minute"},"schema":{"@context":"https:\/\/schema.org","@graph":[{"@type":"Article","@id":"https:\/\/www.fanprojekt-muenster.de\/wordpress\/whatsapp-newsgruppe\/#article","isPartOf":{"@id":"https:\/\/www.fanprojekt-muenster.de\/wordpress\/whatsapp-newsgruppe\/"},"author":{"name":"Andr\u00e9 Feldmann","@id":"https:\/\/www.fanprojekt-muenster.de\/wordpress\/#\/schema\/person\/3daf258cdb8989ffe1ec0fb58ab8d7d2"},"headline":"Whatsapp-Newsgruppe","datePublished":"2018-11-17T11:43:46+00:00","mainEntityOfPage":{"@id":"https:\/\/www.fanprojekt-muenster.de\/wordpress\/whatsapp-newsgruppe\/"},"wordCount":143,"publisher":{"@id":"https:\/\/www.fanprojekt-muenster.de\/wordpress\/#organization"},"image":{"@id":"https:\/\/www.fanprojekt-muenster.de\/wordpress\/whatsapp-newsgruppe\/#primaryimage"},"thumbnailUrl":"","articleSection":["Aktuelles"],"inLanguage":"de"},{"@type":"WebPage","@id":"https:\/\/www.fanprojekt-muenster.de\/wordpress\/whatsapp-newsgruppe\/","url":"https:\/\/www.fanprojekt-muenster.de\/wordpress\/whatsapp-newsgruppe\/","name":"Whatsapp-Newsgruppe - Fangemeinschaft Preu\u00dfen M\u00fcnster e. V.","isPartOf":{"@id":"https:\/\/www.fanprojekt-muenster.de\/wordpress\/#website"},"primaryImageOfPage":{"@id":"https:\/\/www.fanprojekt-muenster.de\/wordpress\/whatsapp-newsgruppe\/#primaryimage"},"image":{"@id":"https:\/\/www.fanprojekt-muenster.de\/wordpress\/whatsapp-newsgruppe\/#primaryimage"},"thumbnailUrl":"","datePublished":"2018-11-17T11:43:46+00:00","breadcrumb":{"@id":"https:\/\/www.fanprojekt-muenster.de\/wordpress\/whatsapp-newsgruppe\/#breadcrumb"},"inLanguage":"de","potentialAction":[{"@type":"ReadAction","target":["https:\/\/www.fanprojekt-muenster.de\/wordpress\/whatsapp-newsgruppe\/"]}]},{"@type":"ImageObject","inLanguage":"de","@id":"https:\/\/www.fanprojekt-muenster.de\/wordpress\/whatsapp-newsgruppe\/#primaryimage","url":"","contentUrl":""},{"@type":"BreadcrumbList","@id":"https:\/\/www.fanprojekt-muenster.de\/wordpress\/whatsapp-newsgruppe\/#breadcrumb","itemListElement":[{"@type":"ListItem","position":1,"name":"Startseite","item":"https:\/\/www.fanprojekt-muenster.de\/wordpress\/"},{"@type":"ListItem","position":2,"name":"Whatsapp-Newsgruppe"}]},{"@type":"WebSite","@id":"https:\/\/www.fanprojekt-muenster.de\/wordpress\/#website","url":"https:\/\/www.fanprojekt-muenster.de\/wordpress\/","name":"Fangemeinschaft Preu\u00dfen M\u00fcnster e. V.","description":"","publisher":{"@id":"https:\/\/www.fanprojekt-muenster.de\/wordpress\/#organization"},"potentialAction":[{"@type":"SearchAction","target":{"@type":"EntryPoint","urlTemplate":"https:\/\/www.fanprojekt-muenster.de\/wordpress\/?s={search_term_string}"},"query-input":{"@type":"PropertyValueSpecification","valueRequired":true,"valueName":"search_term_string"}}],"inLanguage":"de"},{"@type":"Organization","@id":"https:\/\/www.fanprojekt-muenster.de\/wordpress\/#organization","name":"Fangemeinschaft Preu\u00dfen M\u00fcnster e. V.","url":"https:\/\/www.fanprojekt-muenster.de\/wordpress\/","logo":{"@type":"ImageObject","inLanguage":"de","@id":"https:\/\/www.fanprojekt-muenster.de\/wordpress\/#\/schema\/logo\/image\/","url":"https:\/\/www.fanprojekt-muenster.de\/wordpress\/wp-content\/uploads\/2019\/07\/cropped-Website_Logo3-9.png","contentUrl":"https:\/\/www.fanprojekt-muenster.de\/wordpress\/wp-content\/uploads\/2019\/07\/cropped-Website_Logo3-9.png","width":224,"height":42,"caption":"Fangemeinschaft Preu\u00dfen M\u00fcnster e. V."},"image":{"@id":"https:\/\/www.fanprojekt-muenster.de\/wordpress\/#\/schema\/logo\/image\/"}},{"@type":"Person","@id":"https:\/\/www.fanprojekt-muenster.de\/wordpress\/#\/schema\/person\/3daf258cdb8989ffe1ec0fb58ab8d7d2","name":"Andr\u00e9 Feldmann","url":"https:\/\/www.fanprojekt-muenster.de\/wordpress\/author\/andrefeldmann\/"}]}},"author_meta":{"display_name":"Andr\u00e9 Feldmann","author_link":"https:\/\/www.fanprojekt-muenster.de\/wordpress\/author\/andrefeldmann\/"},"featured_img":null,"coauthors":[],"tax_additional":{"categories":{"linked":["<a href=\"https:\/\/www.fanprojekt-muenster.de\/wordpress\/category\/aktuelles\/\" class=\"advgb-post-tax-term\">Aktuelles<\/a>"],"unlinked":["<span class=\"advgb-post-tax-term\">Aktuelles<\/span>"]}},"comment_count":"0","relative_dates":{"created":"Posted 7\u00a0Jahren ago","modified":"Updated 7\u00a0Jahren ago"},"absolute_dates":{"created":"Posted on 17. November 2018","modified":"Updated on 17. November 2018"},"absolute_dates_time":{"created":"Posted on 17. November 2018 13:43","modified":"Updated on 17. November 2018 13:43"},"featured_img_caption":"","series_order":"","_links":{"self":[{"href":"https:\/\/www.fanprojekt-muenster.de\/wordpress\/wp-json\/wp\/v2\/posts\/5669","targetHints":{"allow":["GET"]}}],"collection":[{"href":"https:\/\/www.fanprojekt-muenster.de\/wordpress\/wp-json\/wp\/v2\/posts"}],"about":[{"href":"https:\/\/www.fanprojekt-muenster.de\/wordpress\/wp-json\/wp\/v2\/types\/post"}],"author":[{"embeddable":true,"href":"https:\/\/www.fanprojekt-muenster.de\/wordpress\/wp-json\/wp\/v2\/users\/3"}],"replies":[{"embeddable":true,"href":"https:\/\/www.fanprojekt-muenster.de\/wordpress\/wp-json\/wp\/v2\/comments?post=5669"}],"version-history":[{"count":0,"href":"https:\/\/www.fanprojekt-muenster.de\/wordpress\/wp-json\/wp\/v2\/posts\/5669\/revisions"}],"wp:featuredmedia":[{"embeddable":true,"href":"https:\/\/www.fanprojekt-muenster.de\/wordpress\/wp-json\/"}],"wp:attachment":[{"href":"https:\/\/www.fanprojekt-muenster.de\/wordpress\/wp-json\/wp\/v2\/media?parent=5669"}],"wp:term":[{"taxonomy":"category","embeddable":true,"href":"https:\/\/www.fanprojekt-muenster.de\/wordpress\/wp-json\/wp\/v2\/categories?post=5669"},{"taxonomy":"post_tag","embeddable":true,"href":"https:\/\/www.fanprojekt-muenster.de\/wordpress\/wp-json\/wp\/v2\/tags?post=5669"}],"curies":[{"name":"wp","href":"https:\/\/api.w.org\/{rel}","templated":true}]}}