{"id":5644,"date":"2018-09-29T23:11:29","date_gmt":"2018-09-29T21:11:29","guid":{"rendered":"http:\/\/www.fanprojekt-muenster.de\/wp\/?p=5644"},"modified":"2018-09-29T23:11:29","modified_gmt":"2018-09-29T21:11:29","slug":"nachbericht-zur-jahreshauptversammlung-des-fanprojekts-preussen-muenster-e-v","status":"publish","type":"post","link":"https:\/\/www.fanprojekt-muenster.de\/wordpress\/nachbericht-zur-jahreshauptversammlung-des-fanprojekts-preussen-muenster-e-v\/","title":{"rendered":"Nachbericht zur Jahreshauptversammlung des Fanprojekts Preu\u00dfen M\u00fcnster e.V."},"content":{"rendered":"<div id=\"attachment_5638\" style=\"width: 650px\" class=\"wp-caption alignnone\"><a href=\"http:\/\/www.fanprojekt-muenster.de\/wp\/wp-content\/uploads\/2018\/09\/Fanprojekt-Vorstand.jpg\"><img loading=\"lazy\" decoding=\"async\" aria-describedby=\"caption-attachment-5638\" class=\"wp-image-5638\" src=\"http:\/\/www.fanprojekt-muenster.de\/wp\/wp-content\/uploads\/2018\/09\/Fanprojekt-Vorstand.jpg\" alt=\"\" width=\"640\" height=\"480\" \/><\/a><p id=\"caption-attachment-5638\" class=\"wp-caption-text\">Von links: Melanie Shinwari-Lenk (Veranstaltungen) , Julian Rosery (Schatzmeister), Robert Willeke (Fanclub- und Mitgliederbetreuung), Tobias Render (Gesch\u00e4ftsstelle), Christian \u201eJogy\u201c Johanns (Schriftf\u00fchrer), Andr\u00e9 Feldmann (\u00d6ffentlichkeitsarbeit), Benny Sicking (1. Vorsitzender) und Dirk Stiller (2. Vorsitzender)<\/p><\/div>\n<p>Zur diesj\u00e4hrigen Hauptversammlung hatte das Fanprojekt am 24.09.18 in den Presseraum der Haupttrib\u00fcne des SC Preu\u00dfen M\u00fcnster geladen. Um 19:06 Uhr wurde der Abend durch den ersten Vorsitzenden Benny Sicking er\u00f6ffnet. Anwesend waren etwa 55 stimmberechtigte Mitglieder des Fanprojekts (sowie ein paar wenige Nachz\u00fcgler).<\/p>\n<p>Der Vorstand hat zuerst ausf\u00fchrlich \u00fcber die Versanstaltungen und die Entwicklung des vergangenen Gesch\u00e4ftjahres berichtet. Dies beinhaltete die Treffen im November und Mai, sowie der Austauch mit dem Pr\u00e4sidium des Hauptvereins und des Fanbeirates. Dabei kamen auch Themen wie das Evolutionslogo, mangelnde Kommunikation und Einschr\u00e4nkungen f\u00fcr die Fans zur Sprache. Das Radio Mottekstrehle wurde im Laufe des Gesch\u00e4ftsjahres eigenst\u00e4ndig und der Fancontainer entwickelte sich weiterin zu einem beliebten Treffpunt vor und nach den Spielen des SC Preu\u00dfen. Auch in den Sicherheitsgremien brachte sich das Fanprojekt ein.<\/p>\n<p>Zentrale Ereignisse im Gesch\u00e4ftjahr stellten das Grillen mit der Mannschaft im August 2017, der Weihnachtsmarkt im Dezember, eine Filmveranstaltung und das Hallenturnier im Januar 2018 dar. Bei einigen dieser Veranstaltungen kamen betr\u00e4chtliche Spendenbetr\u00e4ge zusammen, die ua. \u00fcber die Christoph-Metzelder-Stiftung der Jugendarbeit im Stadtteil Berg Fidel zugef\u00fchrt wurden.<\/p>\n<p>In 2018 fand auch die Ausw\u00e4rtsfahrt zu Fortuna K\u00f6ln statt, bei der die Fans in 5 eingesetzten Bussen einen 4:2 Ausw\u00e4hrtssieg feiern konnten. Auch hier kamen 2000 \u20ac f\u00fcr die Christoph-Metzelder-Stiftung zusammen. Beliebt war auch die Stadtf\u00fchrung zur NS-Geschichte in der Stadt M\u00fcnster, bei der ein zus\u00e4tzlicher Termin ebenso ausgebucht war wie das erste Angebot.<\/p>\n<p>Die Mitgliederzahl blieb im vergangenen Gesch\u00e4ftjahr stabil und betrug zum 30.06.18 631 Mitglieder. Die Finanzen haben sich weiterhin sehr positiv entwickelt, sodass trotz h\u00f6herer Ausgaben ein \u00dcberschuss verblieben ist.<\/p>\n<p>Der Bericht des Ehrenrats fiel kurz aus, da es keine Konflikte gab, bei denen eine Vermittlung notwendig gewesen w\u00e4re.<\/p>\n<p>Vor der Wahl des neuen Vorstands wurde ausdr\u00fccklich den scheidenden Vorstandsmitgliedern Maike Kalina, Ralf R\u00f6smann, Nico Rensing, Michael Grabbe, Justin Wehner und Florian Vo\u00df f\u00fcr ihre geleistete Arbeit gedankt.<\/p>\n<p>Zur Neuwahl des Vorstands traten mit Benny Sicking (1. Vorsitzender) und Christian Johanns (Schriftf\u00fchrer) zwei Mitglieder der bisherigen Besetzung an. Neu dabei sind:<\/p>\n<p style=\"padding-left: 30px;\">Dirk Stiller &#8211; 2. Vorsitzender<br \/>\nJulian Rosery &#8211; Schatzmeister<br \/>\nTobias Render &#8211; Beisitzer Gesch\u00e4ftsstelle<br \/>\nMelanie Shinwari-Lenk &#8211; Beisitzerin Veranstaltungen<br \/>\nRobert Willeke &#8211; Beisitzer Fanclub- und Mitgliedertreuung<br \/>\nAndr\u00e9 Feldmann &#8211; Beisitzer \u00d6ffentlichkeitsarbeit<\/p>\n<p>Zum Kassenpr\u00fcfer wurde erneut Markus Speich best\u00e4tigt, sowie Frank Weber neu bestimmt. In den Ehrenrat w\u00e4hlten die Vereinsmitglieder Sebastian W\u00e4nke, Michael Peters und Justin Wehner.<\/p>\n<p>Aufgrund des guten Finanzpolsters wurde ein Antrag zu einer Senkung der Beitr\u00e4ge gestellt. Da sich der neu gew\u00e4hlte Vorstand aufgrund der kurzen Vorlaufzeit zu diesem Thema und zuk\u00fcnftig anstehenden Projekten noch nicht abstimmen konnte, wurde ein Zusatzantrag eingebracht, eine Abstimmung \u00fcber Senkung und genaue H\u00f6he des Beitrags bis zu n\u00e4chten JHV aufzuschieben. Der Zusatzantrag wurde von der Versammlung angenommen.<\/p>\n","protected":false},"excerpt":{"rendered":"<p>Zur diesj\u00e4hrigen Hauptversammlung hatte das Fanprojekt am 24.09.18 in den Presseraum der Haupttrib\u00fcne des SC Preu\u00dfen M\u00fcnster geladen. Um 19:06 Uhr wurde der Abend durch den ersten Vorsitzenden Benny Sicking&#8230; <a class=\"read-more-link\" href=\"https:\/\/www.fanprojekt-muenster.de\/wordpress\/nachbericht-zur-jahreshauptversammlung-des-fanprojekts-preussen-muenster-e-v\/\">Read more &raquo;<\/a><\/p>\n","protected":false},"author":3,"featured_media":5638,"comment_status":"closed","ping_status":"closed","sticky":false,"template":"","format":"standard","meta":{"advgb_blocks_editor_width":"","advgb_blocks_columns_visual_guide":"","footnotes":""},"categories":[3],"tags":[],"class_list":["post-5644","post","type-post","status-publish","format-standard","has-post-thumbnail","hentry","category-aktuelles"],"featured_image_src":null,"author_info":{"display_name":"Andr\u00e9 Feldmann","author_link":"https:\/\/www.fanprojekt-muenster.de\/wordpress\/author\/andrefeldmann\/"},"yoast_head":"<!-- This site is optimized with the Yoast SEO plugin v27.2 - https:\/\/yoast.com\/product\/yoast-seo-wordpress\/ -->\n<title>Nachbericht zur Jahreshauptversammlung des Fanprojekts Preu\u00dfen M\u00fcnster e.V. - Fangemeinschaft Preu\u00dfen M\u00fcnster e. V.<\/title>\n<meta name=\"robots\" content=\"index, follow, max-snippet:-1, max-image-preview:large, max-video-preview:-1\" \/>\n<link rel=\"canonical\" href=\"https:\/\/www.fanprojekt-muenster.de\/wordpress\/nachbericht-zur-jahreshauptversammlung-des-fanprojekts-preussen-muenster-e-v\/\" \/>\n<meta property=\"og:locale\" content=\"de_DE\" \/>\n<meta property=\"og:type\" content=\"article\" \/>\n<meta property=\"og:title\" content=\"Nachbericht zur Jahreshauptversammlung des Fanprojekts Preu\u00dfen M\u00fcnster e.V. - Fangemeinschaft Preu\u00dfen M\u00fcnster e. V.\" \/>\n<meta property=\"og:description\" content=\"Zur diesj\u00e4hrigen Hauptversammlung hatte das Fanprojekt am 24.09.18 in den Presseraum der Haupttrib\u00fcne des SC Preu\u00dfen M\u00fcnster geladen. Um 19:06 Uhr wurde der Abend durch den ersten Vorsitzenden Benny Sicking... Read more &raquo;\" \/>\n<meta property=\"og:url\" content=\"https:\/\/www.fanprojekt-muenster.de\/wordpress\/nachbericht-zur-jahreshauptversammlung-des-fanprojekts-preussen-muenster-e-v\/\" \/>\n<meta property=\"og:site_name\" content=\"Fangemeinschaft Preu\u00dfen M\u00fcnster e. V.\" \/>\n<meta property=\"article:published_time\" content=\"2018-09-29T21:11:29+00:00\" \/>\n<meta name=\"author\" content=\"Andr\u00e9 Feldmann\" \/>\n<meta name=\"twitter:card\" content=\"summary_large_image\" \/>\n<meta name=\"twitter:label1\" content=\"Verfasst von\" \/>\n\t<meta name=\"twitter:data1\" content=\"Andr\u00e9 Feldmann\" \/>\n\t<meta name=\"twitter:label2\" content=\"Gesch\u00e4tzte Lesezeit\" \/>\n\t<meta name=\"twitter:data2\" content=\"3\u00a0Minuten\" \/>\n<script type=\"application\/ld+json\" class=\"yoast-schema-graph\">{\"@context\":\"https:\/\/schema.org\",\"@graph\":[{\"@type\":\"Article\",\"@id\":\"https:\/\/www.fanprojekt-muenster.de\/wordpress\/nachbericht-zur-jahreshauptversammlung-des-fanprojekts-preussen-muenster-e-v\/#article\",\"isPartOf\":{\"@id\":\"https:\/\/www.fanprojekt-muenster.de\/wordpress\/nachbericht-zur-jahreshauptversammlung-des-fanprojekts-preussen-muenster-e-v\/\"},\"author\":{\"name\":\"Andr\u00e9 Feldmann\",\"@id\":\"https:\/\/www.fanprojekt-muenster.de\/wordpress\/#\/schema\/person\/3daf258cdb8989ffe1ec0fb58ab8d7d2\"},\"headline\":\"Nachbericht zur Jahreshauptversammlung des Fanprojekts Preu\u00dfen M\u00fcnster e.V.\",\"datePublished\":\"2018-09-29T21:11:29+00:00\",\"mainEntityOfPage\":{\"@id\":\"https:\/\/www.fanprojekt-muenster.de\/wordpress\/nachbericht-zur-jahreshauptversammlung-des-fanprojekts-preussen-muenster-e-v\/\"},\"wordCount\":525,\"publisher\":{\"@id\":\"https:\/\/www.fanprojekt-muenster.de\/wordpress\/#organization\"},\"image\":{\"@id\":\"https:\/\/www.fanprojekt-muenster.de\/wordpress\/nachbericht-zur-jahreshauptversammlung-des-fanprojekts-preussen-muenster-e-v\/#primaryimage\"},\"thumbnailUrl\":\"\",\"articleSection\":[\"Aktuelles\"],\"inLanguage\":\"de\"},{\"@type\":\"WebPage\",\"@id\":\"https:\/\/www.fanprojekt-muenster.de\/wordpress\/nachbericht-zur-jahreshauptversammlung-des-fanprojekts-preussen-muenster-e-v\/\",\"url\":\"https:\/\/www.fanprojekt-muenster.de\/wordpress\/nachbericht-zur-jahreshauptversammlung-des-fanprojekts-preussen-muenster-e-v\/\",\"name\":\"Nachbericht zur Jahreshauptversammlung des Fanprojekts Preu\u00dfen M\u00fcnster e.V. - Fangemeinschaft Preu\u00dfen M\u00fcnster e. V.\",\"isPartOf\":{\"@id\":\"https:\/\/www.fanprojekt-muenster.de\/wordpress\/#website\"},\"primaryImageOfPage\":{\"@id\":\"https:\/\/www.fanprojekt-muenster.de\/wordpress\/nachbericht-zur-jahreshauptversammlung-des-fanprojekts-preussen-muenster-e-v\/#primaryimage\"},\"image\":{\"@id\":\"https:\/\/www.fanprojekt-muenster.de\/wordpress\/nachbericht-zur-jahreshauptversammlung-des-fanprojekts-preussen-muenster-e-v\/#primaryimage\"},\"thumbnailUrl\":\"\",\"datePublished\":\"2018-09-29T21:11:29+00:00\",\"breadcrumb\":{\"@id\":\"https:\/\/www.fanprojekt-muenster.de\/wordpress\/nachbericht-zur-jahreshauptversammlung-des-fanprojekts-preussen-muenster-e-v\/#breadcrumb\"},\"inLanguage\":\"de\",\"potentialAction\":[{\"@type\":\"ReadAction\",\"target\":[\"https:\/\/www.fanprojekt-muenster.de\/wordpress\/nachbericht-zur-jahreshauptversammlung-des-fanprojekts-preussen-muenster-e-v\/\"]}]},{\"@type\":\"ImageObject\",\"inLanguage\":\"de\",\"@id\":\"https:\/\/www.fanprojekt-muenster.de\/wordpress\/nachbericht-zur-jahreshauptversammlung-des-fanprojekts-preussen-muenster-e-v\/#primaryimage\",\"url\":\"\",\"contentUrl\":\"\"},{\"@type\":\"BreadcrumbList\",\"@id\":\"https:\/\/www.fanprojekt-muenster.de\/wordpress\/nachbericht-zur-jahreshauptversammlung-des-fanprojekts-preussen-muenster-e-v\/#breadcrumb\",\"itemListElement\":[{\"@type\":\"ListItem\",\"position\":1,\"name\":\"Startseite\",\"item\":\"https:\/\/www.fanprojekt-muenster.de\/wordpress\/\"},{\"@type\":\"ListItem\",\"position\":2,\"name\":\"Nachbericht zur Jahreshauptversammlung des Fanprojekts Preu\u00dfen M\u00fcnster e.V.\"}]},{\"@type\":\"WebSite\",\"@id\":\"https:\/\/www.fanprojekt-muenster.de\/wordpress\/#website\",\"url\":\"https:\/\/www.fanprojekt-muenster.de\/wordpress\/\",\"name\":\"Fangemeinschaft Preu\u00dfen M\u00fcnster e. V.\",\"description\":\"\",\"publisher\":{\"@id\":\"https:\/\/www.fanprojekt-muenster.de\/wordpress\/#organization\"},\"potentialAction\":[{\"@type\":\"SearchAction\",\"target\":{\"@type\":\"EntryPoint\",\"urlTemplate\":\"https:\/\/www.fanprojekt-muenster.de\/wordpress\/?s={search_term_string}\"},\"query-input\":{\"@type\":\"PropertyValueSpecification\",\"valueRequired\":true,\"valueName\":\"search_term_string\"}}],\"inLanguage\":\"de\"},{\"@type\":\"Organization\",\"@id\":\"https:\/\/www.fanprojekt-muenster.de\/wordpress\/#organization\",\"name\":\"Fangemeinschaft Preu\u00dfen M\u00fcnster e. V.\",\"url\":\"https:\/\/www.fanprojekt-muenster.de\/wordpress\/\",\"logo\":{\"@type\":\"ImageObject\",\"inLanguage\":\"de\",\"@id\":\"https:\/\/www.fanprojekt-muenster.de\/wordpress\/#\/schema\/logo\/image\/\",\"url\":\"https:\/\/www.fanprojekt-muenster.de\/wordpress\/wp-content\/uploads\/2019\/07\/cropped-Website_Logo3-9.png\",\"contentUrl\":\"https:\/\/www.fanprojekt-muenster.de\/wordpress\/wp-content\/uploads\/2019\/07\/cropped-Website_Logo3-9.png\",\"width\":224,\"height\":42,\"caption\":\"Fangemeinschaft Preu\u00dfen M\u00fcnster e. V.\"},\"image\":{\"@id\":\"https:\/\/www.fanprojekt-muenster.de\/wordpress\/#\/schema\/logo\/image\/\"}},{\"@type\":\"Person\",\"@id\":\"https:\/\/www.fanprojekt-muenster.de\/wordpress\/#\/schema\/person\/3daf258cdb8989ffe1ec0fb58ab8d7d2\",\"name\":\"Andr\u00e9 Feldmann\",\"url\":\"https:\/\/www.fanprojekt-muenster.de\/wordpress\/author\/andrefeldmann\/\"}]}<\/script>\n<!-- \/ Yoast SEO plugin. -->","yoast_head_json":{"title":"Nachbericht zur Jahreshauptversammlung des Fanprojekts Preu\u00dfen M\u00fcnster e.V. - Fangemeinschaft Preu\u00dfen M\u00fcnster e. V.","robots":{"index":"index","follow":"follow","max-snippet":"max-snippet:-1","max-image-preview":"max-image-preview:large","max-video-preview":"max-video-preview:-1"},"canonical":"https:\/\/www.fanprojekt-muenster.de\/wordpress\/nachbericht-zur-jahreshauptversammlung-des-fanprojekts-preussen-muenster-e-v\/","og_locale":"de_DE","og_type":"article","og_title":"Nachbericht zur Jahreshauptversammlung des Fanprojekts Preu\u00dfen M\u00fcnster e.V. - Fangemeinschaft Preu\u00dfen M\u00fcnster e. V.","og_description":"Zur diesj\u00e4hrigen Hauptversammlung hatte das Fanprojekt am 24.09.18 in den Presseraum der Haupttrib\u00fcne des SC Preu\u00dfen M\u00fcnster geladen. Um 19:06 Uhr wurde der Abend durch den ersten Vorsitzenden Benny Sicking... Read more &raquo;","og_url":"https:\/\/www.fanprojekt-muenster.de\/wordpress\/nachbericht-zur-jahreshauptversammlung-des-fanprojekts-preussen-muenster-e-v\/","og_site_name":"Fangemeinschaft Preu\u00dfen M\u00fcnster e. V.","article_published_time":"2018-09-29T21:11:29+00:00","author":"Andr\u00e9 Feldmann","twitter_card":"summary_large_image","twitter_misc":{"Verfasst von":"Andr\u00e9 Feldmann","Gesch\u00e4tzte Lesezeit":"3\u00a0Minuten"},"schema":{"@context":"https:\/\/schema.org","@graph":[{"@type":"Article","@id":"https:\/\/www.fanprojekt-muenster.de\/wordpress\/nachbericht-zur-jahreshauptversammlung-des-fanprojekts-preussen-muenster-e-v\/#article","isPartOf":{"@id":"https:\/\/www.fanprojekt-muenster.de\/wordpress\/nachbericht-zur-jahreshauptversammlung-des-fanprojekts-preussen-muenster-e-v\/"},"author":{"name":"Andr\u00e9 Feldmann","@id":"https:\/\/www.fanprojekt-muenster.de\/wordpress\/#\/schema\/person\/3daf258cdb8989ffe1ec0fb58ab8d7d2"},"headline":"Nachbericht zur Jahreshauptversammlung des Fanprojekts Preu\u00dfen M\u00fcnster e.V.","datePublished":"2018-09-29T21:11:29+00:00","mainEntityOfPage":{"@id":"https:\/\/www.fanprojekt-muenster.de\/wordpress\/nachbericht-zur-jahreshauptversammlung-des-fanprojekts-preussen-muenster-e-v\/"},"wordCount":525,"publisher":{"@id":"https:\/\/www.fanprojekt-muenster.de\/wordpress\/#organization"},"image":{"@id":"https:\/\/www.fanprojekt-muenster.de\/wordpress\/nachbericht-zur-jahreshauptversammlung-des-fanprojekts-preussen-muenster-e-v\/#primaryimage"},"thumbnailUrl":"","articleSection":["Aktuelles"],"inLanguage":"de"},{"@type":"WebPage","@id":"https:\/\/www.fanprojekt-muenster.de\/wordpress\/nachbericht-zur-jahreshauptversammlung-des-fanprojekts-preussen-muenster-e-v\/","url":"https:\/\/www.fanprojekt-muenster.de\/wordpress\/nachbericht-zur-jahreshauptversammlung-des-fanprojekts-preussen-muenster-e-v\/","name":"Nachbericht zur Jahreshauptversammlung des Fanprojekts Preu\u00dfen M\u00fcnster e.V. - Fangemeinschaft Preu\u00dfen M\u00fcnster e. V.","isPartOf":{"@id":"https:\/\/www.fanprojekt-muenster.de\/wordpress\/#website"},"primaryImageOfPage":{"@id":"https:\/\/www.fanprojekt-muenster.de\/wordpress\/nachbericht-zur-jahreshauptversammlung-des-fanprojekts-preussen-muenster-e-v\/#primaryimage"},"image":{"@id":"https:\/\/www.fanprojekt-muenster.de\/wordpress\/nachbericht-zur-jahreshauptversammlung-des-fanprojekts-preussen-muenster-e-v\/#primaryimage"},"thumbnailUrl":"","datePublished":"2018-09-29T21:11:29+00:00","breadcrumb":{"@id":"https:\/\/www.fanprojekt-muenster.de\/wordpress\/nachbericht-zur-jahreshauptversammlung-des-fanprojekts-preussen-muenster-e-v\/#breadcrumb"},"inLanguage":"de","potentialAction":[{"@type":"ReadAction","target":["https:\/\/www.fanprojekt-muenster.de\/wordpress\/nachbericht-zur-jahreshauptversammlung-des-fanprojekts-preussen-muenster-e-v\/"]}]},{"@type":"ImageObject","inLanguage":"de","@id":"https:\/\/www.fanprojekt-muenster.de\/wordpress\/nachbericht-zur-jahreshauptversammlung-des-fanprojekts-preussen-muenster-e-v\/#primaryimage","url":"","contentUrl":""},{"@type":"BreadcrumbList","@id":"https:\/\/www.fanprojekt-muenster.de\/wordpress\/nachbericht-zur-jahreshauptversammlung-des-fanprojekts-preussen-muenster-e-v\/#breadcrumb","itemListElement":[{"@type":"ListItem","position":1,"name":"Startseite","item":"https:\/\/www.fanprojekt-muenster.de\/wordpress\/"},{"@type":"ListItem","position":2,"name":"Nachbericht zur Jahreshauptversammlung des Fanprojekts Preu\u00dfen M\u00fcnster e.V."}]},{"@type":"WebSite","@id":"https:\/\/www.fanprojekt-muenster.de\/wordpress\/#website","url":"https:\/\/www.fanprojekt-muenster.de\/wordpress\/","name":"Fangemeinschaft Preu\u00dfen M\u00fcnster e. V.","description":"","publisher":{"@id":"https:\/\/www.fanprojekt-muenster.de\/wordpress\/#organization"},"potentialAction":[{"@type":"SearchAction","target":{"@type":"EntryPoint","urlTemplate":"https:\/\/www.fanprojekt-muenster.de\/wordpress\/?s={search_term_string}"},"query-input":{"@type":"PropertyValueSpecification","valueRequired":true,"valueName":"search_term_string"}}],"inLanguage":"de"},{"@type":"Organization","@id":"https:\/\/www.fanprojekt-muenster.de\/wordpress\/#organization","name":"Fangemeinschaft Preu\u00dfen M\u00fcnster e. V.","url":"https:\/\/www.fanprojekt-muenster.de\/wordpress\/","logo":{"@type":"ImageObject","inLanguage":"de","@id":"https:\/\/www.fanprojekt-muenster.de\/wordpress\/#\/schema\/logo\/image\/","url":"https:\/\/www.fanprojekt-muenster.de\/wordpress\/wp-content\/uploads\/2019\/07\/cropped-Website_Logo3-9.png","contentUrl":"https:\/\/www.fanprojekt-muenster.de\/wordpress\/wp-content\/uploads\/2019\/07\/cropped-Website_Logo3-9.png","width":224,"height":42,"caption":"Fangemeinschaft Preu\u00dfen M\u00fcnster e. V."},"image":{"@id":"https:\/\/www.fanprojekt-muenster.de\/wordpress\/#\/schema\/logo\/image\/"}},{"@type":"Person","@id":"https:\/\/www.fanprojekt-muenster.de\/wordpress\/#\/schema\/person\/3daf258cdb8989ffe1ec0fb58ab8d7d2","name":"Andr\u00e9 Feldmann","url":"https:\/\/www.fanprojekt-muenster.de\/wordpress\/author\/andrefeldmann\/"}]}},"author_meta":{"display_name":"Andr\u00e9 Feldmann","author_link":"https:\/\/www.fanprojekt-muenster.de\/wordpress\/author\/andrefeldmann\/"},"featured_img":null,"coauthors":[],"tax_additional":{"categories":{"linked":["<a href=\"https:\/\/www.fanprojekt-muenster.de\/wordpress\/category\/aktuelles\/\" class=\"advgb-post-tax-term\">Aktuelles<\/a>"],"unlinked":["<span class=\"advgb-post-tax-term\">Aktuelles<\/span>"]}},"comment_count":"0","relative_dates":{"created":"Posted 8\u00a0Jahren ago","modified":"Updated 8\u00a0Jahren ago"},"absolute_dates":{"created":"Posted on 29. September 2018","modified":"Updated on 29. September 2018"},"absolute_dates_time":{"created":"Posted on 29. September 2018 23:11","modified":"Updated on 29. September 2018 23:11"},"featured_img_caption":"","series_order":"","_links":{"self":[{"href":"https:\/\/www.fanprojekt-muenster.de\/wordpress\/wp-json\/wp\/v2\/posts\/5644","targetHints":{"allow":["GET"]}}],"collection":[{"href":"https:\/\/www.fanprojekt-muenster.de\/wordpress\/wp-json\/wp\/v2\/posts"}],"about":[{"href":"https:\/\/www.fanprojekt-muenster.de\/wordpress\/wp-json\/wp\/v2\/types\/post"}],"author":[{"embeddable":true,"href":"https:\/\/www.fanprojekt-muenster.de\/wordpress\/wp-json\/wp\/v2\/users\/3"}],"replies":[{"embeddable":true,"href":"https:\/\/www.fanprojekt-muenster.de\/wordpress\/wp-json\/wp\/v2\/comments?post=5644"}],"version-history":[{"count":0,"href":"https:\/\/www.fanprojekt-muenster.de\/wordpress\/wp-json\/wp\/v2\/posts\/5644\/revisions"}],"wp:featuredmedia":[{"embeddable":true,"href":"https:\/\/www.fanprojekt-muenster.de\/wordpress\/wp-json\/"}],"wp:attachment":[{"href":"https:\/\/www.fanprojekt-muenster.de\/wordpress\/wp-json\/wp\/v2\/media?parent=5644"}],"wp:term":[{"taxonomy":"category","embeddable":true,"href":"https:\/\/www.fanprojekt-muenster.de\/wordpress\/wp-json\/wp\/v2\/categories?post=5644"},{"taxonomy":"post_tag","embeddable":true,"href":"https:\/\/www.fanprojekt-muenster.de\/wordpress\/wp-json\/wp\/v2\/tags?post=5644"}],"curies":[{"name":"wp","href":"https:\/\/api.w.org\/{rel}","templated":true}]}}