{"id":5620,"date":"2018-09-22T19:23:04","date_gmt":"2018-09-22T17:23:04","guid":{"rendered":"http:\/\/www.fanprojekt-muenster.de\/wp\/?p=5620"},"modified":"2018-09-22T19:23:04","modified_gmt":"2018-09-22T17:23:04","slug":"antrag-zur-jhv-vorschlag-fuer-eine-aenderung-der-mitgliedsbeitraege","status":"publish","type":"post","link":"https:\/\/www.fanprojekt-muenster.de\/wordpress\/antrag-zur-jhv-vorschlag-fuer-eine-aenderung-der-mitgliedsbeitraege\/","title":{"rendered":"Antrag zur JHV: Vorschlag f\u00fcr eine \u00c4nderung der Mitgliedsbeitr\u00e4ge"},"content":{"rendered":"<p>In den letzten vier Jahren hat sich der Fanprojekt Preu\u00dfen M\u00fcnster e.V. durch die regelm\u00e4\u00dfig eingezogenen Mitgliedsbeitr\u00e4ge und geringeren Kosten finanziell stabilisiert.<br \/>\nAktuell steht das Fanprojekt mehr als gesund und unabh\u00e4ngig auf allen Beinen, wor\u00fcber die Mitglieder bei der anstehenden <a href=\"http:\/\/www.fanprojekt-muenster.de\/wp\/2018\/09\/17\/einladung-zur-jhv-24092018\/\">Jahreshauptversammlung (24.09.2018, 19:06 Uhr, Presseraum in der Trib\u00fcne) <\/a>detailliert informiert werden.<br \/>\nJedoch ist darauf zu achten, dass der Verein keinen Gewinn erwirtschaften darf. Dar\u00fcber hinaus m\u00fcssen die Ausgaben f\u00fcr den Vereinszweck (<a href=\"http:\/\/www.fanprojekt-muenster.de\/wp\/uber-uns\/satzung\/\">siehe Satzung \u00a72<\/a>) verwendet werden.<\/p>\n<p>Aus diesem Grund m\u00f6chte der Vorstand den Mitgliedern bei der Jahreshauptversammlung einen Antrag zur Abstimmung vorstellen, in dem eine Reduzierung der j\u00e4hrlichen Mitgliedsbeitr\u00e4ge vorgeschlagen wird. Es sollen demnach nur noch drei unterschiedliche Beitragss\u00e4tze gelten: kostenlose Mitgliedschaft f\u00fcr unter 12j\u00e4hrige, 12-17j\u00e4hrige zahlen 5 EUR und alle \u00fcber 18 Jahren nur noch 10 EUR.<br \/>\nDieser Vorschlag w\u00fcrde auch die Beitragsstruktur erheblich vereinfachen, welche aktuell einen gewissen Aufwand verursacht, z.B. um Nachweise f\u00fcr Erm\u00e4\u00dfigungen vor jeder Abbuchung einzufordern und nachzuhalten.<\/p>\n<table>\n<tbody>\n<tr>\n<td width=\"302\"><strong>Heutige Beitragsstruktur<\/strong><\/td>\n<td width=\"302\"><strong>Vorgeschlagene Beitragsstruktur<\/strong><\/td>\n<\/tr>\n<tr>\n<td width=\"302\">Vollzahler:\u00a0\u00a0\u00a0\u00a0\u00a0\u00a0\u00a0\u00a0 \u00a0\u00a0\u00a0\u00a0\u00a0\u00a0\u00a0\u00a0\u00a0\u00a0\u00a0\u00a0\u00a0\u00a0\u00a0\u00a0\u00a0\u00a0\u00a0\u00a0\u00a0\u00a0\u00a0\u00a0\u00a0\u00a0\u00a0\u00a0 24 EUR<\/p>\n<p>Erm\u00e4\u00dfigungen ab 18 J.:\u00a0 \u00a0\u00a0\u00a0\u00a0\u00a0\u00a0\u00a0\u00a0\u00a0\u00a0\u00a0\u00a0\u00a0 18 EUR<br \/>\n(Sch\u00fcler, Studenten, Auszubildende, Arbeitslose, Sozialhilfeempf\u00e4nger)<\/p>\n<p>Erm\u00e4\u00dfigungen &lt;18 J.:\u00a0\u00a0\u00a0\u00a0 \u00a0\u00a0\u00a0\u00a0\u00a0\u00a0\u00a0\u00a0\u00a0\u00a0\u00a0\u00a0\u00a0 12 EUR<\/p>\n<p>Mitglieder beim SCP:\u00a0\u00a0\u00a0\u00a0\u00a0 \u00a0\u00a0\u00a0\u00a0\u00a0\u00a0\u00a0\u00a0\u00a0\u00a0\u00a0\u00a0\u00a0 12 EUR<\/p>\n<p>Familien:\u00a0\u00a0\u00a0\u00a0\u00a0\u00a0\u00a0\u00a0\u00a0\u00a0\u00a0\u00a0\u00a0\u00a0\u00a0\u00a0\u00a0\u00a0\u00a0\u00a0\u00a0\u00a0\u00a0\u00a0\u00a0\u00a0 \u00a0\u00a0\u00a0\u00a0\u00a0\u00a0\u00a0\u00a0\u00a0\u00a0\u00a0\u00a0\u00a0 36 EUR<br \/>\n(Familie oder ehe\u00e4hnliche Gemeinschaften mit Kindern bis 18 Jahre)<\/td>\n<td width=\"302\">Vollj\u00e4hrige (ab 18 J.): \u00a0\u00a0\u00a0\u00a0 \u00a0\u00a0\u00a0\u00a0\u00a0\u00a0\u00a0\u00a0\u00a0\u00a0\u00a0\u00a0\u00a0 10 EUR<\/p>\n<p>12-17j\u00e4hrige: \u00a0\u00a0\u00a0\u00a0\u00a0\u00a0\u00a0\u00a0\u00a0\u00a0\u00a0\u00a0\u00a0\u00a0\u00a0\u00a0\u00a0 \u00a0\u00a0\u00a0\u00a0\u00a0\u00a0\u00a0\u00a0\u00a0\u00a0\u00a0\u00a0\u00a0 5 EUR<\/p>\n<p>Unter 12j\u00e4hrige:\u00a0\u00a0\u00a0\u00a0\u00a0\u00a0\u00a0\u00a0\u00a0\u00a0\u00a0\u00a0\u00a0 \u00a0\u00a0\u00a0\u00a0\u00a0\u00a0\u00a0\u00a0\u00a0\u00a0\u00a0\u00a0\u00a0 0 EUR<\/td>\n<\/tr>\n<\/tbody>\n<\/table>\n<p>Stichtag f\u00fcr die jeweiligen Altersgrenzen soll dabei der Anfang eines jeden Gesch\u00e4ftsjahres, also der 1. Juli sein.<\/p>\n<p>Jedes einzelne Mitglied w\u00fcrde durch den Vorschlag weniger zahlen. Als Beispiel: Familien mit zwei Kindern zwischen 12 und 17 Jahren w\u00fcrden anstelle von 36 EUR nur noch 30 EUR zahlen (2x Vollj\u00e4hrige + 2x Jugendliche = 2x 10 + 2x 5 = 30 EUR).<\/p>\n<p>Nach aktuellen Zahlen, w\u00fcrden die Gesamt-Einnahmen dadurch fast halbiert, womit das Fanprojekt aber immer noch sehr gut wirtschaften k\u00f6nnte.<\/p>\n<p>Benny Sicking, 1. Vorsitzender, entschuldigt sich f\u00fcr die kurzfristige Information vor der Jahreshauptversammlung: \u201eWir wollten eigentlich schon vor Wochen einen Entwurf vorstellen. Aber leider haben sich die Gespr\u00e4che mit dem SCP l\u00e4nger hingezogen als erwartet. Ich kann aufkommenden Missmut der Mitglieder verstehen, f\u00fcr die diese Information recht sp\u00e4t kommt.\u201c<br \/>\nUm m\u00f6glichen Spekulationen vorzubeugen, erg\u00e4nzt Sicking weiter: \u201eDieser Antrag ist nicht gegen einen neuen Vorstand gerichtet. Wenn alle aktuellen Vorstandsmitglieder weitermachen w\u00fcrden, w\u00e4re der Vorschlag auch den Mitgliedern zur Abstimmung vorgestellt worden. Letztendlich wollen wir die Mitglieder \u00fcber ihren zu zahlenden Beitrag und die Ein- und Ausgabenstruktur des Fanprojekts entscheiden lassen.\u201c<\/p>\n<p>Nach der R\u00fcckmeldung des SCPs w\u00fcrden bei einer tats\u00e4chlichen Reduzierung der Mitgliedsbeitr\u00e4ge einige Verg\u00fcnstigungen nicht mehr angeboten. Die 5%-Rabatt im Fanshop blieben ebenso wie der aktive Mitgliedsbeitrag als Fanprojektmitglied im SCP. Die Reduzierungen f\u00fcr Dauer- und Tageskarten sowie das Vorkaufsrecht auf bestimmte Spiele w\u00fcrden dann jedoch nur noch f\u00fcr SCP-Mitglieder gelten.<\/p>\n<p>Als Zusatz wurde ein erweiterter Antrag eingereicht, die Entscheidung zu einer Beitrags\u00e4nderung um ein Jahr zu verschieben, damit sich ein neuer Vorstand weitere Gedanken zu der Ein- und Ausgabenstruktur machen kann.<\/p>\n<p>Alle Fanprojekt-Mitglieder sind zu der Jahreshauptversammlung eingeladen, \u00fcber diesen Antrag zu diskutieren und abzustimmen. Aber es d\u00fcrfen nur die anwesenden Mitglieder aktiv mitbestimmen.<\/p>\n","protected":false},"excerpt":{"rendered":"<p>In den letzten vier Jahren hat sich der Fanprojekt Preu\u00dfen M\u00fcnster e.V. durch die regelm\u00e4\u00dfig eingezogenen Mitgliedsbeitr\u00e4ge und geringeren Kosten finanziell stabilisiert. Aktuell steht das Fanprojekt mehr als gesund und&#8230; <a class=\"read-more-link\" href=\"https:\/\/www.fanprojekt-muenster.de\/wordpress\/antrag-zur-jhv-vorschlag-fuer-eine-aenderung-der-mitgliedsbeitraege\/\">Read more &raquo;<\/a><\/p>\n","protected":false},"author":6,"featured_media":1474,"comment_status":"closed","ping_status":"closed","sticky":false,"template":"","format":"standard","meta":{"advgb_blocks_editor_width":"","advgb_blocks_columns_visual_guide":"","footnotes":""},"categories":[3],"tags":[],"class_list":["post-5620","post","type-post","status-publish","format-standard","has-post-thumbnail","hentry","category-aktuelles"],"featured_image_src":"https:\/\/www.fanprojekt-muenster.de\/wordpress\/wp-content\/uploads\/2013\/07\/Preussenadler_FP_kl.png","author_info":{"display_name":"508","author_link":"https:\/\/www.fanprojekt-muenster.de\/wordpress\/author\/508\/"},"yoast_head":"<!-- This site is optimized with the Yoast SEO plugin v27.2 - https:\/\/yoast.com\/product\/yoast-seo-wordpress\/ -->\n<title>Antrag zur JHV: Vorschlag f\u00fcr eine \u00c4nderung der Mitgliedsbeitr\u00e4ge - Fangemeinschaft Preu\u00dfen M\u00fcnster e. V.<\/title>\n<meta name=\"robots\" content=\"index, follow, max-snippet:-1, max-image-preview:large, max-video-preview:-1\" \/>\n<link rel=\"canonical\" href=\"https:\/\/www.fanprojekt-muenster.de\/wordpress\/antrag-zur-jhv-vorschlag-fuer-eine-aenderung-der-mitgliedsbeitraege\/\" \/>\n<meta property=\"og:locale\" content=\"de_DE\" \/>\n<meta property=\"og:type\" content=\"article\" \/>\n<meta property=\"og:title\" content=\"Antrag zur JHV: Vorschlag f\u00fcr eine \u00c4nderung der Mitgliedsbeitr\u00e4ge - Fangemeinschaft Preu\u00dfen M\u00fcnster e. V.\" \/>\n<meta property=\"og:description\" content=\"In den letzten vier Jahren hat sich der Fanprojekt Preu\u00dfen M\u00fcnster e.V. durch die regelm\u00e4\u00dfig eingezogenen Mitgliedsbeitr\u00e4ge und geringeren Kosten finanziell stabilisiert. Aktuell steht das Fanprojekt mehr als gesund und... Read more &raquo;\" \/>\n<meta property=\"og:url\" content=\"https:\/\/www.fanprojekt-muenster.de\/wordpress\/antrag-zur-jhv-vorschlag-fuer-eine-aenderung-der-mitgliedsbeitraege\/\" \/>\n<meta property=\"og:site_name\" content=\"Fangemeinschaft Preu\u00dfen M\u00fcnster e. V.\" \/>\n<meta property=\"article:published_time\" content=\"2018-09-22T17:23:04+00:00\" \/>\n<meta property=\"og:image\" content=\"https:\/\/www.fanprojekt-muenster.de\/wordpress\/wp-content\/uploads\/2013\/07\/Preussenadler_FP_kl.png\" \/>\n\t<meta property=\"og:image:width\" content=\"414\" \/>\n\t<meta property=\"og:image:height\" content=\"300\" \/>\n\t<meta property=\"og:image:type\" content=\"image\/png\" \/>\n<meta name=\"author\" content=\"508\" \/>\n<meta name=\"twitter:card\" content=\"summary_large_image\" \/>\n<meta name=\"twitter:label1\" content=\"Verfasst von\" \/>\n\t<meta name=\"twitter:data1\" content=\"508\" \/>\n\t<meta name=\"twitter:label2\" content=\"Gesch\u00e4tzte Lesezeit\" \/>\n\t<meta name=\"twitter:data2\" content=\"3\u00a0Minuten\" \/>\n<script type=\"application\/ld+json\" class=\"yoast-schema-graph\">{\"@context\":\"https:\/\/schema.org\",\"@graph\":[{\"@type\":\"Article\",\"@id\":\"https:\/\/www.fanprojekt-muenster.de\/wordpress\/antrag-zur-jhv-vorschlag-fuer-eine-aenderung-der-mitgliedsbeitraege\/#article\",\"isPartOf\":{\"@id\":\"https:\/\/www.fanprojekt-muenster.de\/wordpress\/antrag-zur-jhv-vorschlag-fuer-eine-aenderung-der-mitgliedsbeitraege\/\"},\"author\":{\"name\":\"508\",\"@id\":\"https:\/\/www.fanprojekt-muenster.de\/wordpress\/#\/schema\/person\/907994394342a6ba0f1be4c546ed7d09\"},\"headline\":\"Antrag zur JHV: Vorschlag f\u00fcr eine \u00c4nderung der Mitgliedsbeitr\u00e4ge\",\"datePublished\":\"2018-09-22T17:23:04+00:00\",\"mainEntityOfPage\":{\"@id\":\"https:\/\/www.fanprojekt-muenster.de\/wordpress\/antrag-zur-jhv-vorschlag-fuer-eine-aenderung-der-mitgliedsbeitraege\/\"},\"wordCount\":530,\"publisher\":{\"@id\":\"https:\/\/www.fanprojekt-muenster.de\/wordpress\/#organization\"},\"image\":{\"@id\":\"https:\/\/www.fanprojekt-muenster.de\/wordpress\/antrag-zur-jhv-vorschlag-fuer-eine-aenderung-der-mitgliedsbeitraege\/#primaryimage\"},\"thumbnailUrl\":\"https:\/\/www.fanprojekt-muenster.de\/wordpress\/wp-content\/uploads\/2013\/07\/Preussenadler_FP_kl.png\",\"articleSection\":[\"Aktuelles\"],\"inLanguage\":\"de\"},{\"@type\":\"WebPage\",\"@id\":\"https:\/\/www.fanprojekt-muenster.de\/wordpress\/antrag-zur-jhv-vorschlag-fuer-eine-aenderung-der-mitgliedsbeitraege\/\",\"url\":\"https:\/\/www.fanprojekt-muenster.de\/wordpress\/antrag-zur-jhv-vorschlag-fuer-eine-aenderung-der-mitgliedsbeitraege\/\",\"name\":\"Antrag zur JHV: Vorschlag f\u00fcr eine \u00c4nderung der Mitgliedsbeitr\u00e4ge - Fangemeinschaft Preu\u00dfen M\u00fcnster e. V.\",\"isPartOf\":{\"@id\":\"https:\/\/www.fanprojekt-muenster.de\/wordpress\/#website\"},\"primaryImageOfPage\":{\"@id\":\"https:\/\/www.fanprojekt-muenster.de\/wordpress\/antrag-zur-jhv-vorschlag-fuer-eine-aenderung-der-mitgliedsbeitraege\/#primaryimage\"},\"image\":{\"@id\":\"https:\/\/www.fanprojekt-muenster.de\/wordpress\/antrag-zur-jhv-vorschlag-fuer-eine-aenderung-der-mitgliedsbeitraege\/#primaryimage\"},\"thumbnailUrl\":\"https:\/\/www.fanprojekt-muenster.de\/wordpress\/wp-content\/uploads\/2013\/07\/Preussenadler_FP_kl.png\",\"datePublished\":\"2018-09-22T17:23:04+00:00\",\"breadcrumb\":{\"@id\":\"https:\/\/www.fanprojekt-muenster.de\/wordpress\/antrag-zur-jhv-vorschlag-fuer-eine-aenderung-der-mitgliedsbeitraege\/#breadcrumb\"},\"inLanguage\":\"de\",\"potentialAction\":[{\"@type\":\"ReadAction\",\"target\":[\"https:\/\/www.fanprojekt-muenster.de\/wordpress\/antrag-zur-jhv-vorschlag-fuer-eine-aenderung-der-mitgliedsbeitraege\/\"]}]},{\"@type\":\"ImageObject\",\"inLanguage\":\"de\",\"@id\":\"https:\/\/www.fanprojekt-muenster.de\/wordpress\/antrag-zur-jhv-vorschlag-fuer-eine-aenderung-der-mitgliedsbeitraege\/#primaryimage\",\"url\":\"https:\/\/www.fanprojekt-muenster.de\/wordpress\/wp-content\/uploads\/2013\/07\/Preussenadler_FP_kl.png\",\"contentUrl\":\"https:\/\/www.fanprojekt-muenster.de\/wordpress\/wp-content\/uploads\/2013\/07\/Preussenadler_FP_kl.png\",\"width\":414,\"height\":300},{\"@type\":\"BreadcrumbList\",\"@id\":\"https:\/\/www.fanprojekt-muenster.de\/wordpress\/antrag-zur-jhv-vorschlag-fuer-eine-aenderung-der-mitgliedsbeitraege\/#breadcrumb\",\"itemListElement\":[{\"@type\":\"ListItem\",\"position\":1,\"name\":\"Startseite\",\"item\":\"https:\/\/www.fanprojekt-muenster.de\/wordpress\/\"},{\"@type\":\"ListItem\",\"position\":2,\"name\":\"Antrag zur JHV: Vorschlag f\u00fcr eine \u00c4nderung der Mitgliedsbeitr\u00e4ge\"}]},{\"@type\":\"WebSite\",\"@id\":\"https:\/\/www.fanprojekt-muenster.de\/wordpress\/#website\",\"url\":\"https:\/\/www.fanprojekt-muenster.de\/wordpress\/\",\"name\":\"Fangemeinschaft Preu\u00dfen M\u00fcnster e. V.\",\"description\":\"\",\"publisher\":{\"@id\":\"https:\/\/www.fanprojekt-muenster.de\/wordpress\/#organization\"},\"potentialAction\":[{\"@type\":\"SearchAction\",\"target\":{\"@type\":\"EntryPoint\",\"urlTemplate\":\"https:\/\/www.fanprojekt-muenster.de\/wordpress\/?s={search_term_string}\"},\"query-input\":{\"@type\":\"PropertyValueSpecification\",\"valueRequired\":true,\"valueName\":\"search_term_string\"}}],\"inLanguage\":\"de\"},{\"@type\":\"Organization\",\"@id\":\"https:\/\/www.fanprojekt-muenster.de\/wordpress\/#organization\",\"name\":\"Fangemeinschaft Preu\u00dfen M\u00fcnster e. V.\",\"url\":\"https:\/\/www.fanprojekt-muenster.de\/wordpress\/\",\"logo\":{\"@type\":\"ImageObject\",\"inLanguage\":\"de\",\"@id\":\"https:\/\/www.fanprojekt-muenster.de\/wordpress\/#\/schema\/logo\/image\/\",\"url\":\"https:\/\/www.fanprojekt-muenster.de\/wordpress\/wp-content\/uploads\/2019\/07\/cropped-Website_Logo3-9.png\",\"contentUrl\":\"https:\/\/www.fanprojekt-muenster.de\/wordpress\/wp-content\/uploads\/2019\/07\/cropped-Website_Logo3-9.png\",\"width\":224,\"height\":42,\"caption\":\"Fangemeinschaft Preu\u00dfen M\u00fcnster e. V.\"},\"image\":{\"@id\":\"https:\/\/www.fanprojekt-muenster.de\/wordpress\/#\/schema\/logo\/image\/\"}},{\"@type\":\"Person\",\"@id\":\"https:\/\/www.fanprojekt-muenster.de\/wordpress\/#\/schema\/person\/907994394342a6ba0f1be4c546ed7d09\",\"name\":\"508\",\"url\":\"https:\/\/www.fanprojekt-muenster.de\/wordpress\/author\/508\/\"}]}<\/script>\n<!-- \/ Yoast SEO plugin. -->","yoast_head_json":{"title":"Antrag zur JHV: Vorschlag f\u00fcr eine \u00c4nderung der Mitgliedsbeitr\u00e4ge - Fangemeinschaft Preu\u00dfen M\u00fcnster e. V.","robots":{"index":"index","follow":"follow","max-snippet":"max-snippet:-1","max-image-preview":"max-image-preview:large","max-video-preview":"max-video-preview:-1"},"canonical":"https:\/\/www.fanprojekt-muenster.de\/wordpress\/antrag-zur-jhv-vorschlag-fuer-eine-aenderung-der-mitgliedsbeitraege\/","og_locale":"de_DE","og_type":"article","og_title":"Antrag zur JHV: Vorschlag f\u00fcr eine \u00c4nderung der Mitgliedsbeitr\u00e4ge - Fangemeinschaft Preu\u00dfen M\u00fcnster e. V.","og_description":"In den letzten vier Jahren hat sich der Fanprojekt Preu\u00dfen M\u00fcnster e.V. durch die regelm\u00e4\u00dfig eingezogenen Mitgliedsbeitr\u00e4ge und geringeren Kosten finanziell stabilisiert. Aktuell steht das Fanprojekt mehr als gesund und... Read more &raquo;","og_url":"https:\/\/www.fanprojekt-muenster.de\/wordpress\/antrag-zur-jhv-vorschlag-fuer-eine-aenderung-der-mitgliedsbeitraege\/","og_site_name":"Fangemeinschaft Preu\u00dfen M\u00fcnster e. V.","article_published_time":"2018-09-22T17:23:04+00:00","og_image":[{"width":414,"height":300,"url":"https:\/\/www.fanprojekt-muenster.de\/wordpress\/wp-content\/uploads\/2013\/07\/Preussenadler_FP_kl.png","type":"image\/png"}],"author":"508","twitter_card":"summary_large_image","twitter_misc":{"Verfasst von":"508","Gesch\u00e4tzte Lesezeit":"3\u00a0Minuten"},"schema":{"@context":"https:\/\/schema.org","@graph":[{"@type":"Article","@id":"https:\/\/www.fanprojekt-muenster.de\/wordpress\/antrag-zur-jhv-vorschlag-fuer-eine-aenderung-der-mitgliedsbeitraege\/#article","isPartOf":{"@id":"https:\/\/www.fanprojekt-muenster.de\/wordpress\/antrag-zur-jhv-vorschlag-fuer-eine-aenderung-der-mitgliedsbeitraege\/"},"author":{"name":"508","@id":"https:\/\/www.fanprojekt-muenster.de\/wordpress\/#\/schema\/person\/907994394342a6ba0f1be4c546ed7d09"},"headline":"Antrag zur JHV: Vorschlag f\u00fcr eine \u00c4nderung der Mitgliedsbeitr\u00e4ge","datePublished":"2018-09-22T17:23:04+00:00","mainEntityOfPage":{"@id":"https:\/\/www.fanprojekt-muenster.de\/wordpress\/antrag-zur-jhv-vorschlag-fuer-eine-aenderung-der-mitgliedsbeitraege\/"},"wordCount":530,"publisher":{"@id":"https:\/\/www.fanprojekt-muenster.de\/wordpress\/#organization"},"image":{"@id":"https:\/\/www.fanprojekt-muenster.de\/wordpress\/antrag-zur-jhv-vorschlag-fuer-eine-aenderung-der-mitgliedsbeitraege\/#primaryimage"},"thumbnailUrl":"https:\/\/www.fanprojekt-muenster.de\/wordpress\/wp-content\/uploads\/2013\/07\/Preussenadler_FP_kl.png","articleSection":["Aktuelles"],"inLanguage":"de"},{"@type":"WebPage","@id":"https:\/\/www.fanprojekt-muenster.de\/wordpress\/antrag-zur-jhv-vorschlag-fuer-eine-aenderung-der-mitgliedsbeitraege\/","url":"https:\/\/www.fanprojekt-muenster.de\/wordpress\/antrag-zur-jhv-vorschlag-fuer-eine-aenderung-der-mitgliedsbeitraege\/","name":"Antrag zur JHV: Vorschlag f\u00fcr eine \u00c4nderung der Mitgliedsbeitr\u00e4ge - Fangemeinschaft Preu\u00dfen M\u00fcnster e. V.","isPartOf":{"@id":"https:\/\/www.fanprojekt-muenster.de\/wordpress\/#website"},"primaryImageOfPage":{"@id":"https:\/\/www.fanprojekt-muenster.de\/wordpress\/antrag-zur-jhv-vorschlag-fuer-eine-aenderung-der-mitgliedsbeitraege\/#primaryimage"},"image":{"@id":"https:\/\/www.fanprojekt-muenster.de\/wordpress\/antrag-zur-jhv-vorschlag-fuer-eine-aenderung-der-mitgliedsbeitraege\/#primaryimage"},"thumbnailUrl":"https:\/\/www.fanprojekt-muenster.de\/wordpress\/wp-content\/uploads\/2013\/07\/Preussenadler_FP_kl.png","datePublished":"2018-09-22T17:23:04+00:00","breadcrumb":{"@id":"https:\/\/www.fanprojekt-muenster.de\/wordpress\/antrag-zur-jhv-vorschlag-fuer-eine-aenderung-der-mitgliedsbeitraege\/#breadcrumb"},"inLanguage":"de","potentialAction":[{"@type":"ReadAction","target":["https:\/\/www.fanprojekt-muenster.de\/wordpress\/antrag-zur-jhv-vorschlag-fuer-eine-aenderung-der-mitgliedsbeitraege\/"]}]},{"@type":"ImageObject","inLanguage":"de","@id":"https:\/\/www.fanprojekt-muenster.de\/wordpress\/antrag-zur-jhv-vorschlag-fuer-eine-aenderung-der-mitgliedsbeitraege\/#primaryimage","url":"https:\/\/www.fanprojekt-muenster.de\/wordpress\/wp-content\/uploads\/2013\/07\/Preussenadler_FP_kl.png","contentUrl":"https:\/\/www.fanprojekt-muenster.de\/wordpress\/wp-content\/uploads\/2013\/07\/Preussenadler_FP_kl.png","width":414,"height":300},{"@type":"BreadcrumbList","@id":"https:\/\/www.fanprojekt-muenster.de\/wordpress\/antrag-zur-jhv-vorschlag-fuer-eine-aenderung-der-mitgliedsbeitraege\/#breadcrumb","itemListElement":[{"@type":"ListItem","position":1,"name":"Startseite","item":"https:\/\/www.fanprojekt-muenster.de\/wordpress\/"},{"@type":"ListItem","position":2,"name":"Antrag zur JHV: Vorschlag f\u00fcr eine \u00c4nderung der Mitgliedsbeitr\u00e4ge"}]},{"@type":"WebSite","@id":"https:\/\/www.fanprojekt-muenster.de\/wordpress\/#website","url":"https:\/\/www.fanprojekt-muenster.de\/wordpress\/","name":"Fangemeinschaft Preu\u00dfen M\u00fcnster e. V.","description":"","publisher":{"@id":"https:\/\/www.fanprojekt-muenster.de\/wordpress\/#organization"},"potentialAction":[{"@type":"SearchAction","target":{"@type":"EntryPoint","urlTemplate":"https:\/\/www.fanprojekt-muenster.de\/wordpress\/?s={search_term_string}"},"query-input":{"@type":"PropertyValueSpecification","valueRequired":true,"valueName":"search_term_string"}}],"inLanguage":"de"},{"@type":"Organization","@id":"https:\/\/www.fanprojekt-muenster.de\/wordpress\/#organization","name":"Fangemeinschaft Preu\u00dfen M\u00fcnster e. V.","url":"https:\/\/www.fanprojekt-muenster.de\/wordpress\/","logo":{"@type":"ImageObject","inLanguage":"de","@id":"https:\/\/www.fanprojekt-muenster.de\/wordpress\/#\/schema\/logo\/image\/","url":"https:\/\/www.fanprojekt-muenster.de\/wordpress\/wp-content\/uploads\/2019\/07\/cropped-Website_Logo3-9.png","contentUrl":"https:\/\/www.fanprojekt-muenster.de\/wordpress\/wp-content\/uploads\/2019\/07\/cropped-Website_Logo3-9.png","width":224,"height":42,"caption":"Fangemeinschaft Preu\u00dfen M\u00fcnster e. V."},"image":{"@id":"https:\/\/www.fanprojekt-muenster.de\/wordpress\/#\/schema\/logo\/image\/"}},{"@type":"Person","@id":"https:\/\/www.fanprojekt-muenster.de\/wordpress\/#\/schema\/person\/907994394342a6ba0f1be4c546ed7d09","name":"508","url":"https:\/\/www.fanprojekt-muenster.de\/wordpress\/author\/508\/"}]}},"author_meta":{"display_name":"508","author_link":"https:\/\/www.fanprojekt-muenster.de\/wordpress\/author\/508\/"},"featured_img":"https:\/\/www.fanprojekt-muenster.de\/wordpress\/wp-content\/uploads\/2013\/07\/Preussenadler_FP_kl-300x217.png","coauthors":[],"tax_additional":{"categories":{"linked":["<a href=\"https:\/\/www.fanprojekt-muenster.de\/wordpress\/category\/aktuelles\/\" class=\"advgb-post-tax-term\">Aktuelles<\/a>"],"unlinked":["<span class=\"advgb-post-tax-term\">Aktuelles<\/span>"]}},"comment_count":"0","relative_dates":{"created":"Posted 8\u00a0Jahren ago","modified":"Updated 8\u00a0Jahren ago"},"absolute_dates":{"created":"Posted on 22. September 2018","modified":"Updated on 22. September 2018"},"absolute_dates_time":{"created":"Posted on 22. September 2018 19:23","modified":"Updated on 22. September 2018 19:23"},"featured_img_caption":"","series_order":"","_links":{"self":[{"href":"https:\/\/www.fanprojekt-muenster.de\/wordpress\/wp-json\/wp\/v2\/posts\/5620","targetHints":{"allow":["GET"]}}],"collection":[{"href":"https:\/\/www.fanprojekt-muenster.de\/wordpress\/wp-json\/wp\/v2\/posts"}],"about":[{"href":"https:\/\/www.fanprojekt-muenster.de\/wordpress\/wp-json\/wp\/v2\/types\/post"}],"author":[{"embeddable":true,"href":"https:\/\/www.fanprojekt-muenster.de\/wordpress\/wp-json\/wp\/v2\/users\/6"}],"replies":[{"embeddable":true,"href":"https:\/\/www.fanprojekt-muenster.de\/wordpress\/wp-json\/wp\/v2\/comments?post=5620"}],"version-history":[{"count":0,"href":"https:\/\/www.fanprojekt-muenster.de\/wordpress\/wp-json\/wp\/v2\/posts\/5620\/revisions"}],"wp:featuredmedia":[{"embeddable":true,"href":"https:\/\/www.fanprojekt-muenster.de\/wordpress\/wp-json\/wp\/v2\/media\/1474"}],"wp:attachment":[{"href":"https:\/\/www.fanprojekt-muenster.de\/wordpress\/wp-json\/wp\/v2\/media?parent=5620"}],"wp:term":[{"taxonomy":"category","embeddable":true,"href":"https:\/\/www.fanprojekt-muenster.de\/wordpress\/wp-json\/wp\/v2\/categories?post=5620"},{"taxonomy":"post_tag","embeddable":true,"href":"https:\/\/www.fanprojekt-muenster.de\/wordpress\/wp-json\/wp\/v2\/tags?post=5620"}],"curies":[{"name":"wp","href":"https:\/\/api.w.org\/{rel}","templated":true}]}}