{"id":5614,"date":"2018-08-28T20:43:57","date_gmt":"2018-08-28T18:43:57","guid":{"rendered":"http:\/\/www.fanprojekt-muenster.de\/wp\/?p=5614"},"modified":"2018-08-28T20:43:57","modified_gmt":"2018-08-28T18:43:57","slug":"steht-das-fanprojekt-vor-der-aufloesung","status":"publish","type":"post","link":"https:\/\/www.fanprojekt-muenster.de\/wordpress\/steht-das-fanprojekt-vor-der-aufloesung\/","title":{"rendered":"Steht das Fanprojekt vor der Aufl\u00f6sung?"},"content":{"rendered":"<p>Bereits im vergangenen Februar hat der aktuelle Vorstand des Fanprojekts darauf hingewiesen, dass ein Gro\u00dfteil der aktuellen Vorstandsmitglieder sich im September nicht erneut zur Wahl stellen wird. Da sich in der Mitgliedschaft kaum Interesse regt, sich aktiv einzubringen, steht aktuell sogar die Aufl\u00f6sung des Fanprojekts im Raum.<br \/>\nAm 3. September l\u00e4dt der Fanprojekt-Vorstand um 19:06 Uhr in den FANport zum n\u00e4chsten \u00f6ffentlichen Treffen ein, dessen einziger Inhalt die Zukunft des Fanprojekt Preu\u00dfen M\u00fcnster e.V. sein wird.<\/p>\n<p>Benny Sicking, aktueller Vorsitzender, stellt sich erneut zur Wahl. Er betont: &#8222;Die Fanprojekt-Mitglieder haben es jetzt selber in der Hand. Ob es weiterhin noch die Container-\u00d6ffnungen gibt, gro\u00dfe Ausw\u00e4rtsfahrten angeboten oder Faninteressen beim Verein vertreten werden.&#8220;<br \/>\nDar\u00fcber hinaus stehen rund um den SCP wichtige Ver\u00e4nderungen an: wie beispielsweise die \u00c4nderung der Stadionordnung, die Erstellung eines Leitbildes im Verein, die Adler-Initiative und weitere Themen wie Stadionverbots-Kommission, Ausschuss Stadion &amp; Sicherheit oder \u201eUnsere Kurve\u201c. Aber auch die notwendigen Aufgaben wie Finanzen, Mitgliedsbeitr\u00e4ge, Mitgliedskarten und vieles mehr m\u00fcssen weiter durchgef\u00fchrt werden.<\/p>\n<p>Benny Sicking: \u201eEin Vorstand aus drei bis vier Personen kann und wird dies nicht leisten. M\u00f6glicherweise gibt es aber auch kein Bedarf oder Interesse an solchen Themen und Aktivit\u00e4ten. Aber dann muss jedes Fanprojekt-Mitglied so ehrlich sein und das Fanprojekt aufl\u00f6sen.\u201c<\/p>\n","protected":false},"excerpt":{"rendered":"<p>Bereits im vergangenen Februar hat der aktuelle Vorstand des Fanprojekts darauf hingewiesen, dass ein Gro\u00dfteil der aktuellen Vorstandsmitglieder sich im September nicht erneut zur Wahl stellen wird. Da sich in&#8230; <a class=\"read-more-link\" href=\"https:\/\/www.fanprojekt-muenster.de\/wordpress\/steht-das-fanprojekt-vor-der-aufloesung\/\">Read more &raquo;<\/a><\/p>\n","protected":false},"author":5,"featured_media":4383,"comment_status":"closed","ping_status":"closed","sticky":false,"template":"","format":"standard","meta":{"advgb_blocks_editor_width":"","advgb_blocks_columns_visual_guide":"","footnotes":""},"categories":[2,3,1],"tags":[],"class_list":["post-5614","post","type-post","status-publish","format-standard","has-post-thumbnail","hentry","category-aktionen","category-aktuelles","category-allgemein"],"featured_image_src":null,"author_info":{"display_name":"Florian","author_link":"https:\/\/www.fanprojekt-muenster.de\/wordpress\/author\/flovoss\/"},"yoast_head":"<!-- This site is optimized with the Yoast SEO plugin v27.2 - https:\/\/yoast.com\/product\/yoast-seo-wordpress\/ -->\n<title>Steht das Fanprojekt vor der Aufl\u00f6sung? - Fangemeinschaft Preu\u00dfen M\u00fcnster e. V.<\/title>\n<meta name=\"robots\" content=\"index, follow, max-snippet:-1, max-image-preview:large, max-video-preview:-1\" \/>\n<link rel=\"canonical\" href=\"https:\/\/www.fanprojekt-muenster.de\/wordpress\/steht-das-fanprojekt-vor-der-aufloesung\/\" \/>\n<meta property=\"og:locale\" content=\"de_DE\" \/>\n<meta property=\"og:type\" content=\"article\" \/>\n<meta property=\"og:title\" content=\"Steht das Fanprojekt vor der Aufl\u00f6sung? - Fangemeinschaft Preu\u00dfen M\u00fcnster e. V.\" \/>\n<meta property=\"og:description\" content=\"Bereits im vergangenen Februar hat der aktuelle Vorstand des Fanprojekts darauf hingewiesen, dass ein Gro\u00dfteil der aktuellen Vorstandsmitglieder sich im September nicht erneut zur Wahl stellen wird. Da sich in... Read more &raquo;\" \/>\n<meta property=\"og:url\" content=\"https:\/\/www.fanprojekt-muenster.de\/wordpress\/steht-das-fanprojekt-vor-der-aufloesung\/\" \/>\n<meta property=\"og:site_name\" content=\"Fangemeinschaft Preu\u00dfen M\u00fcnster e. V.\" \/>\n<meta property=\"article:published_time\" content=\"2018-08-28T18:43:57+00:00\" \/>\n<meta name=\"author\" content=\"Florian\" \/>\n<meta name=\"twitter:card\" content=\"summary_large_image\" \/>\n<meta name=\"twitter:label1\" content=\"Verfasst von\" \/>\n\t<meta name=\"twitter:data1\" content=\"Florian\" \/>\n\t<meta name=\"twitter:label2\" content=\"Gesch\u00e4tzte Lesezeit\" \/>\n\t<meta name=\"twitter:data2\" content=\"1\u00a0Minute\" \/>\n<script type=\"application\/ld+json\" class=\"yoast-schema-graph\">{\"@context\":\"https:\/\/schema.org\",\"@graph\":[{\"@type\":\"Article\",\"@id\":\"https:\/\/www.fanprojekt-muenster.de\/wordpress\/steht-das-fanprojekt-vor-der-aufloesung\/#article\",\"isPartOf\":{\"@id\":\"https:\/\/www.fanprojekt-muenster.de\/wordpress\/steht-das-fanprojekt-vor-der-aufloesung\/\"},\"author\":{\"name\":\"Florian\",\"@id\":\"https:\/\/www.fanprojekt-muenster.de\/wordpress\/#\/schema\/person\/529d3ee920414da8907f25b585d57a4e\"},\"headline\":\"Steht das Fanprojekt vor der Aufl\u00f6sung?\",\"datePublished\":\"2018-08-28T18:43:57+00:00\",\"mainEntityOfPage\":{\"@id\":\"https:\/\/www.fanprojekt-muenster.de\/wordpress\/steht-das-fanprojekt-vor-der-aufloesung\/\"},\"wordCount\":228,\"publisher\":{\"@id\":\"https:\/\/www.fanprojekt-muenster.de\/wordpress\/#organization\"},\"image\":{\"@id\":\"https:\/\/www.fanprojekt-muenster.de\/wordpress\/steht-das-fanprojekt-vor-der-aufloesung\/#primaryimage\"},\"thumbnailUrl\":\"\",\"articleSection\":[\"Aktionen\",\"Aktuelles\"],\"inLanguage\":\"de\"},{\"@type\":\"WebPage\",\"@id\":\"https:\/\/www.fanprojekt-muenster.de\/wordpress\/steht-das-fanprojekt-vor-der-aufloesung\/\",\"url\":\"https:\/\/www.fanprojekt-muenster.de\/wordpress\/steht-das-fanprojekt-vor-der-aufloesung\/\",\"name\":\"Steht das Fanprojekt vor der Aufl\u00f6sung? - Fangemeinschaft Preu\u00dfen M\u00fcnster e. V.\",\"isPartOf\":{\"@id\":\"https:\/\/www.fanprojekt-muenster.de\/wordpress\/#website\"},\"primaryImageOfPage\":{\"@id\":\"https:\/\/www.fanprojekt-muenster.de\/wordpress\/steht-das-fanprojekt-vor-der-aufloesung\/#primaryimage\"},\"image\":{\"@id\":\"https:\/\/www.fanprojekt-muenster.de\/wordpress\/steht-das-fanprojekt-vor-der-aufloesung\/#primaryimage\"},\"thumbnailUrl\":\"\",\"datePublished\":\"2018-08-28T18:43:57+00:00\",\"breadcrumb\":{\"@id\":\"https:\/\/www.fanprojekt-muenster.de\/wordpress\/steht-das-fanprojekt-vor-der-aufloesung\/#breadcrumb\"},\"inLanguage\":\"de\",\"potentialAction\":[{\"@type\":\"ReadAction\",\"target\":[\"https:\/\/www.fanprojekt-muenster.de\/wordpress\/steht-das-fanprojekt-vor-der-aufloesung\/\"]}]},{\"@type\":\"ImageObject\",\"inLanguage\":\"de\",\"@id\":\"https:\/\/www.fanprojekt-muenster.de\/wordpress\/steht-das-fanprojekt-vor-der-aufloesung\/#primaryimage\",\"url\":\"\",\"contentUrl\":\"\"},{\"@type\":\"BreadcrumbList\",\"@id\":\"https:\/\/www.fanprojekt-muenster.de\/wordpress\/steht-das-fanprojekt-vor-der-aufloesung\/#breadcrumb\",\"itemListElement\":[{\"@type\":\"ListItem\",\"position\":1,\"name\":\"Startseite\",\"item\":\"https:\/\/www.fanprojekt-muenster.de\/wordpress\/\"},{\"@type\":\"ListItem\",\"position\":2,\"name\":\"Steht das Fanprojekt vor der Aufl\u00f6sung?\"}]},{\"@type\":\"WebSite\",\"@id\":\"https:\/\/www.fanprojekt-muenster.de\/wordpress\/#website\",\"url\":\"https:\/\/www.fanprojekt-muenster.de\/wordpress\/\",\"name\":\"Fangemeinschaft Preu\u00dfen M\u00fcnster e. V.\",\"description\":\"\",\"publisher\":{\"@id\":\"https:\/\/www.fanprojekt-muenster.de\/wordpress\/#organization\"},\"potentialAction\":[{\"@type\":\"SearchAction\",\"target\":{\"@type\":\"EntryPoint\",\"urlTemplate\":\"https:\/\/www.fanprojekt-muenster.de\/wordpress\/?s={search_term_string}\"},\"query-input\":{\"@type\":\"PropertyValueSpecification\",\"valueRequired\":true,\"valueName\":\"search_term_string\"}}],\"inLanguage\":\"de\"},{\"@type\":\"Organization\",\"@id\":\"https:\/\/www.fanprojekt-muenster.de\/wordpress\/#organization\",\"name\":\"Fangemeinschaft Preu\u00dfen M\u00fcnster e. V.\",\"url\":\"https:\/\/www.fanprojekt-muenster.de\/wordpress\/\",\"logo\":{\"@type\":\"ImageObject\",\"inLanguage\":\"de\",\"@id\":\"https:\/\/www.fanprojekt-muenster.de\/wordpress\/#\/schema\/logo\/image\/\",\"url\":\"https:\/\/www.fanprojekt-muenster.de\/wordpress\/wp-content\/uploads\/2019\/07\/cropped-Website_Logo3-9.png\",\"contentUrl\":\"https:\/\/www.fanprojekt-muenster.de\/wordpress\/wp-content\/uploads\/2019\/07\/cropped-Website_Logo3-9.png\",\"width\":224,\"height\":42,\"caption\":\"Fangemeinschaft Preu\u00dfen M\u00fcnster e. V.\"},\"image\":{\"@id\":\"https:\/\/www.fanprojekt-muenster.de\/wordpress\/#\/schema\/logo\/image\/\"}},{\"@type\":\"Person\",\"@id\":\"https:\/\/www.fanprojekt-muenster.de\/wordpress\/#\/schema\/person\/529d3ee920414da8907f25b585d57a4e\",\"name\":\"Florian\",\"url\":\"https:\/\/www.fanprojekt-muenster.de\/wordpress\/author\/flovoss\/\"}]}<\/script>\n<!-- \/ Yoast SEO plugin. -->","yoast_head_json":{"title":"Steht das Fanprojekt vor der Aufl\u00f6sung? - Fangemeinschaft Preu\u00dfen M\u00fcnster e. V.","robots":{"index":"index","follow":"follow","max-snippet":"max-snippet:-1","max-image-preview":"max-image-preview:large","max-video-preview":"max-video-preview:-1"},"canonical":"https:\/\/www.fanprojekt-muenster.de\/wordpress\/steht-das-fanprojekt-vor-der-aufloesung\/","og_locale":"de_DE","og_type":"article","og_title":"Steht das Fanprojekt vor der Aufl\u00f6sung? - Fangemeinschaft Preu\u00dfen M\u00fcnster e. V.","og_description":"Bereits im vergangenen Februar hat der aktuelle Vorstand des Fanprojekts darauf hingewiesen, dass ein Gro\u00dfteil der aktuellen Vorstandsmitglieder sich im September nicht erneut zur Wahl stellen wird. Da sich in... Read more &raquo;","og_url":"https:\/\/www.fanprojekt-muenster.de\/wordpress\/steht-das-fanprojekt-vor-der-aufloesung\/","og_site_name":"Fangemeinschaft Preu\u00dfen M\u00fcnster e. V.","article_published_time":"2018-08-28T18:43:57+00:00","author":"Florian","twitter_card":"summary_large_image","twitter_misc":{"Verfasst von":"Florian","Gesch\u00e4tzte Lesezeit":"1\u00a0Minute"},"schema":{"@context":"https:\/\/schema.org","@graph":[{"@type":"Article","@id":"https:\/\/www.fanprojekt-muenster.de\/wordpress\/steht-das-fanprojekt-vor-der-aufloesung\/#article","isPartOf":{"@id":"https:\/\/www.fanprojekt-muenster.de\/wordpress\/steht-das-fanprojekt-vor-der-aufloesung\/"},"author":{"name":"Florian","@id":"https:\/\/www.fanprojekt-muenster.de\/wordpress\/#\/schema\/person\/529d3ee920414da8907f25b585d57a4e"},"headline":"Steht das Fanprojekt vor der Aufl\u00f6sung?","datePublished":"2018-08-28T18:43:57+00:00","mainEntityOfPage":{"@id":"https:\/\/www.fanprojekt-muenster.de\/wordpress\/steht-das-fanprojekt-vor-der-aufloesung\/"},"wordCount":228,"publisher":{"@id":"https:\/\/www.fanprojekt-muenster.de\/wordpress\/#organization"},"image":{"@id":"https:\/\/www.fanprojekt-muenster.de\/wordpress\/steht-das-fanprojekt-vor-der-aufloesung\/#primaryimage"},"thumbnailUrl":"","articleSection":["Aktionen","Aktuelles"],"inLanguage":"de"},{"@type":"WebPage","@id":"https:\/\/www.fanprojekt-muenster.de\/wordpress\/steht-das-fanprojekt-vor-der-aufloesung\/","url":"https:\/\/www.fanprojekt-muenster.de\/wordpress\/steht-das-fanprojekt-vor-der-aufloesung\/","name":"Steht das Fanprojekt vor der Aufl\u00f6sung? - Fangemeinschaft Preu\u00dfen M\u00fcnster e. V.","isPartOf":{"@id":"https:\/\/www.fanprojekt-muenster.de\/wordpress\/#website"},"primaryImageOfPage":{"@id":"https:\/\/www.fanprojekt-muenster.de\/wordpress\/steht-das-fanprojekt-vor-der-aufloesung\/#primaryimage"},"image":{"@id":"https:\/\/www.fanprojekt-muenster.de\/wordpress\/steht-das-fanprojekt-vor-der-aufloesung\/#primaryimage"},"thumbnailUrl":"","datePublished":"2018-08-28T18:43:57+00:00","breadcrumb":{"@id":"https:\/\/www.fanprojekt-muenster.de\/wordpress\/steht-das-fanprojekt-vor-der-aufloesung\/#breadcrumb"},"inLanguage":"de","potentialAction":[{"@type":"ReadAction","target":["https:\/\/www.fanprojekt-muenster.de\/wordpress\/steht-das-fanprojekt-vor-der-aufloesung\/"]}]},{"@type":"ImageObject","inLanguage":"de","@id":"https:\/\/www.fanprojekt-muenster.de\/wordpress\/steht-das-fanprojekt-vor-der-aufloesung\/#primaryimage","url":"","contentUrl":""},{"@type":"BreadcrumbList","@id":"https:\/\/www.fanprojekt-muenster.de\/wordpress\/steht-das-fanprojekt-vor-der-aufloesung\/#breadcrumb","itemListElement":[{"@type":"ListItem","position":1,"name":"Startseite","item":"https:\/\/www.fanprojekt-muenster.de\/wordpress\/"},{"@type":"ListItem","position":2,"name":"Steht das Fanprojekt vor der Aufl\u00f6sung?"}]},{"@type":"WebSite","@id":"https:\/\/www.fanprojekt-muenster.de\/wordpress\/#website","url":"https:\/\/www.fanprojekt-muenster.de\/wordpress\/","name":"Fangemeinschaft Preu\u00dfen M\u00fcnster e. V.","description":"","publisher":{"@id":"https:\/\/www.fanprojekt-muenster.de\/wordpress\/#organization"},"potentialAction":[{"@type":"SearchAction","target":{"@type":"EntryPoint","urlTemplate":"https:\/\/www.fanprojekt-muenster.de\/wordpress\/?s={search_term_string}"},"query-input":{"@type":"PropertyValueSpecification","valueRequired":true,"valueName":"search_term_string"}}],"inLanguage":"de"},{"@type":"Organization","@id":"https:\/\/www.fanprojekt-muenster.de\/wordpress\/#organization","name":"Fangemeinschaft Preu\u00dfen M\u00fcnster e. V.","url":"https:\/\/www.fanprojekt-muenster.de\/wordpress\/","logo":{"@type":"ImageObject","inLanguage":"de","@id":"https:\/\/www.fanprojekt-muenster.de\/wordpress\/#\/schema\/logo\/image\/","url":"https:\/\/www.fanprojekt-muenster.de\/wordpress\/wp-content\/uploads\/2019\/07\/cropped-Website_Logo3-9.png","contentUrl":"https:\/\/www.fanprojekt-muenster.de\/wordpress\/wp-content\/uploads\/2019\/07\/cropped-Website_Logo3-9.png","width":224,"height":42,"caption":"Fangemeinschaft Preu\u00dfen M\u00fcnster e. V."},"image":{"@id":"https:\/\/www.fanprojekt-muenster.de\/wordpress\/#\/schema\/logo\/image\/"}},{"@type":"Person","@id":"https:\/\/www.fanprojekt-muenster.de\/wordpress\/#\/schema\/person\/529d3ee920414da8907f25b585d57a4e","name":"Florian","url":"https:\/\/www.fanprojekt-muenster.de\/wordpress\/author\/flovoss\/"}]}},"author_meta":{"display_name":"Florian","author_link":"https:\/\/www.fanprojekt-muenster.de\/wordpress\/author\/flovoss\/"},"featured_img":null,"coauthors":[],"tax_additional":{"categories":{"linked":["<a href=\"https:\/\/www.fanprojekt-muenster.de\/wordpress\/category\/aktionen\/\" class=\"advgb-post-tax-term\">Aktionen<\/a>","<a href=\"https:\/\/www.fanprojekt-muenster.de\/wordpress\/category\/aktuelles\/\" class=\"advgb-post-tax-term\">Aktuelles<\/a>","<a href=\"https:\/\/www.fanprojekt-muenster.de\/wordpress\/category\/allgemein\/\" class=\"advgb-post-tax-term\">Allgemein<\/a>"],"unlinked":["<span class=\"advgb-post-tax-term\">Aktionen<\/span>","<span class=\"advgb-post-tax-term\">Aktuelles<\/span>","<span class=\"advgb-post-tax-term\">Allgemein<\/span>"]}},"comment_count":"0","relative_dates":{"created":"Posted 8\u00a0Jahren ago","modified":"Updated 8\u00a0Jahren ago"},"absolute_dates":{"created":"Posted on 28. August 2018","modified":"Updated on 28. August 2018"},"absolute_dates_time":{"created":"Posted on 28. August 2018 20:43","modified":"Updated on 28. August 2018 20:43"},"featured_img_caption":"","series_order":"","_links":{"self":[{"href":"https:\/\/www.fanprojekt-muenster.de\/wordpress\/wp-json\/wp\/v2\/posts\/5614","targetHints":{"allow":["GET"]}}],"collection":[{"href":"https:\/\/www.fanprojekt-muenster.de\/wordpress\/wp-json\/wp\/v2\/posts"}],"about":[{"href":"https:\/\/www.fanprojekt-muenster.de\/wordpress\/wp-json\/wp\/v2\/types\/post"}],"author":[{"embeddable":true,"href":"https:\/\/www.fanprojekt-muenster.de\/wordpress\/wp-json\/wp\/v2\/users\/5"}],"replies":[{"embeddable":true,"href":"https:\/\/www.fanprojekt-muenster.de\/wordpress\/wp-json\/wp\/v2\/comments?post=5614"}],"version-history":[{"count":0,"href":"https:\/\/www.fanprojekt-muenster.de\/wordpress\/wp-json\/wp\/v2\/posts\/5614\/revisions"}],"wp:featuredmedia":[{"embeddable":true,"href":"https:\/\/www.fanprojekt-muenster.de\/wordpress\/wp-json\/"}],"wp:attachment":[{"href":"https:\/\/www.fanprojekt-muenster.de\/wordpress\/wp-json\/wp\/v2\/media?parent=5614"}],"wp:term":[{"taxonomy":"category","embeddable":true,"href":"https:\/\/www.fanprojekt-muenster.de\/wordpress\/wp-json\/wp\/v2\/categories?post=5614"},{"taxonomy":"post_tag","embeddable":true,"href":"https:\/\/www.fanprojekt-muenster.de\/wordpress\/wp-json\/wp\/v2\/tags?post=5614"}],"curies":[{"name":"wp","href":"https:\/\/api.w.org\/{rel}","templated":true}]}}