{"id":5603,"date":"2018-08-10T12:45:02","date_gmt":"2018-08-10T10:45:02","guid":{"rendered":"http:\/\/www.fanprojekt-muenster.de\/wp\/?p=5603"},"modified":"2018-08-10T12:45:02","modified_gmt":"2018-08-10T10:45:02","slug":"protest-gegen-ansetzung-fancontainer-oeffnet-nur-waehrend-des-spiels","status":"publish","type":"post","link":"https:\/\/www.fanprojekt-muenster.de\/wordpress\/protest-gegen-ansetzung-fancontainer-oeffnet-nur-waehrend-des-spiels\/","title":{"rendered":"Protest gegen Ansetzung: Fancontainer \u00f6ffnet nur w\u00e4hrend des Spiels"},"content":{"rendered":"<p>Seit dieser Saison finden in der 3. Liga auch an Montagen Spiele statt. Den SCP trifft es bereits am kommenden Spieltag. Aus Protest gegen die Einf\u00fchrung von Montagsspielen \u00f6ffnet der Fancontainer an diesem Tag um 19 Uhr zum Anpfiff und schlie\u00dft zum Abpfiff um 20:45 Uhr. Vor und nach dem Spiel bleibt die Einrichtung geschlossen.<\/p>\n<p class=\"western\">In einer Stellungnahme hat sich &#8222;Unsere Kurve&#8220;, eine Interessengemeinschaft, der auch wir angeh\u00f6ren, bereits im Juni ge\u00e4u\u00dfert: Wie bereits\u00a0ProFans\u00a0lehnen auch wir die Einf\u00fchrung von Montagsspielen und einer weiteren Spieltagszerst\u00fcckelung durch den\u00a0DFB\u00a0in der 3. Liga ab und kritisieren den fehlenden Dialog vor den Entscheidungen mit den entsprechenden Fanvertretungen.<\/p>\n<p class=\"western\">Als Unsere Kurve wurden wir im Rahmen der AG Fankulturen einen Tag vor der offiziellen Best\u00e4tigung durch den DFB informiert. Zun\u00e4chst wollen wir \u2013 wie bereits in der AG Fankulturen an den DFB kommuniziert \u2013 deutlich machen, dass diese Information nichts mit einem Dialog oder einer Einbeziehung eines \u201eBeratungs- und Kompetenzgremiums\u201c von Fanvertreter*innen gemein hat. Dennoch wollen wir nicht vorenthalten, dass diese deutliche Positionierung auf eine selbstkritische Haltung gesto\u00dfen ist, was jedoch an den geschaffenen Tatsachen nichts \u00e4ndert.<\/p>\n<p class=\"western\">Die Argumentation, dass die Vereine eine Steigerung der Erl\u00f6se fordern und die Einf\u00fchrung von Montagsspielen als L\u00f6sung pr\u00e4sentiert wird, ist in den Bundesligen nicht neu: sie begegnete uns vor vielen Jahren in der zweiten Liga, in der letzten Saison in der ersten Liga und nun auch in der dritten Liga. Ebenso wenig neu sind die zahlreichen Fanproteste gegen weitere Spieltagszerst\u00fcckelung und gegen Montagsspiele im Speziellen. Ob es hierf\u00fcr tats\u00e4chlich nochmals ein gesondertes Meinungsbild von Fanvertreter*innen gebraucht h\u00e4tte, um zu erahnen, wie die Einf\u00fchrung der Montagsspiele in der 3. Liga aufgenommen werden, bleibt dahin gestellt.<\/p>\n<p class=\"western\">Weil wir jedoch bei Vorw\u00fcrfen, die gegen Fans erhoben werden, stets zur Differenzierung aufrufen, wollen wir dies auch hier wagen: Die Verb\u00e4nde \u2013 ob DFL oder DFB \u2013 erkl\u00e4ren wiederkehrend, lediglich auf die Anliegen der Vereine zu reagieren. Sie kritisieren mittlerweile auch \u00f6ffentlich, dass nicht nur die Verb\u00e4nde Adressaten des Unmuts zu solchen Entscheidungen sein sollten, sondern die Vereine als Impulsgeber und Entscheider ber\u00fccksichtigt werden m\u00fcssen. Wir sehen beide Akteure \u2013 Verb\u00e4nde und Vereine \u2013 in der Pflicht, Verantwortung f\u00fcr solche Entscheidungen zu tragen und endlich davon abzusehen, gegen\u00fcber den Fans den Schwarzen Peter hin und her zu schieben. Wer Entscheidungen trifft und handelt, muss auch die Verantwortung f\u00fcr die Konsequenzen tragen. Das h\u00f6ren wir als Fanorganisationen regelm\u00e4\u00dfig. Dies muss dann aber auch f\u00fcr alle Seiten gelten.<\/p>\n<p class=\"western\">Daher w\u00fcnschen wir uns insbesondere eine Kl\u00e4rung der folgenden Fragen: Wie haben sich die Vereine im Entscheidungsprozess zur Einf\u00fchrung der Montagsspiele in der 3. Liga verhalten und positioniert? Unter welchen Gesichtspunkten wurde, wenn dies \u00fcberhaupt der Fall war, zwischen den Anliegen von Stadionbesucher*innen und einer Erl\u00f6ssteigerung abgewogen? Inwieweit wurde ber\u00fccksichtigt, welche Botschaft diese Reform an die Fanszenen sendet und die m\u00fchsamen kleinen Errungenschaften der Dialoge in den letzten 12 Monaten in Frage stellt?<\/p>\n<p class=\"western\">Trotz dieser nicht zu akzeptierenden Vorgehensweise werden wir weiterhin an dem institutionalisierten Dialog mit den Verb\u00e4nden teilnehmen, da f\u00fcr uns mit einem Ausstieg keine gesteigerte Wahrnehmung von Faninteressen bei den Verb\u00e4nden erreicht werden kann. Um auf unsere Interessen aufmerksam zu machen, m\u00fcssen wir Fans gemeinsam laut sein: in Dialogen mit den Verb\u00e4nden, in Dialogen mit unseren Vereinen und nat\u00fcrlich kreativ und sichtbar im Stadion.<\/p>\n","protected":false},"excerpt":{"rendered":"<p>Seit dieser Saison finden in der 3. Liga auch an Montagen Spiele statt. Den SCP trifft es bereits am kommenden Spieltag. Aus Protest gegen die Einf\u00fchrung von Montagsspielen \u00f6ffnet der&#8230; <a class=\"read-more-link\" href=\"https:\/\/www.fanprojekt-muenster.de\/wordpress\/protest-gegen-ansetzung-fancontainer-oeffnet-nur-waehrend-des-spiels\/\">Read more &raquo;<\/a><\/p>\n","protected":false},"author":5,"featured_media":5557,"comment_status":"closed","ping_status":"closed","sticky":false,"template":"","format":"standard","meta":{"advgb_blocks_editor_width":"","advgb_blocks_columns_visual_guide":"","footnotes":""},"categories":[2,3,1],"tags":[],"class_list":["post-5603","post","type-post","status-publish","format-standard","has-post-thumbnail","hentry","category-aktionen","category-aktuelles","category-allgemein"],"featured_image_src":null,"author_info":{"display_name":"Florian","author_link":"https:\/\/www.fanprojekt-muenster.de\/wordpress\/author\/flovoss\/"},"yoast_head":"<!-- This site is optimized with the Yoast SEO plugin v27.2 - https:\/\/yoast.com\/product\/yoast-seo-wordpress\/ -->\n<title>Protest gegen Ansetzung: Fancontainer \u00f6ffnet nur w\u00e4hrend des Spiels - Fangemeinschaft Preu\u00dfen M\u00fcnster e. V.<\/title>\n<meta name=\"robots\" content=\"index, follow, max-snippet:-1, max-image-preview:large, max-video-preview:-1\" \/>\n<link rel=\"canonical\" href=\"https:\/\/www.fanprojekt-muenster.de\/wordpress\/protest-gegen-ansetzung-fancontainer-oeffnet-nur-waehrend-des-spiels\/\" \/>\n<meta property=\"og:locale\" content=\"de_DE\" \/>\n<meta property=\"og:type\" content=\"article\" \/>\n<meta property=\"og:title\" content=\"Protest gegen Ansetzung: Fancontainer \u00f6ffnet nur w\u00e4hrend des Spiels - Fangemeinschaft Preu\u00dfen M\u00fcnster e. V.\" \/>\n<meta property=\"og:description\" content=\"Seit dieser Saison finden in der 3. Liga auch an Montagen Spiele statt. Den SCP trifft es bereits am kommenden Spieltag. Aus Protest gegen die Einf\u00fchrung von Montagsspielen \u00f6ffnet der... Read more &raquo;\" \/>\n<meta property=\"og:url\" content=\"https:\/\/www.fanprojekt-muenster.de\/wordpress\/protest-gegen-ansetzung-fancontainer-oeffnet-nur-waehrend-des-spiels\/\" \/>\n<meta property=\"og:site_name\" content=\"Fangemeinschaft Preu\u00dfen M\u00fcnster e. V.\" \/>\n<meta property=\"article:published_time\" content=\"2018-08-10T10:45:02+00:00\" \/>\n<meta name=\"author\" content=\"Florian\" \/>\n<meta name=\"twitter:card\" content=\"summary_large_image\" \/>\n<meta name=\"twitter:label1\" content=\"Verfasst von\" \/>\n\t<meta name=\"twitter:data1\" content=\"Florian\" \/>\n\t<meta name=\"twitter:label2\" content=\"Gesch\u00e4tzte Lesezeit\" \/>\n\t<meta name=\"twitter:data2\" content=\"3\u00a0Minuten\" \/>\n<script type=\"application\/ld+json\" class=\"yoast-schema-graph\">{\"@context\":\"https:\/\/schema.org\",\"@graph\":[{\"@type\":\"Article\",\"@id\":\"https:\/\/www.fanprojekt-muenster.de\/wordpress\/protest-gegen-ansetzung-fancontainer-oeffnet-nur-waehrend-des-spiels\/#article\",\"isPartOf\":{\"@id\":\"https:\/\/www.fanprojekt-muenster.de\/wordpress\/protest-gegen-ansetzung-fancontainer-oeffnet-nur-waehrend-des-spiels\/\"},\"author\":{\"name\":\"Florian\",\"@id\":\"https:\/\/www.fanprojekt-muenster.de\/wordpress\/#\/schema\/person\/529d3ee920414da8907f25b585d57a4e\"},\"headline\":\"Protest gegen Ansetzung: Fancontainer \u00f6ffnet nur w\u00e4hrend des Spiels\",\"datePublished\":\"2018-08-10T10:45:02+00:00\",\"mainEntityOfPage\":{\"@id\":\"https:\/\/www.fanprojekt-muenster.de\/wordpress\/protest-gegen-ansetzung-fancontainer-oeffnet-nur-waehrend-des-spiels\/\"},\"wordCount\":586,\"publisher\":{\"@id\":\"https:\/\/www.fanprojekt-muenster.de\/wordpress\/#organization\"},\"image\":{\"@id\":\"https:\/\/www.fanprojekt-muenster.de\/wordpress\/protest-gegen-ansetzung-fancontainer-oeffnet-nur-waehrend-des-spiels\/#primaryimage\"},\"thumbnailUrl\":\"\",\"articleSection\":[\"Aktionen\",\"Aktuelles\"],\"inLanguage\":\"de\"},{\"@type\":\"WebPage\",\"@id\":\"https:\/\/www.fanprojekt-muenster.de\/wordpress\/protest-gegen-ansetzung-fancontainer-oeffnet-nur-waehrend-des-spiels\/\",\"url\":\"https:\/\/www.fanprojekt-muenster.de\/wordpress\/protest-gegen-ansetzung-fancontainer-oeffnet-nur-waehrend-des-spiels\/\",\"name\":\"Protest gegen Ansetzung: Fancontainer \u00f6ffnet nur w\u00e4hrend des Spiels - Fangemeinschaft Preu\u00dfen M\u00fcnster e. V.\",\"isPartOf\":{\"@id\":\"https:\/\/www.fanprojekt-muenster.de\/wordpress\/#website\"},\"primaryImageOfPage\":{\"@id\":\"https:\/\/www.fanprojekt-muenster.de\/wordpress\/protest-gegen-ansetzung-fancontainer-oeffnet-nur-waehrend-des-spiels\/#primaryimage\"},\"image\":{\"@id\":\"https:\/\/www.fanprojekt-muenster.de\/wordpress\/protest-gegen-ansetzung-fancontainer-oeffnet-nur-waehrend-des-spiels\/#primaryimage\"},\"thumbnailUrl\":\"\",\"datePublished\":\"2018-08-10T10:45:02+00:00\",\"breadcrumb\":{\"@id\":\"https:\/\/www.fanprojekt-muenster.de\/wordpress\/protest-gegen-ansetzung-fancontainer-oeffnet-nur-waehrend-des-spiels\/#breadcrumb\"},\"inLanguage\":\"de\",\"potentialAction\":[{\"@type\":\"ReadAction\",\"target\":[\"https:\/\/www.fanprojekt-muenster.de\/wordpress\/protest-gegen-ansetzung-fancontainer-oeffnet-nur-waehrend-des-spiels\/\"]}]},{\"@type\":\"ImageObject\",\"inLanguage\":\"de\",\"@id\":\"https:\/\/www.fanprojekt-muenster.de\/wordpress\/protest-gegen-ansetzung-fancontainer-oeffnet-nur-waehrend-des-spiels\/#primaryimage\",\"url\":\"\",\"contentUrl\":\"\"},{\"@type\":\"BreadcrumbList\",\"@id\":\"https:\/\/www.fanprojekt-muenster.de\/wordpress\/protest-gegen-ansetzung-fancontainer-oeffnet-nur-waehrend-des-spiels\/#breadcrumb\",\"itemListElement\":[{\"@type\":\"ListItem\",\"position\":1,\"name\":\"Startseite\",\"item\":\"https:\/\/www.fanprojekt-muenster.de\/wordpress\/\"},{\"@type\":\"ListItem\",\"position\":2,\"name\":\"Protest gegen Ansetzung: Fancontainer \u00f6ffnet nur w\u00e4hrend des Spiels\"}]},{\"@type\":\"WebSite\",\"@id\":\"https:\/\/www.fanprojekt-muenster.de\/wordpress\/#website\",\"url\":\"https:\/\/www.fanprojekt-muenster.de\/wordpress\/\",\"name\":\"Fangemeinschaft Preu\u00dfen M\u00fcnster e. V.\",\"description\":\"\",\"publisher\":{\"@id\":\"https:\/\/www.fanprojekt-muenster.de\/wordpress\/#organization\"},\"potentialAction\":[{\"@type\":\"SearchAction\",\"target\":{\"@type\":\"EntryPoint\",\"urlTemplate\":\"https:\/\/www.fanprojekt-muenster.de\/wordpress\/?s={search_term_string}\"},\"query-input\":{\"@type\":\"PropertyValueSpecification\",\"valueRequired\":true,\"valueName\":\"search_term_string\"}}],\"inLanguage\":\"de\"},{\"@type\":\"Organization\",\"@id\":\"https:\/\/www.fanprojekt-muenster.de\/wordpress\/#organization\",\"name\":\"Fangemeinschaft Preu\u00dfen M\u00fcnster e. V.\",\"url\":\"https:\/\/www.fanprojekt-muenster.de\/wordpress\/\",\"logo\":{\"@type\":\"ImageObject\",\"inLanguage\":\"de\",\"@id\":\"https:\/\/www.fanprojekt-muenster.de\/wordpress\/#\/schema\/logo\/image\/\",\"url\":\"https:\/\/www.fanprojekt-muenster.de\/wordpress\/wp-content\/uploads\/2019\/07\/cropped-Website_Logo3-9.png\",\"contentUrl\":\"https:\/\/www.fanprojekt-muenster.de\/wordpress\/wp-content\/uploads\/2019\/07\/cropped-Website_Logo3-9.png\",\"width\":224,\"height\":42,\"caption\":\"Fangemeinschaft Preu\u00dfen M\u00fcnster e. V.\"},\"image\":{\"@id\":\"https:\/\/www.fanprojekt-muenster.de\/wordpress\/#\/schema\/logo\/image\/\"}},{\"@type\":\"Person\",\"@id\":\"https:\/\/www.fanprojekt-muenster.de\/wordpress\/#\/schema\/person\/529d3ee920414da8907f25b585d57a4e\",\"name\":\"Florian\",\"url\":\"https:\/\/www.fanprojekt-muenster.de\/wordpress\/author\/flovoss\/\"}]}<\/script>\n<!-- \/ Yoast SEO plugin. -->","yoast_head_json":{"title":"Protest gegen Ansetzung: Fancontainer \u00f6ffnet nur w\u00e4hrend des Spiels - Fangemeinschaft Preu\u00dfen M\u00fcnster e. V.","robots":{"index":"index","follow":"follow","max-snippet":"max-snippet:-1","max-image-preview":"max-image-preview:large","max-video-preview":"max-video-preview:-1"},"canonical":"https:\/\/www.fanprojekt-muenster.de\/wordpress\/protest-gegen-ansetzung-fancontainer-oeffnet-nur-waehrend-des-spiels\/","og_locale":"de_DE","og_type":"article","og_title":"Protest gegen Ansetzung: Fancontainer \u00f6ffnet nur w\u00e4hrend des Spiels - Fangemeinschaft Preu\u00dfen M\u00fcnster e. V.","og_description":"Seit dieser Saison finden in der 3. Liga auch an Montagen Spiele statt. Den SCP trifft es bereits am kommenden Spieltag. Aus Protest gegen die Einf\u00fchrung von Montagsspielen \u00f6ffnet der... Read more &raquo;","og_url":"https:\/\/www.fanprojekt-muenster.de\/wordpress\/protest-gegen-ansetzung-fancontainer-oeffnet-nur-waehrend-des-spiels\/","og_site_name":"Fangemeinschaft Preu\u00dfen M\u00fcnster e. V.","article_published_time":"2018-08-10T10:45:02+00:00","author":"Florian","twitter_card":"summary_large_image","twitter_misc":{"Verfasst von":"Florian","Gesch\u00e4tzte Lesezeit":"3\u00a0Minuten"},"schema":{"@context":"https:\/\/schema.org","@graph":[{"@type":"Article","@id":"https:\/\/www.fanprojekt-muenster.de\/wordpress\/protest-gegen-ansetzung-fancontainer-oeffnet-nur-waehrend-des-spiels\/#article","isPartOf":{"@id":"https:\/\/www.fanprojekt-muenster.de\/wordpress\/protest-gegen-ansetzung-fancontainer-oeffnet-nur-waehrend-des-spiels\/"},"author":{"name":"Florian","@id":"https:\/\/www.fanprojekt-muenster.de\/wordpress\/#\/schema\/person\/529d3ee920414da8907f25b585d57a4e"},"headline":"Protest gegen Ansetzung: Fancontainer \u00f6ffnet nur w\u00e4hrend des Spiels","datePublished":"2018-08-10T10:45:02+00:00","mainEntityOfPage":{"@id":"https:\/\/www.fanprojekt-muenster.de\/wordpress\/protest-gegen-ansetzung-fancontainer-oeffnet-nur-waehrend-des-spiels\/"},"wordCount":586,"publisher":{"@id":"https:\/\/www.fanprojekt-muenster.de\/wordpress\/#organization"},"image":{"@id":"https:\/\/www.fanprojekt-muenster.de\/wordpress\/protest-gegen-ansetzung-fancontainer-oeffnet-nur-waehrend-des-spiels\/#primaryimage"},"thumbnailUrl":"","articleSection":["Aktionen","Aktuelles"],"inLanguage":"de"},{"@type":"WebPage","@id":"https:\/\/www.fanprojekt-muenster.de\/wordpress\/protest-gegen-ansetzung-fancontainer-oeffnet-nur-waehrend-des-spiels\/","url":"https:\/\/www.fanprojekt-muenster.de\/wordpress\/protest-gegen-ansetzung-fancontainer-oeffnet-nur-waehrend-des-spiels\/","name":"Protest gegen Ansetzung: Fancontainer \u00f6ffnet nur w\u00e4hrend des Spiels - Fangemeinschaft Preu\u00dfen M\u00fcnster e. V.","isPartOf":{"@id":"https:\/\/www.fanprojekt-muenster.de\/wordpress\/#website"},"primaryImageOfPage":{"@id":"https:\/\/www.fanprojekt-muenster.de\/wordpress\/protest-gegen-ansetzung-fancontainer-oeffnet-nur-waehrend-des-spiels\/#primaryimage"},"image":{"@id":"https:\/\/www.fanprojekt-muenster.de\/wordpress\/protest-gegen-ansetzung-fancontainer-oeffnet-nur-waehrend-des-spiels\/#primaryimage"},"thumbnailUrl":"","datePublished":"2018-08-10T10:45:02+00:00","breadcrumb":{"@id":"https:\/\/www.fanprojekt-muenster.de\/wordpress\/protest-gegen-ansetzung-fancontainer-oeffnet-nur-waehrend-des-spiels\/#breadcrumb"},"inLanguage":"de","potentialAction":[{"@type":"ReadAction","target":["https:\/\/www.fanprojekt-muenster.de\/wordpress\/protest-gegen-ansetzung-fancontainer-oeffnet-nur-waehrend-des-spiels\/"]}]},{"@type":"ImageObject","inLanguage":"de","@id":"https:\/\/www.fanprojekt-muenster.de\/wordpress\/protest-gegen-ansetzung-fancontainer-oeffnet-nur-waehrend-des-spiels\/#primaryimage","url":"","contentUrl":""},{"@type":"BreadcrumbList","@id":"https:\/\/www.fanprojekt-muenster.de\/wordpress\/protest-gegen-ansetzung-fancontainer-oeffnet-nur-waehrend-des-spiels\/#breadcrumb","itemListElement":[{"@type":"ListItem","position":1,"name":"Startseite","item":"https:\/\/www.fanprojekt-muenster.de\/wordpress\/"},{"@type":"ListItem","position":2,"name":"Protest gegen Ansetzung: Fancontainer \u00f6ffnet nur w\u00e4hrend des Spiels"}]},{"@type":"WebSite","@id":"https:\/\/www.fanprojekt-muenster.de\/wordpress\/#website","url":"https:\/\/www.fanprojekt-muenster.de\/wordpress\/","name":"Fangemeinschaft Preu\u00dfen M\u00fcnster e. V.","description":"","publisher":{"@id":"https:\/\/www.fanprojekt-muenster.de\/wordpress\/#organization"},"potentialAction":[{"@type":"SearchAction","target":{"@type":"EntryPoint","urlTemplate":"https:\/\/www.fanprojekt-muenster.de\/wordpress\/?s={search_term_string}"},"query-input":{"@type":"PropertyValueSpecification","valueRequired":true,"valueName":"search_term_string"}}],"inLanguage":"de"},{"@type":"Organization","@id":"https:\/\/www.fanprojekt-muenster.de\/wordpress\/#organization","name":"Fangemeinschaft Preu\u00dfen M\u00fcnster e. V.","url":"https:\/\/www.fanprojekt-muenster.de\/wordpress\/","logo":{"@type":"ImageObject","inLanguage":"de","@id":"https:\/\/www.fanprojekt-muenster.de\/wordpress\/#\/schema\/logo\/image\/","url":"https:\/\/www.fanprojekt-muenster.de\/wordpress\/wp-content\/uploads\/2019\/07\/cropped-Website_Logo3-9.png","contentUrl":"https:\/\/www.fanprojekt-muenster.de\/wordpress\/wp-content\/uploads\/2019\/07\/cropped-Website_Logo3-9.png","width":224,"height":42,"caption":"Fangemeinschaft Preu\u00dfen M\u00fcnster e. V."},"image":{"@id":"https:\/\/www.fanprojekt-muenster.de\/wordpress\/#\/schema\/logo\/image\/"}},{"@type":"Person","@id":"https:\/\/www.fanprojekt-muenster.de\/wordpress\/#\/schema\/person\/529d3ee920414da8907f25b585d57a4e","name":"Florian","url":"https:\/\/www.fanprojekt-muenster.de\/wordpress\/author\/flovoss\/"}]}},"author_meta":{"display_name":"Florian","author_link":"https:\/\/www.fanprojekt-muenster.de\/wordpress\/author\/flovoss\/"},"featured_img":null,"coauthors":[],"tax_additional":{"categories":{"linked":["<a href=\"https:\/\/www.fanprojekt-muenster.de\/wordpress\/category\/aktionen\/\" class=\"advgb-post-tax-term\">Aktionen<\/a>","<a href=\"https:\/\/www.fanprojekt-muenster.de\/wordpress\/category\/aktuelles\/\" class=\"advgb-post-tax-term\">Aktuelles<\/a>","<a href=\"https:\/\/www.fanprojekt-muenster.de\/wordpress\/category\/allgemein\/\" class=\"advgb-post-tax-term\">Allgemein<\/a>"],"unlinked":["<span class=\"advgb-post-tax-term\">Aktionen<\/span>","<span class=\"advgb-post-tax-term\">Aktuelles<\/span>","<span class=\"advgb-post-tax-term\">Allgemein<\/span>"]}},"comment_count":"0","relative_dates":{"created":"Posted 8\u00a0Jahren ago","modified":"Updated 8\u00a0Jahren ago"},"absolute_dates":{"created":"Posted on 10. August 2018","modified":"Updated on 10. August 2018"},"absolute_dates_time":{"created":"Posted on 10. August 2018 12:45","modified":"Updated on 10. August 2018 12:45"},"featured_img_caption":"","series_order":"","_links":{"self":[{"href":"https:\/\/www.fanprojekt-muenster.de\/wordpress\/wp-json\/wp\/v2\/posts\/5603","targetHints":{"allow":["GET"]}}],"collection":[{"href":"https:\/\/www.fanprojekt-muenster.de\/wordpress\/wp-json\/wp\/v2\/posts"}],"about":[{"href":"https:\/\/www.fanprojekt-muenster.de\/wordpress\/wp-json\/wp\/v2\/types\/post"}],"author":[{"embeddable":true,"href":"https:\/\/www.fanprojekt-muenster.de\/wordpress\/wp-json\/wp\/v2\/users\/5"}],"replies":[{"embeddable":true,"href":"https:\/\/www.fanprojekt-muenster.de\/wordpress\/wp-json\/wp\/v2\/comments?post=5603"}],"version-history":[{"count":0,"href":"https:\/\/www.fanprojekt-muenster.de\/wordpress\/wp-json\/wp\/v2\/posts\/5603\/revisions"}],"wp:featuredmedia":[{"embeddable":true,"href":"https:\/\/www.fanprojekt-muenster.de\/wordpress\/wp-json\/"}],"wp:attachment":[{"href":"https:\/\/www.fanprojekt-muenster.de\/wordpress\/wp-json\/wp\/v2\/media?parent=5603"}],"wp:term":[{"taxonomy":"category","embeddable":true,"href":"https:\/\/www.fanprojekt-muenster.de\/wordpress\/wp-json\/wp\/v2\/categories?post=5603"},{"taxonomy":"post_tag","embeddable":true,"href":"https:\/\/www.fanprojekt-muenster.de\/wordpress\/wp-json\/wp\/v2\/tags?post=5603"}],"curies":[{"name":"wp","href":"https:\/\/api.w.org\/{rel}","templated":true}]}}