{"id":5598,"date":"2018-06-26T19:52:29","date_gmt":"2018-06-26T17:52:29","guid":{"rendered":"http:\/\/www.fanprojekt-muenster.de\/wp\/?p=5598"},"modified":"2018-06-26T19:52:29","modified_gmt":"2018-06-26T17:52:29","slug":"informationsveranstaltung-ueber-neues-polizeigesetz","status":"publish","type":"post","link":"https:\/\/www.fanprojekt-muenster.de\/wordpress\/informationsveranstaltung-ueber-neues-polizeigesetz\/","title":{"rendered":"Informationsveranstaltung \u00fcber neues Polizeigesetz"},"content":{"rendered":"<p>Am Mittwoch, den 4. Juli 2018 laden das sozialp\u00e4dagogische Fanprojekt FANport M\u00fcnster, der Fanprojekt Preu\u00dfen M\u00fcnster e.V. sowie die Fanhilfe M\u00fcnster um 20:00 Uhr zu einer Informationsveranstaltung \u00fcber das angek\u00fcndigte neue Polizeigesetz der NRW-Landesregierung (PolG NRW) ins Jugendzentrum des Paul-Gerhardt-Hauses (Friedrichstr. 10, 48145 M\u00fcnster) ein.<\/p>\n<p>Was f\u00fcr Fu\u00dfballfans schon lange gilt, n\u00e4mlich allein aufgrund eines polizeilichen Verdachts hin in Polizeikontrollen und andere Ma\u00dfnahmen zu geraten, soll k\u00fcnftig auf den Rest der Bev\u00f6lkerung ausgedehnt werden. Welche \u00c4nderungen des PolG NRW und welche damit verbundenen Einschr\u00e4nkungen der pers\u00f6nlichen Grund- und Freiheitsrechte genau zu bef\u00fcrchten sind, hier\u00fcber informiert der M\u00fcnsteraner Rechtsanwalt Wilhelm Achelp\u00f6hler, Mitglied des Ausschusses f\u00fcr Gefahrenabwehrrecht des Deutschen Anwaltvereins. Zun\u00e4chst wird er ein \u00dcberblick \u00fcber m\u00f6gliche \u00c4nderungen und deren Auswirkungen geben, danach kann und soll gerne diskutiert werden.<\/p>\n<p>Zu dieser Veranstaltung sind \u00fcbrigens nicht nur Preu\u00dfenfans herzlich willkommen!<\/p>\n<p><strong>Weitere Infos:<\/strong><\/p>\n<p><strong>Pressemitteilung des B\u00fcndnis: Nein! Zum neuen Polizeigesetz in NRW&#8220;<\/strong><br \/>\n<em> Nach Verschiebung der Abstimmung des neuen Polizeigesetzes: Mit R\u00fcckenwind zur Gro\u00dfdemonstration am 7. Juli<\/em><\/p>\n<p>Das B\u00fcndnis \u201eNein zum neuen Polizeigesetz NRW\u201c mobilisiert weiterhin mit voller Kraft f\u00fcr die geplante Demonstration am 7. Juli in D\u00fcsseldorf. Die gestrige Ank\u00fcndigung von \u00c4nderungen im Gesetzesentwurf durch CDU-Innenminister Reul verbucht das B\u00fcndnis als ersten Erfolg, will sich aber keinesfalls zur\u00fccklehnen. Der Zeitgewinn durch die verschobene Abstimmung soll genutzt werden, um den Protest zu verbreitern, zu verstetigen und das Gesetz ganz zu kippen.<\/p>\n<p>\u201eAuch wenn unsere Kritik offenkundig Wirkung zeigt, ist unser Ziel noch lange nicht erreicht. Wir werden den Gesetzgebungsprozess auch bis zum September weiterhin mit breitem Protest begleiten, denn unser Ziel ist die Wahrung der Freiheit und Grundrechte aller Menschen. Wir wollen daher keine kosmetischen Verbesserungen, sondern die vollst\u00e4ndige Verhinderung des neuen Polizeigesetzes NRW. Das werden wir auch auf der Gro\u00dfdemonstration am 7.Juli in D\u00fcsseldorf lautstark fordern\u201c, so Mich\u00e8le Winkler, Sprecherin des B\u00fcndnisses.<\/p>\n<p>Seit Ende April begleitet das immer breiter werdende B\u00fcndnis den Gesetzgebungsprozess kritisch und st\u00f6\u00dft dabei auf breites Interesse und viel Zustimmung. Momentan finden t\u00e4glich Informationsveranstaltungen in ganz Nordrhein-Westfalen statt. Es haben sich lokale B\u00fcndnisableger gebildet und am 22. Juni startet eine Aktionswoche mit Demonstrationen, Kundgebungen und vielf\u00e4ltigen Veranstaltungen.<\/p>\n<p>\u201eUnsere Kampagne hat sich wie ein Lauffeuer verbreitet. Wir haben offenbar einen Nerv getroffen. Gerade deshalb werden wir jetzt nicht nachlassen, denn unsere Unterst\u00fctzer*innen z\u00e4hlen auf uns. Eine \u201eweniger schlimme\u201c Versch\u00e4rfung bleibt f\u00fcr uns inakzeptabel, denn sie ist als Gesamtpaket brandgef\u00e4hrlich\u201c, sagte Levi Sauer, Sprecherin des B\u00fcndnisses.<\/p>\n<p>F\u00fcr die Demonstration am 7. Juli wird mittlerweile \u00fcber die Landesgrenzen von NRW hinaus mobilisiert. Vor kurzem sprangen auch die Fanszenen mehrerer Fu\u00dfballclubs mit auf, insgesamt z\u00e4hlt das B\u00fcndnis mittlerweile \u00fcber 200 Unterst\u00fctzer*innen. Die Demonstration verspricht ein starkes Zeichen gegen die Pl\u00e4ne der Landesregierung zu setzen und wird der vorl\u00e4ufige H\u00f6hepunkt der Proteste sein. Aber schon jetzt werden Pl\u00e4ne f\u00fcr weitere Protestaktionen geschmiedet: Das B\u00fcndnis k\u00fcndigt an, die gewonnene Zeit gut zu nutzen.<\/p>\n","protected":false},"excerpt":{"rendered":"<p>Am Mittwoch, den 4. Juli 2018 laden das sozialp\u00e4dagogische Fanprojekt FANport M\u00fcnster, der Fanprojekt Preu\u00dfen M\u00fcnster e.V. sowie die Fanhilfe M\u00fcnster um 20:00 Uhr zu einer Informationsveranstaltung \u00fcber das angek\u00fcndigte&#8230; <a class=\"read-more-link\" href=\"https:\/\/www.fanprojekt-muenster.de\/wordpress\/informationsveranstaltung-ueber-neues-polizeigesetz\/\">Read more &raquo;<\/a><\/p>\n","protected":false},"author":5,"featured_media":5032,"comment_status":"closed","ping_status":"closed","sticky":false,"template":"","format":"standard","meta":{"advgb_blocks_editor_width":"","advgb_blocks_columns_visual_guide":"","footnotes":""},"categories":[2,3,1],"tags":[],"class_list":["post-5598","post","type-post","status-publish","format-standard","has-post-thumbnail","hentry","category-aktionen","category-aktuelles","category-allgemein"],"featured_image_src":null,"author_info":{"display_name":"Florian","author_link":"https:\/\/www.fanprojekt-muenster.de\/wordpress\/author\/flovoss\/"},"yoast_head":"<!-- This site is optimized with the Yoast SEO plugin v27.2 - https:\/\/yoast.com\/product\/yoast-seo-wordpress\/ -->\n<title>Informationsveranstaltung \u00fcber neues Polizeigesetz - Fangemeinschaft Preu\u00dfen M\u00fcnster e. V.<\/title>\n<meta name=\"robots\" content=\"index, follow, max-snippet:-1, max-image-preview:large, max-video-preview:-1\" \/>\n<link rel=\"canonical\" href=\"https:\/\/www.fanprojekt-muenster.de\/wordpress\/informationsveranstaltung-ueber-neues-polizeigesetz\/\" \/>\n<meta property=\"og:locale\" content=\"de_DE\" \/>\n<meta property=\"og:type\" content=\"article\" \/>\n<meta property=\"og:title\" content=\"Informationsveranstaltung \u00fcber neues Polizeigesetz - Fangemeinschaft Preu\u00dfen M\u00fcnster e. V.\" \/>\n<meta property=\"og:description\" content=\"Am Mittwoch, den 4. Juli 2018 laden das sozialp\u00e4dagogische Fanprojekt FANport M\u00fcnster, der Fanprojekt Preu\u00dfen M\u00fcnster e.V. sowie die Fanhilfe M\u00fcnster um 20:00 Uhr zu einer Informationsveranstaltung \u00fcber das angek\u00fcndigte... Read more &raquo;\" \/>\n<meta property=\"og:url\" content=\"https:\/\/www.fanprojekt-muenster.de\/wordpress\/informationsveranstaltung-ueber-neues-polizeigesetz\/\" \/>\n<meta property=\"og:site_name\" content=\"Fangemeinschaft Preu\u00dfen M\u00fcnster e. V.\" \/>\n<meta property=\"article:published_time\" content=\"2018-06-26T17:52:29+00:00\" \/>\n<meta name=\"author\" content=\"Florian\" \/>\n<meta name=\"twitter:card\" content=\"summary_large_image\" \/>\n<meta name=\"twitter:label1\" content=\"Verfasst von\" \/>\n\t<meta name=\"twitter:data1\" content=\"Florian\" \/>\n\t<meta name=\"twitter:label2\" content=\"Gesch\u00e4tzte Lesezeit\" \/>\n\t<meta name=\"twitter:data2\" content=\"3\u00a0Minuten\" \/>\n<script type=\"application\/ld+json\" class=\"yoast-schema-graph\">{\"@context\":\"https:\/\/schema.org\",\"@graph\":[{\"@type\":\"Article\",\"@id\":\"https:\/\/www.fanprojekt-muenster.de\/wordpress\/informationsveranstaltung-ueber-neues-polizeigesetz\/#article\",\"isPartOf\":{\"@id\":\"https:\/\/www.fanprojekt-muenster.de\/wordpress\/informationsveranstaltung-ueber-neues-polizeigesetz\/\"},\"author\":{\"name\":\"Florian\",\"@id\":\"https:\/\/www.fanprojekt-muenster.de\/wordpress\/#\/schema\/person\/529d3ee920414da8907f25b585d57a4e\"},\"headline\":\"Informationsveranstaltung \u00fcber neues Polizeigesetz\",\"datePublished\":\"2018-06-26T17:52:29+00:00\",\"mainEntityOfPage\":{\"@id\":\"https:\/\/www.fanprojekt-muenster.de\/wordpress\/informationsveranstaltung-ueber-neues-polizeigesetz\/\"},\"wordCount\":523,\"publisher\":{\"@id\":\"https:\/\/www.fanprojekt-muenster.de\/wordpress\/#organization\"},\"image\":{\"@id\":\"https:\/\/www.fanprojekt-muenster.de\/wordpress\/informationsveranstaltung-ueber-neues-polizeigesetz\/#primaryimage\"},\"thumbnailUrl\":\"\",\"articleSection\":[\"Aktionen\",\"Aktuelles\"],\"inLanguage\":\"de\"},{\"@type\":\"WebPage\",\"@id\":\"https:\/\/www.fanprojekt-muenster.de\/wordpress\/informationsveranstaltung-ueber-neues-polizeigesetz\/\",\"url\":\"https:\/\/www.fanprojekt-muenster.de\/wordpress\/informationsveranstaltung-ueber-neues-polizeigesetz\/\",\"name\":\"Informationsveranstaltung \u00fcber neues Polizeigesetz - Fangemeinschaft Preu\u00dfen M\u00fcnster e. V.\",\"isPartOf\":{\"@id\":\"https:\/\/www.fanprojekt-muenster.de\/wordpress\/#website\"},\"primaryImageOfPage\":{\"@id\":\"https:\/\/www.fanprojekt-muenster.de\/wordpress\/informationsveranstaltung-ueber-neues-polizeigesetz\/#primaryimage\"},\"image\":{\"@id\":\"https:\/\/www.fanprojekt-muenster.de\/wordpress\/informationsveranstaltung-ueber-neues-polizeigesetz\/#primaryimage\"},\"thumbnailUrl\":\"\",\"datePublished\":\"2018-06-26T17:52:29+00:00\",\"breadcrumb\":{\"@id\":\"https:\/\/www.fanprojekt-muenster.de\/wordpress\/informationsveranstaltung-ueber-neues-polizeigesetz\/#breadcrumb\"},\"inLanguage\":\"de\",\"potentialAction\":[{\"@type\":\"ReadAction\",\"target\":[\"https:\/\/www.fanprojekt-muenster.de\/wordpress\/informationsveranstaltung-ueber-neues-polizeigesetz\/\"]}]},{\"@type\":\"ImageObject\",\"inLanguage\":\"de\",\"@id\":\"https:\/\/www.fanprojekt-muenster.de\/wordpress\/informationsveranstaltung-ueber-neues-polizeigesetz\/#primaryimage\",\"url\":\"\",\"contentUrl\":\"\"},{\"@type\":\"BreadcrumbList\",\"@id\":\"https:\/\/www.fanprojekt-muenster.de\/wordpress\/informationsveranstaltung-ueber-neues-polizeigesetz\/#breadcrumb\",\"itemListElement\":[{\"@type\":\"ListItem\",\"position\":1,\"name\":\"Startseite\",\"item\":\"https:\/\/www.fanprojekt-muenster.de\/wordpress\/\"},{\"@type\":\"ListItem\",\"position\":2,\"name\":\"Informationsveranstaltung \u00fcber neues Polizeigesetz\"}]},{\"@type\":\"WebSite\",\"@id\":\"https:\/\/www.fanprojekt-muenster.de\/wordpress\/#website\",\"url\":\"https:\/\/www.fanprojekt-muenster.de\/wordpress\/\",\"name\":\"Fangemeinschaft Preu\u00dfen M\u00fcnster e. V.\",\"description\":\"\",\"publisher\":{\"@id\":\"https:\/\/www.fanprojekt-muenster.de\/wordpress\/#organization\"},\"potentialAction\":[{\"@type\":\"SearchAction\",\"target\":{\"@type\":\"EntryPoint\",\"urlTemplate\":\"https:\/\/www.fanprojekt-muenster.de\/wordpress\/?s={search_term_string}\"},\"query-input\":{\"@type\":\"PropertyValueSpecification\",\"valueRequired\":true,\"valueName\":\"search_term_string\"}}],\"inLanguage\":\"de\"},{\"@type\":\"Organization\",\"@id\":\"https:\/\/www.fanprojekt-muenster.de\/wordpress\/#organization\",\"name\":\"Fangemeinschaft Preu\u00dfen M\u00fcnster e. V.\",\"url\":\"https:\/\/www.fanprojekt-muenster.de\/wordpress\/\",\"logo\":{\"@type\":\"ImageObject\",\"inLanguage\":\"de\",\"@id\":\"https:\/\/www.fanprojekt-muenster.de\/wordpress\/#\/schema\/logo\/image\/\",\"url\":\"https:\/\/www.fanprojekt-muenster.de\/wordpress\/wp-content\/uploads\/2019\/07\/cropped-Website_Logo3-9.png\",\"contentUrl\":\"https:\/\/www.fanprojekt-muenster.de\/wordpress\/wp-content\/uploads\/2019\/07\/cropped-Website_Logo3-9.png\",\"width\":224,\"height\":42,\"caption\":\"Fangemeinschaft Preu\u00dfen M\u00fcnster e. V.\"},\"image\":{\"@id\":\"https:\/\/www.fanprojekt-muenster.de\/wordpress\/#\/schema\/logo\/image\/\"}},{\"@type\":\"Person\",\"@id\":\"https:\/\/www.fanprojekt-muenster.de\/wordpress\/#\/schema\/person\/529d3ee920414da8907f25b585d57a4e\",\"name\":\"Florian\",\"url\":\"https:\/\/www.fanprojekt-muenster.de\/wordpress\/author\/flovoss\/\"}]}<\/script>\n<!-- \/ Yoast SEO plugin. -->","yoast_head_json":{"title":"Informationsveranstaltung \u00fcber neues Polizeigesetz - Fangemeinschaft Preu\u00dfen M\u00fcnster e. V.","robots":{"index":"index","follow":"follow","max-snippet":"max-snippet:-1","max-image-preview":"max-image-preview:large","max-video-preview":"max-video-preview:-1"},"canonical":"https:\/\/www.fanprojekt-muenster.de\/wordpress\/informationsveranstaltung-ueber-neues-polizeigesetz\/","og_locale":"de_DE","og_type":"article","og_title":"Informationsveranstaltung \u00fcber neues Polizeigesetz - Fangemeinschaft Preu\u00dfen M\u00fcnster e. V.","og_description":"Am Mittwoch, den 4. Juli 2018 laden das sozialp\u00e4dagogische Fanprojekt FANport M\u00fcnster, der Fanprojekt Preu\u00dfen M\u00fcnster e.V. sowie die Fanhilfe M\u00fcnster um 20:00 Uhr zu einer Informationsveranstaltung \u00fcber das angek\u00fcndigte... Read more &raquo;","og_url":"https:\/\/www.fanprojekt-muenster.de\/wordpress\/informationsveranstaltung-ueber-neues-polizeigesetz\/","og_site_name":"Fangemeinschaft Preu\u00dfen M\u00fcnster e. V.","article_published_time":"2018-06-26T17:52:29+00:00","author":"Florian","twitter_card":"summary_large_image","twitter_misc":{"Verfasst von":"Florian","Gesch\u00e4tzte Lesezeit":"3\u00a0Minuten"},"schema":{"@context":"https:\/\/schema.org","@graph":[{"@type":"Article","@id":"https:\/\/www.fanprojekt-muenster.de\/wordpress\/informationsveranstaltung-ueber-neues-polizeigesetz\/#article","isPartOf":{"@id":"https:\/\/www.fanprojekt-muenster.de\/wordpress\/informationsveranstaltung-ueber-neues-polizeigesetz\/"},"author":{"name":"Florian","@id":"https:\/\/www.fanprojekt-muenster.de\/wordpress\/#\/schema\/person\/529d3ee920414da8907f25b585d57a4e"},"headline":"Informationsveranstaltung \u00fcber neues Polizeigesetz","datePublished":"2018-06-26T17:52:29+00:00","mainEntityOfPage":{"@id":"https:\/\/www.fanprojekt-muenster.de\/wordpress\/informationsveranstaltung-ueber-neues-polizeigesetz\/"},"wordCount":523,"publisher":{"@id":"https:\/\/www.fanprojekt-muenster.de\/wordpress\/#organization"},"image":{"@id":"https:\/\/www.fanprojekt-muenster.de\/wordpress\/informationsveranstaltung-ueber-neues-polizeigesetz\/#primaryimage"},"thumbnailUrl":"","articleSection":["Aktionen","Aktuelles"],"inLanguage":"de"},{"@type":"WebPage","@id":"https:\/\/www.fanprojekt-muenster.de\/wordpress\/informationsveranstaltung-ueber-neues-polizeigesetz\/","url":"https:\/\/www.fanprojekt-muenster.de\/wordpress\/informationsveranstaltung-ueber-neues-polizeigesetz\/","name":"Informationsveranstaltung \u00fcber neues Polizeigesetz - Fangemeinschaft Preu\u00dfen M\u00fcnster e. V.","isPartOf":{"@id":"https:\/\/www.fanprojekt-muenster.de\/wordpress\/#website"},"primaryImageOfPage":{"@id":"https:\/\/www.fanprojekt-muenster.de\/wordpress\/informationsveranstaltung-ueber-neues-polizeigesetz\/#primaryimage"},"image":{"@id":"https:\/\/www.fanprojekt-muenster.de\/wordpress\/informationsveranstaltung-ueber-neues-polizeigesetz\/#primaryimage"},"thumbnailUrl":"","datePublished":"2018-06-26T17:52:29+00:00","breadcrumb":{"@id":"https:\/\/www.fanprojekt-muenster.de\/wordpress\/informationsveranstaltung-ueber-neues-polizeigesetz\/#breadcrumb"},"inLanguage":"de","potentialAction":[{"@type":"ReadAction","target":["https:\/\/www.fanprojekt-muenster.de\/wordpress\/informationsveranstaltung-ueber-neues-polizeigesetz\/"]}]},{"@type":"ImageObject","inLanguage":"de","@id":"https:\/\/www.fanprojekt-muenster.de\/wordpress\/informationsveranstaltung-ueber-neues-polizeigesetz\/#primaryimage","url":"","contentUrl":""},{"@type":"BreadcrumbList","@id":"https:\/\/www.fanprojekt-muenster.de\/wordpress\/informationsveranstaltung-ueber-neues-polizeigesetz\/#breadcrumb","itemListElement":[{"@type":"ListItem","position":1,"name":"Startseite","item":"https:\/\/www.fanprojekt-muenster.de\/wordpress\/"},{"@type":"ListItem","position":2,"name":"Informationsveranstaltung \u00fcber neues Polizeigesetz"}]},{"@type":"WebSite","@id":"https:\/\/www.fanprojekt-muenster.de\/wordpress\/#website","url":"https:\/\/www.fanprojekt-muenster.de\/wordpress\/","name":"Fangemeinschaft Preu\u00dfen M\u00fcnster e. V.","description":"","publisher":{"@id":"https:\/\/www.fanprojekt-muenster.de\/wordpress\/#organization"},"potentialAction":[{"@type":"SearchAction","target":{"@type":"EntryPoint","urlTemplate":"https:\/\/www.fanprojekt-muenster.de\/wordpress\/?s={search_term_string}"},"query-input":{"@type":"PropertyValueSpecification","valueRequired":true,"valueName":"search_term_string"}}],"inLanguage":"de"},{"@type":"Organization","@id":"https:\/\/www.fanprojekt-muenster.de\/wordpress\/#organization","name":"Fangemeinschaft Preu\u00dfen M\u00fcnster e. V.","url":"https:\/\/www.fanprojekt-muenster.de\/wordpress\/","logo":{"@type":"ImageObject","inLanguage":"de","@id":"https:\/\/www.fanprojekt-muenster.de\/wordpress\/#\/schema\/logo\/image\/","url":"https:\/\/www.fanprojekt-muenster.de\/wordpress\/wp-content\/uploads\/2019\/07\/cropped-Website_Logo3-9.png","contentUrl":"https:\/\/www.fanprojekt-muenster.de\/wordpress\/wp-content\/uploads\/2019\/07\/cropped-Website_Logo3-9.png","width":224,"height":42,"caption":"Fangemeinschaft Preu\u00dfen M\u00fcnster e. V."},"image":{"@id":"https:\/\/www.fanprojekt-muenster.de\/wordpress\/#\/schema\/logo\/image\/"}},{"@type":"Person","@id":"https:\/\/www.fanprojekt-muenster.de\/wordpress\/#\/schema\/person\/529d3ee920414da8907f25b585d57a4e","name":"Florian","url":"https:\/\/www.fanprojekt-muenster.de\/wordpress\/author\/flovoss\/"}]}},"author_meta":{"display_name":"Florian","author_link":"https:\/\/www.fanprojekt-muenster.de\/wordpress\/author\/flovoss\/"},"featured_img":null,"coauthors":[],"tax_additional":{"categories":{"linked":["<a href=\"https:\/\/www.fanprojekt-muenster.de\/wordpress\/category\/aktionen\/\" class=\"advgb-post-tax-term\">Aktionen<\/a>","<a href=\"https:\/\/www.fanprojekt-muenster.de\/wordpress\/category\/aktuelles\/\" class=\"advgb-post-tax-term\">Aktuelles<\/a>","<a href=\"https:\/\/www.fanprojekt-muenster.de\/wordpress\/category\/allgemein\/\" class=\"advgb-post-tax-term\">Allgemein<\/a>"],"unlinked":["<span class=\"advgb-post-tax-term\">Aktionen<\/span>","<span class=\"advgb-post-tax-term\">Aktuelles<\/span>","<span class=\"advgb-post-tax-term\">Allgemein<\/span>"]}},"comment_count":"0","relative_dates":{"created":"Posted 8\u00a0Jahren ago","modified":"Updated 8\u00a0Jahren ago"},"absolute_dates":{"created":"Posted on 26. Juni 2018","modified":"Updated on 26. Juni 2018"},"absolute_dates_time":{"created":"Posted on 26. Juni 2018 19:52","modified":"Updated on 26. Juni 2018 19:52"},"featured_img_caption":"","series_order":"","_links":{"self":[{"href":"https:\/\/www.fanprojekt-muenster.de\/wordpress\/wp-json\/wp\/v2\/posts\/5598","targetHints":{"allow":["GET"]}}],"collection":[{"href":"https:\/\/www.fanprojekt-muenster.de\/wordpress\/wp-json\/wp\/v2\/posts"}],"about":[{"href":"https:\/\/www.fanprojekt-muenster.de\/wordpress\/wp-json\/wp\/v2\/types\/post"}],"author":[{"embeddable":true,"href":"https:\/\/www.fanprojekt-muenster.de\/wordpress\/wp-json\/wp\/v2\/users\/5"}],"replies":[{"embeddable":true,"href":"https:\/\/www.fanprojekt-muenster.de\/wordpress\/wp-json\/wp\/v2\/comments?post=5598"}],"version-history":[{"count":0,"href":"https:\/\/www.fanprojekt-muenster.de\/wordpress\/wp-json\/wp\/v2\/posts\/5598\/revisions"}],"wp:featuredmedia":[{"embeddable":true,"href":"https:\/\/www.fanprojekt-muenster.de\/wordpress\/wp-json\/"}],"wp:attachment":[{"href":"https:\/\/www.fanprojekt-muenster.de\/wordpress\/wp-json\/wp\/v2\/media?parent=5598"}],"wp:term":[{"taxonomy":"category","embeddable":true,"href":"https:\/\/www.fanprojekt-muenster.de\/wordpress\/wp-json\/wp\/v2\/categories?post=5598"},{"taxonomy":"post_tag","embeddable":true,"href":"https:\/\/www.fanprojekt-muenster.de\/wordpress\/wp-json\/wp\/v2\/tags?post=5598"}],"curies":[{"name":"wp","href":"https:\/\/api.w.org\/{rel}","templated":true}]}}