{"id":5594,"date":"2018-06-14T12:53:42","date_gmt":"2018-06-14T10:53:42","guid":{"rendered":"http:\/\/www.fanprojekt-muenster.de\/wp\/?p=5594"},"modified":"2018-06-14T12:53:42","modified_gmt":"2018-06-14T10:53:42","slug":"ist-das-noch-unser-scp","status":"publish","type":"post","link":"https:\/\/www.fanprojekt-muenster.de\/wordpress\/ist-das-noch-unser-scp\/","title":{"rendered":"Ist das noch unser SCP?"},"content":{"rendered":"<p>Pr\u00e4sident Christoph Str\u00e4sser und Aufsichtsratsvorsitzender Frank Westermann sind vor \u00fcber zwei Jahren mit einem gro\u00dfen Vertrauensvorschuss in ihre \u00c4mter gestartet. Jetzt m\u00fcssen sie sich als Verantwortliche an ihren Taten messen lassen. Denn gerade herrschen Unmut und Fassungslosigkeit bei Fans \u00fcber das Vorgehen des SCP in mehreren Punkten.<\/p>\n<p>Vor der Ausgliederung wurde versprochen, dass Investoren nach dem Einstieg \u00f6ffentlich gemacht werden. Jetzt, direkt beim ersten Investor gilt dies schon nicht mehr. Da der Verein keine Angaben zum Investor macht, wird das Versprechen auf Transparenz komplett ignoriert. Es kann Gr\u00fcnde daf\u00fcr geben, warum ein Investor nicht \u00f6ffentlich bekannt werden m\u00f6chten. Aber wieso werden selbst diese nicht transparent und aktiv kommuniziert? Wo ist das Problem einer ehrlichen Kommunikation?<\/p>\n<p>Vor drei Wochen wurden die Eintrittspreise f\u00fcr Sitzpl\u00e4tze in der neuen Saison einfach erh\u00f6ht, ohne dies zu begr\u00fcnden. Eine Preiserh\u00f6hung f\u00fcr teilweise dreckige oder besch\u00e4digte Sitzpl\u00e4tze ist nicht nachvollziehbar. Insbesondere dann, wenn der Verein wei\u00df, dass durch die anschlie\u00dfend bekannt gegebene Zersplitterung des Spieltages von Freitag bis Montag Mehreinnahmen aus TV-Geldern generiert werden. H\u00e4tten diese zus\u00e4tzlichen TV-Einnahmen die f\u00fcr n\u00f6tig gehaltene Sitzplatzkarten-Erh\u00f6hung nicht ausgleichen k\u00f6nnen?<\/p>\n<p>Denn nun sind die besonders treuen Fans die Gelackmeierten. Diejenigen, die sich bereits eine Dauerkarte zugelegt haben, aber wom\u00f6glich die Spiele am Freitag, Sonntag oder Montag nicht im Stadion verfolgen k\u00f6nnen, haben mehr gezahlt und noch weniger erhalten.<br \/>\nAuch ohne die Preiserh\u00f6hung ist deutlich zu hinterfragen, wieso der SC Preu\u00dfen eine Zersplitterung des Spieltages mittr\u00e4gt. Es muss deutlich gesagt werden, dass der Verein dadurch entgegen den Interessen seiner Stadionbesucher handelt.<\/p>\n<p>Das Fass zum \u00dcberlaufen gebracht hat nun die kurzfristige \u00c4nderung des Wappens des Vereins. Die Fans und Sympathisanten identifizieren sich mit dem SC Preu\u00dfen M\u00fcnster und die Identifikation spiegelt sich in den Symbolen wider: wie eben dem Vereinswappen. Wir sind stolz auf diesen Adler, er ziert unsere H\u00e4userw\u00e4nde und Autos sowie als Tattoo viele Fans selber. Es herrscht absolutes Unverst\u00e4ndnis und Ratlosigkeit: Wie kann man, ohne Einbindung von Fans oder Mitgliedern, das Vereinswappen so grundlegend ver\u00e4ndern? Werden die Fans und Mitglieder \u00fcberhaupt noch als solche wahrgenommen oder hat man ab sofort alles zu akzeptieren, was z.B. eine Hamburger Agentur designt und uns vorgesetzt wird?<\/p>\n<p>Vor 12 Jahren hatten Fans in einem langen und anstrengenden Prozess die Wiedereinf\u00fchrung des zuletzt verwendeten Wappens erreicht. Gerade daher ist das vollst\u00e4ndige \u00dcbergehen der Anh\u00e4ngerschaft \u2013 und besonders zu diesem Zeitpunkt \u2013 ein Affront gegen die treuen Begleiter des Vereins.<br \/>\nEs ist traurig, die Entscheidungen des SC Preu\u00dfen wahrzunehmen. Es wirkt so, als w\u00e4re jede Aktion gegen den Fan gerichtet.<\/p>\n<p>Bezeichnend daf\u00fcr ist auch, dass der Prozess f\u00fcr ein Leitbild immer noch nicht gestartet wurde. Dies wurde aber ausdr\u00fccklich im Januar von Christoph Str\u00e4sser und Frank Westermann gew\u00fcnscht. Anscheinend wird dies nicht mehr als n\u00f6tig angesehen.<\/p>\n<p>Jetzt sind Christoph Str\u00e4sser, Frank Westermann und die handelnden Personen im Verein gefragt: Lasst es nicht zu, dass sich der Verein weiter von seinen Fans und Mitgliedern entfernt. Bindet uns Fans und Mitglieder in Entscheidungen aktiv ein, die uns direkt betreffen. Sucht mit uns nach L\u00f6sungen. Startet endlich den Prozess des Leitbildes. Und holt den Adler zur\u00fcck!<\/p>\n","protected":false},"excerpt":{"rendered":"<p>Pr\u00e4sident Christoph Str\u00e4sser und Aufsichtsratsvorsitzender Frank Westermann sind vor \u00fcber zwei Jahren mit einem gro\u00dfen Vertrauensvorschuss in ihre \u00c4mter gestartet. Jetzt m\u00fcssen sie sich als Verantwortliche an ihren Taten messen&#8230; <a class=\"read-more-link\" href=\"https:\/\/www.fanprojekt-muenster.de\/wordpress\/ist-das-noch-unser-scp\/\">Read more &raquo;<\/a><\/p>\n","protected":false},"author":5,"featured_media":4492,"comment_status":"closed","ping_status":"closed","sticky":false,"template":"","format":"standard","meta":{"advgb_blocks_editor_width":"","advgb_blocks_columns_visual_guide":"","footnotes":""},"categories":[2,3,1],"tags":[],"class_list":["post-5594","post","type-post","status-publish","format-standard","has-post-thumbnail","hentry","category-aktionen","category-aktuelles","category-allgemein"],"featured_image_src":null,"author_info":{"display_name":"Florian","author_link":"https:\/\/www.fanprojekt-muenster.de\/wordpress\/author\/flovoss\/"},"yoast_head":"<!-- This site is optimized with the Yoast SEO plugin v27.2 - https:\/\/yoast.com\/product\/yoast-seo-wordpress\/ -->\n<title>Ist das noch unser SCP? - Fangemeinschaft Preu\u00dfen M\u00fcnster e. V.<\/title>\n<meta name=\"robots\" content=\"index, follow, max-snippet:-1, max-image-preview:large, max-video-preview:-1\" \/>\n<link rel=\"canonical\" href=\"https:\/\/www.fanprojekt-muenster.de\/wordpress\/ist-das-noch-unser-scp\/\" \/>\n<meta property=\"og:locale\" content=\"de_DE\" \/>\n<meta property=\"og:type\" content=\"article\" \/>\n<meta property=\"og:title\" content=\"Ist das noch unser SCP? - Fangemeinschaft Preu\u00dfen M\u00fcnster e. V.\" \/>\n<meta property=\"og:description\" content=\"Pr\u00e4sident Christoph Str\u00e4sser und Aufsichtsratsvorsitzender Frank Westermann sind vor \u00fcber zwei Jahren mit einem gro\u00dfen Vertrauensvorschuss in ihre \u00c4mter gestartet. Jetzt m\u00fcssen sie sich als Verantwortliche an ihren Taten messen... Read more &raquo;\" \/>\n<meta property=\"og:url\" content=\"https:\/\/www.fanprojekt-muenster.de\/wordpress\/ist-das-noch-unser-scp\/\" \/>\n<meta property=\"og:site_name\" content=\"Fangemeinschaft Preu\u00dfen M\u00fcnster e. V.\" \/>\n<meta property=\"article:published_time\" content=\"2018-06-14T10:53:42+00:00\" \/>\n<meta name=\"author\" content=\"Florian\" \/>\n<meta name=\"twitter:card\" content=\"summary_large_image\" \/>\n<meta name=\"twitter:label1\" content=\"Verfasst von\" \/>\n\t<meta name=\"twitter:data1\" content=\"Florian\" \/>\n\t<meta name=\"twitter:label2\" content=\"Gesch\u00e4tzte Lesezeit\" \/>\n\t<meta name=\"twitter:data2\" content=\"3\u00a0Minuten\" \/>\n<script type=\"application\/ld+json\" class=\"yoast-schema-graph\">{\"@context\":\"https:\/\/schema.org\",\"@graph\":[{\"@type\":\"Article\",\"@id\":\"https:\/\/www.fanprojekt-muenster.de\/wordpress\/ist-das-noch-unser-scp\/#article\",\"isPartOf\":{\"@id\":\"https:\/\/www.fanprojekt-muenster.de\/wordpress\/ist-das-noch-unser-scp\/\"},\"author\":{\"name\":\"Florian\",\"@id\":\"https:\/\/www.fanprojekt-muenster.de\/wordpress\/#\/schema\/person\/529d3ee920414da8907f25b585d57a4e\"},\"headline\":\"Ist das noch unser SCP?\",\"datePublished\":\"2018-06-14T10:53:42+00:00\",\"mainEntityOfPage\":{\"@id\":\"https:\/\/www.fanprojekt-muenster.de\/wordpress\/ist-das-noch-unser-scp\/\"},\"wordCount\":558,\"publisher\":{\"@id\":\"https:\/\/www.fanprojekt-muenster.de\/wordpress\/#organization\"},\"image\":{\"@id\":\"https:\/\/www.fanprojekt-muenster.de\/wordpress\/ist-das-noch-unser-scp\/#primaryimage\"},\"thumbnailUrl\":\"\",\"articleSection\":[\"Aktionen\",\"Aktuelles\"],\"inLanguage\":\"de\"},{\"@type\":\"WebPage\",\"@id\":\"https:\/\/www.fanprojekt-muenster.de\/wordpress\/ist-das-noch-unser-scp\/\",\"url\":\"https:\/\/www.fanprojekt-muenster.de\/wordpress\/ist-das-noch-unser-scp\/\",\"name\":\"Ist das noch unser SCP? - Fangemeinschaft Preu\u00dfen M\u00fcnster e. V.\",\"isPartOf\":{\"@id\":\"https:\/\/www.fanprojekt-muenster.de\/wordpress\/#website\"},\"primaryImageOfPage\":{\"@id\":\"https:\/\/www.fanprojekt-muenster.de\/wordpress\/ist-das-noch-unser-scp\/#primaryimage\"},\"image\":{\"@id\":\"https:\/\/www.fanprojekt-muenster.de\/wordpress\/ist-das-noch-unser-scp\/#primaryimage\"},\"thumbnailUrl\":\"\",\"datePublished\":\"2018-06-14T10:53:42+00:00\",\"breadcrumb\":{\"@id\":\"https:\/\/www.fanprojekt-muenster.de\/wordpress\/ist-das-noch-unser-scp\/#breadcrumb\"},\"inLanguage\":\"de\",\"potentialAction\":[{\"@type\":\"ReadAction\",\"target\":[\"https:\/\/www.fanprojekt-muenster.de\/wordpress\/ist-das-noch-unser-scp\/\"]}]},{\"@type\":\"ImageObject\",\"inLanguage\":\"de\",\"@id\":\"https:\/\/www.fanprojekt-muenster.de\/wordpress\/ist-das-noch-unser-scp\/#primaryimage\",\"url\":\"\",\"contentUrl\":\"\"},{\"@type\":\"BreadcrumbList\",\"@id\":\"https:\/\/www.fanprojekt-muenster.de\/wordpress\/ist-das-noch-unser-scp\/#breadcrumb\",\"itemListElement\":[{\"@type\":\"ListItem\",\"position\":1,\"name\":\"Startseite\",\"item\":\"https:\/\/www.fanprojekt-muenster.de\/wordpress\/\"},{\"@type\":\"ListItem\",\"position\":2,\"name\":\"Ist das noch unser SCP?\"}]},{\"@type\":\"WebSite\",\"@id\":\"https:\/\/www.fanprojekt-muenster.de\/wordpress\/#website\",\"url\":\"https:\/\/www.fanprojekt-muenster.de\/wordpress\/\",\"name\":\"Fangemeinschaft Preu\u00dfen M\u00fcnster e. V.\",\"description\":\"\",\"publisher\":{\"@id\":\"https:\/\/www.fanprojekt-muenster.de\/wordpress\/#organization\"},\"potentialAction\":[{\"@type\":\"SearchAction\",\"target\":{\"@type\":\"EntryPoint\",\"urlTemplate\":\"https:\/\/www.fanprojekt-muenster.de\/wordpress\/?s={search_term_string}\"},\"query-input\":{\"@type\":\"PropertyValueSpecification\",\"valueRequired\":true,\"valueName\":\"search_term_string\"}}],\"inLanguage\":\"de\"},{\"@type\":\"Organization\",\"@id\":\"https:\/\/www.fanprojekt-muenster.de\/wordpress\/#organization\",\"name\":\"Fangemeinschaft Preu\u00dfen M\u00fcnster e. V.\",\"url\":\"https:\/\/www.fanprojekt-muenster.de\/wordpress\/\",\"logo\":{\"@type\":\"ImageObject\",\"inLanguage\":\"de\",\"@id\":\"https:\/\/www.fanprojekt-muenster.de\/wordpress\/#\/schema\/logo\/image\/\",\"url\":\"https:\/\/www.fanprojekt-muenster.de\/wordpress\/wp-content\/uploads\/2019\/07\/cropped-Website_Logo3-9.png\",\"contentUrl\":\"https:\/\/www.fanprojekt-muenster.de\/wordpress\/wp-content\/uploads\/2019\/07\/cropped-Website_Logo3-9.png\",\"width\":224,\"height\":42,\"caption\":\"Fangemeinschaft Preu\u00dfen M\u00fcnster e. V.\"},\"image\":{\"@id\":\"https:\/\/www.fanprojekt-muenster.de\/wordpress\/#\/schema\/logo\/image\/\"}},{\"@type\":\"Person\",\"@id\":\"https:\/\/www.fanprojekt-muenster.de\/wordpress\/#\/schema\/person\/529d3ee920414da8907f25b585d57a4e\",\"name\":\"Florian\",\"url\":\"https:\/\/www.fanprojekt-muenster.de\/wordpress\/author\/flovoss\/\"}]}<\/script>\n<!-- \/ Yoast SEO plugin. -->","yoast_head_json":{"title":"Ist das noch unser SCP? - Fangemeinschaft Preu\u00dfen M\u00fcnster e. V.","robots":{"index":"index","follow":"follow","max-snippet":"max-snippet:-1","max-image-preview":"max-image-preview:large","max-video-preview":"max-video-preview:-1"},"canonical":"https:\/\/www.fanprojekt-muenster.de\/wordpress\/ist-das-noch-unser-scp\/","og_locale":"de_DE","og_type":"article","og_title":"Ist das noch unser SCP? - Fangemeinschaft Preu\u00dfen M\u00fcnster e. V.","og_description":"Pr\u00e4sident Christoph Str\u00e4sser und Aufsichtsratsvorsitzender Frank Westermann sind vor \u00fcber zwei Jahren mit einem gro\u00dfen Vertrauensvorschuss in ihre \u00c4mter gestartet. Jetzt m\u00fcssen sie sich als Verantwortliche an ihren Taten messen... Read more &raquo;","og_url":"https:\/\/www.fanprojekt-muenster.de\/wordpress\/ist-das-noch-unser-scp\/","og_site_name":"Fangemeinschaft Preu\u00dfen M\u00fcnster e. V.","article_published_time":"2018-06-14T10:53:42+00:00","author":"Florian","twitter_card":"summary_large_image","twitter_misc":{"Verfasst von":"Florian","Gesch\u00e4tzte Lesezeit":"3\u00a0Minuten"},"schema":{"@context":"https:\/\/schema.org","@graph":[{"@type":"Article","@id":"https:\/\/www.fanprojekt-muenster.de\/wordpress\/ist-das-noch-unser-scp\/#article","isPartOf":{"@id":"https:\/\/www.fanprojekt-muenster.de\/wordpress\/ist-das-noch-unser-scp\/"},"author":{"name":"Florian","@id":"https:\/\/www.fanprojekt-muenster.de\/wordpress\/#\/schema\/person\/529d3ee920414da8907f25b585d57a4e"},"headline":"Ist das noch unser SCP?","datePublished":"2018-06-14T10:53:42+00:00","mainEntityOfPage":{"@id":"https:\/\/www.fanprojekt-muenster.de\/wordpress\/ist-das-noch-unser-scp\/"},"wordCount":558,"publisher":{"@id":"https:\/\/www.fanprojekt-muenster.de\/wordpress\/#organization"},"image":{"@id":"https:\/\/www.fanprojekt-muenster.de\/wordpress\/ist-das-noch-unser-scp\/#primaryimage"},"thumbnailUrl":"","articleSection":["Aktionen","Aktuelles"],"inLanguage":"de"},{"@type":"WebPage","@id":"https:\/\/www.fanprojekt-muenster.de\/wordpress\/ist-das-noch-unser-scp\/","url":"https:\/\/www.fanprojekt-muenster.de\/wordpress\/ist-das-noch-unser-scp\/","name":"Ist das noch unser SCP? - Fangemeinschaft Preu\u00dfen M\u00fcnster e. V.","isPartOf":{"@id":"https:\/\/www.fanprojekt-muenster.de\/wordpress\/#website"},"primaryImageOfPage":{"@id":"https:\/\/www.fanprojekt-muenster.de\/wordpress\/ist-das-noch-unser-scp\/#primaryimage"},"image":{"@id":"https:\/\/www.fanprojekt-muenster.de\/wordpress\/ist-das-noch-unser-scp\/#primaryimage"},"thumbnailUrl":"","datePublished":"2018-06-14T10:53:42+00:00","breadcrumb":{"@id":"https:\/\/www.fanprojekt-muenster.de\/wordpress\/ist-das-noch-unser-scp\/#breadcrumb"},"inLanguage":"de","potentialAction":[{"@type":"ReadAction","target":["https:\/\/www.fanprojekt-muenster.de\/wordpress\/ist-das-noch-unser-scp\/"]}]},{"@type":"ImageObject","inLanguage":"de","@id":"https:\/\/www.fanprojekt-muenster.de\/wordpress\/ist-das-noch-unser-scp\/#primaryimage","url":"","contentUrl":""},{"@type":"BreadcrumbList","@id":"https:\/\/www.fanprojekt-muenster.de\/wordpress\/ist-das-noch-unser-scp\/#breadcrumb","itemListElement":[{"@type":"ListItem","position":1,"name":"Startseite","item":"https:\/\/www.fanprojekt-muenster.de\/wordpress\/"},{"@type":"ListItem","position":2,"name":"Ist das noch unser SCP?"}]},{"@type":"WebSite","@id":"https:\/\/www.fanprojekt-muenster.de\/wordpress\/#website","url":"https:\/\/www.fanprojekt-muenster.de\/wordpress\/","name":"Fangemeinschaft Preu\u00dfen M\u00fcnster e. V.","description":"","publisher":{"@id":"https:\/\/www.fanprojekt-muenster.de\/wordpress\/#organization"},"potentialAction":[{"@type":"SearchAction","target":{"@type":"EntryPoint","urlTemplate":"https:\/\/www.fanprojekt-muenster.de\/wordpress\/?s={search_term_string}"},"query-input":{"@type":"PropertyValueSpecification","valueRequired":true,"valueName":"search_term_string"}}],"inLanguage":"de"},{"@type":"Organization","@id":"https:\/\/www.fanprojekt-muenster.de\/wordpress\/#organization","name":"Fangemeinschaft Preu\u00dfen M\u00fcnster e. V.","url":"https:\/\/www.fanprojekt-muenster.de\/wordpress\/","logo":{"@type":"ImageObject","inLanguage":"de","@id":"https:\/\/www.fanprojekt-muenster.de\/wordpress\/#\/schema\/logo\/image\/","url":"https:\/\/www.fanprojekt-muenster.de\/wordpress\/wp-content\/uploads\/2019\/07\/cropped-Website_Logo3-9.png","contentUrl":"https:\/\/www.fanprojekt-muenster.de\/wordpress\/wp-content\/uploads\/2019\/07\/cropped-Website_Logo3-9.png","width":224,"height":42,"caption":"Fangemeinschaft Preu\u00dfen M\u00fcnster e. V."},"image":{"@id":"https:\/\/www.fanprojekt-muenster.de\/wordpress\/#\/schema\/logo\/image\/"}},{"@type":"Person","@id":"https:\/\/www.fanprojekt-muenster.de\/wordpress\/#\/schema\/person\/529d3ee920414da8907f25b585d57a4e","name":"Florian","url":"https:\/\/www.fanprojekt-muenster.de\/wordpress\/author\/flovoss\/"}]}},"author_meta":{"display_name":"Florian","author_link":"https:\/\/www.fanprojekt-muenster.de\/wordpress\/author\/flovoss\/"},"featured_img":null,"coauthors":[],"tax_additional":{"categories":{"linked":["<a href=\"https:\/\/www.fanprojekt-muenster.de\/wordpress\/category\/aktionen\/\" class=\"advgb-post-tax-term\">Aktionen<\/a>","<a href=\"https:\/\/www.fanprojekt-muenster.de\/wordpress\/category\/aktuelles\/\" class=\"advgb-post-tax-term\">Aktuelles<\/a>","<a href=\"https:\/\/www.fanprojekt-muenster.de\/wordpress\/category\/allgemein\/\" class=\"advgb-post-tax-term\">Allgemein<\/a>"],"unlinked":["<span class=\"advgb-post-tax-term\">Aktionen<\/span>","<span class=\"advgb-post-tax-term\">Aktuelles<\/span>","<span class=\"advgb-post-tax-term\">Allgemein<\/span>"]}},"comment_count":"0","relative_dates":{"created":"Posted 8\u00a0Jahren ago","modified":"Updated 8\u00a0Jahren ago"},"absolute_dates":{"created":"Posted on 14. Juni 2018","modified":"Updated on 14. Juni 2018"},"absolute_dates_time":{"created":"Posted on 14. Juni 2018 12:53","modified":"Updated on 14. Juni 2018 12:53"},"featured_img_caption":"","series_order":"","_links":{"self":[{"href":"https:\/\/www.fanprojekt-muenster.de\/wordpress\/wp-json\/wp\/v2\/posts\/5594","targetHints":{"allow":["GET"]}}],"collection":[{"href":"https:\/\/www.fanprojekt-muenster.de\/wordpress\/wp-json\/wp\/v2\/posts"}],"about":[{"href":"https:\/\/www.fanprojekt-muenster.de\/wordpress\/wp-json\/wp\/v2\/types\/post"}],"author":[{"embeddable":true,"href":"https:\/\/www.fanprojekt-muenster.de\/wordpress\/wp-json\/wp\/v2\/users\/5"}],"replies":[{"embeddable":true,"href":"https:\/\/www.fanprojekt-muenster.de\/wordpress\/wp-json\/wp\/v2\/comments?post=5594"}],"version-history":[{"count":0,"href":"https:\/\/www.fanprojekt-muenster.de\/wordpress\/wp-json\/wp\/v2\/posts\/5594\/revisions"}],"wp:featuredmedia":[{"embeddable":true,"href":"https:\/\/www.fanprojekt-muenster.de\/wordpress\/wp-json\/"}],"wp:attachment":[{"href":"https:\/\/www.fanprojekt-muenster.de\/wordpress\/wp-json\/wp\/v2\/media?parent=5594"}],"wp:term":[{"taxonomy":"category","embeddable":true,"href":"https:\/\/www.fanprojekt-muenster.de\/wordpress\/wp-json\/wp\/v2\/categories?post=5594"},{"taxonomy":"post_tag","embeddable":true,"href":"https:\/\/www.fanprojekt-muenster.de\/wordpress\/wp-json\/wp\/v2\/tags?post=5594"}],"curies":[{"name":"wp","href":"https:\/\/api.w.org\/{rel}","templated":true}]}}