{"id":5587,"date":"2018-05-25T17:37:48","date_gmt":"2018-05-25T15:37:48","guid":{"rendered":"http:\/\/www.fanprojekt-muenster.de\/wp\/?p=5587"},"modified":"2018-05-25T17:37:48","modified_gmt":"2018-05-25T15:37:48","slug":"kostenlose-stadtfuehrung-zur-ns-geschichte-muensters","status":"publish","type":"post","link":"https:\/\/www.fanprojekt-muenster.de\/wordpress\/kostenlose-stadtfuehrung-zur-ns-geschichte-muensters\/","title":{"rendered":"Kostenlose Stadtf\u00fchrung zur NS-Geschichte M\u00fcnsters"},"content":{"rendered":"<p>**KEIN ANMELDUNG MEHR M\u00d6GLICH**<\/p>\n<p>Am 13. Dezember 1941 begann vom \u201eGertrudenhof\u201c aus die Verschleppung von M\u00fcnsters Juden in die Ghettos und Vernichtungslager. Organisiert durch die Gestapo, \u00fcberwacht von der Ordnungspolizei und ausgepl\u00fcndert von der Finanzverwaltung. Alle hatten ihren Sitz im Ostviertel M\u00fcnsters.<\/p>\n<p>Das Fanprojekt l\u00e4dt Mitglieder und Interessierte zu einer kostenlosen Stadtf\u00fchrung ein. Diese findet am Dienstag, 5. Juni 2018 statt und beginnt um 19 Uhr an der Villa ten Hompel (Kaiser-Wilhelm-Ring). Die Pl\u00e4tze sind begrenzt, weshalb eine verbindliche Anmeldung per Mail an <a href=\"mailto:info@fanprojekt-muenster.de\">info@fanprojekt-muenster.de<\/a> erfolgen muss.<\/p>\n","protected":false},"excerpt":{"rendered":"<p>**KEIN ANMELDUNG MEHR M\u00d6GLICH** Am 13. Dezember 1941 begann vom \u201eGertrudenhof\u201c aus die Verschleppung von M\u00fcnsters Juden in die Ghettos und Vernichtungslager. Organisiert durch die Gestapo, \u00fcberwacht von der Ordnungspolizei&#8230; <a class=\"read-more-link\" href=\"https:\/\/www.fanprojekt-muenster.de\/wordpress\/kostenlose-stadtfuehrung-zur-ns-geschichte-muensters\/\">Read more &raquo;<\/a><\/p>\n","protected":false},"author":5,"featured_media":4523,"comment_status":"closed","ping_status":"closed","sticky":false,"template":"","format":"standard","meta":{"advgb_blocks_editor_width":"","advgb_blocks_columns_visual_guide":"","footnotes":""},"categories":[2,3,1],"tags":[],"class_list":["post-5587","post","type-post","status-publish","format-standard","has-post-thumbnail","hentry","category-aktionen","category-aktuelles","category-allgemein"],"featured_image_src":null,"author_info":{"display_name":"Florian","author_link":"https:\/\/www.fanprojekt-muenster.de\/wordpress\/author\/flovoss\/"},"yoast_head":"<!-- This site is optimized with the Yoast SEO plugin v27.2 - https:\/\/yoast.com\/product\/yoast-seo-wordpress\/ -->\n<title>Kostenlose Stadtf\u00fchrung zur NS-Geschichte M\u00fcnsters - Fangemeinschaft Preu\u00dfen M\u00fcnster e. V.<\/title>\n<meta name=\"robots\" content=\"index, follow, max-snippet:-1, max-image-preview:large, max-video-preview:-1\" \/>\n<link rel=\"canonical\" href=\"https:\/\/www.fanprojekt-muenster.de\/wordpress\/kostenlose-stadtfuehrung-zur-ns-geschichte-muensters\/\" \/>\n<meta property=\"og:locale\" content=\"de_DE\" \/>\n<meta property=\"og:type\" content=\"article\" \/>\n<meta property=\"og:title\" content=\"Kostenlose Stadtf\u00fchrung zur NS-Geschichte M\u00fcnsters - Fangemeinschaft Preu\u00dfen M\u00fcnster e. V.\" \/>\n<meta property=\"og:description\" content=\"**KEIN ANMELDUNG MEHR M\u00d6GLICH** Am 13. Dezember 1941 begann vom \u201eGertrudenhof\u201c aus die Verschleppung von M\u00fcnsters Juden in die Ghettos und Vernichtungslager. Organisiert durch die Gestapo, \u00fcberwacht von der Ordnungspolizei... Read more &raquo;\" \/>\n<meta property=\"og:url\" content=\"https:\/\/www.fanprojekt-muenster.de\/wordpress\/kostenlose-stadtfuehrung-zur-ns-geschichte-muensters\/\" \/>\n<meta property=\"og:site_name\" content=\"Fangemeinschaft Preu\u00dfen M\u00fcnster e. V.\" \/>\n<meta property=\"article:published_time\" content=\"2018-05-25T15:37:48+00:00\" \/>\n<meta name=\"author\" content=\"Florian\" \/>\n<meta name=\"twitter:card\" content=\"summary_large_image\" \/>\n<meta name=\"twitter:label1\" content=\"Verfasst von\" \/>\n\t<meta name=\"twitter:data1\" content=\"Florian\" \/>\n<script type=\"application\/ld+json\" class=\"yoast-schema-graph\">{\"@context\":\"https:\/\/schema.org\",\"@graph\":[{\"@type\":\"Article\",\"@id\":\"https:\/\/www.fanprojekt-muenster.de\/wordpress\/kostenlose-stadtfuehrung-zur-ns-geschichte-muensters\/#article\",\"isPartOf\":{\"@id\":\"https:\/\/www.fanprojekt-muenster.de\/wordpress\/kostenlose-stadtfuehrung-zur-ns-geschichte-muensters\/\"},\"author\":{\"name\":\"Florian\",\"@id\":\"https:\/\/www.fanprojekt-muenster.de\/wordpress\/#\/schema\/person\/529d3ee920414da8907f25b585d57a4e\"},\"headline\":\"Kostenlose Stadtf\u00fchrung zur NS-Geschichte M\u00fcnsters\",\"datePublished\":\"2018-05-25T15:37:48+00:00\",\"mainEntityOfPage\":{\"@id\":\"https:\/\/www.fanprojekt-muenster.de\/wordpress\/kostenlose-stadtfuehrung-zur-ns-geschichte-muensters\/\"},\"wordCount\":97,\"publisher\":{\"@id\":\"https:\/\/www.fanprojekt-muenster.de\/wordpress\/#organization\"},\"image\":{\"@id\":\"https:\/\/www.fanprojekt-muenster.de\/wordpress\/kostenlose-stadtfuehrung-zur-ns-geschichte-muensters\/#primaryimage\"},\"thumbnailUrl\":\"\",\"articleSection\":[\"Aktionen\",\"Aktuelles\"],\"inLanguage\":\"de\"},{\"@type\":\"WebPage\",\"@id\":\"https:\/\/www.fanprojekt-muenster.de\/wordpress\/kostenlose-stadtfuehrung-zur-ns-geschichte-muensters\/\",\"url\":\"https:\/\/www.fanprojekt-muenster.de\/wordpress\/kostenlose-stadtfuehrung-zur-ns-geschichte-muensters\/\",\"name\":\"Kostenlose Stadtf\u00fchrung zur NS-Geschichte M\u00fcnsters - Fangemeinschaft Preu\u00dfen M\u00fcnster e. V.\",\"isPartOf\":{\"@id\":\"https:\/\/www.fanprojekt-muenster.de\/wordpress\/#website\"},\"primaryImageOfPage\":{\"@id\":\"https:\/\/www.fanprojekt-muenster.de\/wordpress\/kostenlose-stadtfuehrung-zur-ns-geschichte-muensters\/#primaryimage\"},\"image\":{\"@id\":\"https:\/\/www.fanprojekt-muenster.de\/wordpress\/kostenlose-stadtfuehrung-zur-ns-geschichte-muensters\/#primaryimage\"},\"thumbnailUrl\":\"\",\"datePublished\":\"2018-05-25T15:37:48+00:00\",\"breadcrumb\":{\"@id\":\"https:\/\/www.fanprojekt-muenster.de\/wordpress\/kostenlose-stadtfuehrung-zur-ns-geschichte-muensters\/#breadcrumb\"},\"inLanguage\":\"de\",\"potentialAction\":[{\"@type\":\"ReadAction\",\"target\":[\"https:\/\/www.fanprojekt-muenster.de\/wordpress\/kostenlose-stadtfuehrung-zur-ns-geschichte-muensters\/\"]}]},{\"@type\":\"ImageObject\",\"inLanguage\":\"de\",\"@id\":\"https:\/\/www.fanprojekt-muenster.de\/wordpress\/kostenlose-stadtfuehrung-zur-ns-geschichte-muensters\/#primaryimage\",\"url\":\"\",\"contentUrl\":\"\"},{\"@type\":\"BreadcrumbList\",\"@id\":\"https:\/\/www.fanprojekt-muenster.de\/wordpress\/kostenlose-stadtfuehrung-zur-ns-geschichte-muensters\/#breadcrumb\",\"itemListElement\":[{\"@type\":\"ListItem\",\"position\":1,\"name\":\"Startseite\",\"item\":\"https:\/\/www.fanprojekt-muenster.de\/wordpress\/\"},{\"@type\":\"ListItem\",\"position\":2,\"name\":\"Kostenlose Stadtf\u00fchrung zur NS-Geschichte M\u00fcnsters\"}]},{\"@type\":\"WebSite\",\"@id\":\"https:\/\/www.fanprojekt-muenster.de\/wordpress\/#website\",\"url\":\"https:\/\/www.fanprojekt-muenster.de\/wordpress\/\",\"name\":\"Fangemeinschaft Preu\u00dfen M\u00fcnster e. V.\",\"description\":\"\",\"publisher\":{\"@id\":\"https:\/\/www.fanprojekt-muenster.de\/wordpress\/#organization\"},\"potentialAction\":[{\"@type\":\"SearchAction\",\"target\":{\"@type\":\"EntryPoint\",\"urlTemplate\":\"https:\/\/www.fanprojekt-muenster.de\/wordpress\/?s={search_term_string}\"},\"query-input\":{\"@type\":\"PropertyValueSpecification\",\"valueRequired\":true,\"valueName\":\"search_term_string\"}}],\"inLanguage\":\"de\"},{\"@type\":\"Organization\",\"@id\":\"https:\/\/www.fanprojekt-muenster.de\/wordpress\/#organization\",\"name\":\"Fangemeinschaft Preu\u00dfen M\u00fcnster e. V.\",\"url\":\"https:\/\/www.fanprojekt-muenster.de\/wordpress\/\",\"logo\":{\"@type\":\"ImageObject\",\"inLanguage\":\"de\",\"@id\":\"https:\/\/www.fanprojekt-muenster.de\/wordpress\/#\/schema\/logo\/image\/\",\"url\":\"https:\/\/www.fanprojekt-muenster.de\/wordpress\/wp-content\/uploads\/2019\/07\/cropped-Website_Logo3-9.png\",\"contentUrl\":\"https:\/\/www.fanprojekt-muenster.de\/wordpress\/wp-content\/uploads\/2019\/07\/cropped-Website_Logo3-9.png\",\"width\":224,\"height\":42,\"caption\":\"Fangemeinschaft Preu\u00dfen M\u00fcnster e. V.\"},\"image\":{\"@id\":\"https:\/\/www.fanprojekt-muenster.de\/wordpress\/#\/schema\/logo\/image\/\"}},{\"@type\":\"Person\",\"@id\":\"https:\/\/www.fanprojekt-muenster.de\/wordpress\/#\/schema\/person\/529d3ee920414da8907f25b585d57a4e\",\"name\":\"Florian\",\"url\":\"https:\/\/www.fanprojekt-muenster.de\/wordpress\/author\/flovoss\/\"}]}<\/script>\n<!-- \/ Yoast SEO plugin. -->","yoast_head_json":{"title":"Kostenlose Stadtf\u00fchrung zur NS-Geschichte M\u00fcnsters - Fangemeinschaft Preu\u00dfen M\u00fcnster e. V.","robots":{"index":"index","follow":"follow","max-snippet":"max-snippet:-1","max-image-preview":"max-image-preview:large","max-video-preview":"max-video-preview:-1"},"canonical":"https:\/\/www.fanprojekt-muenster.de\/wordpress\/kostenlose-stadtfuehrung-zur-ns-geschichte-muensters\/","og_locale":"de_DE","og_type":"article","og_title":"Kostenlose Stadtf\u00fchrung zur NS-Geschichte M\u00fcnsters - Fangemeinschaft Preu\u00dfen M\u00fcnster e. V.","og_description":"**KEIN ANMELDUNG MEHR M\u00d6GLICH** Am 13. Dezember 1941 begann vom \u201eGertrudenhof\u201c aus die Verschleppung von M\u00fcnsters Juden in die Ghettos und Vernichtungslager. Organisiert durch die Gestapo, \u00fcberwacht von der Ordnungspolizei... Read more &raquo;","og_url":"https:\/\/www.fanprojekt-muenster.de\/wordpress\/kostenlose-stadtfuehrung-zur-ns-geschichte-muensters\/","og_site_name":"Fangemeinschaft Preu\u00dfen M\u00fcnster e. V.","article_published_time":"2018-05-25T15:37:48+00:00","author":"Florian","twitter_card":"summary_large_image","twitter_misc":{"Verfasst von":"Florian"},"schema":{"@context":"https:\/\/schema.org","@graph":[{"@type":"Article","@id":"https:\/\/www.fanprojekt-muenster.de\/wordpress\/kostenlose-stadtfuehrung-zur-ns-geschichte-muensters\/#article","isPartOf":{"@id":"https:\/\/www.fanprojekt-muenster.de\/wordpress\/kostenlose-stadtfuehrung-zur-ns-geschichte-muensters\/"},"author":{"name":"Florian","@id":"https:\/\/www.fanprojekt-muenster.de\/wordpress\/#\/schema\/person\/529d3ee920414da8907f25b585d57a4e"},"headline":"Kostenlose Stadtf\u00fchrung zur NS-Geschichte M\u00fcnsters","datePublished":"2018-05-25T15:37:48+00:00","mainEntityOfPage":{"@id":"https:\/\/www.fanprojekt-muenster.de\/wordpress\/kostenlose-stadtfuehrung-zur-ns-geschichte-muensters\/"},"wordCount":97,"publisher":{"@id":"https:\/\/www.fanprojekt-muenster.de\/wordpress\/#organization"},"image":{"@id":"https:\/\/www.fanprojekt-muenster.de\/wordpress\/kostenlose-stadtfuehrung-zur-ns-geschichte-muensters\/#primaryimage"},"thumbnailUrl":"","articleSection":["Aktionen","Aktuelles"],"inLanguage":"de"},{"@type":"WebPage","@id":"https:\/\/www.fanprojekt-muenster.de\/wordpress\/kostenlose-stadtfuehrung-zur-ns-geschichte-muensters\/","url":"https:\/\/www.fanprojekt-muenster.de\/wordpress\/kostenlose-stadtfuehrung-zur-ns-geschichte-muensters\/","name":"Kostenlose Stadtf\u00fchrung zur NS-Geschichte M\u00fcnsters - Fangemeinschaft Preu\u00dfen M\u00fcnster e. V.","isPartOf":{"@id":"https:\/\/www.fanprojekt-muenster.de\/wordpress\/#website"},"primaryImageOfPage":{"@id":"https:\/\/www.fanprojekt-muenster.de\/wordpress\/kostenlose-stadtfuehrung-zur-ns-geschichte-muensters\/#primaryimage"},"image":{"@id":"https:\/\/www.fanprojekt-muenster.de\/wordpress\/kostenlose-stadtfuehrung-zur-ns-geschichte-muensters\/#primaryimage"},"thumbnailUrl":"","datePublished":"2018-05-25T15:37:48+00:00","breadcrumb":{"@id":"https:\/\/www.fanprojekt-muenster.de\/wordpress\/kostenlose-stadtfuehrung-zur-ns-geschichte-muensters\/#breadcrumb"},"inLanguage":"de","potentialAction":[{"@type":"ReadAction","target":["https:\/\/www.fanprojekt-muenster.de\/wordpress\/kostenlose-stadtfuehrung-zur-ns-geschichte-muensters\/"]}]},{"@type":"ImageObject","inLanguage":"de","@id":"https:\/\/www.fanprojekt-muenster.de\/wordpress\/kostenlose-stadtfuehrung-zur-ns-geschichte-muensters\/#primaryimage","url":"","contentUrl":""},{"@type":"BreadcrumbList","@id":"https:\/\/www.fanprojekt-muenster.de\/wordpress\/kostenlose-stadtfuehrung-zur-ns-geschichte-muensters\/#breadcrumb","itemListElement":[{"@type":"ListItem","position":1,"name":"Startseite","item":"https:\/\/www.fanprojekt-muenster.de\/wordpress\/"},{"@type":"ListItem","position":2,"name":"Kostenlose Stadtf\u00fchrung zur NS-Geschichte M\u00fcnsters"}]},{"@type":"WebSite","@id":"https:\/\/www.fanprojekt-muenster.de\/wordpress\/#website","url":"https:\/\/www.fanprojekt-muenster.de\/wordpress\/","name":"Fangemeinschaft Preu\u00dfen M\u00fcnster e. V.","description":"","publisher":{"@id":"https:\/\/www.fanprojekt-muenster.de\/wordpress\/#organization"},"potentialAction":[{"@type":"SearchAction","target":{"@type":"EntryPoint","urlTemplate":"https:\/\/www.fanprojekt-muenster.de\/wordpress\/?s={search_term_string}"},"query-input":{"@type":"PropertyValueSpecification","valueRequired":true,"valueName":"search_term_string"}}],"inLanguage":"de"},{"@type":"Organization","@id":"https:\/\/www.fanprojekt-muenster.de\/wordpress\/#organization","name":"Fangemeinschaft Preu\u00dfen M\u00fcnster e. V.","url":"https:\/\/www.fanprojekt-muenster.de\/wordpress\/","logo":{"@type":"ImageObject","inLanguage":"de","@id":"https:\/\/www.fanprojekt-muenster.de\/wordpress\/#\/schema\/logo\/image\/","url":"https:\/\/www.fanprojekt-muenster.de\/wordpress\/wp-content\/uploads\/2019\/07\/cropped-Website_Logo3-9.png","contentUrl":"https:\/\/www.fanprojekt-muenster.de\/wordpress\/wp-content\/uploads\/2019\/07\/cropped-Website_Logo3-9.png","width":224,"height":42,"caption":"Fangemeinschaft Preu\u00dfen M\u00fcnster e. V."},"image":{"@id":"https:\/\/www.fanprojekt-muenster.de\/wordpress\/#\/schema\/logo\/image\/"}},{"@type":"Person","@id":"https:\/\/www.fanprojekt-muenster.de\/wordpress\/#\/schema\/person\/529d3ee920414da8907f25b585d57a4e","name":"Florian","url":"https:\/\/www.fanprojekt-muenster.de\/wordpress\/author\/flovoss\/"}]}},"author_meta":{"display_name":"Florian","author_link":"https:\/\/www.fanprojekt-muenster.de\/wordpress\/author\/flovoss\/"},"featured_img":null,"coauthors":[],"tax_additional":{"categories":{"linked":["<a href=\"https:\/\/www.fanprojekt-muenster.de\/wordpress\/category\/aktionen\/\" class=\"advgb-post-tax-term\">Aktionen<\/a>","<a href=\"https:\/\/www.fanprojekt-muenster.de\/wordpress\/category\/aktuelles\/\" class=\"advgb-post-tax-term\">Aktuelles<\/a>","<a href=\"https:\/\/www.fanprojekt-muenster.de\/wordpress\/category\/allgemein\/\" class=\"advgb-post-tax-term\">Allgemein<\/a>"],"unlinked":["<span class=\"advgb-post-tax-term\">Aktionen<\/span>","<span class=\"advgb-post-tax-term\">Aktuelles<\/span>","<span class=\"advgb-post-tax-term\">Allgemein<\/span>"]}},"comment_count":"0","relative_dates":{"created":"Posted 8\u00a0Jahren ago","modified":"Updated 8\u00a0Jahren ago"},"absolute_dates":{"created":"Posted on 25. Mai 2018","modified":"Updated on 25. Mai 2018"},"absolute_dates_time":{"created":"Posted on 25. Mai 2018 17:37","modified":"Updated on 25. Mai 2018 17:37"},"featured_img_caption":"","series_order":"","_links":{"self":[{"href":"https:\/\/www.fanprojekt-muenster.de\/wordpress\/wp-json\/wp\/v2\/posts\/5587","targetHints":{"allow":["GET"]}}],"collection":[{"href":"https:\/\/www.fanprojekt-muenster.de\/wordpress\/wp-json\/wp\/v2\/posts"}],"about":[{"href":"https:\/\/www.fanprojekt-muenster.de\/wordpress\/wp-json\/wp\/v2\/types\/post"}],"author":[{"embeddable":true,"href":"https:\/\/www.fanprojekt-muenster.de\/wordpress\/wp-json\/wp\/v2\/users\/5"}],"replies":[{"embeddable":true,"href":"https:\/\/www.fanprojekt-muenster.de\/wordpress\/wp-json\/wp\/v2\/comments?post=5587"}],"version-history":[{"count":0,"href":"https:\/\/www.fanprojekt-muenster.de\/wordpress\/wp-json\/wp\/v2\/posts\/5587\/revisions"}],"wp:featuredmedia":[{"embeddable":true,"href":"https:\/\/www.fanprojekt-muenster.de\/wordpress\/wp-json\/"}],"wp:attachment":[{"href":"https:\/\/www.fanprojekt-muenster.de\/wordpress\/wp-json\/wp\/v2\/media?parent=5587"}],"wp:term":[{"taxonomy":"category","embeddable":true,"href":"https:\/\/www.fanprojekt-muenster.de\/wordpress\/wp-json\/wp\/v2\/categories?post=5587"},{"taxonomy":"post_tag","embeddable":true,"href":"https:\/\/www.fanprojekt-muenster.de\/wordpress\/wp-json\/wp\/v2\/tags?post=5587"}],"curies":[{"name":"wp","href":"https:\/\/api.w.org\/{rel}","templated":true}]}}