{"id":5570,"date":"2018-02-28T19:30:52","date_gmt":"2018-02-28T17:30:52","guid":{"rendered":"http:\/\/www.fanprojekt-muenster.de\/wp\/?p=5570"},"modified":"2018-02-28T19:30:52","modified_gmt":"2018-02-28T17:30:52","slug":"nur-5-euro-vorverkauf-fuer-koeln-fahrt-startet-jetzt","status":"publish","type":"post","link":"https:\/\/www.fanprojekt-muenster.de\/wordpress\/nur-5-euro-vorverkauf-fuer-koeln-fahrt-startet-jetzt\/","title":{"rendered":"Nur 5 Euro: Vorverkauf f\u00fcr K\u00f6ln-Fahrt startet jetzt"},"content":{"rendered":"<p>Am Samstag, 3.3., beginnt der Vorverkauf f\u00fcr die Bus-Tickets nach K\u00f6ln.\u00a0 F\u00fcr den extrem g\u00fcnstigen Kurs von f\u00fcnf Euro kann jedermann mit dem Fanprojekt am Wochenende des 14. April zum Ausw\u00e4rtsspiel bei Fortuna K\u00f6ln fahren. Nur an diesem und am n\u00e4chsten Wochenende k\u00f6nnen die Tickets erstanden werden. An den ersten beiden Kassenh\u00e4uschen am Haupteingang findet der Fahrkarten-Verkauf statt\u00a0und der SCP\u00a0bietet direkt daneben Eintrittskarten f\u00fcr das K\u00f6lner S\u00fcdstadion an. Die Kassen \u00f6ffnen um 12:30 Uhr.<\/p>\n<p>Bitte \u00fcberlegt euch, f\u00fcr welche Bus-Kategorie ihr ein Ticket kaufen m\u00f6chtet: A-Block, Gegengerade, Kurve, Trib\u00fcne<\/p>\n<p>Ebenfalls ge\u00f6ffnet ist am Samstag nat\u00fcrlich auch wieder der Fancontainer vor und nach dem Spiel.<\/p>\n","protected":false},"excerpt":{"rendered":"<p>Am Samstag, 3.3., beginnt der Vorverkauf f\u00fcr die Bus-Tickets nach K\u00f6ln.\u00a0 F\u00fcr den extrem g\u00fcnstigen Kurs von f\u00fcnf Euro kann jedermann mit dem Fanprojekt am Wochenende des 14. April zum&#8230; <a class=\"read-more-link\" href=\"https:\/\/www.fanprojekt-muenster.de\/wordpress\/nur-5-euro-vorverkauf-fuer-koeln-fahrt-startet-jetzt\/\">Read more &raquo;<\/a><\/p>\n","protected":false},"author":5,"featured_media":669,"comment_status":"closed","ping_status":"closed","sticky":false,"template":"","format":"standard","meta":{"advgb_blocks_editor_width":"","advgb_blocks_columns_visual_guide":"","footnotes":""},"categories":[2,3,1,4],"tags":[49,161,283],"class_list":["post-5570","post","type-post","status-publish","format-standard","has-post-thumbnail","hentry","category-aktionen","category-aktuelles","category-allgemein","category-auswarts","tag-auswaertsfahrt","tag-koeln","tag-von-fans-fuer-fans"],"featured_image_src":"https:\/\/www.fanprojekt-muenster.de\/wordpress\/wp-content\/uploads\/2013\/04\/fanprojekt_bus.jpg","author_info":{"display_name":"Florian","author_link":"https:\/\/www.fanprojekt-muenster.de\/wordpress\/author\/flovoss\/"},"yoast_head":"<!-- This site is optimized with the Yoast SEO plugin v27.2 - https:\/\/yoast.com\/product\/yoast-seo-wordpress\/ -->\n<title>Nur 5 Euro: Vorverkauf f\u00fcr K\u00f6ln-Fahrt startet jetzt - Fangemeinschaft Preu\u00dfen M\u00fcnster e. V.<\/title>\n<meta name=\"robots\" content=\"index, follow, max-snippet:-1, max-image-preview:large, max-video-preview:-1\" \/>\n<link rel=\"canonical\" href=\"https:\/\/www.fanprojekt-muenster.de\/wordpress\/nur-5-euro-vorverkauf-fuer-koeln-fahrt-startet-jetzt\/\" \/>\n<meta property=\"og:locale\" content=\"de_DE\" \/>\n<meta property=\"og:type\" content=\"article\" \/>\n<meta property=\"og:title\" content=\"Nur 5 Euro: Vorverkauf f\u00fcr K\u00f6ln-Fahrt startet jetzt - Fangemeinschaft Preu\u00dfen M\u00fcnster e. V.\" \/>\n<meta property=\"og:description\" content=\"Am Samstag, 3.3., beginnt der Vorverkauf f\u00fcr die Bus-Tickets nach K\u00f6ln.\u00a0 F\u00fcr den extrem g\u00fcnstigen Kurs von f\u00fcnf Euro kann jedermann mit dem Fanprojekt am Wochenende des 14. April zum... Read more &raquo;\" \/>\n<meta property=\"og:url\" content=\"https:\/\/www.fanprojekt-muenster.de\/wordpress\/nur-5-euro-vorverkauf-fuer-koeln-fahrt-startet-jetzt\/\" \/>\n<meta property=\"og:site_name\" content=\"Fangemeinschaft Preu\u00dfen M\u00fcnster e. V.\" \/>\n<meta property=\"article:published_time\" content=\"2018-02-28T17:30:52+00:00\" \/>\n<meta property=\"og:image\" content=\"https:\/\/www.fanprojekt-muenster.de\/wordpress\/wp-content\/uploads\/2013\/04\/fanprojekt_bus.jpg\" \/>\n\t<meta property=\"og:image:width\" content=\"600\" \/>\n\t<meta property=\"og:image:height\" content=\"450\" \/>\n\t<meta property=\"og:image:type\" content=\"image\/jpeg\" \/>\n<meta name=\"author\" content=\"Florian\" \/>\n<meta name=\"twitter:card\" content=\"summary_large_image\" \/>\n<meta name=\"twitter:label1\" content=\"Verfasst von\" \/>\n\t<meta name=\"twitter:data1\" content=\"Florian\" \/>\n\t<meta name=\"twitter:label2\" content=\"Gesch\u00e4tzte Lesezeit\" \/>\n\t<meta name=\"twitter:data2\" content=\"1\u00a0Minute\" \/>\n<script type=\"application\/ld+json\" class=\"yoast-schema-graph\">{\"@context\":\"https:\/\/schema.org\",\"@graph\":[{\"@type\":\"Article\",\"@id\":\"https:\/\/www.fanprojekt-muenster.de\/wordpress\/nur-5-euro-vorverkauf-fuer-koeln-fahrt-startet-jetzt\/#article\",\"isPartOf\":{\"@id\":\"https:\/\/www.fanprojekt-muenster.de\/wordpress\/nur-5-euro-vorverkauf-fuer-koeln-fahrt-startet-jetzt\/\"},\"author\":{\"name\":\"Florian\",\"@id\":\"https:\/\/www.fanprojekt-muenster.de\/wordpress\/#\/schema\/person\/529d3ee920414da8907f25b585d57a4e\"},\"headline\":\"Nur 5 Euro: Vorverkauf f\u00fcr K\u00f6ln-Fahrt startet jetzt\",\"datePublished\":\"2018-02-28T17:30:52+00:00\",\"mainEntityOfPage\":{\"@id\":\"https:\/\/www.fanprojekt-muenster.de\/wordpress\/nur-5-euro-vorverkauf-fuer-koeln-fahrt-startet-jetzt\/\"},\"wordCount\":130,\"publisher\":{\"@id\":\"https:\/\/www.fanprojekt-muenster.de\/wordpress\/#organization\"},\"image\":{\"@id\":\"https:\/\/www.fanprojekt-muenster.de\/wordpress\/nur-5-euro-vorverkauf-fuer-koeln-fahrt-startet-jetzt\/#primaryimage\"},\"thumbnailUrl\":\"https:\/\/www.fanprojekt-muenster.de\/wordpress\/wp-content\/uploads\/2013\/04\/fanprojekt_bus.jpg\",\"keywords\":[\"Ausw\u00e4rtsfahrt\",\"K\u00f6ln\",\"Von Fans f\u00fcr Fans\"],\"articleSection\":{\"0\":\"Aktionen\",\"1\":\"Aktuelles\",\"3\":\"Ausw\u00e4rts\"},\"inLanguage\":\"de\"},{\"@type\":\"WebPage\",\"@id\":\"https:\/\/www.fanprojekt-muenster.de\/wordpress\/nur-5-euro-vorverkauf-fuer-koeln-fahrt-startet-jetzt\/\",\"url\":\"https:\/\/www.fanprojekt-muenster.de\/wordpress\/nur-5-euro-vorverkauf-fuer-koeln-fahrt-startet-jetzt\/\",\"name\":\"Nur 5 Euro: Vorverkauf f\u00fcr K\u00f6ln-Fahrt startet jetzt - Fangemeinschaft Preu\u00dfen M\u00fcnster e. V.\",\"isPartOf\":{\"@id\":\"https:\/\/www.fanprojekt-muenster.de\/wordpress\/#website\"},\"primaryImageOfPage\":{\"@id\":\"https:\/\/www.fanprojekt-muenster.de\/wordpress\/nur-5-euro-vorverkauf-fuer-koeln-fahrt-startet-jetzt\/#primaryimage\"},\"image\":{\"@id\":\"https:\/\/www.fanprojekt-muenster.de\/wordpress\/nur-5-euro-vorverkauf-fuer-koeln-fahrt-startet-jetzt\/#primaryimage\"},\"thumbnailUrl\":\"https:\/\/www.fanprojekt-muenster.de\/wordpress\/wp-content\/uploads\/2013\/04\/fanprojekt_bus.jpg\",\"datePublished\":\"2018-02-28T17:30:52+00:00\",\"breadcrumb\":{\"@id\":\"https:\/\/www.fanprojekt-muenster.de\/wordpress\/nur-5-euro-vorverkauf-fuer-koeln-fahrt-startet-jetzt\/#breadcrumb\"},\"inLanguage\":\"de\",\"potentialAction\":[{\"@type\":\"ReadAction\",\"target\":[\"https:\/\/www.fanprojekt-muenster.de\/wordpress\/nur-5-euro-vorverkauf-fuer-koeln-fahrt-startet-jetzt\/\"]}]},{\"@type\":\"ImageObject\",\"inLanguage\":\"de\",\"@id\":\"https:\/\/www.fanprojekt-muenster.de\/wordpress\/nur-5-euro-vorverkauf-fuer-koeln-fahrt-startet-jetzt\/#primaryimage\",\"url\":\"https:\/\/www.fanprojekt-muenster.de\/wordpress\/wp-content\/uploads\/2013\/04\/fanprojekt_bus.jpg\",\"contentUrl\":\"https:\/\/www.fanprojekt-muenster.de\/wordpress\/wp-content\/uploads\/2013\/04\/fanprojekt_bus.jpg\",\"width\":600,\"height\":450},{\"@type\":\"BreadcrumbList\",\"@id\":\"https:\/\/www.fanprojekt-muenster.de\/wordpress\/nur-5-euro-vorverkauf-fuer-koeln-fahrt-startet-jetzt\/#breadcrumb\",\"itemListElement\":[{\"@type\":\"ListItem\",\"position\":1,\"name\":\"Startseite\",\"item\":\"https:\/\/www.fanprojekt-muenster.de\/wordpress\/\"},{\"@type\":\"ListItem\",\"position\":2,\"name\":\"Nur 5 Euro: Vorverkauf f\u00fcr K\u00f6ln-Fahrt startet jetzt\"}]},{\"@type\":\"WebSite\",\"@id\":\"https:\/\/www.fanprojekt-muenster.de\/wordpress\/#website\",\"url\":\"https:\/\/www.fanprojekt-muenster.de\/wordpress\/\",\"name\":\"Fangemeinschaft Preu\u00dfen M\u00fcnster e. V.\",\"description\":\"\",\"publisher\":{\"@id\":\"https:\/\/www.fanprojekt-muenster.de\/wordpress\/#organization\"},\"potentialAction\":[{\"@type\":\"SearchAction\",\"target\":{\"@type\":\"EntryPoint\",\"urlTemplate\":\"https:\/\/www.fanprojekt-muenster.de\/wordpress\/?s={search_term_string}\"},\"query-input\":{\"@type\":\"PropertyValueSpecification\",\"valueRequired\":true,\"valueName\":\"search_term_string\"}}],\"inLanguage\":\"de\"},{\"@type\":\"Organization\",\"@id\":\"https:\/\/www.fanprojekt-muenster.de\/wordpress\/#organization\",\"name\":\"Fangemeinschaft Preu\u00dfen M\u00fcnster e. V.\",\"url\":\"https:\/\/www.fanprojekt-muenster.de\/wordpress\/\",\"logo\":{\"@type\":\"ImageObject\",\"inLanguage\":\"de\",\"@id\":\"https:\/\/www.fanprojekt-muenster.de\/wordpress\/#\/schema\/logo\/image\/\",\"url\":\"https:\/\/www.fanprojekt-muenster.de\/wordpress\/wp-content\/uploads\/2019\/07\/cropped-Website_Logo3-9.png\",\"contentUrl\":\"https:\/\/www.fanprojekt-muenster.de\/wordpress\/wp-content\/uploads\/2019\/07\/cropped-Website_Logo3-9.png\",\"width\":224,\"height\":42,\"caption\":\"Fangemeinschaft Preu\u00dfen M\u00fcnster e. V.\"},\"image\":{\"@id\":\"https:\/\/www.fanprojekt-muenster.de\/wordpress\/#\/schema\/logo\/image\/\"}},{\"@type\":\"Person\",\"@id\":\"https:\/\/www.fanprojekt-muenster.de\/wordpress\/#\/schema\/person\/529d3ee920414da8907f25b585d57a4e\",\"name\":\"Florian\",\"url\":\"https:\/\/www.fanprojekt-muenster.de\/wordpress\/author\/flovoss\/\"}]}<\/script>\n<!-- \/ Yoast SEO plugin. -->","yoast_head_json":{"title":"Nur 5 Euro: Vorverkauf f\u00fcr K\u00f6ln-Fahrt startet jetzt - Fangemeinschaft Preu\u00dfen M\u00fcnster e. V.","robots":{"index":"index","follow":"follow","max-snippet":"max-snippet:-1","max-image-preview":"max-image-preview:large","max-video-preview":"max-video-preview:-1"},"canonical":"https:\/\/www.fanprojekt-muenster.de\/wordpress\/nur-5-euro-vorverkauf-fuer-koeln-fahrt-startet-jetzt\/","og_locale":"de_DE","og_type":"article","og_title":"Nur 5 Euro: Vorverkauf f\u00fcr K\u00f6ln-Fahrt startet jetzt - Fangemeinschaft Preu\u00dfen M\u00fcnster e. V.","og_description":"Am Samstag, 3.3., beginnt der Vorverkauf f\u00fcr die Bus-Tickets nach K\u00f6ln.\u00a0 F\u00fcr den extrem g\u00fcnstigen Kurs von f\u00fcnf Euro kann jedermann mit dem Fanprojekt am Wochenende des 14. April zum... Read more &raquo;","og_url":"https:\/\/www.fanprojekt-muenster.de\/wordpress\/nur-5-euro-vorverkauf-fuer-koeln-fahrt-startet-jetzt\/","og_site_name":"Fangemeinschaft Preu\u00dfen M\u00fcnster e. V.","article_published_time":"2018-02-28T17:30:52+00:00","og_image":[{"width":600,"height":450,"url":"https:\/\/www.fanprojekt-muenster.de\/wordpress\/wp-content\/uploads\/2013\/04\/fanprojekt_bus.jpg","type":"image\/jpeg"}],"author":"Florian","twitter_card":"summary_large_image","twitter_misc":{"Verfasst von":"Florian","Gesch\u00e4tzte Lesezeit":"1\u00a0Minute"},"schema":{"@context":"https:\/\/schema.org","@graph":[{"@type":"Article","@id":"https:\/\/www.fanprojekt-muenster.de\/wordpress\/nur-5-euro-vorverkauf-fuer-koeln-fahrt-startet-jetzt\/#article","isPartOf":{"@id":"https:\/\/www.fanprojekt-muenster.de\/wordpress\/nur-5-euro-vorverkauf-fuer-koeln-fahrt-startet-jetzt\/"},"author":{"name":"Florian","@id":"https:\/\/www.fanprojekt-muenster.de\/wordpress\/#\/schema\/person\/529d3ee920414da8907f25b585d57a4e"},"headline":"Nur 5 Euro: Vorverkauf f\u00fcr K\u00f6ln-Fahrt startet jetzt","datePublished":"2018-02-28T17:30:52+00:00","mainEntityOfPage":{"@id":"https:\/\/www.fanprojekt-muenster.de\/wordpress\/nur-5-euro-vorverkauf-fuer-koeln-fahrt-startet-jetzt\/"},"wordCount":130,"publisher":{"@id":"https:\/\/www.fanprojekt-muenster.de\/wordpress\/#organization"},"image":{"@id":"https:\/\/www.fanprojekt-muenster.de\/wordpress\/nur-5-euro-vorverkauf-fuer-koeln-fahrt-startet-jetzt\/#primaryimage"},"thumbnailUrl":"https:\/\/www.fanprojekt-muenster.de\/wordpress\/wp-content\/uploads\/2013\/04\/fanprojekt_bus.jpg","keywords":["Ausw\u00e4rtsfahrt","K\u00f6ln","Von Fans f\u00fcr Fans"],"articleSection":{"0":"Aktionen","1":"Aktuelles","3":"Ausw\u00e4rts"},"inLanguage":"de"},{"@type":"WebPage","@id":"https:\/\/www.fanprojekt-muenster.de\/wordpress\/nur-5-euro-vorverkauf-fuer-koeln-fahrt-startet-jetzt\/","url":"https:\/\/www.fanprojekt-muenster.de\/wordpress\/nur-5-euro-vorverkauf-fuer-koeln-fahrt-startet-jetzt\/","name":"Nur 5 Euro: Vorverkauf f\u00fcr K\u00f6ln-Fahrt startet jetzt - Fangemeinschaft Preu\u00dfen M\u00fcnster e. V.","isPartOf":{"@id":"https:\/\/www.fanprojekt-muenster.de\/wordpress\/#website"},"primaryImageOfPage":{"@id":"https:\/\/www.fanprojekt-muenster.de\/wordpress\/nur-5-euro-vorverkauf-fuer-koeln-fahrt-startet-jetzt\/#primaryimage"},"image":{"@id":"https:\/\/www.fanprojekt-muenster.de\/wordpress\/nur-5-euro-vorverkauf-fuer-koeln-fahrt-startet-jetzt\/#primaryimage"},"thumbnailUrl":"https:\/\/www.fanprojekt-muenster.de\/wordpress\/wp-content\/uploads\/2013\/04\/fanprojekt_bus.jpg","datePublished":"2018-02-28T17:30:52+00:00","breadcrumb":{"@id":"https:\/\/www.fanprojekt-muenster.de\/wordpress\/nur-5-euro-vorverkauf-fuer-koeln-fahrt-startet-jetzt\/#breadcrumb"},"inLanguage":"de","potentialAction":[{"@type":"ReadAction","target":["https:\/\/www.fanprojekt-muenster.de\/wordpress\/nur-5-euro-vorverkauf-fuer-koeln-fahrt-startet-jetzt\/"]}]},{"@type":"ImageObject","inLanguage":"de","@id":"https:\/\/www.fanprojekt-muenster.de\/wordpress\/nur-5-euro-vorverkauf-fuer-koeln-fahrt-startet-jetzt\/#primaryimage","url":"https:\/\/www.fanprojekt-muenster.de\/wordpress\/wp-content\/uploads\/2013\/04\/fanprojekt_bus.jpg","contentUrl":"https:\/\/www.fanprojekt-muenster.de\/wordpress\/wp-content\/uploads\/2013\/04\/fanprojekt_bus.jpg","width":600,"height":450},{"@type":"BreadcrumbList","@id":"https:\/\/www.fanprojekt-muenster.de\/wordpress\/nur-5-euro-vorverkauf-fuer-koeln-fahrt-startet-jetzt\/#breadcrumb","itemListElement":[{"@type":"ListItem","position":1,"name":"Startseite","item":"https:\/\/www.fanprojekt-muenster.de\/wordpress\/"},{"@type":"ListItem","position":2,"name":"Nur 5 Euro: Vorverkauf f\u00fcr K\u00f6ln-Fahrt startet jetzt"}]},{"@type":"WebSite","@id":"https:\/\/www.fanprojekt-muenster.de\/wordpress\/#website","url":"https:\/\/www.fanprojekt-muenster.de\/wordpress\/","name":"Fangemeinschaft Preu\u00dfen M\u00fcnster e. V.","description":"","publisher":{"@id":"https:\/\/www.fanprojekt-muenster.de\/wordpress\/#organization"},"potentialAction":[{"@type":"SearchAction","target":{"@type":"EntryPoint","urlTemplate":"https:\/\/www.fanprojekt-muenster.de\/wordpress\/?s={search_term_string}"},"query-input":{"@type":"PropertyValueSpecification","valueRequired":true,"valueName":"search_term_string"}}],"inLanguage":"de"},{"@type":"Organization","@id":"https:\/\/www.fanprojekt-muenster.de\/wordpress\/#organization","name":"Fangemeinschaft Preu\u00dfen M\u00fcnster e. V.","url":"https:\/\/www.fanprojekt-muenster.de\/wordpress\/","logo":{"@type":"ImageObject","inLanguage":"de","@id":"https:\/\/www.fanprojekt-muenster.de\/wordpress\/#\/schema\/logo\/image\/","url":"https:\/\/www.fanprojekt-muenster.de\/wordpress\/wp-content\/uploads\/2019\/07\/cropped-Website_Logo3-9.png","contentUrl":"https:\/\/www.fanprojekt-muenster.de\/wordpress\/wp-content\/uploads\/2019\/07\/cropped-Website_Logo3-9.png","width":224,"height":42,"caption":"Fangemeinschaft Preu\u00dfen M\u00fcnster e. V."},"image":{"@id":"https:\/\/www.fanprojekt-muenster.de\/wordpress\/#\/schema\/logo\/image\/"}},{"@type":"Person","@id":"https:\/\/www.fanprojekt-muenster.de\/wordpress\/#\/schema\/person\/529d3ee920414da8907f25b585d57a4e","name":"Florian","url":"https:\/\/www.fanprojekt-muenster.de\/wordpress\/author\/flovoss\/"}]}},"author_meta":{"display_name":"Florian","author_link":"https:\/\/www.fanprojekt-muenster.de\/wordpress\/author\/flovoss\/"},"featured_img":"https:\/\/www.fanprojekt-muenster.de\/wordpress\/wp-content\/uploads\/2013\/04\/fanprojekt_bus-300x225.jpg","coauthors":[],"tax_additional":{"categories":{"linked":["<a href=\"https:\/\/www.fanprojekt-muenster.de\/wordpress\/category\/aktionen\/\" class=\"advgb-post-tax-term\">Aktionen<\/a>","<a href=\"https:\/\/www.fanprojekt-muenster.de\/wordpress\/category\/aktuelles\/\" class=\"advgb-post-tax-term\">Aktuelles<\/a>","<a href=\"https:\/\/www.fanprojekt-muenster.de\/wordpress\/category\/allgemein\/\" class=\"advgb-post-tax-term\">Allgemein<\/a>","<a href=\"https:\/\/www.fanprojekt-muenster.de\/wordpress\/category\/auswarts\/\" class=\"advgb-post-tax-term\">Ausw\u00e4rts<\/a>"],"unlinked":["<span class=\"advgb-post-tax-term\">Aktionen<\/span>","<span class=\"advgb-post-tax-term\">Aktuelles<\/span>","<span class=\"advgb-post-tax-term\">Allgemein<\/span>","<span class=\"advgb-post-tax-term\">Ausw\u00e4rts<\/span>"]},"tags":{"linked":["<a href=\"https:\/\/www.fanprojekt-muenster.de\/wordpress\/category\/auswarts\/\" class=\"advgb-post-tax-term\">Ausw\u00e4rtsfahrt<\/a>","<a href=\"https:\/\/www.fanprojekt-muenster.de\/wordpress\/category\/auswarts\/\" class=\"advgb-post-tax-term\">K\u00f6ln<\/a>","<a href=\"https:\/\/www.fanprojekt-muenster.de\/wordpress\/category\/auswarts\/\" class=\"advgb-post-tax-term\">Von Fans f\u00fcr Fans<\/a>"],"unlinked":["<span class=\"advgb-post-tax-term\">Ausw\u00e4rtsfahrt<\/span>","<span class=\"advgb-post-tax-term\">K\u00f6ln<\/span>","<span class=\"advgb-post-tax-term\">Von Fans f\u00fcr Fans<\/span>"]}},"comment_count":"0","relative_dates":{"created":"Posted 8\u00a0Jahren ago","modified":"Updated 8\u00a0Jahren ago"},"absolute_dates":{"created":"Posted on 28. Februar 2018","modified":"Updated on 28. Februar 2018"},"absolute_dates_time":{"created":"Posted on 28. Februar 2018 19:30","modified":"Updated on 28. Februar 2018 19:30"},"featured_img_caption":"","series_order":"","_links":{"self":[{"href":"https:\/\/www.fanprojekt-muenster.de\/wordpress\/wp-json\/wp\/v2\/posts\/5570","targetHints":{"allow":["GET"]}}],"collection":[{"href":"https:\/\/www.fanprojekt-muenster.de\/wordpress\/wp-json\/wp\/v2\/posts"}],"about":[{"href":"https:\/\/www.fanprojekt-muenster.de\/wordpress\/wp-json\/wp\/v2\/types\/post"}],"author":[{"embeddable":true,"href":"https:\/\/www.fanprojekt-muenster.de\/wordpress\/wp-json\/wp\/v2\/users\/5"}],"replies":[{"embeddable":true,"href":"https:\/\/www.fanprojekt-muenster.de\/wordpress\/wp-json\/wp\/v2\/comments?post=5570"}],"version-history":[{"count":0,"href":"https:\/\/www.fanprojekt-muenster.de\/wordpress\/wp-json\/wp\/v2\/posts\/5570\/revisions"}],"wp:featuredmedia":[{"embeddable":true,"href":"https:\/\/www.fanprojekt-muenster.de\/wordpress\/wp-json\/wp\/v2\/media\/669"}],"wp:attachment":[{"href":"https:\/\/www.fanprojekt-muenster.de\/wordpress\/wp-json\/wp\/v2\/media?parent=5570"}],"wp:term":[{"taxonomy":"category","embeddable":true,"href":"https:\/\/www.fanprojekt-muenster.de\/wordpress\/wp-json\/wp\/v2\/categories?post=5570"},{"taxonomy":"post_tag","embeddable":true,"href":"https:\/\/www.fanprojekt-muenster.de\/wordpress\/wp-json\/wp\/v2\/tags?post=5570"}],"curies":[{"name":"wp","href":"https:\/\/api.w.org\/{rel}","templated":true}]}}