{"id":5568,"date":"2018-02-28T19:22:23","date_gmt":"2018-02-28T17:22:23","guid":{"rendered":"http:\/\/www.fanprojekt-muenster.de\/wp\/?p=5568"},"modified":"2018-02-28T19:22:23","modified_gmt":"2018-02-28T17:22:23","slug":"ausblick-auf-die-vorstandswahlen-2018","status":"publish","type":"post","link":"https:\/\/www.fanprojekt-muenster.de\/wordpress\/ausblick-auf-die-vorstandswahlen-2018\/","title":{"rendered":"Ausblick auf die Vorstandswahlen 2018"},"content":{"rendered":"<p>Im Herbst dieses Jahres endet die Amtszeit des aktuellen Fanprojekt-Vorstands turnusgem\u00e4\u00df mit der n\u00e4chsten Jahreshauptversammlung. Nicht alle Mitglieder des aktuellen Vorstandes werden f\u00fcr eine weitere Amtszeit zur Verf\u00fcgung stehen. Wir m\u00f6chten hiermit daher fr\u00fchzeitig Interessierte ansprechen, die sich eine aktive Vereinsarbeit vorstellen k\u00f6nnen.<\/p>\n<p>Nat\u00fcrlich geht die bisherige, erfolgreiche Vorstandsarbeit ohne Einschr\u00e4nkungen weiter. Wir wollen aber die aktuell 630 Mitglieder des Fanprojektes sowie alle Preu\u00dfenfans und die interessierte \u00d6ffentlichkeit fr\u00fchzeitig sensibilisieren und motivieren. Es w\u00fcrde uns freuen, wenn sich viele Personen aus der Fanszene gedanklich damit auseinandersetzen, sich im Fanprojekt zu engagieren und auch ein m\u00f6gliches Amt im \u2013 laut Satzung \u2013 achtk\u00f6pfigen Vorstand ab dem Sp\u00e4tsommer 2018 \u00fcbernehmen zu wollen.<\/p>\n<p>Wir, Benny, Maike, Michael, Christian, Ralf, Nico, Florian (seit 2015) und Justin (seit 2016) sind seit September 2014 im Amt und haben das Fanprojekt neu strukturiert, stark vernetzt und organisatorisch ausgebaut. F\u00fcr die n\u00e4chsten Monate ist unter anderem die Etablierung eines Leitbild-Prozesses beim Hauptverein, die Aktualisierung der Stadionordnung und die Durchf\u00fchrung einer gro\u00dfe Ausw\u00e4rtsfahrt nach K\u00f6ln geplant. Die Gr\u00fcnde der einzelnen Vorstandsmitglieder, die Arbeit nach bis zu vier Jahren nicht mehr weiter zu f\u00fchren, sind vielf\u00e4ltig und stehen teilweise schon l\u00e4nger fest.<\/p>\n","protected":false},"excerpt":{"rendered":"<p>Im Herbst dieses Jahres endet die Amtszeit des aktuellen Fanprojekt-Vorstands turnusgem\u00e4\u00df mit der n\u00e4chsten Jahreshauptversammlung. Nicht alle Mitglieder des aktuellen Vorstandes werden f\u00fcr eine weitere Amtszeit zur Verf\u00fcgung stehen. Wir&#8230; <a class=\"read-more-link\" href=\"https:\/\/www.fanprojekt-muenster.de\/wordpress\/ausblick-auf-die-vorstandswahlen-2018\/\">Read more &raquo;<\/a><\/p>\n","protected":false},"author":5,"featured_media":4390,"comment_status":"closed","ping_status":"closed","sticky":false,"template":"","format":"standard","meta":{"advgb_blocks_editor_width":"","advgb_blocks_columns_visual_guide":"","footnotes":""},"categories":[3,1],"tags":[154,286],"class_list":["post-5568","post","type-post","status-publish","format-standard","has-post-thumbnail","hentry","category-aktuelles","category-allgemein","tag-jahreshauptversammlung","tag-vorstand"],"featured_image_src":null,"author_info":{"display_name":"Florian","author_link":"https:\/\/www.fanprojekt-muenster.de\/wordpress\/author\/flovoss\/"},"yoast_head":"<!-- This site is optimized with the Yoast SEO plugin v27.2 - https:\/\/yoast.com\/product\/yoast-seo-wordpress\/ -->\n<title>Ausblick auf die Vorstandswahlen 2018 - Fangemeinschaft Preu\u00dfen M\u00fcnster e. V.<\/title>\n<meta name=\"robots\" content=\"index, follow, max-snippet:-1, max-image-preview:large, max-video-preview:-1\" \/>\n<link rel=\"canonical\" href=\"https:\/\/www.fanprojekt-muenster.de\/wordpress\/ausblick-auf-die-vorstandswahlen-2018\/\" \/>\n<meta property=\"og:locale\" content=\"de_DE\" \/>\n<meta property=\"og:type\" content=\"article\" \/>\n<meta property=\"og:title\" content=\"Ausblick auf die Vorstandswahlen 2018 - Fangemeinschaft Preu\u00dfen M\u00fcnster e. V.\" \/>\n<meta property=\"og:description\" content=\"Im Herbst dieses Jahres endet die Amtszeit des aktuellen Fanprojekt-Vorstands turnusgem\u00e4\u00df mit der n\u00e4chsten Jahreshauptversammlung. Nicht alle Mitglieder des aktuellen Vorstandes werden f\u00fcr eine weitere Amtszeit zur Verf\u00fcgung stehen. Wir... Read more &raquo;\" \/>\n<meta property=\"og:url\" content=\"https:\/\/www.fanprojekt-muenster.de\/wordpress\/ausblick-auf-die-vorstandswahlen-2018\/\" \/>\n<meta property=\"og:site_name\" content=\"Fangemeinschaft Preu\u00dfen M\u00fcnster e. V.\" \/>\n<meta property=\"article:published_time\" content=\"2018-02-28T17:22:23+00:00\" \/>\n<meta name=\"author\" content=\"Florian\" \/>\n<meta name=\"twitter:card\" content=\"summary_large_image\" \/>\n<meta name=\"twitter:label1\" content=\"Verfasst von\" \/>\n\t<meta name=\"twitter:data1\" content=\"Florian\" \/>\n\t<meta name=\"twitter:label2\" content=\"Gesch\u00e4tzte Lesezeit\" \/>\n\t<meta name=\"twitter:data2\" content=\"1\u00a0Minute\" \/>\n<script type=\"application\/ld+json\" class=\"yoast-schema-graph\">{\"@context\":\"https:\/\/schema.org\",\"@graph\":[{\"@type\":\"Article\",\"@id\":\"https:\/\/www.fanprojekt-muenster.de\/wordpress\/ausblick-auf-die-vorstandswahlen-2018\/#article\",\"isPartOf\":{\"@id\":\"https:\/\/www.fanprojekt-muenster.de\/wordpress\/ausblick-auf-die-vorstandswahlen-2018\/\"},\"author\":{\"name\":\"Florian\",\"@id\":\"https:\/\/www.fanprojekt-muenster.de\/wordpress\/#\/schema\/person\/529d3ee920414da8907f25b585d57a4e\"},\"headline\":\"Ausblick auf die Vorstandswahlen 2018\",\"datePublished\":\"2018-02-28T17:22:23+00:00\",\"mainEntityOfPage\":{\"@id\":\"https:\/\/www.fanprojekt-muenster.de\/wordpress\/ausblick-auf-die-vorstandswahlen-2018\/\"},\"wordCount\":213,\"publisher\":{\"@id\":\"https:\/\/www.fanprojekt-muenster.de\/wordpress\/#organization\"},\"image\":{\"@id\":\"https:\/\/www.fanprojekt-muenster.de\/wordpress\/ausblick-auf-die-vorstandswahlen-2018\/#primaryimage\"},\"thumbnailUrl\":\"\",\"keywords\":[\"Jahreshauptversammlung\",\"Vorstand\"],\"articleSection\":[\"Aktuelles\"],\"inLanguage\":\"de\"},{\"@type\":\"WebPage\",\"@id\":\"https:\/\/www.fanprojekt-muenster.de\/wordpress\/ausblick-auf-die-vorstandswahlen-2018\/\",\"url\":\"https:\/\/www.fanprojekt-muenster.de\/wordpress\/ausblick-auf-die-vorstandswahlen-2018\/\",\"name\":\"Ausblick auf die Vorstandswahlen 2018 - Fangemeinschaft Preu\u00dfen M\u00fcnster e. V.\",\"isPartOf\":{\"@id\":\"https:\/\/www.fanprojekt-muenster.de\/wordpress\/#website\"},\"primaryImageOfPage\":{\"@id\":\"https:\/\/www.fanprojekt-muenster.de\/wordpress\/ausblick-auf-die-vorstandswahlen-2018\/#primaryimage\"},\"image\":{\"@id\":\"https:\/\/www.fanprojekt-muenster.de\/wordpress\/ausblick-auf-die-vorstandswahlen-2018\/#primaryimage\"},\"thumbnailUrl\":\"\",\"datePublished\":\"2018-02-28T17:22:23+00:00\",\"breadcrumb\":{\"@id\":\"https:\/\/www.fanprojekt-muenster.de\/wordpress\/ausblick-auf-die-vorstandswahlen-2018\/#breadcrumb\"},\"inLanguage\":\"de\",\"potentialAction\":[{\"@type\":\"ReadAction\",\"target\":[\"https:\/\/www.fanprojekt-muenster.de\/wordpress\/ausblick-auf-die-vorstandswahlen-2018\/\"]}]},{\"@type\":\"ImageObject\",\"inLanguage\":\"de\",\"@id\":\"https:\/\/www.fanprojekt-muenster.de\/wordpress\/ausblick-auf-die-vorstandswahlen-2018\/#primaryimage\",\"url\":\"\",\"contentUrl\":\"\"},{\"@type\":\"BreadcrumbList\",\"@id\":\"https:\/\/www.fanprojekt-muenster.de\/wordpress\/ausblick-auf-die-vorstandswahlen-2018\/#breadcrumb\",\"itemListElement\":[{\"@type\":\"ListItem\",\"position\":1,\"name\":\"Startseite\",\"item\":\"https:\/\/www.fanprojekt-muenster.de\/wordpress\/\"},{\"@type\":\"ListItem\",\"position\":2,\"name\":\"Ausblick auf die Vorstandswahlen 2018\"}]},{\"@type\":\"WebSite\",\"@id\":\"https:\/\/www.fanprojekt-muenster.de\/wordpress\/#website\",\"url\":\"https:\/\/www.fanprojekt-muenster.de\/wordpress\/\",\"name\":\"Fangemeinschaft Preu\u00dfen M\u00fcnster e. V.\",\"description\":\"\",\"publisher\":{\"@id\":\"https:\/\/www.fanprojekt-muenster.de\/wordpress\/#organization\"},\"potentialAction\":[{\"@type\":\"SearchAction\",\"target\":{\"@type\":\"EntryPoint\",\"urlTemplate\":\"https:\/\/www.fanprojekt-muenster.de\/wordpress\/?s={search_term_string}\"},\"query-input\":{\"@type\":\"PropertyValueSpecification\",\"valueRequired\":true,\"valueName\":\"search_term_string\"}}],\"inLanguage\":\"de\"},{\"@type\":\"Organization\",\"@id\":\"https:\/\/www.fanprojekt-muenster.de\/wordpress\/#organization\",\"name\":\"Fangemeinschaft Preu\u00dfen M\u00fcnster e. V.\",\"url\":\"https:\/\/www.fanprojekt-muenster.de\/wordpress\/\",\"logo\":{\"@type\":\"ImageObject\",\"inLanguage\":\"de\",\"@id\":\"https:\/\/www.fanprojekt-muenster.de\/wordpress\/#\/schema\/logo\/image\/\",\"url\":\"https:\/\/www.fanprojekt-muenster.de\/wordpress\/wp-content\/uploads\/2019\/07\/cropped-Website_Logo3-9.png\",\"contentUrl\":\"https:\/\/www.fanprojekt-muenster.de\/wordpress\/wp-content\/uploads\/2019\/07\/cropped-Website_Logo3-9.png\",\"width\":224,\"height\":42,\"caption\":\"Fangemeinschaft Preu\u00dfen M\u00fcnster e. V.\"},\"image\":{\"@id\":\"https:\/\/www.fanprojekt-muenster.de\/wordpress\/#\/schema\/logo\/image\/\"}},{\"@type\":\"Person\",\"@id\":\"https:\/\/www.fanprojekt-muenster.de\/wordpress\/#\/schema\/person\/529d3ee920414da8907f25b585d57a4e\",\"name\":\"Florian\",\"url\":\"https:\/\/www.fanprojekt-muenster.de\/wordpress\/author\/flovoss\/\"}]}<\/script>\n<!-- \/ Yoast SEO plugin. -->","yoast_head_json":{"title":"Ausblick auf die Vorstandswahlen 2018 - Fangemeinschaft Preu\u00dfen M\u00fcnster e. V.","robots":{"index":"index","follow":"follow","max-snippet":"max-snippet:-1","max-image-preview":"max-image-preview:large","max-video-preview":"max-video-preview:-1"},"canonical":"https:\/\/www.fanprojekt-muenster.de\/wordpress\/ausblick-auf-die-vorstandswahlen-2018\/","og_locale":"de_DE","og_type":"article","og_title":"Ausblick auf die Vorstandswahlen 2018 - Fangemeinschaft Preu\u00dfen M\u00fcnster e. V.","og_description":"Im Herbst dieses Jahres endet die Amtszeit des aktuellen Fanprojekt-Vorstands turnusgem\u00e4\u00df mit der n\u00e4chsten Jahreshauptversammlung. Nicht alle Mitglieder des aktuellen Vorstandes werden f\u00fcr eine weitere Amtszeit zur Verf\u00fcgung stehen. Wir... Read more &raquo;","og_url":"https:\/\/www.fanprojekt-muenster.de\/wordpress\/ausblick-auf-die-vorstandswahlen-2018\/","og_site_name":"Fangemeinschaft Preu\u00dfen M\u00fcnster e. V.","article_published_time":"2018-02-28T17:22:23+00:00","author":"Florian","twitter_card":"summary_large_image","twitter_misc":{"Verfasst von":"Florian","Gesch\u00e4tzte Lesezeit":"1\u00a0Minute"},"schema":{"@context":"https:\/\/schema.org","@graph":[{"@type":"Article","@id":"https:\/\/www.fanprojekt-muenster.de\/wordpress\/ausblick-auf-die-vorstandswahlen-2018\/#article","isPartOf":{"@id":"https:\/\/www.fanprojekt-muenster.de\/wordpress\/ausblick-auf-die-vorstandswahlen-2018\/"},"author":{"name":"Florian","@id":"https:\/\/www.fanprojekt-muenster.de\/wordpress\/#\/schema\/person\/529d3ee920414da8907f25b585d57a4e"},"headline":"Ausblick auf die Vorstandswahlen 2018","datePublished":"2018-02-28T17:22:23+00:00","mainEntityOfPage":{"@id":"https:\/\/www.fanprojekt-muenster.de\/wordpress\/ausblick-auf-die-vorstandswahlen-2018\/"},"wordCount":213,"publisher":{"@id":"https:\/\/www.fanprojekt-muenster.de\/wordpress\/#organization"},"image":{"@id":"https:\/\/www.fanprojekt-muenster.de\/wordpress\/ausblick-auf-die-vorstandswahlen-2018\/#primaryimage"},"thumbnailUrl":"","keywords":["Jahreshauptversammlung","Vorstand"],"articleSection":["Aktuelles"],"inLanguage":"de"},{"@type":"WebPage","@id":"https:\/\/www.fanprojekt-muenster.de\/wordpress\/ausblick-auf-die-vorstandswahlen-2018\/","url":"https:\/\/www.fanprojekt-muenster.de\/wordpress\/ausblick-auf-die-vorstandswahlen-2018\/","name":"Ausblick auf die Vorstandswahlen 2018 - Fangemeinschaft Preu\u00dfen M\u00fcnster e. V.","isPartOf":{"@id":"https:\/\/www.fanprojekt-muenster.de\/wordpress\/#website"},"primaryImageOfPage":{"@id":"https:\/\/www.fanprojekt-muenster.de\/wordpress\/ausblick-auf-die-vorstandswahlen-2018\/#primaryimage"},"image":{"@id":"https:\/\/www.fanprojekt-muenster.de\/wordpress\/ausblick-auf-die-vorstandswahlen-2018\/#primaryimage"},"thumbnailUrl":"","datePublished":"2018-02-28T17:22:23+00:00","breadcrumb":{"@id":"https:\/\/www.fanprojekt-muenster.de\/wordpress\/ausblick-auf-die-vorstandswahlen-2018\/#breadcrumb"},"inLanguage":"de","potentialAction":[{"@type":"ReadAction","target":["https:\/\/www.fanprojekt-muenster.de\/wordpress\/ausblick-auf-die-vorstandswahlen-2018\/"]}]},{"@type":"ImageObject","inLanguage":"de","@id":"https:\/\/www.fanprojekt-muenster.de\/wordpress\/ausblick-auf-die-vorstandswahlen-2018\/#primaryimage","url":"","contentUrl":""},{"@type":"BreadcrumbList","@id":"https:\/\/www.fanprojekt-muenster.de\/wordpress\/ausblick-auf-die-vorstandswahlen-2018\/#breadcrumb","itemListElement":[{"@type":"ListItem","position":1,"name":"Startseite","item":"https:\/\/www.fanprojekt-muenster.de\/wordpress\/"},{"@type":"ListItem","position":2,"name":"Ausblick auf die Vorstandswahlen 2018"}]},{"@type":"WebSite","@id":"https:\/\/www.fanprojekt-muenster.de\/wordpress\/#website","url":"https:\/\/www.fanprojekt-muenster.de\/wordpress\/","name":"Fangemeinschaft Preu\u00dfen M\u00fcnster e. V.","description":"","publisher":{"@id":"https:\/\/www.fanprojekt-muenster.de\/wordpress\/#organization"},"potentialAction":[{"@type":"SearchAction","target":{"@type":"EntryPoint","urlTemplate":"https:\/\/www.fanprojekt-muenster.de\/wordpress\/?s={search_term_string}"},"query-input":{"@type":"PropertyValueSpecification","valueRequired":true,"valueName":"search_term_string"}}],"inLanguage":"de"},{"@type":"Organization","@id":"https:\/\/www.fanprojekt-muenster.de\/wordpress\/#organization","name":"Fangemeinschaft Preu\u00dfen M\u00fcnster e. V.","url":"https:\/\/www.fanprojekt-muenster.de\/wordpress\/","logo":{"@type":"ImageObject","inLanguage":"de","@id":"https:\/\/www.fanprojekt-muenster.de\/wordpress\/#\/schema\/logo\/image\/","url":"https:\/\/www.fanprojekt-muenster.de\/wordpress\/wp-content\/uploads\/2019\/07\/cropped-Website_Logo3-9.png","contentUrl":"https:\/\/www.fanprojekt-muenster.de\/wordpress\/wp-content\/uploads\/2019\/07\/cropped-Website_Logo3-9.png","width":224,"height":42,"caption":"Fangemeinschaft Preu\u00dfen M\u00fcnster e. V."},"image":{"@id":"https:\/\/www.fanprojekt-muenster.de\/wordpress\/#\/schema\/logo\/image\/"}},{"@type":"Person","@id":"https:\/\/www.fanprojekt-muenster.de\/wordpress\/#\/schema\/person\/529d3ee920414da8907f25b585d57a4e","name":"Florian","url":"https:\/\/www.fanprojekt-muenster.de\/wordpress\/author\/flovoss\/"}]}},"author_meta":{"display_name":"Florian","author_link":"https:\/\/www.fanprojekt-muenster.de\/wordpress\/author\/flovoss\/"},"featured_img":null,"coauthors":[],"tax_additional":{"categories":{"linked":["<a href=\"https:\/\/www.fanprojekt-muenster.de\/wordpress\/category\/aktuelles\/\" class=\"advgb-post-tax-term\">Aktuelles<\/a>","<a href=\"https:\/\/www.fanprojekt-muenster.de\/wordpress\/category\/allgemein\/\" class=\"advgb-post-tax-term\">Allgemein<\/a>"],"unlinked":["<span class=\"advgb-post-tax-term\">Aktuelles<\/span>","<span class=\"advgb-post-tax-term\">Allgemein<\/span>"]},"tags":{"linked":["<a href=\"https:\/\/www.fanprojekt-muenster.de\/wordpress\/category\/allgemein\/\" class=\"advgb-post-tax-term\">Jahreshauptversammlung<\/a>","<a href=\"https:\/\/www.fanprojekt-muenster.de\/wordpress\/category\/allgemein\/\" class=\"advgb-post-tax-term\">Vorstand<\/a>"],"unlinked":["<span class=\"advgb-post-tax-term\">Jahreshauptversammlung<\/span>","<span class=\"advgb-post-tax-term\">Vorstand<\/span>"]}},"comment_count":"0","relative_dates":{"created":"Posted 8\u00a0Jahren ago","modified":"Updated 8\u00a0Jahren ago"},"absolute_dates":{"created":"Posted on 28. Februar 2018","modified":"Updated on 28. Februar 2018"},"absolute_dates_time":{"created":"Posted on 28. Februar 2018 19:22","modified":"Updated on 28. Februar 2018 19:22"},"featured_img_caption":"","series_order":"","_links":{"self":[{"href":"https:\/\/www.fanprojekt-muenster.de\/wordpress\/wp-json\/wp\/v2\/posts\/5568","targetHints":{"allow":["GET"]}}],"collection":[{"href":"https:\/\/www.fanprojekt-muenster.de\/wordpress\/wp-json\/wp\/v2\/posts"}],"about":[{"href":"https:\/\/www.fanprojekt-muenster.de\/wordpress\/wp-json\/wp\/v2\/types\/post"}],"author":[{"embeddable":true,"href":"https:\/\/www.fanprojekt-muenster.de\/wordpress\/wp-json\/wp\/v2\/users\/5"}],"replies":[{"embeddable":true,"href":"https:\/\/www.fanprojekt-muenster.de\/wordpress\/wp-json\/wp\/v2\/comments?post=5568"}],"version-history":[{"count":0,"href":"https:\/\/www.fanprojekt-muenster.de\/wordpress\/wp-json\/wp\/v2\/posts\/5568\/revisions"}],"wp:featuredmedia":[{"embeddable":true,"href":"https:\/\/www.fanprojekt-muenster.de\/wordpress\/wp-json\/"}],"wp:attachment":[{"href":"https:\/\/www.fanprojekt-muenster.de\/wordpress\/wp-json\/wp\/v2\/media?parent=5568"}],"wp:term":[{"taxonomy":"category","embeddable":true,"href":"https:\/\/www.fanprojekt-muenster.de\/wordpress\/wp-json\/wp\/v2\/categories?post=5568"},{"taxonomy":"post_tag","embeddable":true,"href":"https:\/\/www.fanprojekt-muenster.de\/wordpress\/wp-json\/wp\/v2\/tags?post=5568"}],"curies":[{"name":"wp","href":"https:\/\/api.w.org\/{rel}","templated":true}]}}