{"id":5529,"date":"2017-09-19T02:12:55","date_gmt":"2017-09-19T00:12:55","guid":{"rendered":"http:\/\/www.fanprojekt-muenster.de\/wp\/?p=5529"},"modified":"2017-09-19T02:12:55","modified_gmt":"2017-09-19T00:12:55","slug":"fanprojekt-erwartet-mehr-loesungen","status":"publish","type":"post","link":"https:\/\/www.fanprojekt-muenster.de\/wordpress\/fanprojekt-erwartet-mehr-loesungen\/","title":{"rendered":"Fanprojekt erwartet mehr L\u00f6sungen"},"content":{"rendered":"<p>Das Fanprojekt Preu\u00dfen M\u00fcnster e.V. zeigt sich irritiert vom aktuellen Umgang des SC Preu\u00dfen mit seinen Fans und Stadionbesuchern. Seit Beginn der neuen Saison hat der Verein immer wieder durch zahlreiche kurzfristige Ma\u00dfnahmen f\u00fcr Ver\u00e4rgerung seiner Anh\u00e4nger gesorgt. Bisher hat das Fanprojekt versucht, durch Dialog und Vermittlung die entstehenden Probleme zu l\u00f6sen. \u201eDa der Verein jedoch immer wieder neue Einschr\u00e4nkungen statt L\u00f6sungen pr\u00e4sentiert, haben wir uns entschlossen, die Diskussion in die \u00d6ffentlichkeit zu f\u00fchren\u201c, erkl\u00e4rt Benny Sicking, Vorsitzender des Fanprojekts.<\/p>\n<p>Unzureichende Kommunikation<\/p>\n<p>Selbstkritisch stellt der Vorstand des Fanprojekts fest, dass es in den letzten Jahren nicht gelungen ist, dem Hauptverein zu vermitteln, eine kontinuierliche Fanarbeit durchzuf\u00fchren. Dies sorgt immer wieder daf\u00fcr, dass das Fanprojekt sich mit Forderungen und Bitten an die Vereinsf\u00fchrung wenden muss. Das ist nicht die Haupt-Aufgabe des Fanprojekts und derzeit sucht der Vorstand des Fanprojekts nach M\u00f6glichkeiten, diese Situation zu verbessern. \u201eEs ist uns nicht gelungen, die Verbindlichkeit zu erzeugen, die wir vom SC Preu\u00dfen erwarten\u201c, r\u00e4umt daher der Vorsitzende Benny Sicking ein. \u201eWir werden nicht als Partner und Berater gesehen und m\u00fcssen das hinterfragen.\u201c Auch in diesem Zusammenhang ist diese Mitteilung zu verstehen, wie Florian Vo\u00df (Vorstand \u00d6ffentlichkeitsarbeit) erg\u00e4nzt: \u201eWir werden unsere fanpolitischen Anliegen, vor allem auch solche gegen\u00fcber dem Hauptverein, wieder konsequent \u00f6ffentlich darlegen.&#8220; Dadurch erhofft sich das Fanprojekt eine gr\u00f6\u00dfere Entwicklung.<\/p>\n<p>Verbot von Fanmaterial<\/p>\n<p>Die Saison begann bereits mit einer sehr \u00fcberraschenden Nachricht des Vereins: Nur zwei Tagen vor dem ersten Heimspiel wurde \u00fcber eine neue Regelung f\u00fcr die seit Jahrzehnten im Preu\u00dfenstadion pr\u00e4senten Zaunfahnen informiert. Dabei wurden direkt starke Einschr\u00e4nkungen verk\u00fcndet, ohne eine M\u00f6glichkeit, gemeinsame L\u00f6sungen besprechen zu k\u00f6nnen. Zudem wurden lediglich die Ultras und der Fanprojekt-Vorstand in der kurzfristigen Nachricht adressiert, viele Zaunfahnen-Besitzer erfuhren erst am Stadion davon, dass ihre Fahnen nicht mehr h\u00e4ngen d\u00fcrfen, obwohl diese seit langer Zeit dort angebracht waren. Auch die vorgetragenen Gr\u00fcnde &#8211; wie zum Beispiel Brandschutz &#8211; wirken nicht nachvollziehbar, angesichts der Tatsache, dass G\u00e4stefans weiterhin zahlreiche Zaunfahnen aufh\u00e4ngen d\u00fcrfen und zudem teilweise auch Heim-Bereiche ohne Werbebande freigegeben sind.<\/p>\n<p>Zudem wurde mit dem Einsatz eines neuen Sicherheitsdiensts zur neuen Saison auch pl\u00f6tzlich bis dahin gewohntes Fanmaterial verboten. Dies geschah vollst\u00e4ndig ohne Vorank\u00fcndigung, erst am Eingang erfuhren die Fans davon. Von nun an waren zum Beispiel keine Schnipsel mehr erlaubt, wie sie auf der Gegengerade Tradition sind. Der neu eingesetzte Sicherheitsdienst agierte teilweise ruppig in der Umsetzung dieser neuen, nicht kommunizierten und nicht nachvollziehbaren Ma\u00dfnahmen.<\/p>\n<p>\u00dcberraschend aus Sicht des Fanprojektes war es zudem, dass der Seiteneingang zum eigens betriebenen Fan-Container gesperrt wurde, obwohl das Pr\u00e4sidium den Zutritt zumindest nach dem Spiel uneingeschr\u00e4nkt zugesichert hatte. Der Sicherheitsdienst zeigte teils massive Personalst\u00e4rke nach Abpfiff. Eine Erkl\u00e4rung f\u00fcr diese neue Situation konnte das Fanprojekt bis dato nicht nachvollziehen und sie besteht weiterhin. Mit dem Fan-Container leistet das Fanprojekt wichtige Arbeit f\u00fcr die Fanszene, die der Verein jederzeit unterst\u00fctzen sollte.<\/p>\n<p>Veraltete Stadionordnung<br \/>\nZwar haben sich Verein und Sicherheitsdienst f\u00fcr Teile der Ma\u00dfnahmen an den ersten Spieltagen und die kurzfristige Information bei betroffenen Fans entschuldigt, verbessert hat sich die Situation aus Fansicht hingegen nicht. Problematisch ist, dass die stark veraltete Stadionordnung nun offensichtlich rigoros durchgesetzt werden soll. Eine \u00dcberarbeitung dieser und eine anschlie\u00dfende Umsetzung w\u00e4re jedoch die Vorgehensweise, die das Fanprojekt sich w\u00fcnschen w\u00fcrde.<\/p>\n<p>Das Fanprojekt hat sich auch aus diesem Grund vor dem Magdeburg-Spiel mit Vertretern von Sicherheitsorganen und dem Verein getroffen. Zugesichert wurde, wie vom Fanprojekt gefordert, die weitere Verwendung von Standardmaterial f\u00fcr alle Fans bis die Stadionordnung aktualisiert ist. Bei diesem Treffen wurden au\u00dferdem noch weitere Ideen und Vorschl\u00e4ge von Fans und FP-Mitgliedern vorgetragen, die aber abgelehnt wurden. Einzig eine Testphase f\u00fcr einen Dauerkarten-Eingang wurde akzeptiert und nun umgesetzt.<\/p>\n<p>Entgegen der getroffenen Vereinbarung wurden beim Zwickau-Heimspiel erneute Einschr\u00e4nkungen durchgesetzt und diese erneut nicht vorab kommuniziert. Konstruktionen f\u00fcr Zaunfahnen, Fahnenstangen \u00fcber zwei Meter L\u00e4nge und das Podest f\u00fcr Vors\u00e4nger waren pl\u00f6tzlich nicht mehr erlaubt, obwohl diese seit Jahren gestattet sind. Das gesamte Vorgehen sorgt f\u00fcr Unverst\u00e4ndnis.<\/p>\n<p>Da der Verein klargestellt hat, dass er mit der aktuellen Stadionordnung offensichtlich nicht zufrieden ist und die aktuelle Verfahrensweise f\u00fcr Fans unverst\u00e4ndlich ist, m\u00f6chte das Fanprojekt diese gerne gemeinsam mit dem Verein, der diesem Verfahren zugestimmt hat, \u00e4ndern. Florian Vo\u00df, Vorstand \u00d6ffentlichkeitsarbeit: \u201eWir m\u00f6chten, dass dies schnellstm\u00f6glich durchgef\u00fchrt wird, um Klarheit f\u00fcr alle Stadiong\u00e4nger zu erhalten. Zum Start der R\u00fcckrunde muss sp\u00e4testens eine aktuelle Stadionordnung vorliegen.\u201c Die pl\u00f6tzlichen Verbote wirken auf das Fanprojekt sehr konfrontativ. Benny Sicking f\u00fchrt aus: \u201eWir bem\u00e4ngeln, dass nicht nach L\u00f6sungen und Entspannung gesucht und zudem auch unzureichend kommuniziert wird. Wir sind durch so ein Verhalten entt\u00e4uscht und erwarten mehr Souver\u00e4nit\u00e4t und Gelassenheit von der SCP-F\u00fchrung.\u201c Da es in den vergangenen Monaten und Jahren m\u00f6glich war, ein sicheres Fu\u00dfballspiel durchzuf\u00fchren, erwartet das Fanprojekt eine sofortige R\u00fcckkehr zur bisherigen Praxis \u2013 solange keine neue, gemeinsam erarbeitete Stadionordnung besteht. In diesen Prozess bringt sich das Fanprojekt gerne ein, um deeskalierende und nachvollziehbare Ma\u00dfnahmen zu besprechen.<\/p>\n<p>Einschr\u00e4nkungen bei Sicherheitsspielen<\/p>\n<p>In diesem Rahmen macht das Fanprojekt noch auf ein weiteres \u00c4rgernis an Spieltagen aufmerksam, das von den Sicherheitsbeh\u00f6rden, der Stadt und dem Verein gel\u00f6st werden muss. Die Einschr\u00e4nkungen von Heim-Fans bei sogenannten Sicherheitsspielen haben eine nicht mehr zu akzeptierende Routine angenommen. Bei diesen Spielen m\u00fcssen viele Preu\u00dfen-Anh\u00e4nger lange Umwege in Kauf nehmen und Einschr\u00e4nkungen hinnehmen. Grunds\u00e4tzlich handelt es sich aber um ein Heim(!)-Spiel, weshalb das Fanprojekt m\u00f6chte, dass zum Beispiel nicht alle Parkpl\u00e4tze f\u00fcr G\u00e4ste-Fans zur\u00fcckgehalten werden, Eing\u00e4nge um hunderte Meter verlegt werden und Besucher des Supporterblocks nicht den normalen Haupteingang verwenden k\u00f6nnen. Angek\u00fcndigt als Konzept lediglich f\u00fcr \u201eHochsicherheitsspiele\u201c ist dies inzwischen ein sogenanntes \u201ebew\u00e4hrtes Sicherheitskonzept\u201c, das h\u00e4ufig angewendet wird. So wie in der Vergangenheit bereits die Pr\u00e4senz der Polizei verringert werden konnte, h\u00e4lt das Fanprojekt es f\u00fcr unabdinglich, dass die zust\u00e4ndigen Stellen und der Verein zeitnah die Interessen der Stadionbesucher aus M\u00fcnster und dem M\u00fcnsterland in den Fokus r\u00fccken.<\/p>\n<p>Zudem w\u00fcrde sich das Fanprojekt dar\u00fcber freuen, wenn gute Arbeit des Vereins im Fanbereich auch abgebildet werden w\u00fcrde. Seit mehr als einem Jahr praktiziert der Verein u.a. mit dem Fanprojekt eine transparentere Arbeit in der Stadionverbotskommission. Leider ist es bis heute nicht zu der vereinbarten Ver\u00f6ffentlichung der Verfahrensweise durch den Verein als offizielle Instanz gekommen.<\/p>\n","protected":false},"excerpt":{"rendered":"<p>Das Fanprojekt Preu\u00dfen M\u00fcnster e.V. zeigt sich irritiert vom aktuellen Umgang des SC Preu\u00dfen mit seinen Fans und Stadionbesuchern. Seit Beginn der neuen Saison hat der Verein immer wieder durch&#8230; <a class=\"read-more-link\" href=\"https:\/\/www.fanprojekt-muenster.de\/wordpress\/fanprojekt-erwartet-mehr-loesungen\/\">Read more &raquo;<\/a><\/p>\n","protected":false},"author":5,"featured_media":4492,"comment_status":"closed","ping_status":"closed","sticky":false,"template":"","format":"standard","meta":{"advgb_blocks_editor_width":"","advgb_blocks_columns_visual_guide":"","footnotes":""},"categories":[2,3,1],"tags":[],"class_list":["post-5529","post","type-post","status-publish","format-standard","has-post-thumbnail","hentry","category-aktionen","category-aktuelles","category-allgemein"],"featured_image_src":null,"author_info":{"display_name":"Florian","author_link":"https:\/\/www.fanprojekt-muenster.de\/wordpress\/author\/flovoss\/"},"yoast_head":"<!-- This site is optimized with the Yoast SEO plugin v27.2 - https:\/\/yoast.com\/product\/yoast-seo-wordpress\/ -->\n<title>Fanprojekt erwartet mehr L\u00f6sungen - Fangemeinschaft Preu\u00dfen M\u00fcnster e. V.<\/title>\n<meta name=\"robots\" content=\"index, follow, max-snippet:-1, max-image-preview:large, max-video-preview:-1\" \/>\n<link rel=\"canonical\" href=\"https:\/\/www.fanprojekt-muenster.de\/wordpress\/fanprojekt-erwartet-mehr-loesungen\/\" \/>\n<meta property=\"og:locale\" content=\"de_DE\" \/>\n<meta property=\"og:type\" content=\"article\" \/>\n<meta property=\"og:title\" content=\"Fanprojekt erwartet mehr L\u00f6sungen - Fangemeinschaft Preu\u00dfen M\u00fcnster e. V.\" \/>\n<meta property=\"og:description\" content=\"Das Fanprojekt Preu\u00dfen M\u00fcnster e.V. zeigt sich irritiert vom aktuellen Umgang des SC Preu\u00dfen mit seinen Fans und Stadionbesuchern. Seit Beginn der neuen Saison hat der Verein immer wieder durch... Read more &raquo;\" \/>\n<meta property=\"og:url\" content=\"https:\/\/www.fanprojekt-muenster.de\/wordpress\/fanprojekt-erwartet-mehr-loesungen\/\" \/>\n<meta property=\"og:site_name\" content=\"Fangemeinschaft Preu\u00dfen M\u00fcnster e. V.\" \/>\n<meta property=\"article:published_time\" content=\"2017-09-19T00:12:55+00:00\" \/>\n<meta name=\"author\" content=\"Florian\" \/>\n<meta name=\"twitter:card\" content=\"summary_large_image\" \/>\n<meta name=\"twitter:label1\" content=\"Verfasst von\" \/>\n\t<meta name=\"twitter:data1\" content=\"Florian\" \/>\n\t<meta name=\"twitter:label2\" content=\"Gesch\u00e4tzte Lesezeit\" \/>\n\t<meta name=\"twitter:data2\" content=\"6\u00a0Minuten\" \/>\n<script type=\"application\/ld+json\" class=\"yoast-schema-graph\">{\"@context\":\"https:\/\/schema.org\",\"@graph\":[{\"@type\":\"Article\",\"@id\":\"https:\/\/www.fanprojekt-muenster.de\/wordpress\/fanprojekt-erwartet-mehr-loesungen\/#article\",\"isPartOf\":{\"@id\":\"https:\/\/www.fanprojekt-muenster.de\/wordpress\/fanprojekt-erwartet-mehr-loesungen\/\"},\"author\":{\"name\":\"Florian\",\"@id\":\"https:\/\/www.fanprojekt-muenster.de\/wordpress\/#\/schema\/person\/529d3ee920414da8907f25b585d57a4e\"},\"headline\":\"Fanprojekt erwartet mehr L\u00f6sungen\",\"datePublished\":\"2017-09-19T00:12:55+00:00\",\"mainEntityOfPage\":{\"@id\":\"https:\/\/www.fanprojekt-muenster.de\/wordpress\/fanprojekt-erwartet-mehr-loesungen\/\"},\"wordCount\":1138,\"publisher\":{\"@id\":\"https:\/\/www.fanprojekt-muenster.de\/wordpress\/#organization\"},\"image\":{\"@id\":\"https:\/\/www.fanprojekt-muenster.de\/wordpress\/fanprojekt-erwartet-mehr-loesungen\/#primaryimage\"},\"thumbnailUrl\":\"\",\"articleSection\":[\"Aktionen\",\"Aktuelles\"],\"inLanguage\":\"de\"},{\"@type\":\"WebPage\",\"@id\":\"https:\/\/www.fanprojekt-muenster.de\/wordpress\/fanprojekt-erwartet-mehr-loesungen\/\",\"url\":\"https:\/\/www.fanprojekt-muenster.de\/wordpress\/fanprojekt-erwartet-mehr-loesungen\/\",\"name\":\"Fanprojekt erwartet mehr L\u00f6sungen - Fangemeinschaft Preu\u00dfen M\u00fcnster e. V.\",\"isPartOf\":{\"@id\":\"https:\/\/www.fanprojekt-muenster.de\/wordpress\/#website\"},\"primaryImageOfPage\":{\"@id\":\"https:\/\/www.fanprojekt-muenster.de\/wordpress\/fanprojekt-erwartet-mehr-loesungen\/#primaryimage\"},\"image\":{\"@id\":\"https:\/\/www.fanprojekt-muenster.de\/wordpress\/fanprojekt-erwartet-mehr-loesungen\/#primaryimage\"},\"thumbnailUrl\":\"\",\"datePublished\":\"2017-09-19T00:12:55+00:00\",\"breadcrumb\":{\"@id\":\"https:\/\/www.fanprojekt-muenster.de\/wordpress\/fanprojekt-erwartet-mehr-loesungen\/#breadcrumb\"},\"inLanguage\":\"de\",\"potentialAction\":[{\"@type\":\"ReadAction\",\"target\":[\"https:\/\/www.fanprojekt-muenster.de\/wordpress\/fanprojekt-erwartet-mehr-loesungen\/\"]}]},{\"@type\":\"ImageObject\",\"inLanguage\":\"de\",\"@id\":\"https:\/\/www.fanprojekt-muenster.de\/wordpress\/fanprojekt-erwartet-mehr-loesungen\/#primaryimage\",\"url\":\"\",\"contentUrl\":\"\"},{\"@type\":\"BreadcrumbList\",\"@id\":\"https:\/\/www.fanprojekt-muenster.de\/wordpress\/fanprojekt-erwartet-mehr-loesungen\/#breadcrumb\",\"itemListElement\":[{\"@type\":\"ListItem\",\"position\":1,\"name\":\"Startseite\",\"item\":\"https:\/\/www.fanprojekt-muenster.de\/wordpress\/\"},{\"@type\":\"ListItem\",\"position\":2,\"name\":\"Fanprojekt erwartet mehr L\u00f6sungen\"}]},{\"@type\":\"WebSite\",\"@id\":\"https:\/\/www.fanprojekt-muenster.de\/wordpress\/#website\",\"url\":\"https:\/\/www.fanprojekt-muenster.de\/wordpress\/\",\"name\":\"Fangemeinschaft Preu\u00dfen M\u00fcnster e. V.\",\"description\":\"\",\"publisher\":{\"@id\":\"https:\/\/www.fanprojekt-muenster.de\/wordpress\/#organization\"},\"potentialAction\":[{\"@type\":\"SearchAction\",\"target\":{\"@type\":\"EntryPoint\",\"urlTemplate\":\"https:\/\/www.fanprojekt-muenster.de\/wordpress\/?s={search_term_string}\"},\"query-input\":{\"@type\":\"PropertyValueSpecification\",\"valueRequired\":true,\"valueName\":\"search_term_string\"}}],\"inLanguage\":\"de\"},{\"@type\":\"Organization\",\"@id\":\"https:\/\/www.fanprojekt-muenster.de\/wordpress\/#organization\",\"name\":\"Fangemeinschaft Preu\u00dfen M\u00fcnster e. V.\",\"url\":\"https:\/\/www.fanprojekt-muenster.de\/wordpress\/\",\"logo\":{\"@type\":\"ImageObject\",\"inLanguage\":\"de\",\"@id\":\"https:\/\/www.fanprojekt-muenster.de\/wordpress\/#\/schema\/logo\/image\/\",\"url\":\"https:\/\/www.fanprojekt-muenster.de\/wordpress\/wp-content\/uploads\/2019\/07\/cropped-Website_Logo3-9.png\",\"contentUrl\":\"https:\/\/www.fanprojekt-muenster.de\/wordpress\/wp-content\/uploads\/2019\/07\/cropped-Website_Logo3-9.png\",\"width\":224,\"height\":42,\"caption\":\"Fangemeinschaft Preu\u00dfen M\u00fcnster e. V.\"},\"image\":{\"@id\":\"https:\/\/www.fanprojekt-muenster.de\/wordpress\/#\/schema\/logo\/image\/\"}},{\"@type\":\"Person\",\"@id\":\"https:\/\/www.fanprojekt-muenster.de\/wordpress\/#\/schema\/person\/529d3ee920414da8907f25b585d57a4e\",\"name\":\"Florian\",\"url\":\"https:\/\/www.fanprojekt-muenster.de\/wordpress\/author\/flovoss\/\"}]}<\/script>\n<!-- \/ Yoast SEO plugin. -->","yoast_head_json":{"title":"Fanprojekt erwartet mehr L\u00f6sungen - Fangemeinschaft Preu\u00dfen M\u00fcnster e. V.","robots":{"index":"index","follow":"follow","max-snippet":"max-snippet:-1","max-image-preview":"max-image-preview:large","max-video-preview":"max-video-preview:-1"},"canonical":"https:\/\/www.fanprojekt-muenster.de\/wordpress\/fanprojekt-erwartet-mehr-loesungen\/","og_locale":"de_DE","og_type":"article","og_title":"Fanprojekt erwartet mehr L\u00f6sungen - Fangemeinschaft Preu\u00dfen M\u00fcnster e. V.","og_description":"Das Fanprojekt Preu\u00dfen M\u00fcnster e.V. zeigt sich irritiert vom aktuellen Umgang des SC Preu\u00dfen mit seinen Fans und Stadionbesuchern. Seit Beginn der neuen Saison hat der Verein immer wieder durch... Read more &raquo;","og_url":"https:\/\/www.fanprojekt-muenster.de\/wordpress\/fanprojekt-erwartet-mehr-loesungen\/","og_site_name":"Fangemeinschaft Preu\u00dfen M\u00fcnster e. V.","article_published_time":"2017-09-19T00:12:55+00:00","author":"Florian","twitter_card":"summary_large_image","twitter_misc":{"Verfasst von":"Florian","Gesch\u00e4tzte Lesezeit":"6\u00a0Minuten"},"schema":{"@context":"https:\/\/schema.org","@graph":[{"@type":"Article","@id":"https:\/\/www.fanprojekt-muenster.de\/wordpress\/fanprojekt-erwartet-mehr-loesungen\/#article","isPartOf":{"@id":"https:\/\/www.fanprojekt-muenster.de\/wordpress\/fanprojekt-erwartet-mehr-loesungen\/"},"author":{"name":"Florian","@id":"https:\/\/www.fanprojekt-muenster.de\/wordpress\/#\/schema\/person\/529d3ee920414da8907f25b585d57a4e"},"headline":"Fanprojekt erwartet mehr L\u00f6sungen","datePublished":"2017-09-19T00:12:55+00:00","mainEntityOfPage":{"@id":"https:\/\/www.fanprojekt-muenster.de\/wordpress\/fanprojekt-erwartet-mehr-loesungen\/"},"wordCount":1138,"publisher":{"@id":"https:\/\/www.fanprojekt-muenster.de\/wordpress\/#organization"},"image":{"@id":"https:\/\/www.fanprojekt-muenster.de\/wordpress\/fanprojekt-erwartet-mehr-loesungen\/#primaryimage"},"thumbnailUrl":"","articleSection":["Aktionen","Aktuelles"],"inLanguage":"de"},{"@type":"WebPage","@id":"https:\/\/www.fanprojekt-muenster.de\/wordpress\/fanprojekt-erwartet-mehr-loesungen\/","url":"https:\/\/www.fanprojekt-muenster.de\/wordpress\/fanprojekt-erwartet-mehr-loesungen\/","name":"Fanprojekt erwartet mehr L\u00f6sungen - Fangemeinschaft Preu\u00dfen M\u00fcnster e. V.","isPartOf":{"@id":"https:\/\/www.fanprojekt-muenster.de\/wordpress\/#website"},"primaryImageOfPage":{"@id":"https:\/\/www.fanprojekt-muenster.de\/wordpress\/fanprojekt-erwartet-mehr-loesungen\/#primaryimage"},"image":{"@id":"https:\/\/www.fanprojekt-muenster.de\/wordpress\/fanprojekt-erwartet-mehr-loesungen\/#primaryimage"},"thumbnailUrl":"","datePublished":"2017-09-19T00:12:55+00:00","breadcrumb":{"@id":"https:\/\/www.fanprojekt-muenster.de\/wordpress\/fanprojekt-erwartet-mehr-loesungen\/#breadcrumb"},"inLanguage":"de","potentialAction":[{"@type":"ReadAction","target":["https:\/\/www.fanprojekt-muenster.de\/wordpress\/fanprojekt-erwartet-mehr-loesungen\/"]}]},{"@type":"ImageObject","inLanguage":"de","@id":"https:\/\/www.fanprojekt-muenster.de\/wordpress\/fanprojekt-erwartet-mehr-loesungen\/#primaryimage","url":"","contentUrl":""},{"@type":"BreadcrumbList","@id":"https:\/\/www.fanprojekt-muenster.de\/wordpress\/fanprojekt-erwartet-mehr-loesungen\/#breadcrumb","itemListElement":[{"@type":"ListItem","position":1,"name":"Startseite","item":"https:\/\/www.fanprojekt-muenster.de\/wordpress\/"},{"@type":"ListItem","position":2,"name":"Fanprojekt erwartet mehr L\u00f6sungen"}]},{"@type":"WebSite","@id":"https:\/\/www.fanprojekt-muenster.de\/wordpress\/#website","url":"https:\/\/www.fanprojekt-muenster.de\/wordpress\/","name":"Fangemeinschaft Preu\u00dfen M\u00fcnster e. V.","description":"","publisher":{"@id":"https:\/\/www.fanprojekt-muenster.de\/wordpress\/#organization"},"potentialAction":[{"@type":"SearchAction","target":{"@type":"EntryPoint","urlTemplate":"https:\/\/www.fanprojekt-muenster.de\/wordpress\/?s={search_term_string}"},"query-input":{"@type":"PropertyValueSpecification","valueRequired":true,"valueName":"search_term_string"}}],"inLanguage":"de"},{"@type":"Organization","@id":"https:\/\/www.fanprojekt-muenster.de\/wordpress\/#organization","name":"Fangemeinschaft Preu\u00dfen M\u00fcnster e. V.","url":"https:\/\/www.fanprojekt-muenster.de\/wordpress\/","logo":{"@type":"ImageObject","inLanguage":"de","@id":"https:\/\/www.fanprojekt-muenster.de\/wordpress\/#\/schema\/logo\/image\/","url":"https:\/\/www.fanprojekt-muenster.de\/wordpress\/wp-content\/uploads\/2019\/07\/cropped-Website_Logo3-9.png","contentUrl":"https:\/\/www.fanprojekt-muenster.de\/wordpress\/wp-content\/uploads\/2019\/07\/cropped-Website_Logo3-9.png","width":224,"height":42,"caption":"Fangemeinschaft Preu\u00dfen M\u00fcnster e. V."},"image":{"@id":"https:\/\/www.fanprojekt-muenster.de\/wordpress\/#\/schema\/logo\/image\/"}},{"@type":"Person","@id":"https:\/\/www.fanprojekt-muenster.de\/wordpress\/#\/schema\/person\/529d3ee920414da8907f25b585d57a4e","name":"Florian","url":"https:\/\/www.fanprojekt-muenster.de\/wordpress\/author\/flovoss\/"}]}},"author_meta":{"display_name":"Florian","author_link":"https:\/\/www.fanprojekt-muenster.de\/wordpress\/author\/flovoss\/"},"featured_img":null,"coauthors":[],"tax_additional":{"categories":{"linked":["<a href=\"https:\/\/www.fanprojekt-muenster.de\/wordpress\/category\/aktionen\/\" class=\"advgb-post-tax-term\">Aktionen<\/a>","<a href=\"https:\/\/www.fanprojekt-muenster.de\/wordpress\/category\/aktuelles\/\" class=\"advgb-post-tax-term\">Aktuelles<\/a>","<a href=\"https:\/\/www.fanprojekt-muenster.de\/wordpress\/category\/allgemein\/\" class=\"advgb-post-tax-term\">Allgemein<\/a>"],"unlinked":["<span class=\"advgb-post-tax-term\">Aktionen<\/span>","<span class=\"advgb-post-tax-term\">Aktuelles<\/span>","<span class=\"advgb-post-tax-term\">Allgemein<\/span>"]}},"comment_count":"0","relative_dates":{"created":"Posted 9\u00a0Jahren ago","modified":"Updated 9\u00a0Jahren ago"},"absolute_dates":{"created":"Posted on 19. September 2017","modified":"Updated on 19. September 2017"},"absolute_dates_time":{"created":"Posted on 19. September 2017 2:12","modified":"Updated on 19. September 2017 2:12"},"featured_img_caption":"","series_order":"","_links":{"self":[{"href":"https:\/\/www.fanprojekt-muenster.de\/wordpress\/wp-json\/wp\/v2\/posts\/5529","targetHints":{"allow":["GET"]}}],"collection":[{"href":"https:\/\/www.fanprojekt-muenster.de\/wordpress\/wp-json\/wp\/v2\/posts"}],"about":[{"href":"https:\/\/www.fanprojekt-muenster.de\/wordpress\/wp-json\/wp\/v2\/types\/post"}],"author":[{"embeddable":true,"href":"https:\/\/www.fanprojekt-muenster.de\/wordpress\/wp-json\/wp\/v2\/users\/5"}],"replies":[{"embeddable":true,"href":"https:\/\/www.fanprojekt-muenster.de\/wordpress\/wp-json\/wp\/v2\/comments?post=5529"}],"version-history":[{"count":0,"href":"https:\/\/www.fanprojekt-muenster.de\/wordpress\/wp-json\/wp\/v2\/posts\/5529\/revisions"}],"wp:featuredmedia":[{"embeddable":true,"href":"https:\/\/www.fanprojekt-muenster.de\/wordpress\/wp-json\/"}],"wp:attachment":[{"href":"https:\/\/www.fanprojekt-muenster.de\/wordpress\/wp-json\/wp\/v2\/media?parent=5529"}],"wp:term":[{"taxonomy":"category","embeddable":true,"href":"https:\/\/www.fanprojekt-muenster.de\/wordpress\/wp-json\/wp\/v2\/categories?post=5529"},{"taxonomy":"post_tag","embeddable":true,"href":"https:\/\/www.fanprojekt-muenster.de\/wordpress\/wp-json\/wp\/v2\/tags?post=5529"}],"curies":[{"name":"wp","href":"https:\/\/api.w.org\/{rel}","templated":true}]}}