{"id":5524,"date":"2017-09-05T17:45:20","date_gmt":"2017-09-05T15:45:20","guid":{"rendered":"http:\/\/www.fanprojekt-muenster.de\/wp\/?p=5524"},"modified":"2017-09-05T17:45:20","modified_gmt":"2017-09-05T15:45:20","slug":"jhv-rueckblick-auf-ein-erfolgreiches-jahr","status":"publish","type":"post","link":"https:\/\/www.fanprojekt-muenster.de\/wordpress\/jhv-rueckblick-auf-ein-erfolgreiches-jahr\/","title":{"rendered":"JHV: R\u00fcckblick auf ein erfolgreiches Jahr"},"content":{"rendered":"<p>Nach ziemlich genau neunzig Minuten fand am gestrigen Montag, dem 04. September 2017, unsere Jahreshauptversammlung ihr harmonisches Ende. Verl\u00e4ngerung und Elfmeterschie\u00dfen waren nach der einstimmigen Entlastung des Vorstandes (bei sieben Enthaltungen) nicht notwendig. Zuvor hatten Vorstand, Kassenpr\u00fcfer und Ehrenrat den 35 anwesenden Mitgliedern vom letzten Jahr berichtet.<\/p>\n<p>Der Vorstand konnte dabei ein sehr erfreuliches Fazit ziehen. Zwar musste aufgrund mangelnder Teilnahme das \u201eFlemmen im Fanprojekt\u201c vorerst auf Eis gelegt werden, daf\u00fcr gab es in den letzten zw\u00f6lf Monaten mit dem Kinoabend, dem Neujahrsempfang, dem Geburtstagsfr\u00fchst\u00fcck zum 111-j\u00e4hrigen Jubil\u00e4um des SCP und dem Grillen mit der Mannschaft zahlreiche Veranstaltungen des Fanprojekts, die sehr gut angenommen wurden. Mit dem Fancontainer, der vor und nach den Spielen ge\u00f6ffnet ist, konnte ein Anlaufpunkt f\u00fcr alle SCP-Fans in unmittelbarer N\u00e4he zum Stadion geschaffen werden. Auch neue Mitglieder wurden gewonnen, so dass das Fanprojekt aktuell 642 Mitglieder z\u00e4hlt.<\/p>\n<p>Einen besonderen Fokus legte der Vorstand bei seinem Vortrag auf das Thema \u201eFanpolitik\u201c, das sowohl auf lokaler Ebene (z.B. durch regelm\u00e4\u00dfige Treffen mit dem SCP-Pr\u00e4sidium oder Mitwirken in der SV-Kommission) als auch auf nationaler Ebene (durch das Mitwirken bei der IG \u201eUnsere Kurve\u201c) einen wichtigen Teil der Arbeit des Fanprojekts darstellt. Im letzten Jahr kam zudem die Debatte rund um eine m\u00f6gliche Ausgliederung beim SCP auf, bei der das Fanprojekt die Faninteressen gegen\u00fcber dem Vorstand des Gesamtvereins vertritt. Zudem ist f\u00fcr die Zeit unmittelbar vor der Abstimmung eine Podiumsdiskussion geplant, bei der Pro- und Contra-Argumente ausgetauscht werden k\u00f6nnen.<\/p>\n<p>Der Kassenbericht vermeldete ein Plus von \u00fcber 4.000 Euro, auf dem Sonderzugsparkonto befinden sich knapp \u00fcber 5.000 Euro. Der Ehrenrat blieb das Jahr \u00fcber besch\u00e4ftigungslos.<\/p>\n<p>Zum Schluss rief der Vorstand noch einmal alle interessierten SCP-Fans zur Mitarbeit auf und bedankte sich bei allen tatkr\u00e4ftigen Helferinnen und Helfern des letzten Jahres.<\/p>\n","protected":false},"excerpt":{"rendered":"<p>Nach ziemlich genau neunzig Minuten fand am gestrigen Montag, dem 04. September 2017, unsere Jahreshauptversammlung ihr harmonisches Ende. Verl\u00e4ngerung und Elfmeterschie\u00dfen waren nach der einstimmigen Entlastung des Vorstandes (bei sieben&#8230; <a class=\"read-more-link\" href=\"https:\/\/www.fanprojekt-muenster.de\/wordpress\/jhv-rueckblick-auf-ein-erfolgreiches-jahr\/\">Read more &raquo;<\/a><\/p>\n","protected":false},"author":5,"featured_media":5343,"comment_status":"closed","ping_status":"closed","sticky":false,"template":"","format":"standard","meta":{"advgb_blocks_editor_width":"","advgb_blocks_columns_visual_guide":"","footnotes":""},"categories":[2,3,1,16],"tags":[154,155],"class_list":["post-5524","post","type-post","status-publish","format-standard","has-post-thumbnail","hentry","category-aktionen","category-aktuelles","category-allgemein","category-veranstaltungen","tag-jahreshauptversammlung","tag-jhv"],"featured_image_src":null,"author_info":{"display_name":"Florian","author_link":"https:\/\/www.fanprojekt-muenster.de\/wordpress\/author\/flovoss\/"},"yoast_head":"<!-- This site is optimized with the Yoast SEO plugin v27.2 - https:\/\/yoast.com\/product\/yoast-seo-wordpress\/ -->\n<title>JHV: R\u00fcckblick auf ein erfolgreiches Jahr - Fangemeinschaft Preu\u00dfen M\u00fcnster e. V.<\/title>\n<meta name=\"robots\" content=\"index, follow, max-snippet:-1, max-image-preview:large, max-video-preview:-1\" \/>\n<link rel=\"canonical\" href=\"https:\/\/www.fanprojekt-muenster.de\/wordpress\/jhv-rueckblick-auf-ein-erfolgreiches-jahr\/\" \/>\n<meta property=\"og:locale\" content=\"de_DE\" \/>\n<meta property=\"og:type\" content=\"article\" \/>\n<meta property=\"og:title\" content=\"JHV: R\u00fcckblick auf ein erfolgreiches Jahr - Fangemeinschaft Preu\u00dfen M\u00fcnster e. V.\" \/>\n<meta property=\"og:description\" content=\"Nach ziemlich genau neunzig Minuten fand am gestrigen Montag, dem 04. September 2017, unsere Jahreshauptversammlung ihr harmonisches Ende. Verl\u00e4ngerung und Elfmeterschie\u00dfen waren nach der einstimmigen Entlastung des Vorstandes (bei sieben... Read more &raquo;\" \/>\n<meta property=\"og:url\" content=\"https:\/\/www.fanprojekt-muenster.de\/wordpress\/jhv-rueckblick-auf-ein-erfolgreiches-jahr\/\" \/>\n<meta property=\"og:site_name\" content=\"Fangemeinschaft Preu\u00dfen M\u00fcnster e. V.\" \/>\n<meta property=\"article:published_time\" content=\"2017-09-05T15:45:20+00:00\" \/>\n<meta name=\"author\" content=\"Florian\" \/>\n<meta name=\"twitter:card\" content=\"summary_large_image\" \/>\n<meta name=\"twitter:label1\" content=\"Verfasst von\" \/>\n\t<meta name=\"twitter:data1\" content=\"Florian\" \/>\n\t<meta name=\"twitter:label2\" content=\"Gesch\u00e4tzte Lesezeit\" \/>\n\t<meta name=\"twitter:data2\" content=\"2\u00a0Minuten\" \/>\n<script type=\"application\/ld+json\" class=\"yoast-schema-graph\">{\"@context\":\"https:\/\/schema.org\",\"@graph\":[{\"@type\":\"Article\",\"@id\":\"https:\/\/www.fanprojekt-muenster.de\/wordpress\/jhv-rueckblick-auf-ein-erfolgreiches-jahr\/#article\",\"isPartOf\":{\"@id\":\"https:\/\/www.fanprojekt-muenster.de\/wordpress\/jhv-rueckblick-auf-ein-erfolgreiches-jahr\/\"},\"author\":{\"name\":\"Florian\",\"@id\":\"https:\/\/www.fanprojekt-muenster.de\/wordpress\/#\/schema\/person\/529d3ee920414da8907f25b585d57a4e\"},\"headline\":\"JHV: R\u00fcckblick auf ein erfolgreiches Jahr\",\"datePublished\":\"2017-09-05T15:45:20+00:00\",\"mainEntityOfPage\":{\"@id\":\"https:\/\/www.fanprojekt-muenster.de\/wordpress\/jhv-rueckblick-auf-ein-erfolgreiches-jahr\/\"},\"wordCount\":313,\"publisher\":{\"@id\":\"https:\/\/www.fanprojekt-muenster.de\/wordpress\/#organization\"},\"image\":{\"@id\":\"https:\/\/www.fanprojekt-muenster.de\/wordpress\/jhv-rueckblick-auf-ein-erfolgreiches-jahr\/#primaryimage\"},\"thumbnailUrl\":\"\",\"keywords\":[\"Jahreshauptversammlung\",\"JHV\"],\"articleSection\":{\"0\":\"Aktionen\",\"1\":\"Aktuelles\",\"3\":\"Veranstaltungen\"},\"inLanguage\":\"de\"},{\"@type\":\"WebPage\",\"@id\":\"https:\/\/www.fanprojekt-muenster.de\/wordpress\/jhv-rueckblick-auf-ein-erfolgreiches-jahr\/\",\"url\":\"https:\/\/www.fanprojekt-muenster.de\/wordpress\/jhv-rueckblick-auf-ein-erfolgreiches-jahr\/\",\"name\":\"JHV: R\u00fcckblick auf ein erfolgreiches Jahr - Fangemeinschaft Preu\u00dfen M\u00fcnster e. V.\",\"isPartOf\":{\"@id\":\"https:\/\/www.fanprojekt-muenster.de\/wordpress\/#website\"},\"primaryImageOfPage\":{\"@id\":\"https:\/\/www.fanprojekt-muenster.de\/wordpress\/jhv-rueckblick-auf-ein-erfolgreiches-jahr\/#primaryimage\"},\"image\":{\"@id\":\"https:\/\/www.fanprojekt-muenster.de\/wordpress\/jhv-rueckblick-auf-ein-erfolgreiches-jahr\/#primaryimage\"},\"thumbnailUrl\":\"\",\"datePublished\":\"2017-09-05T15:45:20+00:00\",\"breadcrumb\":{\"@id\":\"https:\/\/www.fanprojekt-muenster.de\/wordpress\/jhv-rueckblick-auf-ein-erfolgreiches-jahr\/#breadcrumb\"},\"inLanguage\":\"de\",\"potentialAction\":[{\"@type\":\"ReadAction\",\"target\":[\"https:\/\/www.fanprojekt-muenster.de\/wordpress\/jhv-rueckblick-auf-ein-erfolgreiches-jahr\/\"]}]},{\"@type\":\"ImageObject\",\"inLanguage\":\"de\",\"@id\":\"https:\/\/www.fanprojekt-muenster.de\/wordpress\/jhv-rueckblick-auf-ein-erfolgreiches-jahr\/#primaryimage\",\"url\":\"\",\"contentUrl\":\"\"},{\"@type\":\"BreadcrumbList\",\"@id\":\"https:\/\/www.fanprojekt-muenster.de\/wordpress\/jhv-rueckblick-auf-ein-erfolgreiches-jahr\/#breadcrumb\",\"itemListElement\":[{\"@type\":\"ListItem\",\"position\":1,\"name\":\"Startseite\",\"item\":\"https:\/\/www.fanprojekt-muenster.de\/wordpress\/\"},{\"@type\":\"ListItem\",\"position\":2,\"name\":\"JHV: R\u00fcckblick auf ein erfolgreiches Jahr\"}]},{\"@type\":\"WebSite\",\"@id\":\"https:\/\/www.fanprojekt-muenster.de\/wordpress\/#website\",\"url\":\"https:\/\/www.fanprojekt-muenster.de\/wordpress\/\",\"name\":\"Fangemeinschaft Preu\u00dfen M\u00fcnster e. V.\",\"description\":\"\",\"publisher\":{\"@id\":\"https:\/\/www.fanprojekt-muenster.de\/wordpress\/#organization\"},\"potentialAction\":[{\"@type\":\"SearchAction\",\"target\":{\"@type\":\"EntryPoint\",\"urlTemplate\":\"https:\/\/www.fanprojekt-muenster.de\/wordpress\/?s={search_term_string}\"},\"query-input\":{\"@type\":\"PropertyValueSpecification\",\"valueRequired\":true,\"valueName\":\"search_term_string\"}}],\"inLanguage\":\"de\"},{\"@type\":\"Organization\",\"@id\":\"https:\/\/www.fanprojekt-muenster.de\/wordpress\/#organization\",\"name\":\"Fangemeinschaft Preu\u00dfen M\u00fcnster e. V.\",\"url\":\"https:\/\/www.fanprojekt-muenster.de\/wordpress\/\",\"logo\":{\"@type\":\"ImageObject\",\"inLanguage\":\"de\",\"@id\":\"https:\/\/www.fanprojekt-muenster.de\/wordpress\/#\/schema\/logo\/image\/\",\"url\":\"https:\/\/www.fanprojekt-muenster.de\/wordpress\/wp-content\/uploads\/2019\/07\/cropped-Website_Logo3-9.png\",\"contentUrl\":\"https:\/\/www.fanprojekt-muenster.de\/wordpress\/wp-content\/uploads\/2019\/07\/cropped-Website_Logo3-9.png\",\"width\":224,\"height\":42,\"caption\":\"Fangemeinschaft Preu\u00dfen M\u00fcnster e. V.\"},\"image\":{\"@id\":\"https:\/\/www.fanprojekt-muenster.de\/wordpress\/#\/schema\/logo\/image\/\"}},{\"@type\":\"Person\",\"@id\":\"https:\/\/www.fanprojekt-muenster.de\/wordpress\/#\/schema\/person\/529d3ee920414da8907f25b585d57a4e\",\"name\":\"Florian\",\"url\":\"https:\/\/www.fanprojekt-muenster.de\/wordpress\/author\/flovoss\/\"}]}<\/script>\n<!-- \/ Yoast SEO plugin. -->","yoast_head_json":{"title":"JHV: R\u00fcckblick auf ein erfolgreiches Jahr - Fangemeinschaft Preu\u00dfen M\u00fcnster e. V.","robots":{"index":"index","follow":"follow","max-snippet":"max-snippet:-1","max-image-preview":"max-image-preview:large","max-video-preview":"max-video-preview:-1"},"canonical":"https:\/\/www.fanprojekt-muenster.de\/wordpress\/jhv-rueckblick-auf-ein-erfolgreiches-jahr\/","og_locale":"de_DE","og_type":"article","og_title":"JHV: R\u00fcckblick auf ein erfolgreiches Jahr - Fangemeinschaft Preu\u00dfen M\u00fcnster e. V.","og_description":"Nach ziemlich genau neunzig Minuten fand am gestrigen Montag, dem 04. September 2017, unsere Jahreshauptversammlung ihr harmonisches Ende. Verl\u00e4ngerung und Elfmeterschie\u00dfen waren nach der einstimmigen Entlastung des Vorstandes (bei sieben... Read more &raquo;","og_url":"https:\/\/www.fanprojekt-muenster.de\/wordpress\/jhv-rueckblick-auf-ein-erfolgreiches-jahr\/","og_site_name":"Fangemeinschaft Preu\u00dfen M\u00fcnster e. V.","article_published_time":"2017-09-05T15:45:20+00:00","author":"Florian","twitter_card":"summary_large_image","twitter_misc":{"Verfasst von":"Florian","Gesch\u00e4tzte Lesezeit":"2\u00a0Minuten"},"schema":{"@context":"https:\/\/schema.org","@graph":[{"@type":"Article","@id":"https:\/\/www.fanprojekt-muenster.de\/wordpress\/jhv-rueckblick-auf-ein-erfolgreiches-jahr\/#article","isPartOf":{"@id":"https:\/\/www.fanprojekt-muenster.de\/wordpress\/jhv-rueckblick-auf-ein-erfolgreiches-jahr\/"},"author":{"name":"Florian","@id":"https:\/\/www.fanprojekt-muenster.de\/wordpress\/#\/schema\/person\/529d3ee920414da8907f25b585d57a4e"},"headline":"JHV: R\u00fcckblick auf ein erfolgreiches Jahr","datePublished":"2017-09-05T15:45:20+00:00","mainEntityOfPage":{"@id":"https:\/\/www.fanprojekt-muenster.de\/wordpress\/jhv-rueckblick-auf-ein-erfolgreiches-jahr\/"},"wordCount":313,"publisher":{"@id":"https:\/\/www.fanprojekt-muenster.de\/wordpress\/#organization"},"image":{"@id":"https:\/\/www.fanprojekt-muenster.de\/wordpress\/jhv-rueckblick-auf-ein-erfolgreiches-jahr\/#primaryimage"},"thumbnailUrl":"","keywords":["Jahreshauptversammlung","JHV"],"articleSection":{"0":"Aktionen","1":"Aktuelles","3":"Veranstaltungen"},"inLanguage":"de"},{"@type":"WebPage","@id":"https:\/\/www.fanprojekt-muenster.de\/wordpress\/jhv-rueckblick-auf-ein-erfolgreiches-jahr\/","url":"https:\/\/www.fanprojekt-muenster.de\/wordpress\/jhv-rueckblick-auf-ein-erfolgreiches-jahr\/","name":"JHV: R\u00fcckblick auf ein erfolgreiches Jahr - Fangemeinschaft Preu\u00dfen M\u00fcnster e. V.","isPartOf":{"@id":"https:\/\/www.fanprojekt-muenster.de\/wordpress\/#website"},"primaryImageOfPage":{"@id":"https:\/\/www.fanprojekt-muenster.de\/wordpress\/jhv-rueckblick-auf-ein-erfolgreiches-jahr\/#primaryimage"},"image":{"@id":"https:\/\/www.fanprojekt-muenster.de\/wordpress\/jhv-rueckblick-auf-ein-erfolgreiches-jahr\/#primaryimage"},"thumbnailUrl":"","datePublished":"2017-09-05T15:45:20+00:00","breadcrumb":{"@id":"https:\/\/www.fanprojekt-muenster.de\/wordpress\/jhv-rueckblick-auf-ein-erfolgreiches-jahr\/#breadcrumb"},"inLanguage":"de","potentialAction":[{"@type":"ReadAction","target":["https:\/\/www.fanprojekt-muenster.de\/wordpress\/jhv-rueckblick-auf-ein-erfolgreiches-jahr\/"]}]},{"@type":"ImageObject","inLanguage":"de","@id":"https:\/\/www.fanprojekt-muenster.de\/wordpress\/jhv-rueckblick-auf-ein-erfolgreiches-jahr\/#primaryimage","url":"","contentUrl":""},{"@type":"BreadcrumbList","@id":"https:\/\/www.fanprojekt-muenster.de\/wordpress\/jhv-rueckblick-auf-ein-erfolgreiches-jahr\/#breadcrumb","itemListElement":[{"@type":"ListItem","position":1,"name":"Startseite","item":"https:\/\/www.fanprojekt-muenster.de\/wordpress\/"},{"@type":"ListItem","position":2,"name":"JHV: R\u00fcckblick auf ein erfolgreiches Jahr"}]},{"@type":"WebSite","@id":"https:\/\/www.fanprojekt-muenster.de\/wordpress\/#website","url":"https:\/\/www.fanprojekt-muenster.de\/wordpress\/","name":"Fangemeinschaft Preu\u00dfen M\u00fcnster e. V.","description":"","publisher":{"@id":"https:\/\/www.fanprojekt-muenster.de\/wordpress\/#organization"},"potentialAction":[{"@type":"SearchAction","target":{"@type":"EntryPoint","urlTemplate":"https:\/\/www.fanprojekt-muenster.de\/wordpress\/?s={search_term_string}"},"query-input":{"@type":"PropertyValueSpecification","valueRequired":true,"valueName":"search_term_string"}}],"inLanguage":"de"},{"@type":"Organization","@id":"https:\/\/www.fanprojekt-muenster.de\/wordpress\/#organization","name":"Fangemeinschaft Preu\u00dfen M\u00fcnster e. V.","url":"https:\/\/www.fanprojekt-muenster.de\/wordpress\/","logo":{"@type":"ImageObject","inLanguage":"de","@id":"https:\/\/www.fanprojekt-muenster.de\/wordpress\/#\/schema\/logo\/image\/","url":"https:\/\/www.fanprojekt-muenster.de\/wordpress\/wp-content\/uploads\/2019\/07\/cropped-Website_Logo3-9.png","contentUrl":"https:\/\/www.fanprojekt-muenster.de\/wordpress\/wp-content\/uploads\/2019\/07\/cropped-Website_Logo3-9.png","width":224,"height":42,"caption":"Fangemeinschaft Preu\u00dfen M\u00fcnster e. V."},"image":{"@id":"https:\/\/www.fanprojekt-muenster.de\/wordpress\/#\/schema\/logo\/image\/"}},{"@type":"Person","@id":"https:\/\/www.fanprojekt-muenster.de\/wordpress\/#\/schema\/person\/529d3ee920414da8907f25b585d57a4e","name":"Florian","url":"https:\/\/www.fanprojekt-muenster.de\/wordpress\/author\/flovoss\/"}]}},"author_meta":{"display_name":"Florian","author_link":"https:\/\/www.fanprojekt-muenster.de\/wordpress\/author\/flovoss\/"},"featured_img":null,"coauthors":[],"tax_additional":{"categories":{"linked":["<a href=\"https:\/\/www.fanprojekt-muenster.de\/wordpress\/category\/aktionen\/\" class=\"advgb-post-tax-term\">Aktionen<\/a>","<a href=\"https:\/\/www.fanprojekt-muenster.de\/wordpress\/category\/aktuelles\/\" class=\"advgb-post-tax-term\">Aktuelles<\/a>","<a href=\"https:\/\/www.fanprojekt-muenster.de\/wordpress\/category\/allgemein\/\" class=\"advgb-post-tax-term\">Allgemein<\/a>","<a href=\"https:\/\/www.fanprojekt-muenster.de\/wordpress\/category\/veranstaltungen\/\" class=\"advgb-post-tax-term\">Veranstaltungen<\/a>"],"unlinked":["<span class=\"advgb-post-tax-term\">Aktionen<\/span>","<span class=\"advgb-post-tax-term\">Aktuelles<\/span>","<span class=\"advgb-post-tax-term\">Allgemein<\/span>","<span class=\"advgb-post-tax-term\">Veranstaltungen<\/span>"]},"tags":{"linked":["<a href=\"https:\/\/www.fanprojekt-muenster.de\/wordpress\/category\/veranstaltungen\/\" class=\"advgb-post-tax-term\">Jahreshauptversammlung<\/a>","<a href=\"https:\/\/www.fanprojekt-muenster.de\/wordpress\/category\/veranstaltungen\/\" class=\"advgb-post-tax-term\">JHV<\/a>"],"unlinked":["<span class=\"advgb-post-tax-term\">Jahreshauptversammlung<\/span>","<span class=\"advgb-post-tax-term\">JHV<\/span>"]}},"comment_count":"0","relative_dates":{"created":"Posted 9\u00a0Jahren ago","modified":"Updated 9\u00a0Jahren ago"},"absolute_dates":{"created":"Posted on 5. September 2017","modified":"Updated on 5. September 2017"},"absolute_dates_time":{"created":"Posted on 5. September 2017 17:45","modified":"Updated on 5. September 2017 17:45"},"featured_img_caption":"","series_order":"","_links":{"self":[{"href":"https:\/\/www.fanprojekt-muenster.de\/wordpress\/wp-json\/wp\/v2\/posts\/5524","targetHints":{"allow":["GET"]}}],"collection":[{"href":"https:\/\/www.fanprojekt-muenster.de\/wordpress\/wp-json\/wp\/v2\/posts"}],"about":[{"href":"https:\/\/www.fanprojekt-muenster.de\/wordpress\/wp-json\/wp\/v2\/types\/post"}],"author":[{"embeddable":true,"href":"https:\/\/www.fanprojekt-muenster.de\/wordpress\/wp-json\/wp\/v2\/users\/5"}],"replies":[{"embeddable":true,"href":"https:\/\/www.fanprojekt-muenster.de\/wordpress\/wp-json\/wp\/v2\/comments?post=5524"}],"version-history":[{"count":0,"href":"https:\/\/www.fanprojekt-muenster.de\/wordpress\/wp-json\/wp\/v2\/posts\/5524\/revisions"}],"wp:featuredmedia":[{"embeddable":true,"href":"https:\/\/www.fanprojekt-muenster.de\/wordpress\/wp-json\/"}],"wp:attachment":[{"href":"https:\/\/www.fanprojekt-muenster.de\/wordpress\/wp-json\/wp\/v2\/media?parent=5524"}],"wp:term":[{"taxonomy":"category","embeddable":true,"href":"https:\/\/www.fanprojekt-muenster.de\/wordpress\/wp-json\/wp\/v2\/categories?post=5524"},{"taxonomy":"post_tag","embeddable":true,"href":"https:\/\/www.fanprojekt-muenster.de\/wordpress\/wp-json\/wp\/v2\/tags?post=5524"}],"curies":[{"name":"wp","href":"https:\/\/api.w.org\/{rel}","templated":true}]}}