{"id":5513,"date":"2017-08-21T13:40:26","date_gmt":"2017-08-21T11:40:26","guid":{"rendered":"http:\/\/www.fanprojekt-muenster.de\/wp\/?p=5513"},"modified":"2017-08-21T13:40:26","modified_gmt":"2017-08-21T11:40:26","slug":"grillen-mit-der-mannschaft-am-30-8-um-18-uhr","status":"publish","type":"post","link":"https:\/\/www.fanprojekt-muenster.de\/wordpress\/grillen-mit-der-mannschaft-am-30-8-um-18-uhr\/","title":{"rendered":"Grillen mit der Mannschaft am 30.8. um 18 Uhr"},"content":{"rendered":"<p>Wie gut die aktuelle Mannschaft des SCP am Grill ist: das k\u00f6nnt ihr am Mittwoch, dem 30. August, ab 18 Uhr selber beurteilen. Denn alle Spieler, der Coach Benno M\u00f6hlmann und das Team hinter dem Team schauen dann am Fancontainer des Fanprojekt Preu\u00dfen M\u00fcnster e.V. vorbei und werden euch leckere W\u00fcrstchen kredenzen!<\/p>\n<p>Lasst euch aber nicht nur bedienen, sondern nutzt die Gelegenheit und fragt die Jungs, was ihr schon immer wissen wolltet. Und bringt nat\u00fcrlich eure Kids mit! Wir sorgen auch f\u00fcr vegetarische Alternativen und freuen uns \u00fcber jedes Fanprojekt-Mitglied und alle Preu\u00dfen-Fans, die kommen! Was ihr bestimmt wisst: Der Fancontainer steht dort, wo fr\u00fcher die Vereinsgastst\u00e4tte &#8222;H\u00f6lle&#8220; stand: hinter\u00a0den Kassenh\u00e4uschen einfach nach unten laufen.<\/p>\n","protected":false},"excerpt":{"rendered":"<p>Wie gut die aktuelle Mannschaft des SCP am Grill ist: das k\u00f6nnt ihr am Mittwoch, dem 30. August, ab 18 Uhr selber beurteilen. Denn alle Spieler, der Coach Benno M\u00f6hlmann&#8230; <a class=\"read-more-link\" href=\"https:\/\/www.fanprojekt-muenster.de\/wordpress\/grillen-mit-der-mannschaft-am-30-8-um-18-uhr\/\">Read more &raquo;<\/a><\/p>\n","protected":false},"author":5,"featured_media":5314,"comment_status":"closed","ping_status":"closed","sticky":false,"template":"","format":"standard","meta":{"advgb_blocks_editor_width":"","advgb_blocks_columns_visual_guide":"","footnotes":""},"categories":[2,3,1],"tags":[],"class_list":["post-5513","post","type-post","status-publish","format-standard","has-post-thumbnail","hentry","category-aktionen","category-aktuelles","category-allgemein"],"featured_image_src":null,"author_info":{"display_name":"Florian","author_link":"https:\/\/www.fanprojekt-muenster.de\/wordpress\/author\/flovoss\/"},"yoast_head":"<!-- This site is optimized with the Yoast SEO plugin v27.2 - https:\/\/yoast.com\/product\/yoast-seo-wordpress\/ -->\n<title>Grillen mit der Mannschaft am 30.8. um 18 Uhr - Fangemeinschaft Preu\u00dfen M\u00fcnster e. V.<\/title>\n<meta name=\"robots\" content=\"index, follow, max-snippet:-1, max-image-preview:large, max-video-preview:-1\" \/>\n<link rel=\"canonical\" href=\"https:\/\/www.fanprojekt-muenster.de\/wordpress\/grillen-mit-der-mannschaft-am-30-8-um-18-uhr\/\" \/>\n<meta property=\"og:locale\" content=\"de_DE\" \/>\n<meta property=\"og:type\" content=\"article\" \/>\n<meta property=\"og:title\" content=\"Grillen mit der Mannschaft am 30.8. um 18 Uhr - Fangemeinschaft Preu\u00dfen M\u00fcnster e. V.\" \/>\n<meta property=\"og:description\" content=\"Wie gut die aktuelle Mannschaft des SCP am Grill ist: das k\u00f6nnt ihr am Mittwoch, dem 30. August, ab 18 Uhr selber beurteilen. Denn alle Spieler, der Coach Benno M\u00f6hlmann... Read more &raquo;\" \/>\n<meta property=\"og:url\" content=\"https:\/\/www.fanprojekt-muenster.de\/wordpress\/grillen-mit-der-mannschaft-am-30-8-um-18-uhr\/\" \/>\n<meta property=\"og:site_name\" content=\"Fangemeinschaft Preu\u00dfen M\u00fcnster e. V.\" \/>\n<meta property=\"article:published_time\" content=\"2017-08-21T11:40:26+00:00\" \/>\n<meta name=\"author\" content=\"Florian\" \/>\n<meta name=\"twitter:card\" content=\"summary_large_image\" \/>\n<meta name=\"twitter:label1\" content=\"Verfasst von\" \/>\n\t<meta name=\"twitter:data1\" content=\"Florian\" \/>\n\t<meta name=\"twitter:label2\" content=\"Gesch\u00e4tzte Lesezeit\" \/>\n\t<meta name=\"twitter:data2\" content=\"1\u00a0Minute\" \/>\n<script type=\"application\/ld+json\" class=\"yoast-schema-graph\">{\"@context\":\"https:\/\/schema.org\",\"@graph\":[{\"@type\":\"Article\",\"@id\":\"https:\/\/www.fanprojekt-muenster.de\/wordpress\/grillen-mit-der-mannschaft-am-30-8-um-18-uhr\/#article\",\"isPartOf\":{\"@id\":\"https:\/\/www.fanprojekt-muenster.de\/wordpress\/grillen-mit-der-mannschaft-am-30-8-um-18-uhr\/\"},\"author\":{\"name\":\"Florian\",\"@id\":\"https:\/\/www.fanprojekt-muenster.de\/wordpress\/#\/schema\/person\/529d3ee920414da8907f25b585d57a4e\"},\"headline\":\"Grillen mit der Mannschaft am 30.8. um 18 Uhr\",\"datePublished\":\"2017-08-21T11:40:26+00:00\",\"mainEntityOfPage\":{\"@id\":\"https:\/\/www.fanprojekt-muenster.de\/wordpress\/grillen-mit-der-mannschaft-am-30-8-um-18-uhr\/\"},\"wordCount\":134,\"publisher\":{\"@id\":\"https:\/\/www.fanprojekt-muenster.de\/wordpress\/#organization\"},\"image\":{\"@id\":\"https:\/\/www.fanprojekt-muenster.de\/wordpress\/grillen-mit-der-mannschaft-am-30-8-um-18-uhr\/#primaryimage\"},\"thumbnailUrl\":\"\",\"articleSection\":[\"Aktionen\",\"Aktuelles\"],\"inLanguage\":\"de\"},{\"@type\":\"WebPage\",\"@id\":\"https:\/\/www.fanprojekt-muenster.de\/wordpress\/grillen-mit-der-mannschaft-am-30-8-um-18-uhr\/\",\"url\":\"https:\/\/www.fanprojekt-muenster.de\/wordpress\/grillen-mit-der-mannschaft-am-30-8-um-18-uhr\/\",\"name\":\"Grillen mit der Mannschaft am 30.8. um 18 Uhr - Fangemeinschaft Preu\u00dfen M\u00fcnster e. V.\",\"isPartOf\":{\"@id\":\"https:\/\/www.fanprojekt-muenster.de\/wordpress\/#website\"},\"primaryImageOfPage\":{\"@id\":\"https:\/\/www.fanprojekt-muenster.de\/wordpress\/grillen-mit-der-mannschaft-am-30-8-um-18-uhr\/#primaryimage\"},\"image\":{\"@id\":\"https:\/\/www.fanprojekt-muenster.de\/wordpress\/grillen-mit-der-mannschaft-am-30-8-um-18-uhr\/#primaryimage\"},\"thumbnailUrl\":\"\",\"datePublished\":\"2017-08-21T11:40:26+00:00\",\"breadcrumb\":{\"@id\":\"https:\/\/www.fanprojekt-muenster.de\/wordpress\/grillen-mit-der-mannschaft-am-30-8-um-18-uhr\/#breadcrumb\"},\"inLanguage\":\"de\",\"potentialAction\":[{\"@type\":\"ReadAction\",\"target\":[\"https:\/\/www.fanprojekt-muenster.de\/wordpress\/grillen-mit-der-mannschaft-am-30-8-um-18-uhr\/\"]}]},{\"@type\":\"ImageObject\",\"inLanguage\":\"de\",\"@id\":\"https:\/\/www.fanprojekt-muenster.de\/wordpress\/grillen-mit-der-mannschaft-am-30-8-um-18-uhr\/#primaryimage\",\"url\":\"\",\"contentUrl\":\"\"},{\"@type\":\"BreadcrumbList\",\"@id\":\"https:\/\/www.fanprojekt-muenster.de\/wordpress\/grillen-mit-der-mannschaft-am-30-8-um-18-uhr\/#breadcrumb\",\"itemListElement\":[{\"@type\":\"ListItem\",\"position\":1,\"name\":\"Startseite\",\"item\":\"https:\/\/www.fanprojekt-muenster.de\/wordpress\/\"},{\"@type\":\"ListItem\",\"position\":2,\"name\":\"Grillen mit der Mannschaft am 30.8. um 18 Uhr\"}]},{\"@type\":\"WebSite\",\"@id\":\"https:\/\/www.fanprojekt-muenster.de\/wordpress\/#website\",\"url\":\"https:\/\/www.fanprojekt-muenster.de\/wordpress\/\",\"name\":\"Fangemeinschaft Preu\u00dfen M\u00fcnster e. V.\",\"description\":\"\",\"publisher\":{\"@id\":\"https:\/\/www.fanprojekt-muenster.de\/wordpress\/#organization\"},\"potentialAction\":[{\"@type\":\"SearchAction\",\"target\":{\"@type\":\"EntryPoint\",\"urlTemplate\":\"https:\/\/www.fanprojekt-muenster.de\/wordpress\/?s={search_term_string}\"},\"query-input\":{\"@type\":\"PropertyValueSpecification\",\"valueRequired\":true,\"valueName\":\"search_term_string\"}}],\"inLanguage\":\"de\"},{\"@type\":\"Organization\",\"@id\":\"https:\/\/www.fanprojekt-muenster.de\/wordpress\/#organization\",\"name\":\"Fangemeinschaft Preu\u00dfen M\u00fcnster e. V.\",\"url\":\"https:\/\/www.fanprojekt-muenster.de\/wordpress\/\",\"logo\":{\"@type\":\"ImageObject\",\"inLanguage\":\"de\",\"@id\":\"https:\/\/www.fanprojekt-muenster.de\/wordpress\/#\/schema\/logo\/image\/\",\"url\":\"https:\/\/www.fanprojekt-muenster.de\/wordpress\/wp-content\/uploads\/2019\/07\/cropped-Website_Logo3-9.png\",\"contentUrl\":\"https:\/\/www.fanprojekt-muenster.de\/wordpress\/wp-content\/uploads\/2019\/07\/cropped-Website_Logo3-9.png\",\"width\":224,\"height\":42,\"caption\":\"Fangemeinschaft Preu\u00dfen M\u00fcnster e. V.\"},\"image\":{\"@id\":\"https:\/\/www.fanprojekt-muenster.de\/wordpress\/#\/schema\/logo\/image\/\"}},{\"@type\":\"Person\",\"@id\":\"https:\/\/www.fanprojekt-muenster.de\/wordpress\/#\/schema\/person\/529d3ee920414da8907f25b585d57a4e\",\"name\":\"Florian\",\"url\":\"https:\/\/www.fanprojekt-muenster.de\/wordpress\/author\/flovoss\/\"}]}<\/script>\n<!-- \/ Yoast SEO plugin. -->","yoast_head_json":{"title":"Grillen mit der Mannschaft am 30.8. um 18 Uhr - Fangemeinschaft Preu\u00dfen M\u00fcnster e. V.","robots":{"index":"index","follow":"follow","max-snippet":"max-snippet:-1","max-image-preview":"max-image-preview:large","max-video-preview":"max-video-preview:-1"},"canonical":"https:\/\/www.fanprojekt-muenster.de\/wordpress\/grillen-mit-der-mannschaft-am-30-8-um-18-uhr\/","og_locale":"de_DE","og_type":"article","og_title":"Grillen mit der Mannschaft am 30.8. um 18 Uhr - Fangemeinschaft Preu\u00dfen M\u00fcnster e. V.","og_description":"Wie gut die aktuelle Mannschaft des SCP am Grill ist: das k\u00f6nnt ihr am Mittwoch, dem 30. August, ab 18 Uhr selber beurteilen. Denn alle Spieler, der Coach Benno M\u00f6hlmann... Read more &raquo;","og_url":"https:\/\/www.fanprojekt-muenster.de\/wordpress\/grillen-mit-der-mannschaft-am-30-8-um-18-uhr\/","og_site_name":"Fangemeinschaft Preu\u00dfen M\u00fcnster e. V.","article_published_time":"2017-08-21T11:40:26+00:00","author":"Florian","twitter_card":"summary_large_image","twitter_misc":{"Verfasst von":"Florian","Gesch\u00e4tzte Lesezeit":"1\u00a0Minute"},"schema":{"@context":"https:\/\/schema.org","@graph":[{"@type":"Article","@id":"https:\/\/www.fanprojekt-muenster.de\/wordpress\/grillen-mit-der-mannschaft-am-30-8-um-18-uhr\/#article","isPartOf":{"@id":"https:\/\/www.fanprojekt-muenster.de\/wordpress\/grillen-mit-der-mannschaft-am-30-8-um-18-uhr\/"},"author":{"name":"Florian","@id":"https:\/\/www.fanprojekt-muenster.de\/wordpress\/#\/schema\/person\/529d3ee920414da8907f25b585d57a4e"},"headline":"Grillen mit der Mannschaft am 30.8. um 18 Uhr","datePublished":"2017-08-21T11:40:26+00:00","mainEntityOfPage":{"@id":"https:\/\/www.fanprojekt-muenster.de\/wordpress\/grillen-mit-der-mannschaft-am-30-8-um-18-uhr\/"},"wordCount":134,"publisher":{"@id":"https:\/\/www.fanprojekt-muenster.de\/wordpress\/#organization"},"image":{"@id":"https:\/\/www.fanprojekt-muenster.de\/wordpress\/grillen-mit-der-mannschaft-am-30-8-um-18-uhr\/#primaryimage"},"thumbnailUrl":"","articleSection":["Aktionen","Aktuelles"],"inLanguage":"de"},{"@type":"WebPage","@id":"https:\/\/www.fanprojekt-muenster.de\/wordpress\/grillen-mit-der-mannschaft-am-30-8-um-18-uhr\/","url":"https:\/\/www.fanprojekt-muenster.de\/wordpress\/grillen-mit-der-mannschaft-am-30-8-um-18-uhr\/","name":"Grillen mit der Mannschaft am 30.8. um 18 Uhr - Fangemeinschaft Preu\u00dfen M\u00fcnster e. V.","isPartOf":{"@id":"https:\/\/www.fanprojekt-muenster.de\/wordpress\/#website"},"primaryImageOfPage":{"@id":"https:\/\/www.fanprojekt-muenster.de\/wordpress\/grillen-mit-der-mannschaft-am-30-8-um-18-uhr\/#primaryimage"},"image":{"@id":"https:\/\/www.fanprojekt-muenster.de\/wordpress\/grillen-mit-der-mannschaft-am-30-8-um-18-uhr\/#primaryimage"},"thumbnailUrl":"","datePublished":"2017-08-21T11:40:26+00:00","breadcrumb":{"@id":"https:\/\/www.fanprojekt-muenster.de\/wordpress\/grillen-mit-der-mannschaft-am-30-8-um-18-uhr\/#breadcrumb"},"inLanguage":"de","potentialAction":[{"@type":"ReadAction","target":["https:\/\/www.fanprojekt-muenster.de\/wordpress\/grillen-mit-der-mannschaft-am-30-8-um-18-uhr\/"]}]},{"@type":"ImageObject","inLanguage":"de","@id":"https:\/\/www.fanprojekt-muenster.de\/wordpress\/grillen-mit-der-mannschaft-am-30-8-um-18-uhr\/#primaryimage","url":"","contentUrl":""},{"@type":"BreadcrumbList","@id":"https:\/\/www.fanprojekt-muenster.de\/wordpress\/grillen-mit-der-mannschaft-am-30-8-um-18-uhr\/#breadcrumb","itemListElement":[{"@type":"ListItem","position":1,"name":"Startseite","item":"https:\/\/www.fanprojekt-muenster.de\/wordpress\/"},{"@type":"ListItem","position":2,"name":"Grillen mit der Mannschaft am 30.8. um 18 Uhr"}]},{"@type":"WebSite","@id":"https:\/\/www.fanprojekt-muenster.de\/wordpress\/#website","url":"https:\/\/www.fanprojekt-muenster.de\/wordpress\/","name":"Fangemeinschaft Preu\u00dfen M\u00fcnster e. V.","description":"","publisher":{"@id":"https:\/\/www.fanprojekt-muenster.de\/wordpress\/#organization"},"potentialAction":[{"@type":"SearchAction","target":{"@type":"EntryPoint","urlTemplate":"https:\/\/www.fanprojekt-muenster.de\/wordpress\/?s={search_term_string}"},"query-input":{"@type":"PropertyValueSpecification","valueRequired":true,"valueName":"search_term_string"}}],"inLanguage":"de"},{"@type":"Organization","@id":"https:\/\/www.fanprojekt-muenster.de\/wordpress\/#organization","name":"Fangemeinschaft Preu\u00dfen M\u00fcnster e. V.","url":"https:\/\/www.fanprojekt-muenster.de\/wordpress\/","logo":{"@type":"ImageObject","inLanguage":"de","@id":"https:\/\/www.fanprojekt-muenster.de\/wordpress\/#\/schema\/logo\/image\/","url":"https:\/\/www.fanprojekt-muenster.de\/wordpress\/wp-content\/uploads\/2019\/07\/cropped-Website_Logo3-9.png","contentUrl":"https:\/\/www.fanprojekt-muenster.de\/wordpress\/wp-content\/uploads\/2019\/07\/cropped-Website_Logo3-9.png","width":224,"height":42,"caption":"Fangemeinschaft Preu\u00dfen M\u00fcnster e. V."},"image":{"@id":"https:\/\/www.fanprojekt-muenster.de\/wordpress\/#\/schema\/logo\/image\/"}},{"@type":"Person","@id":"https:\/\/www.fanprojekt-muenster.de\/wordpress\/#\/schema\/person\/529d3ee920414da8907f25b585d57a4e","name":"Florian","url":"https:\/\/www.fanprojekt-muenster.de\/wordpress\/author\/flovoss\/"}]}},"author_meta":{"display_name":"Florian","author_link":"https:\/\/www.fanprojekt-muenster.de\/wordpress\/author\/flovoss\/"},"featured_img":null,"coauthors":[],"tax_additional":{"categories":{"linked":["<a href=\"https:\/\/www.fanprojekt-muenster.de\/wordpress\/category\/aktionen\/\" class=\"advgb-post-tax-term\">Aktionen<\/a>","<a href=\"https:\/\/www.fanprojekt-muenster.de\/wordpress\/category\/aktuelles\/\" class=\"advgb-post-tax-term\">Aktuelles<\/a>","<a href=\"https:\/\/www.fanprojekt-muenster.de\/wordpress\/category\/allgemein\/\" class=\"advgb-post-tax-term\">Allgemein<\/a>"],"unlinked":["<span class=\"advgb-post-tax-term\">Aktionen<\/span>","<span class=\"advgb-post-tax-term\">Aktuelles<\/span>","<span class=\"advgb-post-tax-term\">Allgemein<\/span>"]}},"comment_count":"0","relative_dates":{"created":"Posted 9\u00a0Jahren ago","modified":"Updated 9\u00a0Jahren ago"},"absolute_dates":{"created":"Posted on 21. August 2017","modified":"Updated on 21. August 2017"},"absolute_dates_time":{"created":"Posted on 21. August 2017 13:40","modified":"Updated on 21. August 2017 13:40"},"featured_img_caption":"","series_order":"","_links":{"self":[{"href":"https:\/\/www.fanprojekt-muenster.de\/wordpress\/wp-json\/wp\/v2\/posts\/5513","targetHints":{"allow":["GET"]}}],"collection":[{"href":"https:\/\/www.fanprojekt-muenster.de\/wordpress\/wp-json\/wp\/v2\/posts"}],"about":[{"href":"https:\/\/www.fanprojekt-muenster.de\/wordpress\/wp-json\/wp\/v2\/types\/post"}],"author":[{"embeddable":true,"href":"https:\/\/www.fanprojekt-muenster.de\/wordpress\/wp-json\/wp\/v2\/users\/5"}],"replies":[{"embeddable":true,"href":"https:\/\/www.fanprojekt-muenster.de\/wordpress\/wp-json\/wp\/v2\/comments?post=5513"}],"version-history":[{"count":0,"href":"https:\/\/www.fanprojekt-muenster.de\/wordpress\/wp-json\/wp\/v2\/posts\/5513\/revisions"}],"wp:featuredmedia":[{"embeddable":true,"href":"https:\/\/www.fanprojekt-muenster.de\/wordpress\/wp-json\/"}],"wp:attachment":[{"href":"https:\/\/www.fanprojekt-muenster.de\/wordpress\/wp-json\/wp\/v2\/media?parent=5513"}],"wp:term":[{"taxonomy":"category","embeddable":true,"href":"https:\/\/www.fanprojekt-muenster.de\/wordpress\/wp-json\/wp\/v2\/categories?post=5513"},{"taxonomy":"post_tag","embeddable":true,"href":"https:\/\/www.fanprojekt-muenster.de\/wordpress\/wp-json\/wp\/v2\/tags?post=5513"}],"curies":[{"name":"wp","href":"https:\/\/api.w.org\/{rel}","templated":true}]}}