{"id":5504,"date":"2017-07-21T12:26:13","date_gmt":"2017-07-21T10:26:13","guid":{"rendered":"http:\/\/www.fanprojekt-muenster.de\/wp\/?p=5504"},"modified":"2017-07-21T12:26:13","modified_gmt":"2017-07-21T10:26:13","slug":"massnahmenkatalog-zur-ausgliederung-uebergeben","status":"publish","type":"post","link":"https:\/\/www.fanprojekt-muenster.de\/wordpress\/massnahmenkatalog-zur-ausgliederung-uebergeben\/","title":{"rendered":"Ma\u00dfnahmenkatalog zur Ausgliederung \u00fcbergeben"},"content":{"rendered":"<p>Bei einem ersten Austausch zwischen der Vereinsf\u00fchrung des SCP und dem Vorstand des Fanprojekt Preu\u00dfen M\u00fcnster e.V. zum Thema \u201eAusgliederung\u201c \u00fcbergaben wir\u00a0einen Katalog mit Ma\u00dfnahmen, die aus unserer\u00a0Sicht bei einer Ausgliederung umgesetzt werden m\u00fcssen. Dazu hatten wir den Aufsichtsratsvorsitzenden Frank Westermann und Vereinspr\u00e4sident Christoph Str\u00e4sser in den Fancontainer eingeladen.<\/p>\n<p>&gt;&gt;\u00a0<a href=\"http:\/\/www.fanprojekt-muenster.de\/wp\/wp-content\/uploads\/2017\/07\/Ma\u00dfnahmenkatalog-Ausgliederung-Fanprojekt-Preussen-Muenster-eV.pdf\">Ma\u00dfnahmenkatalog zur Ausgliederung (Fanprojekt Preu\u00dfen M\u00fcnster e.V.)<\/a><\/p>\n<p>Bei dem Treffen haben wir\u00a0positiv betont, dass die Mitgliederversammlung zuletzt abgesagt wurde und es bereits eine Informationsveranstaltung f\u00fcr die Mitglieder gab, die eine gute \u00dcbersicht \u00fcber eine Ausgliederung insgesamt gegeben hat. Konkrete Details zu einer m\u00f6glichen Ausgliederung f\u00fcr Preu\u00dfen M\u00fcnster fehlen allerdings weiterhin. Unser FP-Pr\u00e4sident Benny Sicking: \u201eWir sind mit einem guten Gef\u00fchl aus dem ersten Gespr\u00e4ch gegangen. Herr Westermann und Herr Str\u00e4sser konnten uns ein grobes Bild \u00fcber die Komplexit\u00e4t einer Ausgliederung aufzeigen und uns versichern, dass die Mitglieder im weiteren Verlauf einbezogen werden. F\u00fcr uns war es ein guter Beginn, um die Ausgliederungs-Diskussion konstruktiv weiter zu begleiten und im regelm\u00e4\u00dfigen Austausch zu sein.\u201c Die Vereinsvertreter erl\u00e4uterten, dass aktuell ein Wirtschaftspr\u00fcfungsunternehmen mit einer genaueren Analyse zur Ausgliederung beauftragt sei.<\/p>\n<p>Die vorgestellten Ma\u00dfnahmen, die zuletzt bei einem \u00f6ffentlichen Treffen mit Mitgliedern des Fanprojekts abgestimmt wurden, wurden von Westermann und Str\u00e4sser dankend aufgenommen. Dazu geh\u00f6ren vor allem der Schutz der Identit\u00e4t des Vereins, eine hohe Transparenz in den Gremien und mehr demokratische Mitbestimmung f\u00fcr die Mitglieder. Auf dieser Basis und mit den Ergebnissen der Wirtschaftspr\u00fcfer soll in Zukunft weiter diskutiert werden.<\/p>\n<p>Wir\u00a0m\u00f6chten, dass Mitglieder und Fans in dem Prozess der Ausgliederung starke Ber\u00fccksichtigung findet. Auch ist es dem Fanprojekt wichtig, dass der Vertrag zwischen dem eingetragenen Verein und der ausgegliederten GmbH &amp; Co.KGaA vor einer Mitgliederabstimmung rechtzeitig ver\u00f6ffentlich wird, damit sich Mitglieder damit auseinandersetzen k\u00f6nnen. \u201eAls Fanverband wollen wir keine Position f\u00fcr oder gegen eine Ausgliederung vorgeben. Wir m\u00f6chten erreichen, dass der Prozess und Details einer Ausgliederung transparent dargestellt werden. Jedes Vereinsmitglied soll sich unabh\u00e4ngig eine eigene Meinung bilden k\u00f6nnen, um dann mit gutem Gewissen abstimmen zu k\u00f6nnen\u201c, erkl\u00e4rt Benny Sicking.<\/p>\n<p>Kurz vor der Mitgliederversammlung, in der \u00fcber eine Ausgliederung letztendlich abgestimmt werden soll, werden wir eine Podiumsdiskussion anbieten, auf der der alle Meinungen vertreten sein werden.<\/p>\n","protected":false},"excerpt":{"rendered":"<p>Bei einem ersten Austausch zwischen der Vereinsf\u00fchrung des SCP und dem Vorstand des Fanprojekt Preu\u00dfen M\u00fcnster e.V. zum Thema \u201eAusgliederung\u201c \u00fcbergaben wir\u00a0einen Katalog mit Ma\u00dfnahmen, die aus unserer\u00a0Sicht bei einer&#8230; <a class=\"read-more-link\" href=\"https:\/\/www.fanprojekt-muenster.de\/wordpress\/massnahmenkatalog-zur-ausgliederung-uebergeben\/\">Read more &raquo;<\/a><\/p>\n","protected":false},"author":5,"featured_media":5343,"comment_status":"closed","ping_status":"closed","sticky":false,"template":"","format":"standard","meta":{"advgb_blocks_editor_width":"","advgb_blocks_columns_visual_guide":"","footnotes":""},"categories":[2,3,1],"tags":[47,110,223],"class_list":["post-5504","post","type-post","status-publish","format-standard","has-post-thumbnail","hentry","category-aktionen","category-aktuelles","category-allgemein","tag-ausgliederung","tag-fanpolitik","tag-sc-preussen-muenster"],"featured_image_src":null,"author_info":{"display_name":"Florian","author_link":"https:\/\/www.fanprojekt-muenster.de\/wordpress\/author\/flovoss\/"},"yoast_head":"<!-- This site is optimized with the Yoast SEO plugin v27.2 - https:\/\/yoast.com\/product\/yoast-seo-wordpress\/ -->\n<title>Ma\u00dfnahmenkatalog zur Ausgliederung \u00fcbergeben - Fangemeinschaft Preu\u00dfen M\u00fcnster e. V.<\/title>\n<meta name=\"robots\" content=\"index, follow, max-snippet:-1, max-image-preview:large, max-video-preview:-1\" \/>\n<link rel=\"canonical\" href=\"https:\/\/www.fanprojekt-muenster.de\/wordpress\/massnahmenkatalog-zur-ausgliederung-uebergeben\/\" \/>\n<meta property=\"og:locale\" content=\"de_DE\" \/>\n<meta property=\"og:type\" content=\"article\" \/>\n<meta property=\"og:title\" content=\"Ma\u00dfnahmenkatalog zur Ausgliederung \u00fcbergeben - Fangemeinschaft Preu\u00dfen M\u00fcnster e. V.\" \/>\n<meta property=\"og:description\" content=\"Bei einem ersten Austausch zwischen der Vereinsf\u00fchrung des SCP und dem Vorstand des Fanprojekt Preu\u00dfen M\u00fcnster e.V. zum Thema \u201eAusgliederung\u201c \u00fcbergaben wir\u00a0einen Katalog mit Ma\u00dfnahmen, die aus unserer\u00a0Sicht bei einer... Read more &raquo;\" \/>\n<meta property=\"og:url\" content=\"https:\/\/www.fanprojekt-muenster.de\/wordpress\/massnahmenkatalog-zur-ausgliederung-uebergeben\/\" \/>\n<meta property=\"og:site_name\" content=\"Fangemeinschaft Preu\u00dfen M\u00fcnster e. V.\" \/>\n<meta property=\"article:published_time\" content=\"2017-07-21T10:26:13+00:00\" \/>\n<meta name=\"author\" content=\"Florian\" \/>\n<meta name=\"twitter:card\" content=\"summary_large_image\" \/>\n<meta name=\"twitter:label1\" content=\"Verfasst von\" \/>\n\t<meta name=\"twitter:data1\" content=\"Florian\" \/>\n\t<meta name=\"twitter:label2\" content=\"Gesch\u00e4tzte Lesezeit\" \/>\n\t<meta name=\"twitter:data2\" content=\"2\u00a0Minuten\" \/>\n<script type=\"application\/ld+json\" class=\"yoast-schema-graph\">{\"@context\":\"https:\/\/schema.org\",\"@graph\":[{\"@type\":\"Article\",\"@id\":\"https:\/\/www.fanprojekt-muenster.de\/wordpress\/massnahmenkatalog-zur-ausgliederung-uebergeben\/#article\",\"isPartOf\":{\"@id\":\"https:\/\/www.fanprojekt-muenster.de\/wordpress\/massnahmenkatalog-zur-ausgliederung-uebergeben\/\"},\"author\":{\"name\":\"Florian\",\"@id\":\"https:\/\/www.fanprojekt-muenster.de\/wordpress\/#\/schema\/person\/529d3ee920414da8907f25b585d57a4e\"},\"headline\":\"Ma\u00dfnahmenkatalog zur Ausgliederung \u00fcbergeben\",\"datePublished\":\"2017-07-21T10:26:13+00:00\",\"mainEntityOfPage\":{\"@id\":\"https:\/\/www.fanprojekt-muenster.de\/wordpress\/massnahmenkatalog-zur-ausgliederung-uebergeben\/\"},\"wordCount\":406,\"publisher\":{\"@id\":\"https:\/\/www.fanprojekt-muenster.de\/wordpress\/#organization\"},\"image\":{\"@id\":\"https:\/\/www.fanprojekt-muenster.de\/wordpress\/massnahmenkatalog-zur-ausgliederung-uebergeben\/#primaryimage\"},\"thumbnailUrl\":\"\",\"keywords\":[\"Ausgliederung\",\"Fanpolitik\",\"SC Preu\u00dfen M\u00fcnster\"],\"articleSection\":[\"Aktionen\",\"Aktuelles\"],\"inLanguage\":\"de\"},{\"@type\":\"WebPage\",\"@id\":\"https:\/\/www.fanprojekt-muenster.de\/wordpress\/massnahmenkatalog-zur-ausgliederung-uebergeben\/\",\"url\":\"https:\/\/www.fanprojekt-muenster.de\/wordpress\/massnahmenkatalog-zur-ausgliederung-uebergeben\/\",\"name\":\"Ma\u00dfnahmenkatalog zur Ausgliederung \u00fcbergeben - Fangemeinschaft Preu\u00dfen M\u00fcnster e. V.\",\"isPartOf\":{\"@id\":\"https:\/\/www.fanprojekt-muenster.de\/wordpress\/#website\"},\"primaryImageOfPage\":{\"@id\":\"https:\/\/www.fanprojekt-muenster.de\/wordpress\/massnahmenkatalog-zur-ausgliederung-uebergeben\/#primaryimage\"},\"image\":{\"@id\":\"https:\/\/www.fanprojekt-muenster.de\/wordpress\/massnahmenkatalog-zur-ausgliederung-uebergeben\/#primaryimage\"},\"thumbnailUrl\":\"\",\"datePublished\":\"2017-07-21T10:26:13+00:00\",\"breadcrumb\":{\"@id\":\"https:\/\/www.fanprojekt-muenster.de\/wordpress\/massnahmenkatalog-zur-ausgliederung-uebergeben\/#breadcrumb\"},\"inLanguage\":\"de\",\"potentialAction\":[{\"@type\":\"ReadAction\",\"target\":[\"https:\/\/www.fanprojekt-muenster.de\/wordpress\/massnahmenkatalog-zur-ausgliederung-uebergeben\/\"]}]},{\"@type\":\"ImageObject\",\"inLanguage\":\"de\",\"@id\":\"https:\/\/www.fanprojekt-muenster.de\/wordpress\/massnahmenkatalog-zur-ausgliederung-uebergeben\/#primaryimage\",\"url\":\"\",\"contentUrl\":\"\"},{\"@type\":\"BreadcrumbList\",\"@id\":\"https:\/\/www.fanprojekt-muenster.de\/wordpress\/massnahmenkatalog-zur-ausgliederung-uebergeben\/#breadcrumb\",\"itemListElement\":[{\"@type\":\"ListItem\",\"position\":1,\"name\":\"Startseite\",\"item\":\"https:\/\/www.fanprojekt-muenster.de\/wordpress\/\"},{\"@type\":\"ListItem\",\"position\":2,\"name\":\"Ma\u00dfnahmenkatalog zur Ausgliederung \u00fcbergeben\"}]},{\"@type\":\"WebSite\",\"@id\":\"https:\/\/www.fanprojekt-muenster.de\/wordpress\/#website\",\"url\":\"https:\/\/www.fanprojekt-muenster.de\/wordpress\/\",\"name\":\"Fangemeinschaft Preu\u00dfen M\u00fcnster e. V.\",\"description\":\"\",\"publisher\":{\"@id\":\"https:\/\/www.fanprojekt-muenster.de\/wordpress\/#organization\"},\"potentialAction\":[{\"@type\":\"SearchAction\",\"target\":{\"@type\":\"EntryPoint\",\"urlTemplate\":\"https:\/\/www.fanprojekt-muenster.de\/wordpress\/?s={search_term_string}\"},\"query-input\":{\"@type\":\"PropertyValueSpecification\",\"valueRequired\":true,\"valueName\":\"search_term_string\"}}],\"inLanguage\":\"de\"},{\"@type\":\"Organization\",\"@id\":\"https:\/\/www.fanprojekt-muenster.de\/wordpress\/#organization\",\"name\":\"Fangemeinschaft Preu\u00dfen M\u00fcnster e. V.\",\"url\":\"https:\/\/www.fanprojekt-muenster.de\/wordpress\/\",\"logo\":{\"@type\":\"ImageObject\",\"inLanguage\":\"de\",\"@id\":\"https:\/\/www.fanprojekt-muenster.de\/wordpress\/#\/schema\/logo\/image\/\",\"url\":\"https:\/\/www.fanprojekt-muenster.de\/wordpress\/wp-content\/uploads\/2019\/07\/cropped-Website_Logo3-9.png\",\"contentUrl\":\"https:\/\/www.fanprojekt-muenster.de\/wordpress\/wp-content\/uploads\/2019\/07\/cropped-Website_Logo3-9.png\",\"width\":224,\"height\":42,\"caption\":\"Fangemeinschaft Preu\u00dfen M\u00fcnster e. V.\"},\"image\":{\"@id\":\"https:\/\/www.fanprojekt-muenster.de\/wordpress\/#\/schema\/logo\/image\/\"}},{\"@type\":\"Person\",\"@id\":\"https:\/\/www.fanprojekt-muenster.de\/wordpress\/#\/schema\/person\/529d3ee920414da8907f25b585d57a4e\",\"name\":\"Florian\",\"url\":\"https:\/\/www.fanprojekt-muenster.de\/wordpress\/author\/flovoss\/\"}]}<\/script>\n<!-- \/ Yoast SEO plugin. -->","yoast_head_json":{"title":"Ma\u00dfnahmenkatalog zur Ausgliederung \u00fcbergeben - Fangemeinschaft Preu\u00dfen M\u00fcnster e. V.","robots":{"index":"index","follow":"follow","max-snippet":"max-snippet:-1","max-image-preview":"max-image-preview:large","max-video-preview":"max-video-preview:-1"},"canonical":"https:\/\/www.fanprojekt-muenster.de\/wordpress\/massnahmenkatalog-zur-ausgliederung-uebergeben\/","og_locale":"de_DE","og_type":"article","og_title":"Ma\u00dfnahmenkatalog zur Ausgliederung \u00fcbergeben - Fangemeinschaft Preu\u00dfen M\u00fcnster e. V.","og_description":"Bei einem ersten Austausch zwischen der Vereinsf\u00fchrung des SCP und dem Vorstand des Fanprojekt Preu\u00dfen M\u00fcnster e.V. zum Thema \u201eAusgliederung\u201c \u00fcbergaben wir\u00a0einen Katalog mit Ma\u00dfnahmen, die aus unserer\u00a0Sicht bei einer... Read more &raquo;","og_url":"https:\/\/www.fanprojekt-muenster.de\/wordpress\/massnahmenkatalog-zur-ausgliederung-uebergeben\/","og_site_name":"Fangemeinschaft Preu\u00dfen M\u00fcnster e. V.","article_published_time":"2017-07-21T10:26:13+00:00","author":"Florian","twitter_card":"summary_large_image","twitter_misc":{"Verfasst von":"Florian","Gesch\u00e4tzte Lesezeit":"2\u00a0Minuten"},"schema":{"@context":"https:\/\/schema.org","@graph":[{"@type":"Article","@id":"https:\/\/www.fanprojekt-muenster.de\/wordpress\/massnahmenkatalog-zur-ausgliederung-uebergeben\/#article","isPartOf":{"@id":"https:\/\/www.fanprojekt-muenster.de\/wordpress\/massnahmenkatalog-zur-ausgliederung-uebergeben\/"},"author":{"name":"Florian","@id":"https:\/\/www.fanprojekt-muenster.de\/wordpress\/#\/schema\/person\/529d3ee920414da8907f25b585d57a4e"},"headline":"Ma\u00dfnahmenkatalog zur Ausgliederung \u00fcbergeben","datePublished":"2017-07-21T10:26:13+00:00","mainEntityOfPage":{"@id":"https:\/\/www.fanprojekt-muenster.de\/wordpress\/massnahmenkatalog-zur-ausgliederung-uebergeben\/"},"wordCount":406,"publisher":{"@id":"https:\/\/www.fanprojekt-muenster.de\/wordpress\/#organization"},"image":{"@id":"https:\/\/www.fanprojekt-muenster.de\/wordpress\/massnahmenkatalog-zur-ausgliederung-uebergeben\/#primaryimage"},"thumbnailUrl":"","keywords":["Ausgliederung","Fanpolitik","SC Preu\u00dfen M\u00fcnster"],"articleSection":["Aktionen","Aktuelles"],"inLanguage":"de"},{"@type":"WebPage","@id":"https:\/\/www.fanprojekt-muenster.de\/wordpress\/massnahmenkatalog-zur-ausgliederung-uebergeben\/","url":"https:\/\/www.fanprojekt-muenster.de\/wordpress\/massnahmenkatalog-zur-ausgliederung-uebergeben\/","name":"Ma\u00dfnahmenkatalog zur Ausgliederung \u00fcbergeben - Fangemeinschaft Preu\u00dfen M\u00fcnster e. V.","isPartOf":{"@id":"https:\/\/www.fanprojekt-muenster.de\/wordpress\/#website"},"primaryImageOfPage":{"@id":"https:\/\/www.fanprojekt-muenster.de\/wordpress\/massnahmenkatalog-zur-ausgliederung-uebergeben\/#primaryimage"},"image":{"@id":"https:\/\/www.fanprojekt-muenster.de\/wordpress\/massnahmenkatalog-zur-ausgliederung-uebergeben\/#primaryimage"},"thumbnailUrl":"","datePublished":"2017-07-21T10:26:13+00:00","breadcrumb":{"@id":"https:\/\/www.fanprojekt-muenster.de\/wordpress\/massnahmenkatalog-zur-ausgliederung-uebergeben\/#breadcrumb"},"inLanguage":"de","potentialAction":[{"@type":"ReadAction","target":["https:\/\/www.fanprojekt-muenster.de\/wordpress\/massnahmenkatalog-zur-ausgliederung-uebergeben\/"]}]},{"@type":"ImageObject","inLanguage":"de","@id":"https:\/\/www.fanprojekt-muenster.de\/wordpress\/massnahmenkatalog-zur-ausgliederung-uebergeben\/#primaryimage","url":"","contentUrl":""},{"@type":"BreadcrumbList","@id":"https:\/\/www.fanprojekt-muenster.de\/wordpress\/massnahmenkatalog-zur-ausgliederung-uebergeben\/#breadcrumb","itemListElement":[{"@type":"ListItem","position":1,"name":"Startseite","item":"https:\/\/www.fanprojekt-muenster.de\/wordpress\/"},{"@type":"ListItem","position":2,"name":"Ma\u00dfnahmenkatalog zur Ausgliederung \u00fcbergeben"}]},{"@type":"WebSite","@id":"https:\/\/www.fanprojekt-muenster.de\/wordpress\/#website","url":"https:\/\/www.fanprojekt-muenster.de\/wordpress\/","name":"Fangemeinschaft Preu\u00dfen M\u00fcnster e. V.","description":"","publisher":{"@id":"https:\/\/www.fanprojekt-muenster.de\/wordpress\/#organization"},"potentialAction":[{"@type":"SearchAction","target":{"@type":"EntryPoint","urlTemplate":"https:\/\/www.fanprojekt-muenster.de\/wordpress\/?s={search_term_string}"},"query-input":{"@type":"PropertyValueSpecification","valueRequired":true,"valueName":"search_term_string"}}],"inLanguage":"de"},{"@type":"Organization","@id":"https:\/\/www.fanprojekt-muenster.de\/wordpress\/#organization","name":"Fangemeinschaft Preu\u00dfen M\u00fcnster e. V.","url":"https:\/\/www.fanprojekt-muenster.de\/wordpress\/","logo":{"@type":"ImageObject","inLanguage":"de","@id":"https:\/\/www.fanprojekt-muenster.de\/wordpress\/#\/schema\/logo\/image\/","url":"https:\/\/www.fanprojekt-muenster.de\/wordpress\/wp-content\/uploads\/2019\/07\/cropped-Website_Logo3-9.png","contentUrl":"https:\/\/www.fanprojekt-muenster.de\/wordpress\/wp-content\/uploads\/2019\/07\/cropped-Website_Logo3-9.png","width":224,"height":42,"caption":"Fangemeinschaft Preu\u00dfen M\u00fcnster e. V."},"image":{"@id":"https:\/\/www.fanprojekt-muenster.de\/wordpress\/#\/schema\/logo\/image\/"}},{"@type":"Person","@id":"https:\/\/www.fanprojekt-muenster.de\/wordpress\/#\/schema\/person\/529d3ee920414da8907f25b585d57a4e","name":"Florian","url":"https:\/\/www.fanprojekt-muenster.de\/wordpress\/author\/flovoss\/"}]}},"author_meta":{"display_name":"Florian","author_link":"https:\/\/www.fanprojekt-muenster.de\/wordpress\/author\/flovoss\/"},"featured_img":null,"coauthors":[],"tax_additional":{"categories":{"linked":["<a href=\"https:\/\/www.fanprojekt-muenster.de\/wordpress\/category\/aktionen\/\" class=\"advgb-post-tax-term\">Aktionen<\/a>","<a href=\"https:\/\/www.fanprojekt-muenster.de\/wordpress\/category\/aktuelles\/\" class=\"advgb-post-tax-term\">Aktuelles<\/a>","<a href=\"https:\/\/www.fanprojekt-muenster.de\/wordpress\/category\/allgemein\/\" class=\"advgb-post-tax-term\">Allgemein<\/a>"],"unlinked":["<span class=\"advgb-post-tax-term\">Aktionen<\/span>","<span class=\"advgb-post-tax-term\">Aktuelles<\/span>","<span class=\"advgb-post-tax-term\">Allgemein<\/span>"]},"tags":{"linked":["<a href=\"https:\/\/www.fanprojekt-muenster.de\/wordpress\/category\/allgemein\/\" class=\"advgb-post-tax-term\">Ausgliederung<\/a>","<a href=\"https:\/\/www.fanprojekt-muenster.de\/wordpress\/category\/allgemein\/\" class=\"advgb-post-tax-term\">Fanpolitik<\/a>","<a href=\"https:\/\/www.fanprojekt-muenster.de\/wordpress\/category\/allgemein\/\" class=\"advgb-post-tax-term\">SC Preu\u00dfen M\u00fcnster<\/a>"],"unlinked":["<span class=\"advgb-post-tax-term\">Ausgliederung<\/span>","<span class=\"advgb-post-tax-term\">Fanpolitik<\/span>","<span class=\"advgb-post-tax-term\">SC Preu\u00dfen M\u00fcnster<\/span>"]}},"comment_count":"0","relative_dates":{"created":"Posted 9\u00a0Jahren ago","modified":"Updated 9\u00a0Jahren ago"},"absolute_dates":{"created":"Posted on 21. Juli 2017","modified":"Updated on 21. Juli 2017"},"absolute_dates_time":{"created":"Posted on 21. Juli 2017 12:26","modified":"Updated on 21. Juli 2017 12:26"},"featured_img_caption":"","series_order":"","_links":{"self":[{"href":"https:\/\/www.fanprojekt-muenster.de\/wordpress\/wp-json\/wp\/v2\/posts\/5504","targetHints":{"allow":["GET"]}}],"collection":[{"href":"https:\/\/www.fanprojekt-muenster.de\/wordpress\/wp-json\/wp\/v2\/posts"}],"about":[{"href":"https:\/\/www.fanprojekt-muenster.de\/wordpress\/wp-json\/wp\/v2\/types\/post"}],"author":[{"embeddable":true,"href":"https:\/\/www.fanprojekt-muenster.de\/wordpress\/wp-json\/wp\/v2\/users\/5"}],"replies":[{"embeddable":true,"href":"https:\/\/www.fanprojekt-muenster.de\/wordpress\/wp-json\/wp\/v2\/comments?post=5504"}],"version-history":[{"count":0,"href":"https:\/\/www.fanprojekt-muenster.de\/wordpress\/wp-json\/wp\/v2\/posts\/5504\/revisions"}],"wp:featuredmedia":[{"embeddable":true,"href":"https:\/\/www.fanprojekt-muenster.de\/wordpress\/wp-json\/"}],"wp:attachment":[{"href":"https:\/\/www.fanprojekt-muenster.de\/wordpress\/wp-json\/wp\/v2\/media?parent=5504"}],"wp:term":[{"taxonomy":"category","embeddable":true,"href":"https:\/\/www.fanprojekt-muenster.de\/wordpress\/wp-json\/wp\/v2\/categories?post=5504"},{"taxonomy":"post_tag","embeddable":true,"href":"https:\/\/www.fanprojekt-muenster.de\/wordpress\/wp-json\/wp\/v2\/tags?post=5504"}],"curies":[{"name":"wp","href":"https:\/\/api.w.org\/{rel}","templated":true}]}}