{"id":5493,"date":"2017-05-16T12:58:40","date_gmt":"2017-05-16T10:58:40","guid":{"rendered":"http:\/\/www.fanprojekt-muenster.de\/wp\/?p=5493"},"modified":"2017-05-16T12:58:40","modified_gmt":"2017-05-16T10:58:40","slug":"oeffentliches-treffen-statt-podiumsdiskussion-am-28-mai","status":"publish","type":"post","link":"https:\/\/www.fanprojekt-muenster.de\/wordpress\/oeffentliches-treffen-statt-podiumsdiskussion-am-28-mai\/","title":{"rendered":"\u00d6ffentliches Treffen statt Podiumsdiskussion am 28. Mai"},"content":{"rendered":"<p>Aus der angek\u00fcndigten Podiumsdiskussion zur Ausgliederung am Sonntag, 28. Mai, (16 Uhr) wird ein \u00d6ffentliches Treffen des Fanprojekts am Fancontainer. Da der SC Preu\u00dfen angek\u00fcndigt hat, den Prozess der Ausgliederung transparenter und verlangsamt umzusetzen, sieht der Vorstand des Fanprojekt Preu\u00dfen M\u00fcnster e.V. es f\u00fcr sinnvoll an, zu diesem Zeitpunkt eine Veranstaltung mit einer offeneren Diskussionsm\u00f6glichkeit f\u00fcr alle Fans anzubieten.<\/p>\n<p>Viele Fans waren von dem bisherigen Ablauf entt\u00e4uscht und daher begr\u00fc\u00dft der Vorstand des Fanprojekts nun, dass das weitere Vorgehen durch mehr Transparenz ausgezeichnet sein soll. \u201eWir nehmen diesen Faden gerne auf und m\u00f6chten alle Fans ermutigen, sich am 28. Mai und dar\u00fcber hinaus einzubringen\u201c, erl\u00e4utert Florian Vo\u00df, Sprecher des Fanprojekts.<\/p>\n<p>Das Treffen findet am Fancontainer, bei schlechtem Wetter im FANport, am Preu\u00dfenstadion statt. Die Uhrzeit bleibt bei 16 Uhr. Die Podiumsdiskussion wird zu einem sp\u00e4teren Zeitpunkt durchgef\u00fchrt werden.<\/p>\n<p>\u00d6ffentliche Treffen des Fanprojekts sind eine regelm\u00e4\u00dfige Form des Austausches der Fans des SC Preu\u00dfen M\u00fcnster. Eingeladen sind stets alle Interessierten.<\/p>\n","protected":false},"excerpt":{"rendered":"<p>Aus der angek\u00fcndigten Podiumsdiskussion zur Ausgliederung am Sonntag, 28. Mai, (16 Uhr) wird ein \u00d6ffentliches Treffen des Fanprojekts am Fancontainer. Da der SC Preu\u00dfen angek\u00fcndigt hat, den Prozess der Ausgliederung&#8230; <a class=\"read-more-link\" href=\"https:\/\/www.fanprojekt-muenster.de\/wordpress\/oeffentliches-treffen-statt-podiumsdiskussion-am-28-mai\/\">Read more &raquo;<\/a><\/p>\n","protected":false},"author":5,"featured_media":5388,"comment_status":"closed","ping_status":"closed","sticky":false,"template":"","format":"standard","meta":{"advgb_blocks_editor_width":"","advgb_blocks_columns_visual_guide":"","footnotes":""},"categories":[2,3,1],"tags":[106,110,111,115,117,190,275,283],"class_list":["post-5493","post","type-post","status-publish","format-standard","has-post-thumbnail","hentry","category-aktionen","category-aktuelles","category-allgemein","tag-fancontainer","tag-fanpolitik","tag-fanport","tag-fans","tag-fanszene","tag-oeffentliches-treffen","tag-veranstaltung","tag-von-fans-fuer-fans"],"featured_image_src":null,"author_info":{"display_name":"Florian","author_link":"https:\/\/www.fanprojekt-muenster.de\/wordpress\/author\/flovoss\/"},"yoast_head":"<!-- This site is optimized with the Yoast SEO plugin v27.2 - https:\/\/yoast.com\/product\/yoast-seo-wordpress\/ -->\n<title>\u00d6ffentliches Treffen statt Podiumsdiskussion am 28. Mai - Fangemeinschaft Preu\u00dfen M\u00fcnster e. V.<\/title>\n<meta name=\"robots\" content=\"index, follow, max-snippet:-1, max-image-preview:large, max-video-preview:-1\" \/>\n<link rel=\"canonical\" href=\"https:\/\/www.fanprojekt-muenster.de\/wordpress\/oeffentliches-treffen-statt-podiumsdiskussion-am-28-mai\/\" \/>\n<meta property=\"og:locale\" content=\"de_DE\" \/>\n<meta property=\"og:type\" content=\"article\" \/>\n<meta property=\"og:title\" content=\"\u00d6ffentliches Treffen statt Podiumsdiskussion am 28. Mai - Fangemeinschaft Preu\u00dfen M\u00fcnster e. V.\" \/>\n<meta property=\"og:description\" content=\"Aus der angek\u00fcndigten Podiumsdiskussion zur Ausgliederung am Sonntag, 28. Mai, (16 Uhr) wird ein \u00d6ffentliches Treffen des Fanprojekts am Fancontainer. Da der SC Preu\u00dfen angek\u00fcndigt hat, den Prozess der Ausgliederung... Read more &raquo;\" \/>\n<meta property=\"og:url\" content=\"https:\/\/www.fanprojekt-muenster.de\/wordpress\/oeffentliches-treffen-statt-podiumsdiskussion-am-28-mai\/\" \/>\n<meta property=\"og:site_name\" content=\"Fangemeinschaft Preu\u00dfen M\u00fcnster e. V.\" \/>\n<meta property=\"article:published_time\" content=\"2017-05-16T10:58:40+00:00\" \/>\n<meta name=\"author\" content=\"Florian\" \/>\n<meta name=\"twitter:card\" content=\"summary_large_image\" \/>\n<meta name=\"twitter:label1\" content=\"Verfasst von\" \/>\n\t<meta name=\"twitter:data1\" content=\"Florian\" \/>\n\t<meta name=\"twitter:label2\" content=\"Gesch\u00e4tzte Lesezeit\" \/>\n\t<meta name=\"twitter:data2\" content=\"1\u00a0Minute\" \/>\n<script type=\"application\/ld+json\" class=\"yoast-schema-graph\">{\"@context\":\"https:\/\/schema.org\",\"@graph\":[{\"@type\":\"Article\",\"@id\":\"https:\/\/www.fanprojekt-muenster.de\/wordpress\/oeffentliches-treffen-statt-podiumsdiskussion-am-28-mai\/#article\",\"isPartOf\":{\"@id\":\"https:\/\/www.fanprojekt-muenster.de\/wordpress\/oeffentliches-treffen-statt-podiumsdiskussion-am-28-mai\/\"},\"author\":{\"name\":\"Florian\",\"@id\":\"https:\/\/www.fanprojekt-muenster.de\/wordpress\/#\/schema\/person\/529d3ee920414da8907f25b585d57a4e\"},\"headline\":\"\u00d6ffentliches Treffen statt Podiumsdiskussion am 28. Mai\",\"datePublished\":\"2017-05-16T10:58:40+00:00\",\"mainEntityOfPage\":{\"@id\":\"https:\/\/www.fanprojekt-muenster.de\/wordpress\/oeffentliches-treffen-statt-podiumsdiskussion-am-28-mai\/\"},\"wordCount\":181,\"publisher\":{\"@id\":\"https:\/\/www.fanprojekt-muenster.de\/wordpress\/#organization\"},\"image\":{\"@id\":\"https:\/\/www.fanprojekt-muenster.de\/wordpress\/oeffentliches-treffen-statt-podiumsdiskussion-am-28-mai\/#primaryimage\"},\"thumbnailUrl\":\"\",\"keywords\":[\"Fancontainer\",\"Fanpolitik\",\"Fanport\",\"Fans\",\"Fanszene\",\"\u00d6ffentliches Treffen\",\"Veranstaltung\",\"Von Fans f\u00fcr Fans\"],\"articleSection\":[\"Aktionen\",\"Aktuelles\"],\"inLanguage\":\"de\"},{\"@type\":\"WebPage\",\"@id\":\"https:\/\/www.fanprojekt-muenster.de\/wordpress\/oeffentliches-treffen-statt-podiumsdiskussion-am-28-mai\/\",\"url\":\"https:\/\/www.fanprojekt-muenster.de\/wordpress\/oeffentliches-treffen-statt-podiumsdiskussion-am-28-mai\/\",\"name\":\"\u00d6ffentliches Treffen statt Podiumsdiskussion am 28. Mai - Fangemeinschaft Preu\u00dfen M\u00fcnster e. V.\",\"isPartOf\":{\"@id\":\"https:\/\/www.fanprojekt-muenster.de\/wordpress\/#website\"},\"primaryImageOfPage\":{\"@id\":\"https:\/\/www.fanprojekt-muenster.de\/wordpress\/oeffentliches-treffen-statt-podiumsdiskussion-am-28-mai\/#primaryimage\"},\"image\":{\"@id\":\"https:\/\/www.fanprojekt-muenster.de\/wordpress\/oeffentliches-treffen-statt-podiumsdiskussion-am-28-mai\/#primaryimage\"},\"thumbnailUrl\":\"\",\"datePublished\":\"2017-05-16T10:58:40+00:00\",\"breadcrumb\":{\"@id\":\"https:\/\/www.fanprojekt-muenster.de\/wordpress\/oeffentliches-treffen-statt-podiumsdiskussion-am-28-mai\/#breadcrumb\"},\"inLanguage\":\"de\",\"potentialAction\":[{\"@type\":\"ReadAction\",\"target\":[\"https:\/\/www.fanprojekt-muenster.de\/wordpress\/oeffentliches-treffen-statt-podiumsdiskussion-am-28-mai\/\"]}]},{\"@type\":\"ImageObject\",\"inLanguage\":\"de\",\"@id\":\"https:\/\/www.fanprojekt-muenster.de\/wordpress\/oeffentliches-treffen-statt-podiumsdiskussion-am-28-mai\/#primaryimage\",\"url\":\"\",\"contentUrl\":\"\"},{\"@type\":\"BreadcrumbList\",\"@id\":\"https:\/\/www.fanprojekt-muenster.de\/wordpress\/oeffentliches-treffen-statt-podiumsdiskussion-am-28-mai\/#breadcrumb\",\"itemListElement\":[{\"@type\":\"ListItem\",\"position\":1,\"name\":\"Startseite\",\"item\":\"https:\/\/www.fanprojekt-muenster.de\/wordpress\/\"},{\"@type\":\"ListItem\",\"position\":2,\"name\":\"\u00d6ffentliches Treffen statt Podiumsdiskussion am 28. Mai\"}]},{\"@type\":\"WebSite\",\"@id\":\"https:\/\/www.fanprojekt-muenster.de\/wordpress\/#website\",\"url\":\"https:\/\/www.fanprojekt-muenster.de\/wordpress\/\",\"name\":\"Fangemeinschaft Preu\u00dfen M\u00fcnster e. V.\",\"description\":\"\",\"publisher\":{\"@id\":\"https:\/\/www.fanprojekt-muenster.de\/wordpress\/#organization\"},\"potentialAction\":[{\"@type\":\"SearchAction\",\"target\":{\"@type\":\"EntryPoint\",\"urlTemplate\":\"https:\/\/www.fanprojekt-muenster.de\/wordpress\/?s={search_term_string}\"},\"query-input\":{\"@type\":\"PropertyValueSpecification\",\"valueRequired\":true,\"valueName\":\"search_term_string\"}}],\"inLanguage\":\"de\"},{\"@type\":\"Organization\",\"@id\":\"https:\/\/www.fanprojekt-muenster.de\/wordpress\/#organization\",\"name\":\"Fangemeinschaft Preu\u00dfen M\u00fcnster e. V.\",\"url\":\"https:\/\/www.fanprojekt-muenster.de\/wordpress\/\",\"logo\":{\"@type\":\"ImageObject\",\"inLanguage\":\"de\",\"@id\":\"https:\/\/www.fanprojekt-muenster.de\/wordpress\/#\/schema\/logo\/image\/\",\"url\":\"https:\/\/www.fanprojekt-muenster.de\/wordpress\/wp-content\/uploads\/2019\/07\/cropped-Website_Logo3-9.png\",\"contentUrl\":\"https:\/\/www.fanprojekt-muenster.de\/wordpress\/wp-content\/uploads\/2019\/07\/cropped-Website_Logo3-9.png\",\"width\":224,\"height\":42,\"caption\":\"Fangemeinschaft Preu\u00dfen M\u00fcnster e. V.\"},\"image\":{\"@id\":\"https:\/\/www.fanprojekt-muenster.de\/wordpress\/#\/schema\/logo\/image\/\"}},{\"@type\":\"Person\",\"@id\":\"https:\/\/www.fanprojekt-muenster.de\/wordpress\/#\/schema\/person\/529d3ee920414da8907f25b585d57a4e\",\"name\":\"Florian\",\"url\":\"https:\/\/www.fanprojekt-muenster.de\/wordpress\/author\/flovoss\/\"}]}<\/script>\n<!-- \/ Yoast SEO plugin. -->","yoast_head_json":{"title":"\u00d6ffentliches Treffen statt Podiumsdiskussion am 28. Mai - Fangemeinschaft Preu\u00dfen M\u00fcnster e. V.","robots":{"index":"index","follow":"follow","max-snippet":"max-snippet:-1","max-image-preview":"max-image-preview:large","max-video-preview":"max-video-preview:-1"},"canonical":"https:\/\/www.fanprojekt-muenster.de\/wordpress\/oeffentliches-treffen-statt-podiumsdiskussion-am-28-mai\/","og_locale":"de_DE","og_type":"article","og_title":"\u00d6ffentliches Treffen statt Podiumsdiskussion am 28. Mai - Fangemeinschaft Preu\u00dfen M\u00fcnster e. V.","og_description":"Aus der angek\u00fcndigten Podiumsdiskussion zur Ausgliederung am Sonntag, 28. Mai, (16 Uhr) wird ein \u00d6ffentliches Treffen des Fanprojekts am Fancontainer. Da der SC Preu\u00dfen angek\u00fcndigt hat, den Prozess der Ausgliederung... Read more &raquo;","og_url":"https:\/\/www.fanprojekt-muenster.de\/wordpress\/oeffentliches-treffen-statt-podiumsdiskussion-am-28-mai\/","og_site_name":"Fangemeinschaft Preu\u00dfen M\u00fcnster e. V.","article_published_time":"2017-05-16T10:58:40+00:00","author":"Florian","twitter_card":"summary_large_image","twitter_misc":{"Verfasst von":"Florian","Gesch\u00e4tzte Lesezeit":"1\u00a0Minute"},"schema":{"@context":"https:\/\/schema.org","@graph":[{"@type":"Article","@id":"https:\/\/www.fanprojekt-muenster.de\/wordpress\/oeffentliches-treffen-statt-podiumsdiskussion-am-28-mai\/#article","isPartOf":{"@id":"https:\/\/www.fanprojekt-muenster.de\/wordpress\/oeffentliches-treffen-statt-podiumsdiskussion-am-28-mai\/"},"author":{"name":"Florian","@id":"https:\/\/www.fanprojekt-muenster.de\/wordpress\/#\/schema\/person\/529d3ee920414da8907f25b585d57a4e"},"headline":"\u00d6ffentliches Treffen statt Podiumsdiskussion am 28. Mai","datePublished":"2017-05-16T10:58:40+00:00","mainEntityOfPage":{"@id":"https:\/\/www.fanprojekt-muenster.de\/wordpress\/oeffentliches-treffen-statt-podiumsdiskussion-am-28-mai\/"},"wordCount":181,"publisher":{"@id":"https:\/\/www.fanprojekt-muenster.de\/wordpress\/#organization"},"image":{"@id":"https:\/\/www.fanprojekt-muenster.de\/wordpress\/oeffentliches-treffen-statt-podiumsdiskussion-am-28-mai\/#primaryimage"},"thumbnailUrl":"","keywords":["Fancontainer","Fanpolitik","Fanport","Fans","Fanszene","\u00d6ffentliches Treffen","Veranstaltung","Von Fans f\u00fcr Fans"],"articleSection":["Aktionen","Aktuelles"],"inLanguage":"de"},{"@type":"WebPage","@id":"https:\/\/www.fanprojekt-muenster.de\/wordpress\/oeffentliches-treffen-statt-podiumsdiskussion-am-28-mai\/","url":"https:\/\/www.fanprojekt-muenster.de\/wordpress\/oeffentliches-treffen-statt-podiumsdiskussion-am-28-mai\/","name":"\u00d6ffentliches Treffen statt Podiumsdiskussion am 28. Mai - Fangemeinschaft Preu\u00dfen M\u00fcnster e. V.","isPartOf":{"@id":"https:\/\/www.fanprojekt-muenster.de\/wordpress\/#website"},"primaryImageOfPage":{"@id":"https:\/\/www.fanprojekt-muenster.de\/wordpress\/oeffentliches-treffen-statt-podiumsdiskussion-am-28-mai\/#primaryimage"},"image":{"@id":"https:\/\/www.fanprojekt-muenster.de\/wordpress\/oeffentliches-treffen-statt-podiumsdiskussion-am-28-mai\/#primaryimage"},"thumbnailUrl":"","datePublished":"2017-05-16T10:58:40+00:00","breadcrumb":{"@id":"https:\/\/www.fanprojekt-muenster.de\/wordpress\/oeffentliches-treffen-statt-podiumsdiskussion-am-28-mai\/#breadcrumb"},"inLanguage":"de","potentialAction":[{"@type":"ReadAction","target":["https:\/\/www.fanprojekt-muenster.de\/wordpress\/oeffentliches-treffen-statt-podiumsdiskussion-am-28-mai\/"]}]},{"@type":"ImageObject","inLanguage":"de","@id":"https:\/\/www.fanprojekt-muenster.de\/wordpress\/oeffentliches-treffen-statt-podiumsdiskussion-am-28-mai\/#primaryimage","url":"","contentUrl":""},{"@type":"BreadcrumbList","@id":"https:\/\/www.fanprojekt-muenster.de\/wordpress\/oeffentliches-treffen-statt-podiumsdiskussion-am-28-mai\/#breadcrumb","itemListElement":[{"@type":"ListItem","position":1,"name":"Startseite","item":"https:\/\/www.fanprojekt-muenster.de\/wordpress\/"},{"@type":"ListItem","position":2,"name":"\u00d6ffentliches Treffen statt Podiumsdiskussion am 28. Mai"}]},{"@type":"WebSite","@id":"https:\/\/www.fanprojekt-muenster.de\/wordpress\/#website","url":"https:\/\/www.fanprojekt-muenster.de\/wordpress\/","name":"Fangemeinschaft Preu\u00dfen M\u00fcnster e. V.","description":"","publisher":{"@id":"https:\/\/www.fanprojekt-muenster.de\/wordpress\/#organization"},"potentialAction":[{"@type":"SearchAction","target":{"@type":"EntryPoint","urlTemplate":"https:\/\/www.fanprojekt-muenster.de\/wordpress\/?s={search_term_string}"},"query-input":{"@type":"PropertyValueSpecification","valueRequired":true,"valueName":"search_term_string"}}],"inLanguage":"de"},{"@type":"Organization","@id":"https:\/\/www.fanprojekt-muenster.de\/wordpress\/#organization","name":"Fangemeinschaft Preu\u00dfen M\u00fcnster e. V.","url":"https:\/\/www.fanprojekt-muenster.de\/wordpress\/","logo":{"@type":"ImageObject","inLanguage":"de","@id":"https:\/\/www.fanprojekt-muenster.de\/wordpress\/#\/schema\/logo\/image\/","url":"https:\/\/www.fanprojekt-muenster.de\/wordpress\/wp-content\/uploads\/2019\/07\/cropped-Website_Logo3-9.png","contentUrl":"https:\/\/www.fanprojekt-muenster.de\/wordpress\/wp-content\/uploads\/2019\/07\/cropped-Website_Logo3-9.png","width":224,"height":42,"caption":"Fangemeinschaft Preu\u00dfen M\u00fcnster e. V."},"image":{"@id":"https:\/\/www.fanprojekt-muenster.de\/wordpress\/#\/schema\/logo\/image\/"}},{"@type":"Person","@id":"https:\/\/www.fanprojekt-muenster.de\/wordpress\/#\/schema\/person\/529d3ee920414da8907f25b585d57a4e","name":"Florian","url":"https:\/\/www.fanprojekt-muenster.de\/wordpress\/author\/flovoss\/"}]}},"author_meta":{"display_name":"Florian","author_link":"https:\/\/www.fanprojekt-muenster.de\/wordpress\/author\/flovoss\/"},"featured_img":null,"coauthors":[],"tax_additional":{"categories":{"linked":["<a href=\"https:\/\/www.fanprojekt-muenster.de\/wordpress\/category\/aktionen\/\" class=\"advgb-post-tax-term\">Aktionen<\/a>","<a href=\"https:\/\/www.fanprojekt-muenster.de\/wordpress\/category\/aktuelles\/\" class=\"advgb-post-tax-term\">Aktuelles<\/a>","<a href=\"https:\/\/www.fanprojekt-muenster.de\/wordpress\/category\/allgemein\/\" class=\"advgb-post-tax-term\">Allgemein<\/a>"],"unlinked":["<span class=\"advgb-post-tax-term\">Aktionen<\/span>","<span class=\"advgb-post-tax-term\">Aktuelles<\/span>","<span class=\"advgb-post-tax-term\">Allgemein<\/span>"]},"tags":{"linked":["<a href=\"https:\/\/www.fanprojekt-muenster.de\/wordpress\/category\/allgemein\/\" class=\"advgb-post-tax-term\">Fancontainer<\/a>","<a href=\"https:\/\/www.fanprojekt-muenster.de\/wordpress\/category\/allgemein\/\" class=\"advgb-post-tax-term\">Fanpolitik<\/a>","<a href=\"https:\/\/www.fanprojekt-muenster.de\/wordpress\/category\/allgemein\/\" class=\"advgb-post-tax-term\">Fanport<\/a>","<a href=\"https:\/\/www.fanprojekt-muenster.de\/wordpress\/category\/allgemein\/\" class=\"advgb-post-tax-term\">Fans<\/a>","<a href=\"https:\/\/www.fanprojekt-muenster.de\/wordpress\/category\/allgemein\/\" class=\"advgb-post-tax-term\">Fanszene<\/a>","<a href=\"https:\/\/www.fanprojekt-muenster.de\/wordpress\/category\/allgemein\/\" class=\"advgb-post-tax-term\">\u00d6ffentliches Treffen<\/a>","<a href=\"https:\/\/www.fanprojekt-muenster.de\/wordpress\/category\/allgemein\/\" class=\"advgb-post-tax-term\">Veranstaltung<\/a>","<a href=\"https:\/\/www.fanprojekt-muenster.de\/wordpress\/category\/allgemein\/\" class=\"advgb-post-tax-term\">Von Fans f\u00fcr Fans<\/a>"],"unlinked":["<span class=\"advgb-post-tax-term\">Fancontainer<\/span>","<span class=\"advgb-post-tax-term\">Fanpolitik<\/span>","<span class=\"advgb-post-tax-term\">Fanport<\/span>","<span class=\"advgb-post-tax-term\">Fans<\/span>","<span class=\"advgb-post-tax-term\">Fanszene<\/span>","<span class=\"advgb-post-tax-term\">\u00d6ffentliches Treffen<\/span>","<span class=\"advgb-post-tax-term\">Veranstaltung<\/span>","<span class=\"advgb-post-tax-term\">Von Fans f\u00fcr Fans<\/span>"]}},"comment_count":"0","relative_dates":{"created":"Posted 9\u00a0Jahren ago","modified":"Updated 9\u00a0Jahren ago"},"absolute_dates":{"created":"Posted on 16. Mai 2017","modified":"Updated on 16. Mai 2017"},"absolute_dates_time":{"created":"Posted on 16. Mai 2017 12:58","modified":"Updated on 16. Mai 2017 12:58"},"featured_img_caption":"","series_order":"","_links":{"self":[{"href":"https:\/\/www.fanprojekt-muenster.de\/wordpress\/wp-json\/wp\/v2\/posts\/5493","targetHints":{"allow":["GET"]}}],"collection":[{"href":"https:\/\/www.fanprojekt-muenster.de\/wordpress\/wp-json\/wp\/v2\/posts"}],"about":[{"href":"https:\/\/www.fanprojekt-muenster.de\/wordpress\/wp-json\/wp\/v2\/types\/post"}],"author":[{"embeddable":true,"href":"https:\/\/www.fanprojekt-muenster.de\/wordpress\/wp-json\/wp\/v2\/users\/5"}],"replies":[{"embeddable":true,"href":"https:\/\/www.fanprojekt-muenster.de\/wordpress\/wp-json\/wp\/v2\/comments?post=5493"}],"version-history":[{"count":0,"href":"https:\/\/www.fanprojekt-muenster.de\/wordpress\/wp-json\/wp\/v2\/posts\/5493\/revisions"}],"wp:featuredmedia":[{"embeddable":true,"href":"https:\/\/www.fanprojekt-muenster.de\/wordpress\/wp-json\/"}],"wp:attachment":[{"href":"https:\/\/www.fanprojekt-muenster.de\/wordpress\/wp-json\/wp\/v2\/media?parent=5493"}],"wp:term":[{"taxonomy":"category","embeddable":true,"href":"https:\/\/www.fanprojekt-muenster.de\/wordpress\/wp-json\/wp\/v2\/categories?post=5493"},{"taxonomy":"post_tag","embeddable":true,"href":"https:\/\/www.fanprojekt-muenster.de\/wordpress\/wp-json\/wp\/v2\/tags?post=5493"}],"curies":[{"name":"wp","href":"https:\/\/api.w.org\/{rel}","templated":true}]}}