{"id":5487,"date":"2017-05-12T12:06:16","date_gmt":"2017-05-12T10:06:16","guid":{"rendered":"http:\/\/www.fanprojekt-muenster.de\/wp\/?p=5487"},"modified":"2017-05-12T12:06:16","modified_gmt":"2017-05-12T10:06:16","slug":"quo-vadis-scp-podiumsdiskussion-am-28-mai","status":"publish","type":"post","link":"https:\/\/www.fanprojekt-muenster.de\/wordpress\/quo-vadis-scp-podiumsdiskussion-am-28-mai\/","title":{"rendered":"&#8222;Quo vadis SCP?&#8220; &#8211; Podiumsdiskussion am 28. Mai"},"content":{"rendered":"<p>Mit der geplanten Ausgliederung\u00a0besch\u00e4ftigen sich viele von euch bestimmt schon seit vielen Wochen. Wir m\u00f6chten diese nun mit einer Podiumsdiskussion aus verschiedenen Blickwinkeln beleuchten. Unter dem Motto \u201eQuo vadis SCP?\u201c wird Bef\u00fcrwortern wie Kritikern sowie Experten am Sonntag, dem 28. Mai, um 16 Uhr im Uferlos die M\u00f6glichkeit gegeben, ihre Argumente auszutauschen. Eingeladen sind alle Fans, die sich mit der Zukunft des SCP auseinandersetzen m\u00f6chten und es besteht f\u00fcr jeden die Gelegenheit, sich einzubringen.<\/p>\n<p>Zu Beginn der Veranstaltung wird Dr. J\u00f6rg Heyer in einem kurzen Vortrag in die Thematik einf\u00fchren. Der Fachanwalt f\u00fcr Gesellschafts- und Handelsrecht hat viel Erfahrung mit Ausgliederungen in Sportvereinen und wird vor allem die Fragestellung erl\u00e4utern, wie eine solche ablaufen kann und welche Rechte die Satzung eines ausgegliederten Vereins den Mitgliedern zugesteht. Anschlie\u00dfend nimmt er auch an der Diskussionsrunde teil.<\/p>\n<p>Vom SC Preu\u00dfen haben sich Pr\u00e4sident Christoph Str\u00e4sser und der Aufsichtsratsvorsitzende Frank Westermann angek\u00fcndigt, w\u00e4hrend f\u00fcr die Sicht der M\u00fcnsteraner Fans ein Teilnehmer aus der Fanszene noch bekannt gegeben wird. Christian Bieberstein wird ebenfalls einen Fan-Standpunkt einnehmen. Der Betriebswirt aus Hamburg war bei &#8222;Unsere Kurve&#8220; aktiv und hat sich in den letzten Jahren intensiv mit den Mitbestimmungs- und Mitgestaltungsrechten von Fu\u00dfballfans besch\u00e4ftigt. \u201eUnsere Kurve\u201c ist die gr\u00f6\u00dfte Interessenvertretung der aktiven Fu\u00dfballfans und tritt f\u00fcr den Erhalt der Fankultur und der Freir\u00e4ume f\u00fcr Fans ein.<\/p>\n<p>Neben einem Vertreter aus der Fanszene wird die Sicht der Preu\u00dfen-Fans ein Mitglied des Fanprojekt-Vorstands auf dem Podium vertreten. Daf\u00fcr werden bereits jetzt EURE Fragen und Beitr\u00e4ge gesammelt, die in die Diskussion eingebracht werden k\u00f6nnen. Per Mail an <a href=\"mailto:kontakt@fanprojekt-muenster.de\">kontakt@fanprojekt-muenster.de<\/a> kann jeder seine Inhalte einreichen. Im Rahmen der Veranstaltung gibt es die M\u00f6glichkeit f\u00fcr Nachfragen.<\/p>\n<p>Durch den Abend f\u00fchrt als Moderator Carsten Schulte. Der Redakteur und Buchautor ist seit Jahren intensiv mit dem SCP verbunden.<\/p>\n<p>F\u00fcr Florian Vo\u00df, Vorstand \u00d6ffentlichkeitsarbeit des Fanprojekt Preu\u00dfen M\u00fcnster e.V., ist die Veranstaltung ein Pflichttermin f\u00fcr interessierte Anh\u00e4nger: \u201eWir schaffen eine umfangreiche und differenzierte M\u00f6glichkeit f\u00fcr jedermann, sich mit den komplexen Zukunftspl\u00e4nen unseres Vereins, der allen am Herzen liegt, auseinander zu setzen. Die geladenen Podiumsg\u00e4ste werden durch ihre Sachkenntnis zu einer lebhaften und inhaltsreichen Diskussion beitragen.\u201c<\/p>\n<p>Veranstaltung: &#8222;Quo vadis SCP?&#8220; &#8211; Podiumsdiskussion zur Ausgliederung<br \/>\nTermin: Sonntag, 28. Mai 2017, 16 Uhr<br \/>\nOrt. Uferlos Kneipe &amp; Caf\u00e9, Bismarckallee 11, 48151 M\u00fcnster<\/p>\n","protected":false},"excerpt":{"rendered":"<p>Mit der geplanten Ausgliederung\u00a0besch\u00e4ftigen sich viele von euch bestimmt schon seit vielen Wochen. Wir m\u00f6chten diese nun mit einer Podiumsdiskussion aus verschiedenen Blickwinkeln beleuchten. Unter dem Motto \u201eQuo vadis SCP?\u201c&#8230; <a class=\"read-more-link\" href=\"https:\/\/www.fanprojekt-muenster.de\/wordpress\/quo-vadis-scp-podiumsdiskussion-am-28-mai\/\">Read more &raquo;<\/a><\/p>\n","protected":false},"author":5,"featured_media":1513,"comment_status":"closed","ping_status":"closed","sticky":false,"template":"","format":"standard","meta":{"advgb_blocks_editor_width":"","advgb_blocks_columns_visual_guide":"","footnotes":""},"categories":[2,3,1],"tags":[47,110,115,117,154,170,275,283],"class_list":["post-5487","post","type-post","status-publish","format-standard","has-post-thumbnail","hentry","category-aktionen","category-aktuelles","category-allgemein","tag-ausgliederung","tag-fanpolitik","tag-fans","tag-fanszene","tag-jahreshauptversammlung","tag-mitglieder","tag-veranstaltung","tag-von-fans-fuer-fans"],"featured_image_src":"https:\/\/www.fanprojekt-muenster.de\/wordpress\/wp-content\/uploads\/2013\/07\/bg_fp.jpg","author_info":{"display_name":"Florian","author_link":"https:\/\/www.fanprojekt-muenster.de\/wordpress\/author\/flovoss\/"},"yoast_head":"<!-- This site is optimized with the Yoast SEO plugin v27.2 - https:\/\/yoast.com\/product\/yoast-seo-wordpress\/ -->\n<title>&quot;Quo vadis SCP?&quot; - Podiumsdiskussion am 28. Mai - Fangemeinschaft Preu\u00dfen M\u00fcnster e. V.<\/title>\n<meta name=\"robots\" content=\"index, follow, max-snippet:-1, max-image-preview:large, max-video-preview:-1\" \/>\n<link rel=\"canonical\" href=\"https:\/\/www.fanprojekt-muenster.de\/wordpress\/quo-vadis-scp-podiumsdiskussion-am-28-mai\/\" \/>\n<meta property=\"og:locale\" content=\"de_DE\" \/>\n<meta property=\"og:type\" content=\"article\" \/>\n<meta property=\"og:title\" content=\"&quot;Quo vadis SCP?&quot; - Podiumsdiskussion am 28. Mai - Fangemeinschaft Preu\u00dfen M\u00fcnster e. V.\" \/>\n<meta property=\"og:description\" content=\"Mit der geplanten Ausgliederung\u00a0besch\u00e4ftigen sich viele von euch bestimmt schon seit vielen Wochen. Wir m\u00f6chten diese nun mit einer Podiumsdiskussion aus verschiedenen Blickwinkeln beleuchten. Unter dem Motto \u201eQuo vadis SCP?\u201c... Read more &raquo;\" \/>\n<meta property=\"og:url\" content=\"https:\/\/www.fanprojekt-muenster.de\/wordpress\/quo-vadis-scp-podiumsdiskussion-am-28-mai\/\" \/>\n<meta property=\"og:site_name\" content=\"Fangemeinschaft Preu\u00dfen M\u00fcnster e. V.\" \/>\n<meta property=\"article:published_time\" content=\"2017-05-12T10:06:16+00:00\" \/>\n<meta property=\"og:image\" content=\"https:\/\/www.fanprojekt-muenster.de\/wordpress\/wp-content\/uploads\/2013\/07\/bg_fp.jpg\" \/>\n\t<meta property=\"og:image:width\" content=\"1920\" \/>\n\t<meta property=\"og:image:height\" content=\"1090\" \/>\n\t<meta property=\"og:image:type\" content=\"image\/jpeg\" \/>\n<meta name=\"author\" content=\"Florian\" \/>\n<meta name=\"twitter:card\" content=\"summary_large_image\" \/>\n<meta name=\"twitter:label1\" content=\"Verfasst von\" \/>\n\t<meta name=\"twitter:data1\" content=\"Florian\" \/>\n\t<meta name=\"twitter:label2\" content=\"Gesch\u00e4tzte Lesezeit\" \/>\n\t<meta name=\"twitter:data2\" content=\"2\u00a0Minuten\" \/>\n<script type=\"application\/ld+json\" class=\"yoast-schema-graph\">{\"@context\":\"https:\/\/schema.org\",\"@graph\":[{\"@type\":\"Article\",\"@id\":\"https:\/\/www.fanprojekt-muenster.de\/wordpress\/quo-vadis-scp-podiumsdiskussion-am-28-mai\/#article\",\"isPartOf\":{\"@id\":\"https:\/\/www.fanprojekt-muenster.de\/wordpress\/quo-vadis-scp-podiumsdiskussion-am-28-mai\/\"},\"author\":{\"name\":\"Florian\",\"@id\":\"https:\/\/www.fanprojekt-muenster.de\/wordpress\/#\/schema\/person\/529d3ee920414da8907f25b585d57a4e\"},\"headline\":\"&#8222;Quo vadis SCP?&#8220; &#8211; Podiumsdiskussion am 28. Mai\",\"datePublished\":\"2017-05-12T10:06:16+00:00\",\"mainEntityOfPage\":{\"@id\":\"https:\/\/www.fanprojekt-muenster.de\/wordpress\/quo-vadis-scp-podiumsdiskussion-am-28-mai\/\"},\"wordCount\":418,\"publisher\":{\"@id\":\"https:\/\/www.fanprojekt-muenster.de\/wordpress\/#organization\"},\"image\":{\"@id\":\"https:\/\/www.fanprojekt-muenster.de\/wordpress\/quo-vadis-scp-podiumsdiskussion-am-28-mai\/#primaryimage\"},\"thumbnailUrl\":\"https:\/\/www.fanprojekt-muenster.de\/wordpress\/wp-content\/uploads\/2013\/07\/bg_fp.jpg\",\"keywords\":[\"Ausgliederung\",\"Fanpolitik\",\"Fans\",\"Fanszene\",\"Jahreshauptversammlung\",\"Mitglieder\",\"Veranstaltung\",\"Von Fans f\u00fcr Fans\"],\"articleSection\":[\"Aktionen\",\"Aktuelles\"],\"inLanguage\":\"de\"},{\"@type\":\"WebPage\",\"@id\":\"https:\/\/www.fanprojekt-muenster.de\/wordpress\/quo-vadis-scp-podiumsdiskussion-am-28-mai\/\",\"url\":\"https:\/\/www.fanprojekt-muenster.de\/wordpress\/quo-vadis-scp-podiumsdiskussion-am-28-mai\/\",\"name\":\"\\\"Quo vadis SCP?\\\" - Podiumsdiskussion am 28. Mai - Fangemeinschaft Preu\u00dfen M\u00fcnster e. V.\",\"isPartOf\":{\"@id\":\"https:\/\/www.fanprojekt-muenster.de\/wordpress\/#website\"},\"primaryImageOfPage\":{\"@id\":\"https:\/\/www.fanprojekt-muenster.de\/wordpress\/quo-vadis-scp-podiumsdiskussion-am-28-mai\/#primaryimage\"},\"image\":{\"@id\":\"https:\/\/www.fanprojekt-muenster.de\/wordpress\/quo-vadis-scp-podiumsdiskussion-am-28-mai\/#primaryimage\"},\"thumbnailUrl\":\"https:\/\/www.fanprojekt-muenster.de\/wordpress\/wp-content\/uploads\/2013\/07\/bg_fp.jpg\",\"datePublished\":\"2017-05-12T10:06:16+00:00\",\"breadcrumb\":{\"@id\":\"https:\/\/www.fanprojekt-muenster.de\/wordpress\/quo-vadis-scp-podiumsdiskussion-am-28-mai\/#breadcrumb\"},\"inLanguage\":\"de\",\"potentialAction\":[{\"@type\":\"ReadAction\",\"target\":[\"https:\/\/www.fanprojekt-muenster.de\/wordpress\/quo-vadis-scp-podiumsdiskussion-am-28-mai\/\"]}]},{\"@type\":\"ImageObject\",\"inLanguage\":\"de\",\"@id\":\"https:\/\/www.fanprojekt-muenster.de\/wordpress\/quo-vadis-scp-podiumsdiskussion-am-28-mai\/#primaryimage\",\"url\":\"https:\/\/www.fanprojekt-muenster.de\/wordpress\/wp-content\/uploads\/2013\/07\/bg_fp.jpg\",\"contentUrl\":\"https:\/\/www.fanprojekt-muenster.de\/wordpress\/wp-content\/uploads\/2013\/07\/bg_fp.jpg\",\"width\":1920,\"height\":1090},{\"@type\":\"BreadcrumbList\",\"@id\":\"https:\/\/www.fanprojekt-muenster.de\/wordpress\/quo-vadis-scp-podiumsdiskussion-am-28-mai\/#breadcrumb\",\"itemListElement\":[{\"@type\":\"ListItem\",\"position\":1,\"name\":\"Startseite\",\"item\":\"https:\/\/www.fanprojekt-muenster.de\/wordpress\/\"},{\"@type\":\"ListItem\",\"position\":2,\"name\":\"&#8222;Quo vadis SCP?&#8220; &#8211; Podiumsdiskussion am 28. Mai\"}]},{\"@type\":\"WebSite\",\"@id\":\"https:\/\/www.fanprojekt-muenster.de\/wordpress\/#website\",\"url\":\"https:\/\/www.fanprojekt-muenster.de\/wordpress\/\",\"name\":\"Fangemeinschaft Preu\u00dfen M\u00fcnster e. V.\",\"description\":\"\",\"publisher\":{\"@id\":\"https:\/\/www.fanprojekt-muenster.de\/wordpress\/#organization\"},\"potentialAction\":[{\"@type\":\"SearchAction\",\"target\":{\"@type\":\"EntryPoint\",\"urlTemplate\":\"https:\/\/www.fanprojekt-muenster.de\/wordpress\/?s={search_term_string}\"},\"query-input\":{\"@type\":\"PropertyValueSpecification\",\"valueRequired\":true,\"valueName\":\"search_term_string\"}}],\"inLanguage\":\"de\"},{\"@type\":\"Organization\",\"@id\":\"https:\/\/www.fanprojekt-muenster.de\/wordpress\/#organization\",\"name\":\"Fangemeinschaft Preu\u00dfen M\u00fcnster e. V.\",\"url\":\"https:\/\/www.fanprojekt-muenster.de\/wordpress\/\",\"logo\":{\"@type\":\"ImageObject\",\"inLanguage\":\"de\",\"@id\":\"https:\/\/www.fanprojekt-muenster.de\/wordpress\/#\/schema\/logo\/image\/\",\"url\":\"https:\/\/www.fanprojekt-muenster.de\/wordpress\/wp-content\/uploads\/2019\/07\/cropped-Website_Logo3-9.png\",\"contentUrl\":\"https:\/\/www.fanprojekt-muenster.de\/wordpress\/wp-content\/uploads\/2019\/07\/cropped-Website_Logo3-9.png\",\"width\":224,\"height\":42,\"caption\":\"Fangemeinschaft Preu\u00dfen M\u00fcnster e. V.\"},\"image\":{\"@id\":\"https:\/\/www.fanprojekt-muenster.de\/wordpress\/#\/schema\/logo\/image\/\"}},{\"@type\":\"Person\",\"@id\":\"https:\/\/www.fanprojekt-muenster.de\/wordpress\/#\/schema\/person\/529d3ee920414da8907f25b585d57a4e\",\"name\":\"Florian\",\"url\":\"https:\/\/www.fanprojekt-muenster.de\/wordpress\/author\/flovoss\/\"}]}<\/script>\n<!-- \/ Yoast SEO plugin. -->","yoast_head_json":{"title":"\"Quo vadis SCP?\" - Podiumsdiskussion am 28. Mai - Fangemeinschaft Preu\u00dfen M\u00fcnster e. V.","robots":{"index":"index","follow":"follow","max-snippet":"max-snippet:-1","max-image-preview":"max-image-preview:large","max-video-preview":"max-video-preview:-1"},"canonical":"https:\/\/www.fanprojekt-muenster.de\/wordpress\/quo-vadis-scp-podiumsdiskussion-am-28-mai\/","og_locale":"de_DE","og_type":"article","og_title":"\"Quo vadis SCP?\" - Podiumsdiskussion am 28. Mai - Fangemeinschaft Preu\u00dfen M\u00fcnster e. V.","og_description":"Mit der geplanten Ausgliederung\u00a0besch\u00e4ftigen sich viele von euch bestimmt schon seit vielen Wochen. Wir m\u00f6chten diese nun mit einer Podiumsdiskussion aus verschiedenen Blickwinkeln beleuchten. Unter dem Motto \u201eQuo vadis SCP?\u201c... Read more &raquo;","og_url":"https:\/\/www.fanprojekt-muenster.de\/wordpress\/quo-vadis-scp-podiumsdiskussion-am-28-mai\/","og_site_name":"Fangemeinschaft Preu\u00dfen M\u00fcnster e. V.","article_published_time":"2017-05-12T10:06:16+00:00","og_image":[{"width":1920,"height":1090,"url":"https:\/\/www.fanprojekt-muenster.de\/wordpress\/wp-content\/uploads\/2013\/07\/bg_fp.jpg","type":"image\/jpeg"}],"author":"Florian","twitter_card":"summary_large_image","twitter_misc":{"Verfasst von":"Florian","Gesch\u00e4tzte Lesezeit":"2\u00a0Minuten"},"schema":{"@context":"https:\/\/schema.org","@graph":[{"@type":"Article","@id":"https:\/\/www.fanprojekt-muenster.de\/wordpress\/quo-vadis-scp-podiumsdiskussion-am-28-mai\/#article","isPartOf":{"@id":"https:\/\/www.fanprojekt-muenster.de\/wordpress\/quo-vadis-scp-podiumsdiskussion-am-28-mai\/"},"author":{"name":"Florian","@id":"https:\/\/www.fanprojekt-muenster.de\/wordpress\/#\/schema\/person\/529d3ee920414da8907f25b585d57a4e"},"headline":"&#8222;Quo vadis SCP?&#8220; &#8211; Podiumsdiskussion am 28. Mai","datePublished":"2017-05-12T10:06:16+00:00","mainEntityOfPage":{"@id":"https:\/\/www.fanprojekt-muenster.de\/wordpress\/quo-vadis-scp-podiumsdiskussion-am-28-mai\/"},"wordCount":418,"publisher":{"@id":"https:\/\/www.fanprojekt-muenster.de\/wordpress\/#organization"},"image":{"@id":"https:\/\/www.fanprojekt-muenster.de\/wordpress\/quo-vadis-scp-podiumsdiskussion-am-28-mai\/#primaryimage"},"thumbnailUrl":"https:\/\/www.fanprojekt-muenster.de\/wordpress\/wp-content\/uploads\/2013\/07\/bg_fp.jpg","keywords":["Ausgliederung","Fanpolitik","Fans","Fanszene","Jahreshauptversammlung","Mitglieder","Veranstaltung","Von Fans f\u00fcr Fans"],"articleSection":["Aktionen","Aktuelles"],"inLanguage":"de"},{"@type":"WebPage","@id":"https:\/\/www.fanprojekt-muenster.de\/wordpress\/quo-vadis-scp-podiumsdiskussion-am-28-mai\/","url":"https:\/\/www.fanprojekt-muenster.de\/wordpress\/quo-vadis-scp-podiumsdiskussion-am-28-mai\/","name":"\"Quo vadis SCP?\" - Podiumsdiskussion am 28. Mai - Fangemeinschaft Preu\u00dfen M\u00fcnster e. V.","isPartOf":{"@id":"https:\/\/www.fanprojekt-muenster.de\/wordpress\/#website"},"primaryImageOfPage":{"@id":"https:\/\/www.fanprojekt-muenster.de\/wordpress\/quo-vadis-scp-podiumsdiskussion-am-28-mai\/#primaryimage"},"image":{"@id":"https:\/\/www.fanprojekt-muenster.de\/wordpress\/quo-vadis-scp-podiumsdiskussion-am-28-mai\/#primaryimage"},"thumbnailUrl":"https:\/\/www.fanprojekt-muenster.de\/wordpress\/wp-content\/uploads\/2013\/07\/bg_fp.jpg","datePublished":"2017-05-12T10:06:16+00:00","breadcrumb":{"@id":"https:\/\/www.fanprojekt-muenster.de\/wordpress\/quo-vadis-scp-podiumsdiskussion-am-28-mai\/#breadcrumb"},"inLanguage":"de","potentialAction":[{"@type":"ReadAction","target":["https:\/\/www.fanprojekt-muenster.de\/wordpress\/quo-vadis-scp-podiumsdiskussion-am-28-mai\/"]}]},{"@type":"ImageObject","inLanguage":"de","@id":"https:\/\/www.fanprojekt-muenster.de\/wordpress\/quo-vadis-scp-podiumsdiskussion-am-28-mai\/#primaryimage","url":"https:\/\/www.fanprojekt-muenster.de\/wordpress\/wp-content\/uploads\/2013\/07\/bg_fp.jpg","contentUrl":"https:\/\/www.fanprojekt-muenster.de\/wordpress\/wp-content\/uploads\/2013\/07\/bg_fp.jpg","width":1920,"height":1090},{"@type":"BreadcrumbList","@id":"https:\/\/www.fanprojekt-muenster.de\/wordpress\/quo-vadis-scp-podiumsdiskussion-am-28-mai\/#breadcrumb","itemListElement":[{"@type":"ListItem","position":1,"name":"Startseite","item":"https:\/\/www.fanprojekt-muenster.de\/wordpress\/"},{"@type":"ListItem","position":2,"name":"&#8222;Quo vadis SCP?&#8220; &#8211; Podiumsdiskussion am 28. Mai"}]},{"@type":"WebSite","@id":"https:\/\/www.fanprojekt-muenster.de\/wordpress\/#website","url":"https:\/\/www.fanprojekt-muenster.de\/wordpress\/","name":"Fangemeinschaft Preu\u00dfen M\u00fcnster e. V.","description":"","publisher":{"@id":"https:\/\/www.fanprojekt-muenster.de\/wordpress\/#organization"},"potentialAction":[{"@type":"SearchAction","target":{"@type":"EntryPoint","urlTemplate":"https:\/\/www.fanprojekt-muenster.de\/wordpress\/?s={search_term_string}"},"query-input":{"@type":"PropertyValueSpecification","valueRequired":true,"valueName":"search_term_string"}}],"inLanguage":"de"},{"@type":"Organization","@id":"https:\/\/www.fanprojekt-muenster.de\/wordpress\/#organization","name":"Fangemeinschaft Preu\u00dfen M\u00fcnster e. V.","url":"https:\/\/www.fanprojekt-muenster.de\/wordpress\/","logo":{"@type":"ImageObject","inLanguage":"de","@id":"https:\/\/www.fanprojekt-muenster.de\/wordpress\/#\/schema\/logo\/image\/","url":"https:\/\/www.fanprojekt-muenster.de\/wordpress\/wp-content\/uploads\/2019\/07\/cropped-Website_Logo3-9.png","contentUrl":"https:\/\/www.fanprojekt-muenster.de\/wordpress\/wp-content\/uploads\/2019\/07\/cropped-Website_Logo3-9.png","width":224,"height":42,"caption":"Fangemeinschaft Preu\u00dfen M\u00fcnster e. V."},"image":{"@id":"https:\/\/www.fanprojekt-muenster.de\/wordpress\/#\/schema\/logo\/image\/"}},{"@type":"Person","@id":"https:\/\/www.fanprojekt-muenster.de\/wordpress\/#\/schema\/person\/529d3ee920414da8907f25b585d57a4e","name":"Florian","url":"https:\/\/www.fanprojekt-muenster.de\/wordpress\/author\/flovoss\/"}]}},"author_meta":{"display_name":"Florian","author_link":"https:\/\/www.fanprojekt-muenster.de\/wordpress\/author\/flovoss\/"},"featured_img":"https:\/\/www.fanprojekt-muenster.de\/wordpress\/wp-content\/uploads\/2013\/07\/bg_fp-300x170.jpg","coauthors":[],"tax_additional":{"categories":{"linked":["<a href=\"https:\/\/www.fanprojekt-muenster.de\/wordpress\/category\/aktionen\/\" class=\"advgb-post-tax-term\">Aktionen<\/a>","<a href=\"https:\/\/www.fanprojekt-muenster.de\/wordpress\/category\/aktuelles\/\" class=\"advgb-post-tax-term\">Aktuelles<\/a>","<a href=\"https:\/\/www.fanprojekt-muenster.de\/wordpress\/category\/allgemein\/\" class=\"advgb-post-tax-term\">Allgemein<\/a>"],"unlinked":["<span class=\"advgb-post-tax-term\">Aktionen<\/span>","<span class=\"advgb-post-tax-term\">Aktuelles<\/span>","<span class=\"advgb-post-tax-term\">Allgemein<\/span>"]},"tags":{"linked":["<a href=\"https:\/\/www.fanprojekt-muenster.de\/wordpress\/category\/allgemein\/\" class=\"advgb-post-tax-term\">Ausgliederung<\/a>","<a href=\"https:\/\/www.fanprojekt-muenster.de\/wordpress\/category\/allgemein\/\" class=\"advgb-post-tax-term\">Fanpolitik<\/a>","<a href=\"https:\/\/www.fanprojekt-muenster.de\/wordpress\/category\/allgemein\/\" class=\"advgb-post-tax-term\">Fans<\/a>","<a href=\"https:\/\/www.fanprojekt-muenster.de\/wordpress\/category\/allgemein\/\" class=\"advgb-post-tax-term\">Fanszene<\/a>","<a href=\"https:\/\/www.fanprojekt-muenster.de\/wordpress\/category\/allgemein\/\" class=\"advgb-post-tax-term\">Jahreshauptversammlung<\/a>","<a href=\"https:\/\/www.fanprojekt-muenster.de\/wordpress\/category\/allgemein\/\" class=\"advgb-post-tax-term\">Mitglieder<\/a>","<a href=\"https:\/\/www.fanprojekt-muenster.de\/wordpress\/category\/allgemein\/\" class=\"advgb-post-tax-term\">Veranstaltung<\/a>","<a href=\"https:\/\/www.fanprojekt-muenster.de\/wordpress\/category\/allgemein\/\" class=\"advgb-post-tax-term\">Von Fans f\u00fcr Fans<\/a>"],"unlinked":["<span class=\"advgb-post-tax-term\">Ausgliederung<\/span>","<span class=\"advgb-post-tax-term\">Fanpolitik<\/span>","<span class=\"advgb-post-tax-term\">Fans<\/span>","<span class=\"advgb-post-tax-term\">Fanszene<\/span>","<span class=\"advgb-post-tax-term\">Jahreshauptversammlung<\/span>","<span class=\"advgb-post-tax-term\">Mitglieder<\/span>","<span class=\"advgb-post-tax-term\">Veranstaltung<\/span>","<span class=\"advgb-post-tax-term\">Von Fans f\u00fcr Fans<\/span>"]}},"comment_count":"0","relative_dates":{"created":"Posted 9\u00a0Jahren ago","modified":"Updated 9\u00a0Jahren ago"},"absolute_dates":{"created":"Posted on 12. Mai 2017","modified":"Updated on 12. Mai 2017"},"absolute_dates_time":{"created":"Posted on 12. Mai 2017 12:06","modified":"Updated on 12. Mai 2017 12:06"},"featured_img_caption":"","series_order":"","_links":{"self":[{"href":"https:\/\/www.fanprojekt-muenster.de\/wordpress\/wp-json\/wp\/v2\/posts\/5487","targetHints":{"allow":["GET"]}}],"collection":[{"href":"https:\/\/www.fanprojekt-muenster.de\/wordpress\/wp-json\/wp\/v2\/posts"}],"about":[{"href":"https:\/\/www.fanprojekt-muenster.de\/wordpress\/wp-json\/wp\/v2\/types\/post"}],"author":[{"embeddable":true,"href":"https:\/\/www.fanprojekt-muenster.de\/wordpress\/wp-json\/wp\/v2\/users\/5"}],"replies":[{"embeddable":true,"href":"https:\/\/www.fanprojekt-muenster.de\/wordpress\/wp-json\/wp\/v2\/comments?post=5487"}],"version-history":[{"count":0,"href":"https:\/\/www.fanprojekt-muenster.de\/wordpress\/wp-json\/wp\/v2\/posts\/5487\/revisions"}],"wp:featuredmedia":[{"embeddable":true,"href":"https:\/\/www.fanprojekt-muenster.de\/wordpress\/wp-json\/wp\/v2\/media\/1513"}],"wp:attachment":[{"href":"https:\/\/www.fanprojekt-muenster.de\/wordpress\/wp-json\/wp\/v2\/media?parent=5487"}],"wp:term":[{"taxonomy":"category","embeddable":true,"href":"https:\/\/www.fanprojekt-muenster.de\/wordpress\/wp-json\/wp\/v2\/categories?post=5487"},{"taxonomy":"post_tag","embeddable":true,"href":"https:\/\/www.fanprojekt-muenster.de\/wordpress\/wp-json\/wp\/v2\/tags?post=5487"}],"curies":[{"name":"wp","href":"https:\/\/api.w.org\/{rel}","templated":true}]}}