{"id":5441,"date":"2017-01-26T14:18:59","date_gmt":"2017-01-26T12:18:59","guid":{"rendered":"http:\/\/www.fanprojekt-muenster.de\/wp\/?p=5441"},"modified":"2017-01-26T14:18:59","modified_gmt":"2017-01-26T12:18:59","slug":"vor-dem-derby-kritik-an-ankuendigungen-der-polizeibehoerden","status":"publish","type":"post","link":"https:\/\/www.fanprojekt-muenster.de\/wordpress\/vor-dem-derby-kritik-an-ankuendigungen-der-polizeibehoerden\/","title":{"rendered":"Vor dem Derby: Kritik an Ank\u00fcndigungen der Polizeibeh\u00f6rden"},"content":{"rendered":"<p>Vor dem Derby des SC Preu\u00dfen M\u00fcnster in Niedersachsen schlagen die Wellen bereits hoch. Die <a href=\"http:\/\/www.vfl.de\/fileadmin\/vfl\/Redakteur\/Inhalt_Bilder_\/Anlage04_20170102_PIOS%20Allgemeinvfg.pdf\">Polizeiinspektion Osnabr\u00fcck<\/a> sowie die <a href=\"http:\/\/www.bundespolizei.de\/Web\/DE\/04Aktuelles\/01Meldungen\/2017\/01\/170128_allgemeinverfuegung_bpod-h.html\">Bundespolizeidirektion Hannover<\/a> haben durch Allgemeinverf\u00fcgungen das Gef\u00fchl entstehen lassen, dass sie einen Einsatz vorbereiten w\u00e4hrenddessen sie jeden Fu\u00dfball- und Preu\u00dfen-Fan als m\u00f6glichen Straft\u00e4ter ansehen werden.<\/p>\n<p>Statt einer kooperativen Einsatzf\u00fchrung und einer deeskalierenden Strategie dr\u00fccken die Niedersachsen der Begegnung im Vorhinein bereits ihren Stempel durch den Einsatz weitgehender Restriktionen auf. Die Hoffnung auf einen normalen Derby-Tag ist schon im Vorfeld verflogen. Aus der eigentlichen Vorstellung hunderter Fans, in schwarz-wei\u00df-gr\u00fcn ein besonderes Fu\u00dfballspiel zu erleben, ist aktuell die Erwartung geworden, schon ab dem Hauptbahnhof M\u00fcnster als potentieller Straft\u00e4ter angesehen zu werden. Aufgabe der Polizei ist es, einzelne Straft\u00e4ter zur Verantwortung zu ziehen und nicht eine gro\u00dfe Zahl von B\u00fcrgern unter Generalverdacht zu stellen. Vorab im gro\u00dfen Ma\u00dfstab tausende von Personen durch Anordnungen zu bevormunden und damit zu m\u00f6glichen Straft\u00e4tern zu brandmarken, ist absolut unverh\u00e4ltnism\u00e4\u00dfig.<\/p>\n<p>Das Derby soll ein Spielfeld der Ma\u00dfnahmenerprobung der \u00f6rtlichen Polizeibeh\u00f6rden bleiben. In M\u00fcnster und Osnabr\u00fcck werden Sonderwege der Beh\u00f6rden erprobt, die sogar zuletzt das vollst\u00e4ndige Verbot von G\u00e4stefans als Resultat aufwiesen. Immer wieder m\u00fcssen friedliche Fu\u00dfballfans unter den \u00fcberzogenen Ma\u00dfnahmen der \u00f6rtlichen Beh\u00f6rden leiden, wenn sie eines der Highlights der Saison erleben wollen.<\/p>\n<p>Die Verf\u00fcgungen deuten ein massives Misstrauen der Beh\u00f6rden gegen\u00fcber einer gro\u00dfen Zahl von B\u00fcrgern an. Statt geltendes Recht effektiv zu nutzen, versuchen die Beh\u00f6rden im Rahmen dieses Fu\u00dfballspiels ohne Grund neue Verbote zu kreieren, die unverh\u00e4ltnism\u00e4\u00dfig stark und f\u00e4lschlicherweise eine Vielzahl von Menschen treffen. Statt den Schutz der Anwohner, Fans und aller Beteiligten zu sichern, werden B\u00fcrgerrechte eingeschr\u00e4nkt.<\/p>\n<p>Das Fanprojekt hat zudem erfahren, dass Bahnreisende den Weg vom Hauptbahnhof zum Stadion in diesem Jahr erstmals nur mit Shuttlebussen, von denen nur eine sehr geringe Menge zur Verf\u00fcgung stehen soll, antreten d\u00fcrfen. Die dadurch bedingte Wartezeit und die Sorge, nicht rechtzeitig zum Spielbeginn im Stadion zu sein, birgt die Gefahr einer Eskalation, die es unbedingt zu verhindern gilt. Es ergeht die klare Ermahnung an die Beh\u00f6rdern vor Ort, f\u00fcr einen reibungslosen Ablauf des Derbys zu sorgen!<\/p>\n<p>Am Spieltag werden wir immer wieder auf unserem Twitter-Account <a href=\"https:\/\/twitter.com\/Fanprojekt_SCP\">@Fanprojekt_SCP<\/a> berichten. Fans vor Ort sollten sich die Nummer des <a href=\"http:\/\/www.fanhilfe.ms\/notfalltelefon\/\">Notfalltelefons<\/a> der Fanhilfe M\u00fcnster ins Handy einspeichern:\u00a00157 \/ 34 68 05 17<\/p>\n","protected":false},"excerpt":{"rendered":"<p>Vor dem Derby des SC Preu\u00dfen M\u00fcnster in Niedersachsen schlagen die Wellen bereits hoch. Die Polizeiinspektion Osnabr\u00fcck sowie die Bundespolizeidirektion Hannover haben durch Allgemeinverf\u00fcgungen das Gef\u00fchl entstehen lassen, dass sie&#8230; <a class=\"read-more-link\" href=\"https:\/\/www.fanprojekt-muenster.de\/wordpress\/vor-dem-derby-kritik-an-ankuendigungen-der-polizeibehoerden\/\">Read more &raquo;<\/a><\/p>\n","protected":false},"author":5,"featured_media":1513,"comment_status":"closed","ping_status":"closed","sticky":false,"template":"","format":"standard","meta":{"advgb_blocks_editor_width":"","advgb_blocks_columns_visual_guide":"","footnotes":""},"categories":[2,3,1,4],"tags":[49,61,75,110,114,191,192],"class_list":["post-5441","post","type-post","status-publish","format-standard","has-post-thumbnail","hentry","category-aktionen","category-aktuelles","category-allgemein","category-auswarts","tag-auswaertsfahrt","tag-buergerrechte","tag-derby","tag-fanpolitik","tag-fanrechte","tag-osnabrueck","tag-polizei"],"featured_image_src":"https:\/\/www.fanprojekt-muenster.de\/wordpress\/wp-content\/uploads\/2013\/07\/bg_fp.jpg","author_info":{"display_name":"Florian","author_link":"https:\/\/www.fanprojekt-muenster.de\/wordpress\/author\/flovoss\/"},"yoast_head":"<!-- This site is optimized with the Yoast SEO plugin v27.2 - https:\/\/yoast.com\/product\/yoast-seo-wordpress\/ -->\n<title>Vor dem Derby: Kritik an Ank\u00fcndigungen der Polizeibeh\u00f6rden - Fangemeinschaft Preu\u00dfen M\u00fcnster e. V.<\/title>\n<meta name=\"robots\" content=\"index, follow, max-snippet:-1, max-image-preview:large, max-video-preview:-1\" \/>\n<link rel=\"canonical\" href=\"https:\/\/www.fanprojekt-muenster.de\/wordpress\/vor-dem-derby-kritik-an-ankuendigungen-der-polizeibehoerden\/\" \/>\n<meta property=\"og:locale\" content=\"de_DE\" \/>\n<meta property=\"og:type\" content=\"article\" \/>\n<meta property=\"og:title\" content=\"Vor dem Derby: Kritik an Ank\u00fcndigungen der Polizeibeh\u00f6rden - Fangemeinschaft Preu\u00dfen M\u00fcnster e. V.\" \/>\n<meta property=\"og:description\" content=\"Vor dem Derby des SC Preu\u00dfen M\u00fcnster in Niedersachsen schlagen die Wellen bereits hoch. Die Polizeiinspektion Osnabr\u00fcck sowie die Bundespolizeidirektion Hannover haben durch Allgemeinverf\u00fcgungen das Gef\u00fchl entstehen lassen, dass sie... Read more &raquo;\" \/>\n<meta property=\"og:url\" content=\"https:\/\/www.fanprojekt-muenster.de\/wordpress\/vor-dem-derby-kritik-an-ankuendigungen-der-polizeibehoerden\/\" \/>\n<meta property=\"og:site_name\" content=\"Fangemeinschaft Preu\u00dfen M\u00fcnster e. V.\" \/>\n<meta property=\"article:published_time\" content=\"2017-01-26T12:18:59+00:00\" \/>\n<meta property=\"og:image\" content=\"https:\/\/www.fanprojekt-muenster.de\/wordpress\/wp-content\/uploads\/2013\/07\/bg_fp.jpg\" \/>\n\t<meta property=\"og:image:width\" content=\"1920\" \/>\n\t<meta property=\"og:image:height\" content=\"1090\" \/>\n\t<meta property=\"og:image:type\" content=\"image\/jpeg\" \/>\n<meta name=\"author\" content=\"Florian\" \/>\n<meta name=\"twitter:card\" content=\"summary_large_image\" \/>\n<meta name=\"twitter:label1\" content=\"Verfasst von\" \/>\n\t<meta name=\"twitter:data1\" content=\"Florian\" \/>\n\t<meta name=\"twitter:label2\" content=\"Gesch\u00e4tzte Lesezeit\" \/>\n\t<meta name=\"twitter:data2\" content=\"2\u00a0Minuten\" \/>\n<script type=\"application\/ld+json\" class=\"yoast-schema-graph\">{\"@context\":\"https:\/\/schema.org\",\"@graph\":[{\"@type\":\"Article\",\"@id\":\"https:\/\/www.fanprojekt-muenster.de\/wordpress\/vor-dem-derby-kritik-an-ankuendigungen-der-polizeibehoerden\/#article\",\"isPartOf\":{\"@id\":\"https:\/\/www.fanprojekt-muenster.de\/wordpress\/vor-dem-derby-kritik-an-ankuendigungen-der-polizeibehoerden\/\"},\"author\":{\"name\":\"Florian\",\"@id\":\"https:\/\/www.fanprojekt-muenster.de\/wordpress\/#\/schema\/person\/529d3ee920414da8907f25b585d57a4e\"},\"headline\":\"Vor dem Derby: Kritik an Ank\u00fcndigungen der Polizeibeh\u00f6rden\",\"datePublished\":\"2017-01-26T12:18:59+00:00\",\"mainEntityOfPage\":{\"@id\":\"https:\/\/www.fanprojekt-muenster.de\/wordpress\/vor-dem-derby-kritik-an-ankuendigungen-der-polizeibehoerden\/\"},\"wordCount\":430,\"publisher\":{\"@id\":\"https:\/\/www.fanprojekt-muenster.de\/wordpress\/#organization\"},\"image\":{\"@id\":\"https:\/\/www.fanprojekt-muenster.de\/wordpress\/vor-dem-derby-kritik-an-ankuendigungen-der-polizeibehoerden\/#primaryimage\"},\"thumbnailUrl\":\"https:\/\/www.fanprojekt-muenster.de\/wordpress\/wp-content\/uploads\/2013\/07\/bg_fp.jpg\",\"keywords\":[\"Ausw\u00e4rtsfahrt\",\"B\u00fcrgerrechte\",\"Derby\",\"Fanpolitik\",\"Fanrechte\",\"Osnabr\u00fcck\",\"Polizei\"],\"articleSection\":{\"0\":\"Aktionen\",\"1\":\"Aktuelles\",\"3\":\"Ausw\u00e4rts\"},\"inLanguage\":\"de\"},{\"@type\":\"WebPage\",\"@id\":\"https:\/\/www.fanprojekt-muenster.de\/wordpress\/vor-dem-derby-kritik-an-ankuendigungen-der-polizeibehoerden\/\",\"url\":\"https:\/\/www.fanprojekt-muenster.de\/wordpress\/vor-dem-derby-kritik-an-ankuendigungen-der-polizeibehoerden\/\",\"name\":\"Vor dem Derby: Kritik an Ank\u00fcndigungen der Polizeibeh\u00f6rden - Fangemeinschaft Preu\u00dfen M\u00fcnster e. V.\",\"isPartOf\":{\"@id\":\"https:\/\/www.fanprojekt-muenster.de\/wordpress\/#website\"},\"primaryImageOfPage\":{\"@id\":\"https:\/\/www.fanprojekt-muenster.de\/wordpress\/vor-dem-derby-kritik-an-ankuendigungen-der-polizeibehoerden\/#primaryimage\"},\"image\":{\"@id\":\"https:\/\/www.fanprojekt-muenster.de\/wordpress\/vor-dem-derby-kritik-an-ankuendigungen-der-polizeibehoerden\/#primaryimage\"},\"thumbnailUrl\":\"https:\/\/www.fanprojekt-muenster.de\/wordpress\/wp-content\/uploads\/2013\/07\/bg_fp.jpg\",\"datePublished\":\"2017-01-26T12:18:59+00:00\",\"breadcrumb\":{\"@id\":\"https:\/\/www.fanprojekt-muenster.de\/wordpress\/vor-dem-derby-kritik-an-ankuendigungen-der-polizeibehoerden\/#breadcrumb\"},\"inLanguage\":\"de\",\"potentialAction\":[{\"@type\":\"ReadAction\",\"target\":[\"https:\/\/www.fanprojekt-muenster.de\/wordpress\/vor-dem-derby-kritik-an-ankuendigungen-der-polizeibehoerden\/\"]}]},{\"@type\":\"ImageObject\",\"inLanguage\":\"de\",\"@id\":\"https:\/\/www.fanprojekt-muenster.de\/wordpress\/vor-dem-derby-kritik-an-ankuendigungen-der-polizeibehoerden\/#primaryimage\",\"url\":\"https:\/\/www.fanprojekt-muenster.de\/wordpress\/wp-content\/uploads\/2013\/07\/bg_fp.jpg\",\"contentUrl\":\"https:\/\/www.fanprojekt-muenster.de\/wordpress\/wp-content\/uploads\/2013\/07\/bg_fp.jpg\",\"width\":1920,\"height\":1090},{\"@type\":\"BreadcrumbList\",\"@id\":\"https:\/\/www.fanprojekt-muenster.de\/wordpress\/vor-dem-derby-kritik-an-ankuendigungen-der-polizeibehoerden\/#breadcrumb\",\"itemListElement\":[{\"@type\":\"ListItem\",\"position\":1,\"name\":\"Startseite\",\"item\":\"https:\/\/www.fanprojekt-muenster.de\/wordpress\/\"},{\"@type\":\"ListItem\",\"position\":2,\"name\":\"Vor dem Derby: Kritik an Ank\u00fcndigungen der Polizeibeh\u00f6rden\"}]},{\"@type\":\"WebSite\",\"@id\":\"https:\/\/www.fanprojekt-muenster.de\/wordpress\/#website\",\"url\":\"https:\/\/www.fanprojekt-muenster.de\/wordpress\/\",\"name\":\"Fangemeinschaft Preu\u00dfen M\u00fcnster e. V.\",\"description\":\"\",\"publisher\":{\"@id\":\"https:\/\/www.fanprojekt-muenster.de\/wordpress\/#organization\"},\"potentialAction\":[{\"@type\":\"SearchAction\",\"target\":{\"@type\":\"EntryPoint\",\"urlTemplate\":\"https:\/\/www.fanprojekt-muenster.de\/wordpress\/?s={search_term_string}\"},\"query-input\":{\"@type\":\"PropertyValueSpecification\",\"valueRequired\":true,\"valueName\":\"search_term_string\"}}],\"inLanguage\":\"de\"},{\"@type\":\"Organization\",\"@id\":\"https:\/\/www.fanprojekt-muenster.de\/wordpress\/#organization\",\"name\":\"Fangemeinschaft Preu\u00dfen M\u00fcnster e. V.\",\"url\":\"https:\/\/www.fanprojekt-muenster.de\/wordpress\/\",\"logo\":{\"@type\":\"ImageObject\",\"inLanguage\":\"de\",\"@id\":\"https:\/\/www.fanprojekt-muenster.de\/wordpress\/#\/schema\/logo\/image\/\",\"url\":\"https:\/\/www.fanprojekt-muenster.de\/wordpress\/wp-content\/uploads\/2019\/07\/cropped-Website_Logo3-9.png\",\"contentUrl\":\"https:\/\/www.fanprojekt-muenster.de\/wordpress\/wp-content\/uploads\/2019\/07\/cropped-Website_Logo3-9.png\",\"width\":224,\"height\":42,\"caption\":\"Fangemeinschaft Preu\u00dfen M\u00fcnster e. V.\"},\"image\":{\"@id\":\"https:\/\/www.fanprojekt-muenster.de\/wordpress\/#\/schema\/logo\/image\/\"}},{\"@type\":\"Person\",\"@id\":\"https:\/\/www.fanprojekt-muenster.de\/wordpress\/#\/schema\/person\/529d3ee920414da8907f25b585d57a4e\",\"name\":\"Florian\",\"url\":\"https:\/\/www.fanprojekt-muenster.de\/wordpress\/author\/flovoss\/\"}]}<\/script>\n<!-- \/ Yoast SEO plugin. -->","yoast_head_json":{"title":"Vor dem Derby: Kritik an Ank\u00fcndigungen der Polizeibeh\u00f6rden - Fangemeinschaft Preu\u00dfen M\u00fcnster e. V.","robots":{"index":"index","follow":"follow","max-snippet":"max-snippet:-1","max-image-preview":"max-image-preview:large","max-video-preview":"max-video-preview:-1"},"canonical":"https:\/\/www.fanprojekt-muenster.de\/wordpress\/vor-dem-derby-kritik-an-ankuendigungen-der-polizeibehoerden\/","og_locale":"de_DE","og_type":"article","og_title":"Vor dem Derby: Kritik an Ank\u00fcndigungen der Polizeibeh\u00f6rden - Fangemeinschaft Preu\u00dfen M\u00fcnster e. V.","og_description":"Vor dem Derby des SC Preu\u00dfen M\u00fcnster in Niedersachsen schlagen die Wellen bereits hoch. Die Polizeiinspektion Osnabr\u00fcck sowie die Bundespolizeidirektion Hannover haben durch Allgemeinverf\u00fcgungen das Gef\u00fchl entstehen lassen, dass sie... Read more &raquo;","og_url":"https:\/\/www.fanprojekt-muenster.de\/wordpress\/vor-dem-derby-kritik-an-ankuendigungen-der-polizeibehoerden\/","og_site_name":"Fangemeinschaft Preu\u00dfen M\u00fcnster e. V.","article_published_time":"2017-01-26T12:18:59+00:00","og_image":[{"width":1920,"height":1090,"url":"https:\/\/www.fanprojekt-muenster.de\/wordpress\/wp-content\/uploads\/2013\/07\/bg_fp.jpg","type":"image\/jpeg"}],"author":"Florian","twitter_card":"summary_large_image","twitter_misc":{"Verfasst von":"Florian","Gesch\u00e4tzte Lesezeit":"2\u00a0Minuten"},"schema":{"@context":"https:\/\/schema.org","@graph":[{"@type":"Article","@id":"https:\/\/www.fanprojekt-muenster.de\/wordpress\/vor-dem-derby-kritik-an-ankuendigungen-der-polizeibehoerden\/#article","isPartOf":{"@id":"https:\/\/www.fanprojekt-muenster.de\/wordpress\/vor-dem-derby-kritik-an-ankuendigungen-der-polizeibehoerden\/"},"author":{"name":"Florian","@id":"https:\/\/www.fanprojekt-muenster.de\/wordpress\/#\/schema\/person\/529d3ee920414da8907f25b585d57a4e"},"headline":"Vor dem Derby: Kritik an Ank\u00fcndigungen der Polizeibeh\u00f6rden","datePublished":"2017-01-26T12:18:59+00:00","mainEntityOfPage":{"@id":"https:\/\/www.fanprojekt-muenster.de\/wordpress\/vor-dem-derby-kritik-an-ankuendigungen-der-polizeibehoerden\/"},"wordCount":430,"publisher":{"@id":"https:\/\/www.fanprojekt-muenster.de\/wordpress\/#organization"},"image":{"@id":"https:\/\/www.fanprojekt-muenster.de\/wordpress\/vor-dem-derby-kritik-an-ankuendigungen-der-polizeibehoerden\/#primaryimage"},"thumbnailUrl":"https:\/\/www.fanprojekt-muenster.de\/wordpress\/wp-content\/uploads\/2013\/07\/bg_fp.jpg","keywords":["Ausw\u00e4rtsfahrt","B\u00fcrgerrechte","Derby","Fanpolitik","Fanrechte","Osnabr\u00fcck","Polizei"],"articleSection":{"0":"Aktionen","1":"Aktuelles","3":"Ausw\u00e4rts"},"inLanguage":"de"},{"@type":"WebPage","@id":"https:\/\/www.fanprojekt-muenster.de\/wordpress\/vor-dem-derby-kritik-an-ankuendigungen-der-polizeibehoerden\/","url":"https:\/\/www.fanprojekt-muenster.de\/wordpress\/vor-dem-derby-kritik-an-ankuendigungen-der-polizeibehoerden\/","name":"Vor dem Derby: Kritik an Ank\u00fcndigungen der Polizeibeh\u00f6rden - Fangemeinschaft Preu\u00dfen M\u00fcnster e. V.","isPartOf":{"@id":"https:\/\/www.fanprojekt-muenster.de\/wordpress\/#website"},"primaryImageOfPage":{"@id":"https:\/\/www.fanprojekt-muenster.de\/wordpress\/vor-dem-derby-kritik-an-ankuendigungen-der-polizeibehoerden\/#primaryimage"},"image":{"@id":"https:\/\/www.fanprojekt-muenster.de\/wordpress\/vor-dem-derby-kritik-an-ankuendigungen-der-polizeibehoerden\/#primaryimage"},"thumbnailUrl":"https:\/\/www.fanprojekt-muenster.de\/wordpress\/wp-content\/uploads\/2013\/07\/bg_fp.jpg","datePublished":"2017-01-26T12:18:59+00:00","breadcrumb":{"@id":"https:\/\/www.fanprojekt-muenster.de\/wordpress\/vor-dem-derby-kritik-an-ankuendigungen-der-polizeibehoerden\/#breadcrumb"},"inLanguage":"de","potentialAction":[{"@type":"ReadAction","target":["https:\/\/www.fanprojekt-muenster.de\/wordpress\/vor-dem-derby-kritik-an-ankuendigungen-der-polizeibehoerden\/"]}]},{"@type":"ImageObject","inLanguage":"de","@id":"https:\/\/www.fanprojekt-muenster.de\/wordpress\/vor-dem-derby-kritik-an-ankuendigungen-der-polizeibehoerden\/#primaryimage","url":"https:\/\/www.fanprojekt-muenster.de\/wordpress\/wp-content\/uploads\/2013\/07\/bg_fp.jpg","contentUrl":"https:\/\/www.fanprojekt-muenster.de\/wordpress\/wp-content\/uploads\/2013\/07\/bg_fp.jpg","width":1920,"height":1090},{"@type":"BreadcrumbList","@id":"https:\/\/www.fanprojekt-muenster.de\/wordpress\/vor-dem-derby-kritik-an-ankuendigungen-der-polizeibehoerden\/#breadcrumb","itemListElement":[{"@type":"ListItem","position":1,"name":"Startseite","item":"https:\/\/www.fanprojekt-muenster.de\/wordpress\/"},{"@type":"ListItem","position":2,"name":"Vor dem Derby: Kritik an Ank\u00fcndigungen der Polizeibeh\u00f6rden"}]},{"@type":"WebSite","@id":"https:\/\/www.fanprojekt-muenster.de\/wordpress\/#website","url":"https:\/\/www.fanprojekt-muenster.de\/wordpress\/","name":"Fangemeinschaft Preu\u00dfen M\u00fcnster e. V.","description":"","publisher":{"@id":"https:\/\/www.fanprojekt-muenster.de\/wordpress\/#organization"},"potentialAction":[{"@type":"SearchAction","target":{"@type":"EntryPoint","urlTemplate":"https:\/\/www.fanprojekt-muenster.de\/wordpress\/?s={search_term_string}"},"query-input":{"@type":"PropertyValueSpecification","valueRequired":true,"valueName":"search_term_string"}}],"inLanguage":"de"},{"@type":"Organization","@id":"https:\/\/www.fanprojekt-muenster.de\/wordpress\/#organization","name":"Fangemeinschaft Preu\u00dfen M\u00fcnster e. V.","url":"https:\/\/www.fanprojekt-muenster.de\/wordpress\/","logo":{"@type":"ImageObject","inLanguage":"de","@id":"https:\/\/www.fanprojekt-muenster.de\/wordpress\/#\/schema\/logo\/image\/","url":"https:\/\/www.fanprojekt-muenster.de\/wordpress\/wp-content\/uploads\/2019\/07\/cropped-Website_Logo3-9.png","contentUrl":"https:\/\/www.fanprojekt-muenster.de\/wordpress\/wp-content\/uploads\/2019\/07\/cropped-Website_Logo3-9.png","width":224,"height":42,"caption":"Fangemeinschaft Preu\u00dfen M\u00fcnster e. V."},"image":{"@id":"https:\/\/www.fanprojekt-muenster.de\/wordpress\/#\/schema\/logo\/image\/"}},{"@type":"Person","@id":"https:\/\/www.fanprojekt-muenster.de\/wordpress\/#\/schema\/person\/529d3ee920414da8907f25b585d57a4e","name":"Florian","url":"https:\/\/www.fanprojekt-muenster.de\/wordpress\/author\/flovoss\/"}]}},"author_meta":{"display_name":"Florian","author_link":"https:\/\/www.fanprojekt-muenster.de\/wordpress\/author\/flovoss\/"},"featured_img":"https:\/\/www.fanprojekt-muenster.de\/wordpress\/wp-content\/uploads\/2013\/07\/bg_fp-300x170.jpg","coauthors":[],"tax_additional":{"categories":{"linked":["<a href=\"https:\/\/www.fanprojekt-muenster.de\/wordpress\/category\/aktionen\/\" class=\"advgb-post-tax-term\">Aktionen<\/a>","<a href=\"https:\/\/www.fanprojekt-muenster.de\/wordpress\/category\/aktuelles\/\" class=\"advgb-post-tax-term\">Aktuelles<\/a>","<a href=\"https:\/\/www.fanprojekt-muenster.de\/wordpress\/category\/allgemein\/\" class=\"advgb-post-tax-term\">Allgemein<\/a>","<a href=\"https:\/\/www.fanprojekt-muenster.de\/wordpress\/category\/auswarts\/\" class=\"advgb-post-tax-term\">Ausw\u00e4rts<\/a>"],"unlinked":["<span class=\"advgb-post-tax-term\">Aktionen<\/span>","<span class=\"advgb-post-tax-term\">Aktuelles<\/span>","<span class=\"advgb-post-tax-term\">Allgemein<\/span>","<span class=\"advgb-post-tax-term\">Ausw\u00e4rts<\/span>"]},"tags":{"linked":["<a href=\"https:\/\/www.fanprojekt-muenster.de\/wordpress\/category\/auswarts\/\" class=\"advgb-post-tax-term\">Ausw\u00e4rtsfahrt<\/a>","<a href=\"https:\/\/www.fanprojekt-muenster.de\/wordpress\/category\/auswarts\/\" class=\"advgb-post-tax-term\">B\u00fcrgerrechte<\/a>","<a href=\"https:\/\/www.fanprojekt-muenster.de\/wordpress\/category\/auswarts\/\" class=\"advgb-post-tax-term\">Derby<\/a>","<a href=\"https:\/\/www.fanprojekt-muenster.de\/wordpress\/category\/auswarts\/\" class=\"advgb-post-tax-term\">Fanpolitik<\/a>","<a href=\"https:\/\/www.fanprojekt-muenster.de\/wordpress\/category\/auswarts\/\" class=\"advgb-post-tax-term\">Fanrechte<\/a>","<a href=\"https:\/\/www.fanprojekt-muenster.de\/wordpress\/category\/auswarts\/\" class=\"advgb-post-tax-term\">Osnabr\u00fcck<\/a>","<a href=\"https:\/\/www.fanprojekt-muenster.de\/wordpress\/category\/auswarts\/\" class=\"advgb-post-tax-term\">Polizei<\/a>"],"unlinked":["<span class=\"advgb-post-tax-term\">Ausw\u00e4rtsfahrt<\/span>","<span class=\"advgb-post-tax-term\">B\u00fcrgerrechte<\/span>","<span class=\"advgb-post-tax-term\">Derby<\/span>","<span class=\"advgb-post-tax-term\">Fanpolitik<\/span>","<span class=\"advgb-post-tax-term\">Fanrechte<\/span>","<span class=\"advgb-post-tax-term\">Osnabr\u00fcck<\/span>","<span class=\"advgb-post-tax-term\">Polizei<\/span>"]}},"comment_count":"0","relative_dates":{"created":"Posted 9\u00a0Jahren ago","modified":"Updated 9\u00a0Jahren ago"},"absolute_dates":{"created":"Posted on 26. Januar 2017","modified":"Updated on 26. Januar 2017"},"absolute_dates_time":{"created":"Posted on 26. Januar 2017 14:18","modified":"Updated on 26. Januar 2017 14:18"},"featured_img_caption":"","series_order":"","_links":{"self":[{"href":"https:\/\/www.fanprojekt-muenster.de\/wordpress\/wp-json\/wp\/v2\/posts\/5441","targetHints":{"allow":["GET"]}}],"collection":[{"href":"https:\/\/www.fanprojekt-muenster.de\/wordpress\/wp-json\/wp\/v2\/posts"}],"about":[{"href":"https:\/\/www.fanprojekt-muenster.de\/wordpress\/wp-json\/wp\/v2\/types\/post"}],"author":[{"embeddable":true,"href":"https:\/\/www.fanprojekt-muenster.de\/wordpress\/wp-json\/wp\/v2\/users\/5"}],"replies":[{"embeddable":true,"href":"https:\/\/www.fanprojekt-muenster.de\/wordpress\/wp-json\/wp\/v2\/comments?post=5441"}],"version-history":[{"count":0,"href":"https:\/\/www.fanprojekt-muenster.de\/wordpress\/wp-json\/wp\/v2\/posts\/5441\/revisions"}],"wp:featuredmedia":[{"embeddable":true,"href":"https:\/\/www.fanprojekt-muenster.de\/wordpress\/wp-json\/wp\/v2\/media\/1513"}],"wp:attachment":[{"href":"https:\/\/www.fanprojekt-muenster.de\/wordpress\/wp-json\/wp\/v2\/media?parent=5441"}],"wp:term":[{"taxonomy":"category","embeddable":true,"href":"https:\/\/www.fanprojekt-muenster.de\/wordpress\/wp-json\/wp\/v2\/categories?post=5441"},{"taxonomy":"post_tag","embeddable":true,"href":"https:\/\/www.fanprojekt-muenster.de\/wordpress\/wp-json\/wp\/v2\/tags?post=5441"}],"curies":[{"name":"wp","href":"https:\/\/api.w.org\/{rel}","templated":true}]}}