{"id":5418,"date":"2016-11-30T19:24:23","date_gmt":"2016-11-30T17:24:23","guid":{"rendered":"http:\/\/www.fanprojekt-muenster.de\/wp\/?p=5418"},"modified":"2016-11-30T19:24:23","modified_gmt":"2016-11-30T17:24:23","slug":"fanprojekt-ist-unsere-kurve-beigetreten","status":"publish","type":"post","link":"https:\/\/www.fanprojekt-muenster.de\/wordpress\/fanprojekt-ist-unsere-kurve-beigetreten\/","title":{"rendered":"Fanprojekt ist &#8222;Unsere Kurve&#8220; beigetreten"},"content":{"rendered":"<p>Das Fanprojekt Preu\u00dfen M\u00fcnster e.V. ist nun Mitglied in der Interessengemeinschaft \u201e<span class=\"il\">Unsere<\/span> <span class=\"il\">Kurve<\/span>\u201c, einem vereins\u00fcbergreifenden Zusammenschluss der organisierten Fu\u00dfballfans in Deutschland. Es ist die gr\u00f6\u00dfte Interessenvertretung der aktiven Fu\u00dfballfans und tritt f\u00fcr den Erhalt der Fankultur und der Freir\u00e4ume f\u00fcr Fans ein.<\/p>\n<p>\u201eDas tolle an &#8218;<span class=\"il\">Unsere<\/span> <span class=\"il\">Kurve<\/span>&#8218; ist, dass man Eindr\u00fccke von gro\u00dfen und kleinen Fanszenen aus den ersten vier Ligen bekommt\u201c, erkl\u00e4rt FP-Vorsitzender Benny Sicking: \u201eAlle haben \u00e4hnliche Probleme, die man besser gemeinsam angehen kann. Aber auch Informationen \u00fcber das, was Gruppen anderer Vereine machen, kann man als Idee mit nach M\u00fcnster tragen.\u201c<\/p>\n<p>Gegr\u00fcndet wurde \u201e<span class=\"il\">Unsere<\/span> <span class=\"il\">Kurve<\/span>\u201c Ende 2005. Im Gegensatz zu den bisherigen Ans\u00e4tzen anderer Faninitiativen sucht sie aus der Mitte der in den Vereinen organisierten Fans einen konstruktiven Dialog mit Vereinen, DFL, DFB, UEFA und politischen Entscheidungstr\u00e4gern rund um das Thema Fu\u00dfball, um die Interessen, Vorstellungen und Ziele des aktiven Fu\u00dfballfans in den Mittelpunkt zu r\u00fccken. Das ist auch f\u00fcr die Fans in M\u00fcnster sehr wichtig, findet Benny Sicking: \u201eDurch <span class=\"il\">unsere<\/span> Arbeit, in der wir uns f\u00fcr Preu\u00dfenfans einsetzen, wissen wir, dass ein einsames Intervenieren wenig bis gar keinen Erfolg hat. Deshalb ist ein regelm\u00e4\u00dfiger Austausch mit anderen Fanszenen sehr wichtig.\u201c<\/p>\n<p>F\u00fcr die aktuelle Entwicklung des SC Preu\u00dfen konnte das Fanprojekt sich bereits wichtige Informationen einholen. \u201eErste R\u00fcckmeldungen \u00fcber eine Ausgliederung der Profimannschaft haben wir schon erhalten. Diese werden wir in die Diskussion mit allen Preu\u00dfenfans und Vereinsmitglieder einbringen\u201c, so Sicking.<\/p>\n<p>Konkrete Vorstellungen von \u201e<span class=\"il\">Unsere<\/span> <span class=\"il\">Kurve<\/span>\u201c sind:<\/p>\n<ul>\n<li>den Erhalt der \u201e50+1\u201c-Regel<\/li>\n<li>die einheitliche Umsetzung der neuen Stadionverbotsrichtlinien<\/li>\n<li>die St\u00e4rkung selbstorganisierter Faninitiativen<\/li>\n<li>sozialvertr\u00e4gliche Eintrittspreise<\/li>\n<li>bundesweit einheitliche Stadionordnungen<\/li>\n<li>eine Schnittstelle und regelm\u00e4\u00dfigen Dialog mit DFB, DFL, UEFA und Politik<\/li>\n<li>Beteiligung an Entscheidungsprozessen<\/li>\n<li>Hilfestellung zum Aufbau weiterer Faninitiativen<\/li>\n<\/ul>\n","protected":false},"excerpt":{"rendered":"<p>Das Fanprojekt Preu\u00dfen M\u00fcnster e.V. ist nun Mitglied in der Interessengemeinschaft \u201eUnsere Kurve\u201c, einem vereins\u00fcbergreifenden Zusammenschluss der organisierten Fu\u00dfballfans in Deutschland. Es ist die gr\u00f6\u00dfte Interessenvertretung der aktiven Fu\u00dfballfans und&#8230; <a class=\"read-more-link\" href=\"https:\/\/www.fanprojekt-muenster.de\/wordpress\/fanprojekt-ist-unsere-kurve-beigetreten\/\">Read more &raquo;<\/a><\/p>\n","protected":false},"author":5,"featured_media":5410,"comment_status":"closed","ping_status":"closed","sticky":false,"template":"","format":"standard","meta":{"advgb_blocks_editor_width":"","advgb_blocks_columns_visual_guide":"","footnotes":""},"categories":[2,3,1],"tags":[],"class_list":["post-5418","post","type-post","status-publish","format-standard","has-post-thumbnail","hentry","category-aktionen","category-aktuelles","category-allgemein"],"featured_image_src":null,"author_info":{"display_name":"Florian","author_link":"https:\/\/www.fanprojekt-muenster.de\/wordpress\/author\/flovoss\/"},"yoast_head":"<!-- This site is optimized with the Yoast SEO plugin v27.2 - https:\/\/yoast.com\/product\/yoast-seo-wordpress\/ -->\n<title>Fanprojekt ist &quot;Unsere Kurve&quot; beigetreten - Fangemeinschaft Preu\u00dfen M\u00fcnster e. V.<\/title>\n<meta name=\"robots\" content=\"index, follow, max-snippet:-1, max-image-preview:large, max-video-preview:-1\" \/>\n<link rel=\"canonical\" href=\"https:\/\/www.fanprojekt-muenster.de\/wordpress\/fanprojekt-ist-unsere-kurve-beigetreten\/\" \/>\n<meta property=\"og:locale\" content=\"de_DE\" \/>\n<meta property=\"og:type\" content=\"article\" \/>\n<meta property=\"og:title\" content=\"Fanprojekt ist &quot;Unsere Kurve&quot; beigetreten - Fangemeinschaft Preu\u00dfen M\u00fcnster e. V.\" \/>\n<meta property=\"og:description\" content=\"Das Fanprojekt Preu\u00dfen M\u00fcnster e.V. ist nun Mitglied in der Interessengemeinschaft \u201eUnsere Kurve\u201c, einem vereins\u00fcbergreifenden Zusammenschluss der organisierten Fu\u00dfballfans in Deutschland. Es ist die gr\u00f6\u00dfte Interessenvertretung der aktiven Fu\u00dfballfans und... Read more &raquo;\" \/>\n<meta property=\"og:url\" content=\"https:\/\/www.fanprojekt-muenster.de\/wordpress\/fanprojekt-ist-unsere-kurve-beigetreten\/\" \/>\n<meta property=\"og:site_name\" content=\"Fangemeinschaft Preu\u00dfen M\u00fcnster e. V.\" \/>\n<meta property=\"article:published_time\" content=\"2016-11-30T17:24:23+00:00\" \/>\n<meta name=\"author\" content=\"Florian\" \/>\n<meta name=\"twitter:card\" content=\"summary_large_image\" \/>\n<meta name=\"twitter:label1\" content=\"Verfasst von\" \/>\n\t<meta name=\"twitter:data1\" content=\"Florian\" \/>\n\t<meta name=\"twitter:label2\" content=\"Gesch\u00e4tzte Lesezeit\" \/>\n\t<meta name=\"twitter:data2\" content=\"2\u00a0Minuten\" \/>\n<script type=\"application\/ld+json\" class=\"yoast-schema-graph\">{\"@context\":\"https:\/\/schema.org\",\"@graph\":[{\"@type\":\"Article\",\"@id\":\"https:\/\/www.fanprojekt-muenster.de\/wordpress\/fanprojekt-ist-unsere-kurve-beigetreten\/#article\",\"isPartOf\":{\"@id\":\"https:\/\/www.fanprojekt-muenster.de\/wordpress\/fanprojekt-ist-unsere-kurve-beigetreten\/\"},\"author\":{\"name\":\"Florian\",\"@id\":\"https:\/\/www.fanprojekt-muenster.de\/wordpress\/#\/schema\/person\/529d3ee920414da8907f25b585d57a4e\"},\"headline\":\"Fanprojekt ist &#8222;Unsere Kurve&#8220; beigetreten\",\"datePublished\":\"2016-11-30T17:24:23+00:00\",\"mainEntityOfPage\":{\"@id\":\"https:\/\/www.fanprojekt-muenster.de\/wordpress\/fanprojekt-ist-unsere-kurve-beigetreten\/\"},\"wordCount\":314,\"publisher\":{\"@id\":\"https:\/\/www.fanprojekt-muenster.de\/wordpress\/#organization\"},\"image\":{\"@id\":\"https:\/\/www.fanprojekt-muenster.de\/wordpress\/fanprojekt-ist-unsere-kurve-beigetreten\/#primaryimage\"},\"thumbnailUrl\":\"\",\"articleSection\":[\"Aktionen\",\"Aktuelles\"],\"inLanguage\":\"de\"},{\"@type\":\"WebPage\",\"@id\":\"https:\/\/www.fanprojekt-muenster.de\/wordpress\/fanprojekt-ist-unsere-kurve-beigetreten\/\",\"url\":\"https:\/\/www.fanprojekt-muenster.de\/wordpress\/fanprojekt-ist-unsere-kurve-beigetreten\/\",\"name\":\"Fanprojekt ist \\\"Unsere Kurve\\\" beigetreten - Fangemeinschaft Preu\u00dfen M\u00fcnster e. V.\",\"isPartOf\":{\"@id\":\"https:\/\/www.fanprojekt-muenster.de\/wordpress\/#website\"},\"primaryImageOfPage\":{\"@id\":\"https:\/\/www.fanprojekt-muenster.de\/wordpress\/fanprojekt-ist-unsere-kurve-beigetreten\/#primaryimage\"},\"image\":{\"@id\":\"https:\/\/www.fanprojekt-muenster.de\/wordpress\/fanprojekt-ist-unsere-kurve-beigetreten\/#primaryimage\"},\"thumbnailUrl\":\"\",\"datePublished\":\"2016-11-30T17:24:23+00:00\",\"breadcrumb\":{\"@id\":\"https:\/\/www.fanprojekt-muenster.de\/wordpress\/fanprojekt-ist-unsere-kurve-beigetreten\/#breadcrumb\"},\"inLanguage\":\"de\",\"potentialAction\":[{\"@type\":\"ReadAction\",\"target\":[\"https:\/\/www.fanprojekt-muenster.de\/wordpress\/fanprojekt-ist-unsere-kurve-beigetreten\/\"]}]},{\"@type\":\"ImageObject\",\"inLanguage\":\"de\",\"@id\":\"https:\/\/www.fanprojekt-muenster.de\/wordpress\/fanprojekt-ist-unsere-kurve-beigetreten\/#primaryimage\",\"url\":\"\",\"contentUrl\":\"\"},{\"@type\":\"BreadcrumbList\",\"@id\":\"https:\/\/www.fanprojekt-muenster.de\/wordpress\/fanprojekt-ist-unsere-kurve-beigetreten\/#breadcrumb\",\"itemListElement\":[{\"@type\":\"ListItem\",\"position\":1,\"name\":\"Startseite\",\"item\":\"https:\/\/www.fanprojekt-muenster.de\/wordpress\/\"},{\"@type\":\"ListItem\",\"position\":2,\"name\":\"Fanprojekt ist &#8222;Unsere Kurve&#8220; beigetreten\"}]},{\"@type\":\"WebSite\",\"@id\":\"https:\/\/www.fanprojekt-muenster.de\/wordpress\/#website\",\"url\":\"https:\/\/www.fanprojekt-muenster.de\/wordpress\/\",\"name\":\"Fangemeinschaft Preu\u00dfen M\u00fcnster e. V.\",\"description\":\"\",\"publisher\":{\"@id\":\"https:\/\/www.fanprojekt-muenster.de\/wordpress\/#organization\"},\"potentialAction\":[{\"@type\":\"SearchAction\",\"target\":{\"@type\":\"EntryPoint\",\"urlTemplate\":\"https:\/\/www.fanprojekt-muenster.de\/wordpress\/?s={search_term_string}\"},\"query-input\":{\"@type\":\"PropertyValueSpecification\",\"valueRequired\":true,\"valueName\":\"search_term_string\"}}],\"inLanguage\":\"de\"},{\"@type\":\"Organization\",\"@id\":\"https:\/\/www.fanprojekt-muenster.de\/wordpress\/#organization\",\"name\":\"Fangemeinschaft Preu\u00dfen M\u00fcnster e. V.\",\"url\":\"https:\/\/www.fanprojekt-muenster.de\/wordpress\/\",\"logo\":{\"@type\":\"ImageObject\",\"inLanguage\":\"de\",\"@id\":\"https:\/\/www.fanprojekt-muenster.de\/wordpress\/#\/schema\/logo\/image\/\",\"url\":\"https:\/\/www.fanprojekt-muenster.de\/wordpress\/wp-content\/uploads\/2019\/07\/cropped-Website_Logo3-9.png\",\"contentUrl\":\"https:\/\/www.fanprojekt-muenster.de\/wordpress\/wp-content\/uploads\/2019\/07\/cropped-Website_Logo3-9.png\",\"width\":224,\"height\":42,\"caption\":\"Fangemeinschaft Preu\u00dfen M\u00fcnster e. V.\"},\"image\":{\"@id\":\"https:\/\/www.fanprojekt-muenster.de\/wordpress\/#\/schema\/logo\/image\/\"}},{\"@type\":\"Person\",\"@id\":\"https:\/\/www.fanprojekt-muenster.de\/wordpress\/#\/schema\/person\/529d3ee920414da8907f25b585d57a4e\",\"name\":\"Florian\",\"url\":\"https:\/\/www.fanprojekt-muenster.de\/wordpress\/author\/flovoss\/\"}]}<\/script>\n<!-- \/ Yoast SEO plugin. -->","yoast_head_json":{"title":"Fanprojekt ist \"Unsere Kurve\" beigetreten - Fangemeinschaft Preu\u00dfen M\u00fcnster e. V.","robots":{"index":"index","follow":"follow","max-snippet":"max-snippet:-1","max-image-preview":"max-image-preview:large","max-video-preview":"max-video-preview:-1"},"canonical":"https:\/\/www.fanprojekt-muenster.de\/wordpress\/fanprojekt-ist-unsere-kurve-beigetreten\/","og_locale":"de_DE","og_type":"article","og_title":"Fanprojekt ist \"Unsere Kurve\" beigetreten - Fangemeinschaft Preu\u00dfen M\u00fcnster e. V.","og_description":"Das Fanprojekt Preu\u00dfen M\u00fcnster e.V. ist nun Mitglied in der Interessengemeinschaft \u201eUnsere Kurve\u201c, einem vereins\u00fcbergreifenden Zusammenschluss der organisierten Fu\u00dfballfans in Deutschland. Es ist die gr\u00f6\u00dfte Interessenvertretung der aktiven Fu\u00dfballfans und... Read more &raquo;","og_url":"https:\/\/www.fanprojekt-muenster.de\/wordpress\/fanprojekt-ist-unsere-kurve-beigetreten\/","og_site_name":"Fangemeinschaft Preu\u00dfen M\u00fcnster e. V.","article_published_time":"2016-11-30T17:24:23+00:00","author":"Florian","twitter_card":"summary_large_image","twitter_misc":{"Verfasst von":"Florian","Gesch\u00e4tzte Lesezeit":"2\u00a0Minuten"},"schema":{"@context":"https:\/\/schema.org","@graph":[{"@type":"Article","@id":"https:\/\/www.fanprojekt-muenster.de\/wordpress\/fanprojekt-ist-unsere-kurve-beigetreten\/#article","isPartOf":{"@id":"https:\/\/www.fanprojekt-muenster.de\/wordpress\/fanprojekt-ist-unsere-kurve-beigetreten\/"},"author":{"name":"Florian","@id":"https:\/\/www.fanprojekt-muenster.de\/wordpress\/#\/schema\/person\/529d3ee920414da8907f25b585d57a4e"},"headline":"Fanprojekt ist &#8222;Unsere Kurve&#8220; beigetreten","datePublished":"2016-11-30T17:24:23+00:00","mainEntityOfPage":{"@id":"https:\/\/www.fanprojekt-muenster.de\/wordpress\/fanprojekt-ist-unsere-kurve-beigetreten\/"},"wordCount":314,"publisher":{"@id":"https:\/\/www.fanprojekt-muenster.de\/wordpress\/#organization"},"image":{"@id":"https:\/\/www.fanprojekt-muenster.de\/wordpress\/fanprojekt-ist-unsere-kurve-beigetreten\/#primaryimage"},"thumbnailUrl":"","articleSection":["Aktionen","Aktuelles"],"inLanguage":"de"},{"@type":"WebPage","@id":"https:\/\/www.fanprojekt-muenster.de\/wordpress\/fanprojekt-ist-unsere-kurve-beigetreten\/","url":"https:\/\/www.fanprojekt-muenster.de\/wordpress\/fanprojekt-ist-unsere-kurve-beigetreten\/","name":"Fanprojekt ist \"Unsere Kurve\" beigetreten - Fangemeinschaft Preu\u00dfen M\u00fcnster e. V.","isPartOf":{"@id":"https:\/\/www.fanprojekt-muenster.de\/wordpress\/#website"},"primaryImageOfPage":{"@id":"https:\/\/www.fanprojekt-muenster.de\/wordpress\/fanprojekt-ist-unsere-kurve-beigetreten\/#primaryimage"},"image":{"@id":"https:\/\/www.fanprojekt-muenster.de\/wordpress\/fanprojekt-ist-unsere-kurve-beigetreten\/#primaryimage"},"thumbnailUrl":"","datePublished":"2016-11-30T17:24:23+00:00","breadcrumb":{"@id":"https:\/\/www.fanprojekt-muenster.de\/wordpress\/fanprojekt-ist-unsere-kurve-beigetreten\/#breadcrumb"},"inLanguage":"de","potentialAction":[{"@type":"ReadAction","target":["https:\/\/www.fanprojekt-muenster.de\/wordpress\/fanprojekt-ist-unsere-kurve-beigetreten\/"]}]},{"@type":"ImageObject","inLanguage":"de","@id":"https:\/\/www.fanprojekt-muenster.de\/wordpress\/fanprojekt-ist-unsere-kurve-beigetreten\/#primaryimage","url":"","contentUrl":""},{"@type":"BreadcrumbList","@id":"https:\/\/www.fanprojekt-muenster.de\/wordpress\/fanprojekt-ist-unsere-kurve-beigetreten\/#breadcrumb","itemListElement":[{"@type":"ListItem","position":1,"name":"Startseite","item":"https:\/\/www.fanprojekt-muenster.de\/wordpress\/"},{"@type":"ListItem","position":2,"name":"Fanprojekt ist &#8222;Unsere Kurve&#8220; beigetreten"}]},{"@type":"WebSite","@id":"https:\/\/www.fanprojekt-muenster.de\/wordpress\/#website","url":"https:\/\/www.fanprojekt-muenster.de\/wordpress\/","name":"Fangemeinschaft Preu\u00dfen M\u00fcnster e. V.","description":"","publisher":{"@id":"https:\/\/www.fanprojekt-muenster.de\/wordpress\/#organization"},"potentialAction":[{"@type":"SearchAction","target":{"@type":"EntryPoint","urlTemplate":"https:\/\/www.fanprojekt-muenster.de\/wordpress\/?s={search_term_string}"},"query-input":{"@type":"PropertyValueSpecification","valueRequired":true,"valueName":"search_term_string"}}],"inLanguage":"de"},{"@type":"Organization","@id":"https:\/\/www.fanprojekt-muenster.de\/wordpress\/#organization","name":"Fangemeinschaft Preu\u00dfen M\u00fcnster e. V.","url":"https:\/\/www.fanprojekt-muenster.de\/wordpress\/","logo":{"@type":"ImageObject","inLanguage":"de","@id":"https:\/\/www.fanprojekt-muenster.de\/wordpress\/#\/schema\/logo\/image\/","url":"https:\/\/www.fanprojekt-muenster.de\/wordpress\/wp-content\/uploads\/2019\/07\/cropped-Website_Logo3-9.png","contentUrl":"https:\/\/www.fanprojekt-muenster.de\/wordpress\/wp-content\/uploads\/2019\/07\/cropped-Website_Logo3-9.png","width":224,"height":42,"caption":"Fangemeinschaft Preu\u00dfen M\u00fcnster e. V."},"image":{"@id":"https:\/\/www.fanprojekt-muenster.de\/wordpress\/#\/schema\/logo\/image\/"}},{"@type":"Person","@id":"https:\/\/www.fanprojekt-muenster.de\/wordpress\/#\/schema\/person\/529d3ee920414da8907f25b585d57a4e","name":"Florian","url":"https:\/\/www.fanprojekt-muenster.de\/wordpress\/author\/flovoss\/"}]}},"author_meta":{"display_name":"Florian","author_link":"https:\/\/www.fanprojekt-muenster.de\/wordpress\/author\/flovoss\/"},"featured_img":null,"coauthors":[],"tax_additional":{"categories":{"linked":["<a href=\"https:\/\/www.fanprojekt-muenster.de\/wordpress\/category\/aktionen\/\" class=\"advgb-post-tax-term\">Aktionen<\/a>","<a href=\"https:\/\/www.fanprojekt-muenster.de\/wordpress\/category\/aktuelles\/\" class=\"advgb-post-tax-term\">Aktuelles<\/a>","<a href=\"https:\/\/www.fanprojekt-muenster.de\/wordpress\/category\/allgemein\/\" class=\"advgb-post-tax-term\">Allgemein<\/a>"],"unlinked":["<span class=\"advgb-post-tax-term\">Aktionen<\/span>","<span class=\"advgb-post-tax-term\">Aktuelles<\/span>","<span class=\"advgb-post-tax-term\">Allgemein<\/span>"]}},"comment_count":"0","relative_dates":{"created":"Posted 9\u00a0Jahren ago","modified":"Updated 9\u00a0Jahren ago"},"absolute_dates":{"created":"Posted on 30. November 2016","modified":"Updated on 30. November 2016"},"absolute_dates_time":{"created":"Posted on 30. November 2016 19:24","modified":"Updated on 30. November 2016 19:24"},"featured_img_caption":"","series_order":"","_links":{"self":[{"href":"https:\/\/www.fanprojekt-muenster.de\/wordpress\/wp-json\/wp\/v2\/posts\/5418","targetHints":{"allow":["GET"]}}],"collection":[{"href":"https:\/\/www.fanprojekt-muenster.de\/wordpress\/wp-json\/wp\/v2\/posts"}],"about":[{"href":"https:\/\/www.fanprojekt-muenster.de\/wordpress\/wp-json\/wp\/v2\/types\/post"}],"author":[{"embeddable":true,"href":"https:\/\/www.fanprojekt-muenster.de\/wordpress\/wp-json\/wp\/v2\/users\/5"}],"replies":[{"embeddable":true,"href":"https:\/\/www.fanprojekt-muenster.de\/wordpress\/wp-json\/wp\/v2\/comments?post=5418"}],"version-history":[{"count":0,"href":"https:\/\/www.fanprojekt-muenster.de\/wordpress\/wp-json\/wp\/v2\/posts\/5418\/revisions"}],"wp:featuredmedia":[{"embeddable":true,"href":"https:\/\/www.fanprojekt-muenster.de\/wordpress\/wp-json\/"}],"wp:attachment":[{"href":"https:\/\/www.fanprojekt-muenster.de\/wordpress\/wp-json\/wp\/v2\/media?parent=5418"}],"wp:term":[{"taxonomy":"category","embeddable":true,"href":"https:\/\/www.fanprojekt-muenster.de\/wordpress\/wp-json\/wp\/v2\/categories?post=5418"},{"taxonomy":"post_tag","embeddable":true,"href":"https:\/\/www.fanprojekt-muenster.de\/wordpress\/wp-json\/wp\/v2\/tags?post=5418"}],"curies":[{"name":"wp","href":"https:\/\/api.w.org\/{rel}","templated":true}]}}